{"id":60072,"date":"2021-06-12T13:31:27","date_gmt":"2021-06-12T18:31:27","guid":{"rendered":"https:\/\/www.grieta.org.mx\/?p=60072"},"modified":"2021-06-24T13:42:22","modified_gmt":"2021-06-24T18:42:22","slug":"padecen-mas-de-30-anos-por-falta-de-agua-potable-nayarit","status":"publish","type":"post","link":"https:\/\/www.grieta.org.mx\/index.php\/2021\/06\/12\/padecen-mas-de-30-anos-por-falta-de-agua-potable-nayarit\/","title":{"rendered":"Padecen m\u00e1s de 30 a\u00f1os por falta de agua potable (Nayarit)"},"content":{"rendered":"<p>Foto: Tribuna de la Bah\u00eda<\/p>\n<p>Alberto Garc\u00eda \/ Tribuna de la Bah\u00eda<\/p>\n<p>Una situaci\u00f3n desgarradora es la que vive la gente de la comunidad de\u00a0<strong>Agua Milpa<\/strong>\u00a0en el municipio de\u00a0<strong>Bah\u00eda de Banderas<\/strong>, quienes por a\u00f1os han padecido por la falta de agua, la gente vive una desesperante situaci\u00f3n que dicen nunca han tenido una soluci\u00f3n, este agobio lo sienten mas en estos tiempos de fuertes calores donde no hay posibilidades de refrescarse ni por asomo<\/p>\n<p>la se\u00f1ora\u00a0<strong>Andrea L\u00f3pez Macedo nos platica<\/strong>, c\u00f3mo al paso de los a\u00f1os, nunca se le ha dado soluci\u00f3n a este grave problema, incluso de salud para esta comunidad ignorada por completo por las autoridades se\u00f1alando que toda la vida han tenido el problema por la falta de agua.<\/p>\n<p>Se\u00f1al\u00f3 que toda la vida han batallado por\u00a0<strong>la falta de agua ya que el pozo no es suficiente ya que no les abastece<\/strong>\u00a0y no les ajusta y por eso todo el tiempo han pedido que les ayuden con ese problema, ya que hay d\u00edas que no les ajusta para ni para lavar por eso piden que le hagan un nuevo pazo que si abastezca a todos sus hogares.<\/p>\n<p>Dijo que\u00a0<strong>hay gente que le paga a un muchacho para que se las acarreen desde el r\u00edo<\/strong>, o mejor se van a lavar al rio Ameca y dice que el agua para beber o de consumo alimenticio la compran en garraf\u00f3n y que en momentos de verdadera escasez compran agua del rio que se las llevan hasta sus hogares para las necesidades m\u00e1s b\u00e1sicas como es el aseo personal, lavar la ropa.<\/p>\n<p>Reci\u00e9n culminaron las elecciones y nos se\u00f1alan que\u00a0<strong>ninguno de los candidatos se comprometi\u00f3 a solucionar ese problema, solo les queda la esperanza del nuevo gobierno<\/strong>\u00a0porque el actual en menos de cuatro meses se va y ellos siguen teniendo agua cada tres d\u00edas.<br \/>\nLos vecinos de esta comunidad viven una situaci\u00f3n llena de iron\u00eda al estar a menos de un kil\u00f3metro del cauce del rio Ameca que tiene agua todo el a\u00f1o y ellos padeciendo por ella todo el a\u00f1o.<\/p>\n<p><a href=\"https:\/\/tribunadelabahia.com.mx\/padecen-30-anos-falta-de-agua-potable-46608\">https:\/\/tribunadelabahia.com.mx\/padecen-30-anos-falta-de-agua-potable-46608<\/a><\/p>\n","protected":false},"excerpt":{"rendered":"<p>Foto: Tribuna de la Bah\u00eda Alberto Garc\u00eda \/ Tribuna de la Bah\u00eda Una situaci\u00f3n desgarradora es la que vive la gente de la comunidad de\u00a0Agua Milpa\u00a0en el municipio de\u00a0Bah\u00eda de &hellip; <a href=\"https:\/\/www.grieta.org.mx\/index.php\/2021\/06\/12\/padecen-mas-de-30-anos-por-falta-de-agua-potable-nayarit\/\" class=\"more-link\">Leer m\u00e1s<\/a><\/p>\n","protected":false},"author":2,"featured_media":60073,"comment_status":"closed","ping_status":"closed","sticky":false,"template":"","format":"standard","meta":{"ngg_post_thumbnail":0,"_jetpack_newsletter_access":"","_jetpack_dont_email_post_to_subs":false,"_jetpack_newsletter_tier_id":0,"_jetpack_memberships_contains_paywalled_content":false,"_jetpack_memberships_contains_paid_content":false,"footnotes":""},"categories":[80,2432,914,23,2,83],"tags":[2403,1558,1243,1120],"class_list":["post-60072","post","type-post","status-publish","format-standard","has-post-thumbnail","hentry","category-cintillo","category-conflictos-por-el-agua-el-nayarit","category-privatizacion-del-agua","category-nayarit","category-noticias-nacionales","category-temas-nacionales","tag-crisis-del-agua","tag-desabasto-de-agua","tag-despojo-de-agua","tag-falta-de-agua","entry"],"jetpack_featured_media_url":"https:\/\/www.grieta.org.mx\/wp-content\/uploads\/2021\/06\/desabasto-agua-cover.jpg","jetpack_sharing_enabled":true,"jetpack_shortlink":"https:\/\/wp.me\/p7ZJR4-fCU","jetpack_likes_enabled":false,"jetpack-related-posts":[{"id":71754,"url":"https:\/\/www.grieta.org.mx\/index.php\/2025\/05\/27\/cinco-anos-sin-agua-ni-luz-claman-auxilio-vecinos-de-las-parotas-en-bucerias-nayarit\/","url_meta":{"origin":60072,"position":0},"title":"\u00a1Cinco a\u00f1os sin agua ni luz! Claman auxilio vecinos de Las Parotas en Bucer\u00edas (Nayarit)","author":"grieta","date":"27 mayo, 2025","format":false,"excerpt":"Imagen: Tribina de la Bah\u00eda Isrrael Torres \/ Tribuna de la Bah\u00eda Desde hace cinco a\u00f1os, alrededor de 30 habitantes de una calle en la colonia Las Parotas, en la delegaci\u00f3n de Bucer\u00edas, cerca de la avenida Estaciones en Bah\u00eda de Banderas, viven sin acceso a agua potable ni energ\u00eda\u2026","rel":"","context":"En &quot;CINTILLO&quot;","block_context":{"text":"CINTILLO","link":"https:\/\/www.grieta.org.mx\/index.php\/category\/cintillo\/"},"img":{"alt_text":"","src":"https:\/\/i0.wp.com\/www.grieta.org.mx\/wp-content\/uploads\/2025\/06\/falta-agua-luz-bucerias.jpg?resize=350%2C200&ssl=1","width":350,"height":200,"srcset":"https:\/\/i0.wp.com\/www.grieta.org.mx\/wp-content\/uploads\/2025\/06\/falta-agua-luz-bucerias.jpg?resize=350%2C200&ssl=1 1x, https:\/\/i0.wp.com\/www.grieta.org.mx\/wp-content\/uploads\/2025\/06\/falta-agua-luz-bucerias.jpg?resize=525%2C300&ssl=1 1.5x, https:\/\/i0.wp.com\/www.grieta.org.mx\/wp-content\/uploads\/2025\/06\/falta-agua-luz-bucerias.jpg?resize=700%2C400&ssl=1 2x, https:\/\/i0.wp.com\/www.grieta.org.mx\/wp-content\/uploads\/2025\/06\/falta-agua-luz-bucerias.jpg?resize=1050%2C600&ssl=1 3x"},"classes":[]},{"id":52217,"url":"https:\/\/www.grieta.org.mx\/index.php\/2020\/08\/01\/pobladores-de-tecuala-denuncian-falta-de-agua-nayarit\/","url_meta":{"origin":60072,"position":1},"title":"Pobladores de Tecuala denuncian falta de agua (Nayarit)","author":"grieta","date":"1 agosto, 2020","format":false,"excerpt":"Imagen: Realidades de Nayarit Emilio Castillo Hern\u00e1ndez \/ Realidades de Nayarit Tecuala, Nayarit. S\u00e1bado 01 de agosto del 2020.- La falta de agua potable es un problema constante en el municipio de Tecuala, y en la comunidad de San Felipe no es la excepci\u00f3n; pobladores de dicha comunidad aseguran que\u2026","rel":"","context":"En &quot;CINTILLO&quot;","block_context":{"text":"CINTILLO","link":"https:\/\/www.grieta.org.mx\/index.php\/category\/cintillo\/"},"img":{"alt_text":"","src":"https:\/\/i0.wp.com\/www.grieta.org.mx\/wp-content\/uploads\/2020\/08\/agua-3.jpg?resize=350%2C200&ssl=1","width":350,"height":200,"srcset":"https:\/\/i0.wp.com\/www.grieta.org.mx\/wp-content\/uploads\/2020\/08\/agua-3.jpg?resize=350%2C200&ssl=1 1x, https:\/\/i0.wp.com\/www.grieta.org.mx\/wp-content\/uploads\/2020\/08\/agua-3.jpg?resize=525%2C300&ssl=1 1.5x, https:\/\/i0.wp.com\/www.grieta.org.mx\/wp-content\/uploads\/2020\/08\/agua-3.jpg?resize=700%2C400&ssl=1 2x"},"classes":[]},{"id":51698,"url":"https:\/\/www.grieta.org.mx\/index.php\/2020\/07\/10\/agua-con-heces-en-san-vicente-nayarit\/","url_meta":{"origin":60072,"position":2},"title":"Agua con heces en San Vicente (Nayarit)","author":"grieta","date":"10 julio, 2020","format":false,"excerpt":"Imagen: Realidades de Nayarit V\u00edctor Trejo Olmos \/ Realidades de Nayarit Bah\u00eda de Banderas, Nayarit. Viernes 10 de julio del 2020.- Ex\u00e1menes de laboratorio arrojan que el agua que dota el Oromapas en el fraccionamiento Hacienda de San Vicente contiene heces fecales. Vecinos del fraccionamiento en menci\u00f3n hacen el reporte\u2026","rel":"","context":"En &quot;CINTILLO&quot;","block_context":{"text":"CINTILLO","link":"https:\/\/www.grieta.org.mx\/index.php\/category\/cintillo\/"},"img":{"alt_text":"","src":"https:\/\/i0.wp.com\/www.grieta.org.mx\/wp-content\/uploads\/2020\/07\/agua.jpg?resize=350%2C200&ssl=1","width":350,"height":200,"srcset":"https:\/\/i0.wp.com\/www.grieta.org.mx\/wp-content\/uploads\/2020\/07\/agua.jpg?resize=350%2C200&ssl=1 1x, https:\/\/i0.wp.com\/www.grieta.org.mx\/wp-content\/uploads\/2020\/07\/agua.jpg?resize=525%2C300&ssl=1 1.5x, https:\/\/i0.wp.com\/www.grieta.org.mx\/wp-content\/uploads\/2020\/07\/agua.jpg?resize=700%2C400&ssl=1 2x"},"classes":[]},{"id":54781,"url":"https:\/\/www.grieta.org.mx\/index.php\/2020\/11\/04\/por-falta-de-agua-toman-manifestantes-el-libramiento-de-tepic-nayarit\/","url_meta":{"origin":60072,"position":3},"title":"Por falta de agua toman manifestantes el Libramiento de Tepic (Nayarit)","author":"grieta","date":"4 noviembre, 2020","format":false,"excerpt":"Foto: Misalel Ulloa Isiordia Los manifestantes exigen el servicio de agua potable y solicitan la presencia del titular del SIAPA Tepic, Oscar Medina para el funcionario municipal cumpla su palabra. Fernando Ulloa P\u00e9rez \/ Meridiano.mx Ante la falta del servicio de agua potable desde hace m\u00e1s de 8 d\u00edas, la\u2026","rel":"","context":"En &quot;CINTILLO&quot;","block_context":{"text":"CINTILLO","link":"https:\/\/www.grieta.org.mx\/index.php\/category\/cintillo\/"},"img":{"alt_text":"","src":"https:\/\/i0.wp.com\/www.grieta.org.mx\/wp-content\/uploads\/2020\/11\/1604535109_1604533679_valle_real.jpg?resize=350%2C200&ssl=1","width":350,"height":200,"srcset":"https:\/\/i0.wp.com\/www.grieta.org.mx\/wp-content\/uploads\/2020\/11\/1604535109_1604533679_valle_real.jpg?resize=350%2C200&ssl=1 1x, https:\/\/i0.wp.com\/www.grieta.org.mx\/wp-content\/uploads\/2020\/11\/1604535109_1604533679_valle_real.jpg?resize=525%2C300&ssl=1 1.5x, https:\/\/i0.wp.com\/www.grieta.org.mx\/wp-content\/uploads\/2020\/11\/1604535109_1604533679_valle_real.jpg?resize=700%2C400&ssl=1 2x"},"classes":[]},{"id":34978,"url":"https:\/\/www.grieta.org.mx\/index.php\/2019\/06\/13\/vecinos-de-la-colonia-chapultepec-reportan-hasta-80-dias-sin-agua-nayarit\/","url_meta":{"origin":60072,"position":4},"title":"Vecinos de la colonia Chapultepec reportan hasta 80 d\u00edas sin agua (Nayarit)","author":"grieta","date":"13 junio, 2019","format":false,"excerpt":"El presidente de Acci\u00f3n Ciudadana, Jos\u00e9 Luis Casillas, inform\u00f3 que desde hace varios d\u00edas, muchas de las viviendas no han recibido el vital liquido pese a tener todos sus recibos pagados.\u00a0 Fernando Ulloa P\u00e9rez \/ NCC. mx Tepic Nayarit.-Ante diversos medios de comunicaci\u00f3n, el se\u00f1or Jos\u00e9 Luis Casillas, quien es\u2026","rel":"","context":"En &quot;CINTILLO&quot;","block_context":{"text":"CINTILLO","link":"https:\/\/www.grieta.org.mx\/index.php\/category\/cintillo\/"},"img":{"alt_text":"","src":"https:\/\/i0.wp.com\/www.grieta.org.mx\/wp-content\/uploads\/2019\/06\/pozos.jpg?resize=350%2C200&ssl=1","width":350,"height":200,"srcset":"https:\/\/i0.wp.com\/www.grieta.org.mx\/wp-content\/uploads\/2019\/06\/pozos.jpg?resize=350%2C200&ssl=1 1x, https:\/\/i0.wp.com\/www.grieta.org.mx\/wp-content\/uploads\/2019\/06\/pozos.jpg?resize=525%2C300&ssl=1 1.5x"},"classes":[]},{"id":36978,"url":"https:\/\/www.grieta.org.mx\/index.php\/2019\/07\/16\/vecinos-bloquean-avenida-victoria-de-tepic-por-falta-de-agua-potable-nayarit\/","url_meta":{"origin":60072,"position":5},"title":"Vecinos bloquean avenida Victoria de Tepic por falta de agua potable (Nayarit)","author":"grieta","date":"16 julio, 2019","format":false,"excerpt":"Foto: El Sol de Nayarit Redacci\u00f3n \/ El Sol de Nayarit Esta tarde de martes un grupo de ciudadanos pertenecientes a colonia Santa Teresita, H. Casas y otras zonas aleda\u00f1as a la avenida Victoria, tomaron un tramo de esta vialidad, a la altura de la calle P. Guerrero. El motivo\u2026","rel":"","context":"En &quot;CINTILLO&quot;","block_context":{"text":"CINTILLO","link":"https:\/\/www.grieta.org.mx\/index.php\/category\/cintillo\/"},"img":{"alt_text":"","src":"https:\/\/i0.wp.com\/www.grieta.org.mx\/wp-content\/uploads\/2019\/07\/temp_nota_01_67072_17_20190716203110_117agua.jpg?resize=350%2C200&ssl=1","width":350,"height":200,"srcset":"https:\/\/i0.wp.com\/www.grieta.org.mx\/wp-content\/uploads\/2019\/07\/temp_nota_01_67072_17_20190716203110_117agua.jpg?resize=350%2C200&ssl=1 1x, https:\/\/i0.wp.com\/www.grieta.org.mx\/wp-content\/uploads\/2019\/07\/temp_nota_01_67072_17_20190716203110_117agua.jpg?resize=525%2C300&ssl=1 1.5x"},"classes":[]}],"_links":{"self":[{"href":"https:\/\/www.grieta.org.mx\/index.php\/wp-json\/wp\/v2\/posts\/60072","targetHints":{"allow":["GET"]}}],"collection":[{"href":"https:\/\/www.grieta.org.mx\/index.php\/wp-json\/wp\/v2\/posts"}],"about":[{"href":"https:\/\/www.grieta.org.mx\/index.php\/wp-json\/wp\/v2\/types\/post"}],"author":[{"embeddable":true,"href":"https:\/\/www.grieta.org.mx\/index.php\/wp-json\/wp\/v2\/users\/2"}],"replies":[{"embeddable":true,"href":"https:\/\/www.grieta.org.mx\/index.php\/wp-json\/wp\/v2\/comments?post=60072"}],"version-history":[{"count":1,"href":"https:\/\/www.grieta.org.mx\/index.php\/wp-json\/wp\/v2\/posts\/60072\/revisions"}],"predecessor-version":[{"id":60074,"href":"https:\/\/www.grieta.org.mx\/index.php\/wp-json\/wp\/v2\/posts\/60072\/revisions\/60074"}],"wp:featuredmedia":[{"embeddable":true,"href":"https:\/\/www.grieta.org.mx\/index.php\/wp-json\/wp\/v2\/media\/60073"}],"wp:attachment":[{"href":"https:\/\/www.grieta.org.mx\/index.php\/wp-json\/wp\/v2\/media?parent=60072"}],"wp:term":[{"taxonomy":"category","embeddable":true,"href":"https:\/\/www.grieta.org.mx\/index.php\/wp-json\/wp\/v2\/categories?post=60072"},{"taxonomy":"post_tag","embeddable":true,"href":"https:\/\/www.grieta.org.mx\/index.php\/wp-json\/wp\/v2\/tags?post=60072"}],"curies":[{"name":"wp","href":"https:\/\/api.w.org\/{rel}","templated":true}]}}