{"id":5995,"date":"2016-05-01T02:26:42","date_gmt":"2016-05-01T02:26:42","guid":{"rendered":"http:\/\/50.22.11.12\/~grietaor\/?p=5995"},"modified":"2016-05-04T00:33:57","modified_gmt":"2016-05-04T00:33:57","slug":"movilizaciones-por-ayotzinapa-en-guanajuato","status":"publish","type":"post","link":"https:\/\/www.grieta.org.mx\/index.php\/2016\/05\/01\/movilizaciones-por-ayotzinapa-en-guanajuato\/","title":{"rendered":"Movilizaciones por Ayotzinapa en Guanajuato"},"content":{"rendered":"<p><strong>01\/05\/2016. <\/strong><a href=\"http:\/\/www.grieta.org.mx\/index.php\/2016\/05\/01\/se-manifiestan-por-los-43-normalistas-de-ayotzinapa-durante-marcha-del-dia-del-trabajo\/\">Se manifiestan por los 43 normalistas de Ayotzinapa durante Marcha por el D\u00eda del Trabajo en Le\u00f3n<\/a><br  \/><em>Zona Franca<\/em><br  \/><\/p>\n<p><strong>26\/11\/2015. <\/strong><a href=\"http:\/\/grieta.org.mx\/index.php\/2015\/11\/26\/se-manifiestan-colectivos-en-leon-para-recordar-a-los-43-estudiantes-de-ayotzinapa\/\">Se manifiestan colectivos en Le\u00f3n para recordar a los 43 estudiantes de Ayotzinapa<\/a><br  \/><em>Zona Franca<\/em><br  \/><\/p>\n<p><strong>26\/10\/2015. <\/strong><a href=\"http:\/\/grieta.org.mx\/index.php\/2015\/10\/26\/estudiantes-y-padres-de-familia-de-ayotzinapa-se-manifiestan-en-el-cervantino-en-guanajuato\/\">Estudiantes y padres de familia de Ayotzinapa se manifiestan en el Cervantino en Guanajuato<\/a><br  \/><em>AM<\/em><br  \/><\/p>\n<p><strong>12\/10\/2015. <\/strong><a href=\"http:\/\/grieta.org.mx\/index.php\/2015\/10\/12\/advierten-padres-y-estudiantes-de-ayotzinapa-no-pararemos-hasta-encontrarlos\/\">Advierten padres y estudiantes de Ayotzinapa: \u2018no pararemos hasta encontrarlos\u2019<\/a><br  \/><em>Zona Franca<\/em><br  \/><\/p>\n<p><strong>09\/10\/2015. <\/strong><a href=\"http:\/\/grieta.org.mx\/index.php\/2015\/10\/09\/vamos-a-seguir-hasta-encontrarlos-dicen-los-padres-de-los-normalistas-desaparecidos-en-ayotzinapa\/\">Vamos a seguir hasta encontrarlos, dicen los padres de los normalistas desaparecidos en Ayotzinapa<\/a><br  \/><em>Zona Franca<\/em><br  \/><\/p>\n<p><strong>08\/10\/2015. <\/strong><a href=\"http:\/\/grieta.org.mx\/index.php\/2015\/10\/08\/se-manifiestan-en-guanajuato-los-padres-de-los-normalistas-desaparecidos-en-ayotzinapa\/\">Se manifiestan en Guanajuato los padres de los normalistas desaparecidos en Ayotzinapa<\/a><br  \/><em>Mas de 131<\/em><br  \/><\/p>\n<p><strong>27\/09\/2015. <\/strong><a href=\"http:\/\/grieta.org.mx\/index.php\/2015\/09\/27\/se-manifiestan-en-guanajuato-a-un-ano-de-la-desaparicion-de-los-43-normalistas-en-ayotzinapa\/\">Se manifiestan en Guanajuato a un a\u00f1o de la desaparici\u00f3n de los 43 normalistas en Ayotzinapa<\/a><br  \/><em>Zona Franca<\/em><br  \/><\/p>\n<p><strong>09\/08\/2015. <\/strong><a href=\"http:\/\/grieta.org.mx\/index.php\/2015\/08\/09\/se-manifiestan-padres-de-los-43-normalistas-en-leon\/\">Se manifiestan padres de los 43 normalistas en Le\u00f3n<\/a><br  \/><em>AM<\/em><br  \/><\/p>\n<p><strong>28\/03\/2015. <\/strong><a href=\"http:\/\/grieta.org.mx\/index.php\/2015\/03\/28\/mitin-en-leon-de-familiares-de-desaparecidos-de-ayotzinapa\/\">Mitin en Le\u00f3n de  familiares de desaparecidos de Ayotzinapa<\/a><br  \/><em>AM<\/em><br  \/><\/p>\n<p><strong>27\/03\/2015. <\/strong><a href=\"http:\/\/grieta.org.mx\/index.php\/2015\/03\/27\/marchan-en-guanajuato-estudiantes-y-familiares-de-desparecidos-de-ayotzinapa\/\">Marchan en Guanajuato estudiantes y familiares de desparecidos de Ayotzinapa<\/a><br  \/><em>Reforma<\/em><br  \/><\/p>\n","protected":false},"excerpt":{"rendered":"<p>01\/05\/2016. Se manifiestan por los 43 normalistas de Ayotzinapa durante Marcha por el D\u00eda del Trabajo en Le\u00f3nZona Franca 26\/11\/2015. Se manifiestan colectivos en Le\u00f3n para recordar a los 43 &hellip; <a href=\"https:\/\/www.grieta.org.mx\/index.php\/2016\/05\/01\/movilizaciones-por-ayotzinapa-en-guanajuato\/\" class=\"more-link\">Leer m\u00e1s<\/a><\/p>\n","protected":false},"author":2,"featured_media":21928,"comment_status":"closed","ping_status":"open","sticky":false,"template":"","format":"standard","meta":{"ngg_post_thumbnail":0,"_jetpack_newsletter_access":"","_jetpack_dont_email_post_to_subs":false,"_jetpack_newsletter_tier_id":0,"_jetpack_memberships_contains_paywalled_content":false,"_jetpack_memberships_contains_paid_content":false,"footnotes":""},"categories":[17,2],"tags":[],"class_list":["post-5995","post","type-post","status-publish","format-standard","has-post-thumbnail","hentry","category-guanajuato","category-noticias-nacionales","entry"],"jetpack_featured_media_url":"https:\/\/www.grieta.org.mx\/wp-content\/uploads\/2018\/03\/14524434_1106112876131411_958039263622046936_o.jpg","jetpack_sharing_enabled":true,"jetpack_shortlink":"https:\/\/wp.me\/p7ZJR4-1yH","jetpack_likes_enabled":false,"jetpack-related-posts":[{"id":6003,"url":"https:\/\/www.grieta.org.mx\/index.php\/2015\/10\/26\/estudiantes-y-padres-de-familia-de-ayotzinapa-se-manifiestan-en-el-cervantino-en-guanajuato\/","url_meta":{"origin":5995,"position":0},"title":"Estudiantes y padres de familia de Ayotzinapa se manifiestan en el Cervantino en Guanajuato","author":"grieta","date":"26 octubre, 2015","format":false,"excerpt":"Gilberto Navarro AM Normalistas y padres de los 43 estudiantes desaparecidos marcharon por el Centro Hist\u00f3rico, acompa\u00f1ados de estudiantes y ciudadanos para exigir justicia. Cerca de las 5:30 de la tarde, alrededor de 200 personas se congregaron en el Jard\u00edn de Embajadoras para recorrer las calles de la ciudad con\u2026","rel":"","context":"En &quot;CINTILLO&quot;","block_context":{"text":"CINTILLO","link":"https:\/\/www.grieta.org.mx\/index.php\/category\/cintillo\/"},"img":{"alt_text":"","src":"https:\/\/i0.wp.com\/www.grieta.org.mx\/wp-content\/uploads\/2018\/03\/14524434_1106112876131411_958039263622046936_o.jpg?resize=350%2C200&ssl=1","width":350,"height":200,"srcset":"https:\/\/i0.wp.com\/www.grieta.org.mx\/wp-content\/uploads\/2018\/03\/14524434_1106112876131411_958039263622046936_o.jpg?resize=350%2C200&ssl=1 1x, https:\/\/i0.wp.com\/www.grieta.org.mx\/wp-content\/uploads\/2018\/03\/14524434_1106112876131411_958039263622046936_o.jpg?resize=525%2C300&ssl=1 1.5x, https:\/\/i0.wp.com\/www.grieta.org.mx\/wp-content\/uploads\/2018\/03\/14524434_1106112876131411_958039263622046936_o.jpg?resize=700%2C400&ssl=1 2x"},"classes":[]},{"id":6014,"url":"https:\/\/www.grieta.org.mx\/index.php\/2015\/10\/08\/se-manifiestan-en-guanajuato-los-padres-de-los-normalistas-desaparecidos-en-ayotzinapa\/","url_meta":{"origin":5995,"position":1},"title":"Se manifiestan en Guanajuato los padres de los normalistas desaparecidos en Ayotzinapa","author":"grieta","date":"8 octubre, 2015","format":false,"excerpt":"Aldabi Olvera, Guanajuato, Gto. El n\u00famero 43 es ya un s\u00edmbolo en todo M\u00e9xico y se mostr\u00f3 de manera curiosa hasta en el Festival Cervantino de Guanajuato. Casi un mes despu\u00e9s de que se cumpliera un a\u00f1o de la desaparici\u00f3n forzada de los 43 normalistas de Ayotzinapa, se inaugura la\u2026","rel":"","context":"En &quot;CINTILLO&quot;","block_context":{"text":"CINTILLO","link":"https:\/\/www.grieta.org.mx\/index.php\/category\/cintillo\/"},"img":{"alt_text":"","src":"https:\/\/i0.wp.com\/www.grieta.org.mx\/wp-content\/uploads\/2018\/03\/14524434_1106112876131411_958039263622046936_o.jpg?resize=350%2C200&ssl=1","width":350,"height":200,"srcset":"https:\/\/i0.wp.com\/www.grieta.org.mx\/wp-content\/uploads\/2018\/03\/14524434_1106112876131411_958039263622046936_o.jpg?resize=350%2C200&ssl=1 1x, https:\/\/i0.wp.com\/www.grieta.org.mx\/wp-content\/uploads\/2018\/03\/14524434_1106112876131411_958039263622046936_o.jpg?resize=525%2C300&ssl=1 1.5x, https:\/\/i0.wp.com\/www.grieta.org.mx\/wp-content\/uploads\/2018\/03\/14524434_1106112876131411_958039263622046936_o.jpg?resize=700%2C400&ssl=1 2x"},"classes":[]},{"id":6027,"url":"https:\/\/www.grieta.org.mx\/index.php\/2015\/08\/07\/se-manifiestan-padres-de-los-43-normalistas-en-guanajuato-gto\/","url_meta":{"origin":5995,"position":2},"title":"Se manifiestan padres de los 43 normalistas en Guanajuato, Gto","author":"grieta","date":"7 agosto, 2015","format":false,"excerpt":"Carmen Pizano , Guanajuato, Gto. Familiares de los normalistas de Ayotizanapa, Guerrero, marcharon por las calles de Guanajuato invitando a la gente a que se sume al movimiento para exigir a las autoridades federales que revelen la verdad sobre la desaparici\u00f3n y que los estudiantes regresen. Melit\u00f3n Ortega, t\u00edo de\u2026","rel":"","context":"En &quot;CINTILLO&quot;","block_context":{"text":"CINTILLO","link":"https:\/\/www.grieta.org.mx\/index.php\/category\/cintillo\/"},"img":{"alt_text":"","src":"https:\/\/i0.wp.com\/www.grieta.org.mx\/wp-content\/uploads\/2018\/03\/14524434_1106112876131411_958039263622046936_o.jpg?resize=350%2C200&ssl=1","width":350,"height":200,"srcset":"https:\/\/i0.wp.com\/www.grieta.org.mx\/wp-content\/uploads\/2018\/03\/14524434_1106112876131411_958039263622046936_o.jpg?resize=350%2C200&ssl=1 1x, https:\/\/i0.wp.com\/www.grieta.org.mx\/wp-content\/uploads\/2018\/03\/14524434_1106112876131411_958039263622046936_o.jpg?resize=525%2C300&ssl=1 1.5x, https:\/\/i0.wp.com\/www.grieta.org.mx\/wp-content\/uploads\/2018\/03\/14524434_1106112876131411_958039263622046936_o.jpg?resize=700%2C400&ssl=1 2x"},"classes":[]},{"id":6016,"url":"https:\/\/www.grieta.org.mx\/index.php\/2015\/09\/27\/se-manifiestan-en-guanajuato-a-un-ano-de-la-desaparicion-de-los-43-normalistas-en-ayotzinapa\/","url_meta":{"origin":5995,"position":3},"title":"Se manifiestan en Guanajuato a un a\u00f1o de la desaparici\u00f3n de los 43 normalistas en Ayotzinapa","author":"grieta","date":"27 septiembre, 2015","format":false,"excerpt":"Jorge Hern\u00e1ndez, Luis Garc\u00eda y Roberto Guti\u00e9rrez, Le\u00f3n\/Celaya\/San Miguel de Allende, Gto. Ciudadanos, activistas y miembros de asociaciones civiles guanajuatenses marcharon en protesta por la desaparici\u00f3n de los 43 estudiantes normalistas de Guerrero. El 26 de septiembre de 2014, estudiantes de la Normal de Ayotzinapa fueron atacados por polic\u00edas municipales\u2026","rel":"","context":"En &quot;CINTILLO&quot;","block_context":{"text":"CINTILLO","link":"https:\/\/www.grieta.org.mx\/index.php\/category\/cintillo\/"},"img":{"alt_text":"","src":"https:\/\/i0.wp.com\/www.grieta.org.mx\/wp-content\/uploads\/2018\/03\/14524434_1106112876131411_958039263622046936_o.jpg?resize=350%2C200&ssl=1","width":350,"height":200,"srcset":"https:\/\/i0.wp.com\/www.grieta.org.mx\/wp-content\/uploads\/2018\/03\/14524434_1106112876131411_958039263622046936_o.jpg?resize=350%2C200&ssl=1 1x, https:\/\/i0.wp.com\/www.grieta.org.mx\/wp-content\/uploads\/2018\/03\/14524434_1106112876131411_958039263622046936_o.jpg?resize=525%2C300&ssl=1 1.5x, https:\/\/i0.wp.com\/www.grieta.org.mx\/wp-content\/uploads\/2018\/03\/14524434_1106112876131411_958039263622046936_o.jpg?resize=700%2C400&ssl=1 2x"},"classes":[]},{"id":8166,"url":"https:\/\/www.grieta.org.mx\/index.php\/2015\/03\/26\/se-manifiestan-en-mexicali-a-seis-meses-de-la-desaparicion-de-los-normalistas-en-iguala\/","url_meta":{"origin":5995,"position":4},"title":"Se manifiestan en Mexicali a seis meses de la desaparici\u00f3n de los normalistas en Iguala","author":"grieta","date":"26 marzo, 2015","format":false,"excerpt":"Eneida S\u00e1nchez Zambrano, Mexicali, B.C. Al grito de \u201cno est\u00e1n solos\u201d y \u201cAyotzinapa somos todos\u201d llegaron al monumento Benito Ju\u00e1rez manifestantes mexicalenses que acompa\u00f1an a estudiantes y padres de familia de los normalistas desaparecidos en Iguala en septiembre del a\u00f1o pasado. Bajo los rayos del sol, padres de familia, adultos\u2026","rel":"","context":"En &quot;CINTILLO&quot;","block_context":{"text":"CINTILLO","link":"https:\/\/www.grieta.org.mx\/index.php\/category\/cintillo\/"},"img":{"alt_text":"","src":"https:\/\/i0.wp.com\/www.grieta.org.mx\/wp-content\/uploads\/2018\/03\/14524434_1106112876131411_958039263622046936_o.jpg?resize=350%2C200&ssl=1","width":350,"height":200,"srcset":"https:\/\/i0.wp.com\/www.grieta.org.mx\/wp-content\/uploads\/2018\/03\/14524434_1106112876131411_958039263622046936_o.jpg?resize=350%2C200&ssl=1 1x, https:\/\/i0.wp.com\/www.grieta.org.mx\/wp-content\/uploads\/2018\/03\/14524434_1106112876131411_958039263622046936_o.jpg?resize=525%2C300&ssl=1 1.5x, https:\/\/i0.wp.com\/www.grieta.org.mx\/wp-content\/uploads\/2018\/03\/14524434_1106112876131411_958039263622046936_o.jpg?resize=700%2C400&ssl=1 2x"},"classes":[]},{"id":11650,"url":"https:\/\/www.grieta.org.mx\/index.php\/2016\/05\/01\/se-manifiestan-por-los-43-normalistas-de-ayotzinapa-durante-marcha-del-dia-del-trabajo\/","url_meta":{"origin":5995,"position":5},"title":"Se manifiestan por los 43 normalistas de Ayotzinapa durante Marcha por el  D\u00eda del Trabajo en Le\u00f3n","author":"grieta","date":"1 mayo, 2016","format":false,"excerpt":"Carmen Mart\u00ednez, Le\u00f3n, Gto. Las consignas para hacer justicia a los 43 normalistas de Ayotzinapa llegaron hasta el Desfile Conmemorativo del D\u00eda del Trabajo en el municipio de Le\u00f3n. En medio de los contingentes, un grupo de manifestantes clam\u00f3 por esta y otras solicitudes ciudadanas. Integrantes de diferentes organizaciones adscritas\u2026","rel":"","context":"En &quot;CINTILLO&quot;","block_context":{"text":"CINTILLO","link":"https:\/\/www.grieta.org.mx\/index.php\/category\/cintillo\/"},"img":{"alt_text":"","src":"https:\/\/i0.wp.com\/www.grieta.org.mx\/wp-content\/uploads\/2018\/03\/14524434_1106112876131411_958039263622046936_o.jpg?resize=350%2C200&ssl=1","width":350,"height":200,"srcset":"https:\/\/i0.wp.com\/www.grieta.org.mx\/wp-content\/uploads\/2018\/03\/14524434_1106112876131411_958039263622046936_o.jpg?resize=350%2C200&ssl=1 1x, https:\/\/i0.wp.com\/www.grieta.org.mx\/wp-content\/uploads\/2018\/03\/14524434_1106112876131411_958039263622046936_o.jpg?resize=525%2C300&ssl=1 1.5x, https:\/\/i0.wp.com\/www.grieta.org.mx\/wp-content\/uploads\/2018\/03\/14524434_1106112876131411_958039263622046936_o.jpg?resize=700%2C400&ssl=1 2x"},"classes":[]}],"_links":{"self":[{"href":"https:\/\/www.grieta.org.mx\/index.php\/wp-json\/wp\/v2\/posts\/5995","targetHints":{"allow":["GET"]}}],"collection":[{"href":"https:\/\/www.grieta.org.mx\/index.php\/wp-json\/wp\/v2\/posts"}],"about":[{"href":"https:\/\/www.grieta.org.mx\/index.php\/wp-json\/wp\/v2\/types\/post"}],"author":[{"embeddable":true,"href":"https:\/\/www.grieta.org.mx\/index.php\/wp-json\/wp\/v2\/users\/2"}],"replies":[{"embeddable":true,"href":"https:\/\/www.grieta.org.mx\/index.php\/wp-json\/wp\/v2\/comments?post=5995"}],"version-history":[{"count":1,"href":"https:\/\/www.grieta.org.mx\/index.php\/wp-json\/wp\/v2\/posts\/5995\/revisions"}],"predecessor-version":[{"id":6002,"href":"https:\/\/www.grieta.org.mx\/index.php\/wp-json\/wp\/v2\/posts\/5995\/revisions\/6002"}],"wp:featuredmedia":[{"embeddable":true,"href":"https:\/\/www.grieta.org.mx\/index.php\/wp-json\/wp\/v2\/media\/21928"}],"wp:attachment":[{"href":"https:\/\/www.grieta.org.mx\/index.php\/wp-json\/wp\/v2\/media?parent=5995"}],"wp:term":[{"taxonomy":"category","embeddable":true,"href":"https:\/\/www.grieta.org.mx\/index.php\/wp-json\/wp\/v2\/categories?post=5995"},{"taxonomy":"post_tag","embeddable":true,"href":"https:\/\/www.grieta.org.mx\/index.php\/wp-json\/wp\/v2\/tags?post=5995"}],"curies":[{"name":"wp","href":"https:\/\/api.w.org\/{rel}","templated":true}]}}