{"id":59916,"date":"2021-06-23T18:52:37","date_gmt":"2021-06-23T23:52:37","guid":{"rendered":"https:\/\/www.grieta.org.mx\/?p=59916"},"modified":"2021-07-08T07:07:24","modified_gmt":"2021-07-08T12:07:24","slug":"travesia-por-la-vida-indigenas-mayas-del-ezln-desembarcan-en-europa-galeria-de-videos-y-fotos","status":"publish","type":"post","link":"https:\/\/www.grieta.org.mx\/index.php\/2021\/06\/23\/travesia-por-la-vida-indigenas-mayas-del-ezln-desembarcan-en-europa-galeria-de-videos-y-fotos\/","title":{"rendered":"Traves\u00eda por la vida: Ind\u00edgenas mayas del EZLN desembarcan en Europa (galer\u00eda de videos y fotos)"},"content":{"rendered":"<p>COLECTIVO GRIETA\/ con informaci\u00f3n, fotos y videos de la COORDINACI\u00d3N EUROPEA PARA El &#8220;Viaje por la vida&#8221; y COLECTIVOS DE LA OTRA EUROPA ayer rebautizada SLUMIL K\u00b4AJXEMK\u00b4OP (\u201cTierra Insumisa\u201d, \u201cTierra que no se resigna, que no desmaya\u201d).<\/p>\n<p><iframe loading=\"lazy\" src=\"https:\/\/video.anartist.org\/videos\/embed\/0039e40b-685c-4fd0-ba48-263777f6769d\" width=\"560\" height=\"315\" frameborder=\"0\" sandbox=\"allow-same-origin allow-scripts allow-popups\" allowfullscreen=\"allowfullscreen\"><\/iframe><\/p>\n<p>Al grito de \u00a1Zapata vive! y \u00a1Viva el EZLN!, despu\u00e9s de tres lluviosas\u00a0 jornadas, el soleado d\u00eda de ayer, 22 de junio de 2021, desembarcaron en la Playa de Carril, Vigo, Galicia, las\u00a0 cuatro compa\u00f1eras (Lupita, Yuli, Jimena y Carolina), dos compa\u00f1eros (Bernal y Felipe) y loa compa\u00f1eroa Marijose del Escuadr\u00f3n 421.<\/p>\n<blockquote class=\"twitter-tweet\">\n<p dir=\"ltr\" lang=\"und\"><a href=\"https:\/\/twitter.com\/hashtag\/BienvenidasZapatistas?src=hash&amp;ref_src=twsrc%5Etfw\">#BienvenidasZapatistas<\/a><a href=\"https:\/\/twitter.com\/hashtag\/LaGiraZapatistaVa?src=hash&amp;ref_src=twsrc%5Etfw\">#LaGiraZapatistaVa<\/a> <a href=\"https:\/\/t.co\/6kR44XjEHg\">pic.twitter.com\/6kR44XjEHg<\/a><\/p>\n<p>\u2014 Edo Schmidt (@schmedo) <a href=\"https:\/\/twitter.com\/schmedo\/status\/1407377511449759745?ref_src=twsrc%5Etfw\">June 22, 2021<\/a><\/p><\/blockquote>\n<p><script async src=\"https:\/\/platform.twitter.com\/widgets.js\" charset=\"utf-8\"><\/script><\/p>\n<p>Los siete ind\u00edgenas choles, tojolabales, tzotziles y tzeltales, &#8220;100% zapatistas&#8221;, fueron recibidos por pobladores del lugar -quienes les brindaron una calurosa bienvenida\u00a0 al son de la m\u00fasica\u00a0 de gaitas, panderos y tambores- mezclados con una entusiasta y fraterna multitud compuesta por mujeres, ni\u00f1os, hombres y otroas integrantes de colectivos y organizaciones procedentes de\u00a0 esa Europa de abajo y a la izquierda que se organiza para apoyar la &#8220;Traves\u00eda\u00a0 por la vida&#8221;.<\/p>\n<div style=\"width: 640px;\" class=\"wp-video\"><video class=\"wp-video-shortcode\" id=\"video-59916-1\" width=\"640\" height=\"352\" preload=\"metadata\" controls=\"controls\"><source type=\"video\/mp4\" src=\"http:\/\/www.grieta.org.mx\/wp-content\/uploads\/2021\/06\/video_2021-06-23_13-53-09Tierra-insumisa.mp4?_=1\" \/><a href=\"http:\/\/www.grieta.org.mx\/wp-content\/uploads\/2021\/06\/video_2021-06-23_13-53-09Tierra-insumisa.mp4\">http:\/\/www.grieta.org.mx\/wp-content\/uploads\/2021\/06\/video_2021-06-23_13-53-09Tierra-insumisa.mp4<\/a><\/video><\/div>\n<p>Con el viento del Atl\u00e1ntico en el rostro y el nost\u00e1lgico timbre de las gaitas gallegas, los asistentes a este hist\u00f3rico hecho, del cual tambi\u00e9n fueron testigos trabajadores y trabajadoras de medios libres y de paga, compartieron con los ind\u00edgenas mexicanos sus luchas, anhelos y atestiguaron el\u00a0 cambio de nombre del Viejo Continente.\u00a0 En voz de Marijose, la compa\u00f1eroa integrante de la delegaci\u00f3n zapatista, las bases de apoyo del EZLN manifestaron: &#8220;<em>que el nombre de esta tierra, a la que sus naturales llaman ahora Europa, de aqu\u00ed en adelante se llamar\u00e1 Slumil K\u2019ajxemk\u2019op, que quiere decir \u201cTierra insumisa\u201d, tierra que no se resigna, que no desmaya. Y as\u00ed ser\u00e1 conocida por propios y extra\u00f1os mientras haya alguien aqu\u00ed que no se rinda, que no se venda y que no claudique&#8221;.<\/em><\/p>\n<div style=\"width: 1170px;\" class=\"wp-video\"><video class=\"wp-video-shortcode\" id=\"video-59916-2\" width=\"1170\" height=\"658\" preload=\"metadata\" controls=\"controls\"><source type=\"video\/mp4\" src=\"http:\/\/www.grieta.org.mx\/wp-content\/uploads\/2021\/06\/VID-20210622-WA0018IEEH.mp4?_=2\" \/><a href=\"http:\/\/www.grieta.org.mx\/wp-content\/uploads\/2021\/06\/VID-20210622-WA0018IEEH.mp4\">http:\/\/www.grieta.org.mx\/wp-content\/uploads\/2021\/06\/VID-20210622-WA0018IEEH.mp4<\/a><\/video><\/div>\n<div style=\"width: 848px;\" class=\"wp-video\"><video class=\"wp-video-shortcode\" id=\"video-59916-3\" width=\"848\" height=\"480\" preload=\"metadata\" controls=\"controls\"><source type=\"video\/mp4\" src=\"http:\/\/www.grieta.org.mx\/wp-content\/uploads\/2021\/06\/video_2021-06-23_13-50-49Recibimiento-bandera-multicolor.mp4?_=3\" \/><a href=\"http:\/\/www.grieta.org.mx\/wp-content\/uploads\/2021\/06\/video_2021-06-23_13-50-49Recibimiento-bandera-multicolor.mp4\">http:\/\/www.grieta.org.mx\/wp-content\/uploads\/2021\/06\/video_2021-06-23_13-50-49Recibimiento-bandera-multicolor.mp4<\/a><\/video><\/div>\n<div style=\"width: 640px;\" class=\"wp-video\"><video class=\"wp-video-shortcode\" id=\"video-59916-4\" width=\"640\" height=\"352\" preload=\"metadata\" controls=\"controls\"><source type=\"video\/mp4\" src=\"http:\/\/www.grieta.org.mx\/wp-content\/uploads\/2021\/06\/video_2021-06-23_13-53-43Recibimiento-Cumbia.mp4?_=4\" \/><a href=\"http:\/\/www.grieta.org.mx\/wp-content\/uploads\/2021\/06\/video_2021-06-23_13-53-43Recibimiento-Cumbia.mp4\">http:\/\/www.grieta.org.mx\/wp-content\/uploads\/2021\/06\/video_2021-06-23_13-53-43Recibimiento-Cumbia.mp4<\/a><\/video><\/div>\n<div style=\"width: 1170px;\" class=\"wp-video\"><video class=\"wp-video-shortcode\" id=\"video-59916-5\" width=\"1170\" height=\"658\" preload=\"metadata\" controls=\"controls\"><source type=\"video\/mp4\" src=\"http:\/\/www.grieta.org.mx\/wp-content\/uploads\/2021\/06\/video_2021-06-23_13-55-37Recibimiento-La-Lucha-sigue-y.mp4?_=5\" \/><a href=\"http:\/\/www.grieta.org.mx\/wp-content\/uploads\/2021\/06\/video_2021-06-23_13-55-37Recibimiento-La-Lucha-sigue-y.mp4\">http:\/\/www.grieta.org.mx\/wp-content\/uploads\/2021\/06\/video_2021-06-23_13-55-37Recibimiento-La-Lucha-sigue-y.mp4<\/a><\/video><\/div>\n<p><img loading=\"lazy\" decoding=\"async\" data-attachment-id=\"59922\" data-permalink=\"https:\/\/www.grieta.org.mx\/index.php\/2021\/06\/23\/travesia-por-la-vida-indigenas-mayas-del-ezln-desembarcan-en-europa-galeria-de-videos-y-fotos\/photo_2021-06-20_13-43-33recibimiento-llegando\/\" data-orig-file=\"https:\/\/www.grieta.org.mx\/wp-content\/uploads\/2021\/06\/photo_2021-06-20_13-43-33Recibimiento-llegando.jpg\" data-orig-size=\"1280,960\" data-comments-opened=\"0\" data-image-meta=\"{&quot;aperture&quot;:&quot;0&quot;,&quot;credit&quot;:&quot;&quot;,&quot;camera&quot;:&quot;&quot;,&quot;caption&quot;:&quot;&quot;,&quot;created_timestamp&quot;:&quot;0&quot;,&quot;copyright&quot;:&quot;&quot;,&quot;focal_length&quot;:&quot;0&quot;,&quot;iso&quot;:&quot;0&quot;,&quot;shutter_speed&quot;:&quot;0&quot;,&quot;title&quot;:&quot;&quot;,&quot;orientation&quot;:&quot;0&quot;}\" data-image-title=\"photo_2021-06-20_13-43-33Recibimiento llegando\" data-image-description=\"\" data-image-caption=\"\" data-medium-file=\"https:\/\/www.grieta.org.mx\/wp-content\/uploads\/2021\/06\/photo_2021-06-20_13-43-33Recibimiento-llegando-300x225.jpg\" data-large-file=\"https:\/\/www.grieta.org.mx\/wp-content\/uploads\/2021\/06\/photo_2021-06-20_13-43-33Recibimiento-llegando-1024x768.jpg\" class=\"alignnone wp-image-59922\" src=\"http:\/\/www.grieta.org.mx\/wp-content\/uploads\/2021\/06\/photo_2021-06-20_13-43-33Recibimiento-llegando.jpg\" alt=\"\" width=\"800\" height=\"600\" srcset=\"https:\/\/www.grieta.org.mx\/wp-content\/uploads\/2021\/06\/photo_2021-06-20_13-43-33Recibimiento-llegando.jpg 1280w, https:\/\/www.grieta.org.mx\/wp-content\/uploads\/2021\/06\/photo_2021-06-20_13-43-33Recibimiento-llegando-300x225.jpg 300w, https:\/\/www.grieta.org.mx\/wp-content\/uploads\/2021\/06\/photo_2021-06-20_13-43-33Recibimiento-llegando-1024x768.jpg 1024w, https:\/\/www.grieta.org.mx\/wp-content\/uploads\/2021\/06\/photo_2021-06-20_13-43-33Recibimiento-llegando-768x576.jpg 768w\" sizes=\"auto, (max-width: 800px) 100vw, 800px\" \/><\/p>\n<p><img loading=\"lazy\" decoding=\"async\" data-attachment-id=\"59944\" data-permalink=\"https:\/\/www.grieta.org.mx\/index.php\/2021\/06\/23\/travesia-por-la-vida-indigenas-mayas-del-ezln-desembarcan-en-europa-galeria-de-videos-y-fotos\/e4dfufsx0ai7kyt-companeras\/\" data-orig-file=\"https:\/\/www.grieta.org.mx\/wp-content\/uploads\/2021\/06\/E4dFUfsX0AI7KyT-Companeras.jpg\" data-orig-size=\"785,671\" data-comments-opened=\"0\" data-image-meta=\"{&quot;aperture&quot;:&quot;0&quot;,&quot;credit&quot;:&quot;&quot;,&quot;camera&quot;:&quot;&quot;,&quot;caption&quot;:&quot;&quot;,&quot;created_timestamp&quot;:&quot;0&quot;,&quot;copyright&quot;:&quot;&quot;,&quot;focal_length&quot;:&quot;0&quot;,&quot;iso&quot;:&quot;0&quot;,&quot;shutter_speed&quot;:&quot;0&quot;,&quot;title&quot;:&quot;&quot;,&quot;orientation&quot;:&quot;0&quot;}\" data-image-title=\"E4dFUfsX0AI7KyT Compa\u00f1eras\" data-image-description=\"\" data-image-caption=\"\" data-medium-file=\"https:\/\/www.grieta.org.mx\/wp-content\/uploads\/2021\/06\/E4dFUfsX0AI7KyT-Companeras-300x256.jpg\" data-large-file=\"https:\/\/www.grieta.org.mx\/wp-content\/uploads\/2021\/06\/E4dFUfsX0AI7KyT-Companeras.jpg\" class=\"alignnone wp-image-59944\" src=\"http:\/\/www.grieta.org.mx\/wp-content\/uploads\/2021\/06\/E4dFUfsX0AI7KyT-Companeras.jpg\" alt=\"\" width=\"800\" height=\"684\" srcset=\"https:\/\/www.grieta.org.mx\/wp-content\/uploads\/2021\/06\/E4dFUfsX0AI7KyT-Companeras.jpg 785w, https:\/\/www.grieta.org.mx\/wp-content\/uploads\/2021\/06\/E4dFUfsX0AI7KyT-Companeras-300x256.jpg 300w, https:\/\/www.grieta.org.mx\/wp-content\/uploads\/2021\/06\/E4dFUfsX0AI7KyT-Companeras-768x656.jpg 768w\" sizes=\"auto, (max-width: 800px) 100vw, 800px\" \/><\/p>\n<p><img loading=\"lazy\" decoding=\"async\" data-attachment-id=\"59917\" data-permalink=\"https:\/\/www.grieta.org.mx\/index.php\/2021\/06\/23\/travesia-por-la-vida-indigenas-mayas-del-ezln-desembarcan-en-europa-galeria-de-videos-y-fotos\/photo_2021-06-20_13-43-32recibimiento-documentado\/\" data-orig-file=\"https:\/\/www.grieta.org.mx\/wp-content\/uploads\/2021\/06\/photo_2021-06-20_13-43-32Recibimiento-documentado.jpg\" data-orig-size=\"960,1280\" data-comments-opened=\"0\" data-image-meta=\"{&quot;aperture&quot;:&quot;0&quot;,&quot;credit&quot;:&quot;&quot;,&quot;camera&quot;:&quot;&quot;,&quot;caption&quot;:&quot;&quot;,&quot;created_timestamp&quot;:&quot;0&quot;,&quot;copyright&quot;:&quot;&quot;,&quot;focal_length&quot;:&quot;0&quot;,&quot;iso&quot;:&quot;0&quot;,&quot;shutter_speed&quot;:&quot;0&quot;,&quot;title&quot;:&quot;&quot;,&quot;orientation&quot;:&quot;0&quot;}\" data-image-title=\"photo_2021-06-20_13-43-32Recibimiento documentado\" data-image-description=\"\" data-image-caption=\"\" data-medium-file=\"https:\/\/www.grieta.org.mx\/wp-content\/uploads\/2021\/06\/photo_2021-06-20_13-43-32Recibimiento-documentado-225x300.jpg\" data-large-file=\"https:\/\/www.grieta.org.mx\/wp-content\/uploads\/2021\/06\/photo_2021-06-20_13-43-32Recibimiento-documentado-768x1024.jpg\" class=\"alignnone wp-image-59917\" src=\"http:\/\/www.grieta.org.mx\/wp-content\/uploads\/2021\/06\/photo_2021-06-20_13-43-32Recibimiento-documentado.jpg\" alt=\"\" width=\"600\" height=\"800\" srcset=\"https:\/\/www.grieta.org.mx\/wp-content\/uploads\/2021\/06\/photo_2021-06-20_13-43-32Recibimiento-documentado.jpg 960w, https:\/\/www.grieta.org.mx\/wp-content\/uploads\/2021\/06\/photo_2021-06-20_13-43-32Recibimiento-documentado-225x300.jpg 225w, https:\/\/www.grieta.org.mx\/wp-content\/uploads\/2021\/06\/photo_2021-06-20_13-43-32Recibimiento-documentado-768x1024.jpg 768w\" sizes=\"auto, (max-width: 600px) 100vw, 600px\" \/><\/p>\n<p><img loading=\"lazy\" decoding=\"async\" data-attachment-id=\"59923\" data-permalink=\"https:\/\/www.grieta.org.mx\/index.php\/2021\/06\/23\/travesia-por-la-vida-indigenas-mayas-del-ezln-desembarcan-en-europa-galeria-de-videos-y-fotos\/photo_2021-06-23_13-50-24recibimiento\/\" data-orig-file=\"https:\/\/www.grieta.org.mx\/wp-content\/uploads\/2021\/06\/photo_2021-06-23_13-50-24Recibimiento.jpg\" data-orig-size=\"1280,960\" data-comments-opened=\"0\" data-image-meta=\"{&quot;aperture&quot;:&quot;0&quot;,&quot;credit&quot;:&quot;&quot;,&quot;camera&quot;:&quot;&quot;,&quot;caption&quot;:&quot;&quot;,&quot;created_timestamp&quot;:&quot;0&quot;,&quot;copyright&quot;:&quot;&quot;,&quot;focal_length&quot;:&quot;0&quot;,&quot;iso&quot;:&quot;0&quot;,&quot;shutter_speed&quot;:&quot;0&quot;,&quot;title&quot;:&quot;&quot;,&quot;orientation&quot;:&quot;0&quot;}\" data-image-title=\"photo_2021-06-23_13-50-24Recibimiento\" data-image-description=\"\" data-image-caption=\"\" data-medium-file=\"https:\/\/www.grieta.org.mx\/wp-content\/uploads\/2021\/06\/photo_2021-06-23_13-50-24Recibimiento-300x225.jpg\" data-large-file=\"https:\/\/www.grieta.org.mx\/wp-content\/uploads\/2021\/06\/photo_2021-06-23_13-50-24Recibimiento-1024x768.jpg\" class=\"alignnone wp-image-59923\" src=\"http:\/\/www.grieta.org.mx\/wp-content\/uploads\/2021\/06\/photo_2021-06-23_13-50-24Recibimiento.jpg\" alt=\"\" width=\"800\" height=\"600\" srcset=\"https:\/\/www.grieta.org.mx\/wp-content\/uploads\/2021\/06\/photo_2021-06-23_13-50-24Recibimiento.jpg 1280w, https:\/\/www.grieta.org.mx\/wp-content\/uploads\/2021\/06\/photo_2021-06-23_13-50-24Recibimiento-300x225.jpg 300w, https:\/\/www.grieta.org.mx\/wp-content\/uploads\/2021\/06\/photo_2021-06-23_13-50-24Recibimiento-1024x768.jpg 1024w, https:\/\/www.grieta.org.mx\/wp-content\/uploads\/2021\/06\/photo_2021-06-23_13-50-24Recibimiento-768x576.jpg 768w\" sizes=\"auto, (max-width: 800px) 100vw, 800px\" \/><\/p>\n<p><img loading=\"lazy\" decoding=\"async\" data-attachment-id=\"59942\" data-permalink=\"https:\/\/www.grieta.org.mx\/index.php\/2021\/06\/23\/travesia-por-la-vida-indigenas-mayas-del-ezln-desembarcan-en-europa-galeria-de-videos-y-fotos\/e4lwkbxxeaufv96tamboreras\/\" data-orig-file=\"https:\/\/www.grieta.org.mx\/wp-content\/uploads\/2021\/06\/E4lWKBXXEAUfV96Tamboreras.jpg\" data-orig-size=\"960,540\" data-comments-opened=\"0\" data-image-meta=\"{&quot;aperture&quot;:&quot;0&quot;,&quot;credit&quot;:&quot;&quot;,&quot;camera&quot;:&quot;&quot;,&quot;caption&quot;:&quot;&quot;,&quot;created_timestamp&quot;:&quot;0&quot;,&quot;copyright&quot;:&quot;&quot;,&quot;focal_length&quot;:&quot;0&quot;,&quot;iso&quot;:&quot;0&quot;,&quot;shutter_speed&quot;:&quot;0&quot;,&quot;title&quot;:&quot;&quot;,&quot;orientation&quot;:&quot;0&quot;}\" data-image-title=\"E4lWKBXXEAUfV96Tamboreras\" data-image-description=\"\" data-image-caption=\"\" data-medium-file=\"https:\/\/www.grieta.org.mx\/wp-content\/uploads\/2021\/06\/E4lWKBXXEAUfV96Tamboreras-300x169.jpg\" data-large-file=\"https:\/\/www.grieta.org.mx\/wp-content\/uploads\/2021\/06\/E4lWKBXXEAUfV96Tamboreras.jpg\" class=\"alignnone wp-image-59942\" src=\"http:\/\/www.grieta.org.mx\/wp-content\/uploads\/2021\/06\/E4lWKBXXEAUfV96Tamboreras.jpg\" alt=\"\" width=\"800\" height=\"450\" srcset=\"https:\/\/www.grieta.org.mx\/wp-content\/uploads\/2021\/06\/E4lWKBXXEAUfV96Tamboreras.jpg 960w, https:\/\/www.grieta.org.mx\/wp-content\/uploads\/2021\/06\/E4lWKBXXEAUfV96Tamboreras-300x169.jpg 300w, https:\/\/www.grieta.org.mx\/wp-content\/uploads\/2021\/06\/E4lWKBXXEAUfV96Tamboreras-768x432.jpg 768w\" sizes=\"auto, (max-width: 800px) 100vw, 800px\" \/><\/p>\n<p><img loading=\"lazy\" decoding=\"async\" data-attachment-id=\"59941\" data-permalink=\"https:\/\/www.grieta.org.mx\/index.php\/2021\/06\/23\/travesia-por-la-vida-indigenas-mayas-del-ezln-desembarcan-en-europa-galeria-de-videos-y-fotos\/e4lwkbawyagi-cggaiteras\/\" data-orig-file=\"https:\/\/www.grieta.org.mx\/wp-content\/uploads\/2021\/06\/E4lWKBaWYAgi-cgGaiteras.jpg\" data-orig-size=\"960,540\" data-comments-opened=\"0\" data-image-meta=\"{&quot;aperture&quot;:&quot;0&quot;,&quot;credit&quot;:&quot;&quot;,&quot;camera&quot;:&quot;&quot;,&quot;caption&quot;:&quot;&quot;,&quot;created_timestamp&quot;:&quot;0&quot;,&quot;copyright&quot;:&quot;&quot;,&quot;focal_length&quot;:&quot;0&quot;,&quot;iso&quot;:&quot;0&quot;,&quot;shutter_speed&quot;:&quot;0&quot;,&quot;title&quot;:&quot;&quot;,&quot;orientation&quot;:&quot;0&quot;}\" data-image-title=\"E4lWKBaWYAgi-cgGaiteras\" data-image-description=\"\" data-image-caption=\"\" data-medium-file=\"https:\/\/www.grieta.org.mx\/wp-content\/uploads\/2021\/06\/E4lWKBaWYAgi-cgGaiteras-300x169.jpg\" data-large-file=\"https:\/\/www.grieta.org.mx\/wp-content\/uploads\/2021\/06\/E4lWKBaWYAgi-cgGaiteras.jpg\" class=\"alignnone wp-image-59941\" src=\"http:\/\/www.grieta.org.mx\/wp-content\/uploads\/2021\/06\/E4lWKBaWYAgi-cgGaiteras.jpg\" alt=\"\" width=\"800\" height=\"450\" srcset=\"https:\/\/www.grieta.org.mx\/wp-content\/uploads\/2021\/06\/E4lWKBaWYAgi-cgGaiteras.jpg 960w, https:\/\/www.grieta.org.mx\/wp-content\/uploads\/2021\/06\/E4lWKBaWYAgi-cgGaiteras-300x169.jpg 300w, https:\/\/www.grieta.org.mx\/wp-content\/uploads\/2021\/06\/E4lWKBaWYAgi-cgGaiteras-768x432.jpg 768w\" sizes=\"auto, (max-width: 800px) 100vw, 800px\" \/><\/p>\n<p><img loading=\"lazy\" decoding=\"async\" data-attachment-id=\"59924\" data-permalink=\"https:\/\/www.grieta.org.mx\/index.php\/2021\/06\/23\/travesia-por-la-vida-indigenas-mayas-del-ezln-desembarcan-en-europa-galeria-de-videos-y-fotos\/photo_2021-06-22_12-13-13en-la-playa\/\" data-orig-file=\"https:\/\/www.grieta.org.mx\/wp-content\/uploads\/2021\/06\/photo_2021-06-22_12-13-13En-la-playa.jpg\" data-orig-size=\"1280,957\" data-comments-opened=\"0\" data-image-meta=\"{&quot;aperture&quot;:&quot;0&quot;,&quot;credit&quot;:&quot;&quot;,&quot;camera&quot;:&quot;&quot;,&quot;caption&quot;:&quot;&quot;,&quot;created_timestamp&quot;:&quot;0&quot;,&quot;copyright&quot;:&quot;&quot;,&quot;focal_length&quot;:&quot;0&quot;,&quot;iso&quot;:&quot;0&quot;,&quot;shutter_speed&quot;:&quot;0&quot;,&quot;title&quot;:&quot;&quot;,&quot;orientation&quot;:&quot;0&quot;}\" data-image-title=\"photo_2021-06-22_12-13-13En la playa\" data-image-description=\"\" data-image-caption=\"\" data-medium-file=\"https:\/\/www.grieta.org.mx\/wp-content\/uploads\/2021\/06\/photo_2021-06-22_12-13-13En-la-playa-300x224.jpg\" data-large-file=\"https:\/\/www.grieta.org.mx\/wp-content\/uploads\/2021\/06\/photo_2021-06-22_12-13-13En-la-playa-1024x766.jpg\" class=\"alignnone wp-image-59924\" src=\"http:\/\/www.grieta.org.mx\/wp-content\/uploads\/2021\/06\/photo_2021-06-22_12-13-13En-la-playa.jpg\" alt=\"\" width=\"800\" height=\"598\" srcset=\"https:\/\/www.grieta.org.mx\/wp-content\/uploads\/2021\/06\/photo_2021-06-22_12-13-13En-la-playa.jpg 1280w, https:\/\/www.grieta.org.mx\/wp-content\/uploads\/2021\/06\/photo_2021-06-22_12-13-13En-la-playa-300x224.jpg 300w, https:\/\/www.grieta.org.mx\/wp-content\/uploads\/2021\/06\/photo_2021-06-22_12-13-13En-la-playa-1024x766.jpg 1024w, https:\/\/www.grieta.org.mx\/wp-content\/uploads\/2021\/06\/photo_2021-06-22_12-13-13En-la-playa-768x574.jpg 768w\" sizes=\"auto, (max-width: 800px) 100vw, 800px\" \/><\/p>\n<p><img loading=\"lazy\" decoding=\"async\" data-attachment-id=\"59926\" data-permalink=\"https:\/\/www.grieta.org.mx\/index.php\/2021\/06\/23\/travesia-por-la-vida-indigenas-mayas-del-ezln-desembarcan-en-europa-galeria-de-videos-y-fotos\/photo_2021-06-22_12-13-14recibimiento-en-la-playa-1\/\" data-orig-file=\"https:\/\/www.grieta.org.mx\/wp-content\/uploads\/2021\/06\/photo_2021-06-22_12-13-14Recibimiento-En-la-playa-1.jpg\" data-orig-size=\"1280,957\" data-comments-opened=\"0\" data-image-meta=\"{&quot;aperture&quot;:&quot;0&quot;,&quot;credit&quot;:&quot;&quot;,&quot;camera&quot;:&quot;&quot;,&quot;caption&quot;:&quot;&quot;,&quot;created_timestamp&quot;:&quot;0&quot;,&quot;copyright&quot;:&quot;&quot;,&quot;focal_length&quot;:&quot;0&quot;,&quot;iso&quot;:&quot;0&quot;,&quot;shutter_speed&quot;:&quot;0&quot;,&quot;title&quot;:&quot;&quot;,&quot;orientation&quot;:&quot;0&quot;}\" data-image-title=\"photo_2021-06-22_12-13-14Recibimiento En la playa 1\" data-image-description=\"\" data-image-caption=\"\" data-medium-file=\"https:\/\/www.grieta.org.mx\/wp-content\/uploads\/2021\/06\/photo_2021-06-22_12-13-14Recibimiento-En-la-playa-1-300x224.jpg\" data-large-file=\"https:\/\/www.grieta.org.mx\/wp-content\/uploads\/2021\/06\/photo_2021-06-22_12-13-14Recibimiento-En-la-playa-1-1024x766.jpg\" class=\"alignnone wp-image-59926\" src=\"http:\/\/www.grieta.org.mx\/wp-content\/uploads\/2021\/06\/photo_2021-06-22_12-13-14Recibimiento-En-la-playa-1.jpg\" alt=\"\" width=\"800\" height=\"598\" srcset=\"https:\/\/www.grieta.org.mx\/wp-content\/uploads\/2021\/06\/photo_2021-06-22_12-13-14Recibimiento-En-la-playa-1.jpg 1280w, https:\/\/www.grieta.org.mx\/wp-content\/uploads\/2021\/06\/photo_2021-06-22_12-13-14Recibimiento-En-la-playa-1-300x224.jpg 300w, https:\/\/www.grieta.org.mx\/wp-content\/uploads\/2021\/06\/photo_2021-06-22_12-13-14Recibimiento-En-la-playa-1-1024x766.jpg 1024w, https:\/\/www.grieta.org.mx\/wp-content\/uploads\/2021\/06\/photo_2021-06-22_12-13-14Recibimiento-En-la-playa-1-768x574.jpg 768w\" sizes=\"auto, (max-width: 800px) 100vw, 800px\" \/><\/p>\n<p><img loading=\"lazy\" decoding=\"async\" data-attachment-id=\"59927\" data-permalink=\"https:\/\/www.grieta.org.mx\/index.php\/2021\/06\/23\/travesia-por-la-vida-indigenas-mayas-del-ezln-desembarcan-en-europa-galeria-de-videos-y-fotos\/photo_2021-06-22_12-13-16-recibimiento-llegamos\/\" data-orig-file=\"https:\/\/www.grieta.org.mx\/wp-content\/uploads\/2021\/06\/photo_2021-06-22_12-13-16-Recibimiento-Llegamos.jpg\" data-orig-size=\"1280,957\" data-comments-opened=\"0\" data-image-meta=\"{&quot;aperture&quot;:&quot;0&quot;,&quot;credit&quot;:&quot;&quot;,&quot;camera&quot;:&quot;&quot;,&quot;caption&quot;:&quot;&quot;,&quot;created_timestamp&quot;:&quot;0&quot;,&quot;copyright&quot;:&quot;&quot;,&quot;focal_length&quot;:&quot;0&quot;,&quot;iso&quot;:&quot;0&quot;,&quot;shutter_speed&quot;:&quot;0&quot;,&quot;title&quot;:&quot;&quot;,&quot;orientation&quot;:&quot;0&quot;}\" data-image-title=\"photo_2021-06-22_12-13-16 Recibimiento Llegamos\" data-image-description=\"\" data-image-caption=\"\" data-medium-file=\"https:\/\/www.grieta.org.mx\/wp-content\/uploads\/2021\/06\/photo_2021-06-22_12-13-16-Recibimiento-Llegamos-300x224.jpg\" data-large-file=\"https:\/\/www.grieta.org.mx\/wp-content\/uploads\/2021\/06\/photo_2021-06-22_12-13-16-Recibimiento-Llegamos-1024x766.jpg\" class=\"alignnone wp-image-59927\" src=\"http:\/\/www.grieta.org.mx\/wp-content\/uploads\/2021\/06\/photo_2021-06-22_12-13-16-Recibimiento-Llegamos.jpg\" alt=\"\" width=\"800\" height=\"598\" srcset=\"https:\/\/www.grieta.org.mx\/wp-content\/uploads\/2021\/06\/photo_2021-06-22_12-13-16-Recibimiento-Llegamos.jpg 1280w, https:\/\/www.grieta.org.mx\/wp-content\/uploads\/2021\/06\/photo_2021-06-22_12-13-16-Recibimiento-Llegamos-300x224.jpg 300w, https:\/\/www.grieta.org.mx\/wp-content\/uploads\/2021\/06\/photo_2021-06-22_12-13-16-Recibimiento-Llegamos-1024x766.jpg 1024w, https:\/\/www.grieta.org.mx\/wp-content\/uploads\/2021\/06\/photo_2021-06-22_12-13-16-Recibimiento-Llegamos-768x574.jpg 768w\" sizes=\"auto, (max-width: 800px) 100vw, 800px\" \/><\/p>\n<p><img loading=\"lazy\" decoding=\"async\" data-attachment-id=\"59928\" data-permalink=\"https:\/\/www.grieta.org.mx\/index.php\/2021\/06\/23\/travesia-por-la-vida-indigenas-mayas-del-ezln-desembarcan-en-europa-galeria-de-videos-y-fotos\/photo_2021-06-22_12-13-17recibimiento-cuesta-arrriba\/\" data-orig-file=\"https:\/\/www.grieta.org.mx\/wp-content\/uploads\/2021\/06\/photo_2021-06-22_12-13-17Recibimiento-Cuesta-arrriba.jpg\" data-orig-size=\"1280,957\" data-comments-opened=\"0\" data-image-meta=\"{&quot;aperture&quot;:&quot;0&quot;,&quot;credit&quot;:&quot;&quot;,&quot;camera&quot;:&quot;&quot;,&quot;caption&quot;:&quot;&quot;,&quot;created_timestamp&quot;:&quot;0&quot;,&quot;copyright&quot;:&quot;&quot;,&quot;focal_length&quot;:&quot;0&quot;,&quot;iso&quot;:&quot;0&quot;,&quot;shutter_speed&quot;:&quot;0&quot;,&quot;title&quot;:&quot;&quot;,&quot;orientation&quot;:&quot;0&quot;}\" data-image-title=\"photo_2021-06-22_12-13-17Recibimiento Cuesta arrriba\" data-image-description=\"\" data-image-caption=\"\" data-medium-file=\"https:\/\/www.grieta.org.mx\/wp-content\/uploads\/2021\/06\/photo_2021-06-22_12-13-17Recibimiento-Cuesta-arrriba-300x224.jpg\" data-large-file=\"https:\/\/www.grieta.org.mx\/wp-content\/uploads\/2021\/06\/photo_2021-06-22_12-13-17Recibimiento-Cuesta-arrriba-1024x766.jpg\" class=\"alignnone wp-image-59928\" src=\"http:\/\/www.grieta.org.mx\/wp-content\/uploads\/2021\/06\/photo_2021-06-22_12-13-17Recibimiento-Cuesta-arrriba.jpg\" alt=\"\" width=\"800\" height=\"598\" srcset=\"https:\/\/www.grieta.org.mx\/wp-content\/uploads\/2021\/06\/photo_2021-06-22_12-13-17Recibimiento-Cuesta-arrriba.jpg 1280w, https:\/\/www.grieta.org.mx\/wp-content\/uploads\/2021\/06\/photo_2021-06-22_12-13-17Recibimiento-Cuesta-arrriba-300x224.jpg 300w, https:\/\/www.grieta.org.mx\/wp-content\/uploads\/2021\/06\/photo_2021-06-22_12-13-17Recibimiento-Cuesta-arrriba-1024x766.jpg 1024w, https:\/\/www.grieta.org.mx\/wp-content\/uploads\/2021\/06\/photo_2021-06-22_12-13-17Recibimiento-Cuesta-arrriba-768x574.jpg 768w\" sizes=\"auto, (max-width: 800px) 100vw, 800px\" \/><\/p>\n<p><img loading=\"lazy\" decoding=\"async\" data-attachment-id=\"59929\" data-permalink=\"https:\/\/www.grieta.org.mx\/index.php\/2021\/06\/23\/travesia-por-la-vida-indigenas-mayas-del-ezln-desembarcan-en-europa-galeria-de-videos-y-fotos\/photo_2021-06-22_13-13-06recibimiento-sentados-1\/\" data-orig-file=\"https:\/\/www.grieta.org.mx\/wp-content\/uploads\/2021\/06\/photo_2021-06-22_13-13-06Recibimiento-sentados-1.jpg\" data-orig-size=\"1280,960\" data-comments-opened=\"0\" data-image-meta=\"{&quot;aperture&quot;:&quot;0&quot;,&quot;credit&quot;:&quot;&quot;,&quot;camera&quot;:&quot;&quot;,&quot;caption&quot;:&quot;&quot;,&quot;created_timestamp&quot;:&quot;0&quot;,&quot;copyright&quot;:&quot;&quot;,&quot;focal_length&quot;:&quot;0&quot;,&quot;iso&quot;:&quot;0&quot;,&quot;shutter_speed&quot;:&quot;0&quot;,&quot;title&quot;:&quot;&quot;,&quot;orientation&quot;:&quot;0&quot;}\" data-image-title=\"photo_2021-06-22_13-13-06Recibimiento sentados 1\" data-image-description=\"\" data-image-caption=\"\" data-medium-file=\"https:\/\/www.grieta.org.mx\/wp-content\/uploads\/2021\/06\/photo_2021-06-22_13-13-06Recibimiento-sentados-1-300x225.jpg\" data-large-file=\"https:\/\/www.grieta.org.mx\/wp-content\/uploads\/2021\/06\/photo_2021-06-22_13-13-06Recibimiento-sentados-1-1024x768.jpg\" class=\"alignnone wp-image-59929\" src=\"http:\/\/www.grieta.org.mx\/wp-content\/uploads\/2021\/06\/photo_2021-06-22_13-13-06Recibimiento-sentados-1.jpg\" alt=\"\" width=\"800\" height=\"600\" srcset=\"https:\/\/www.grieta.org.mx\/wp-content\/uploads\/2021\/06\/photo_2021-06-22_13-13-06Recibimiento-sentados-1.jpg 1280w, https:\/\/www.grieta.org.mx\/wp-content\/uploads\/2021\/06\/photo_2021-06-22_13-13-06Recibimiento-sentados-1-300x225.jpg 300w, https:\/\/www.grieta.org.mx\/wp-content\/uploads\/2021\/06\/photo_2021-06-22_13-13-06Recibimiento-sentados-1-1024x768.jpg 1024w, https:\/\/www.grieta.org.mx\/wp-content\/uploads\/2021\/06\/photo_2021-06-22_13-13-06Recibimiento-sentados-1-768x576.jpg 768w\" sizes=\"auto, (max-width: 800px) 100vw, 800px\" \/><\/p>\n<p><img loading=\"lazy\" decoding=\"async\" data-attachment-id=\"59931\" data-permalink=\"https:\/\/www.grieta.org.mx\/index.php\/2021\/06\/23\/travesia-por-la-vida-indigenas-mayas-del-ezln-desembarcan-en-europa-galeria-de-videos-y-fotos\/photo_2021-06-23_13-57-25recibimiento-acolgiemos-vos-com\/\" data-orig-file=\"https:\/\/www.grieta.org.mx\/wp-content\/uploads\/2021\/06\/photo_2021-06-23_13-57-25Recibimiento-Acolgiemos-vos-com.jpg\" data-orig-size=\"1280,957\" data-comments-opened=\"0\" data-image-meta=\"{&quot;aperture&quot;:&quot;0&quot;,&quot;credit&quot;:&quot;&quot;,&quot;camera&quot;:&quot;&quot;,&quot;caption&quot;:&quot;&quot;,&quot;created_timestamp&quot;:&quot;0&quot;,&quot;copyright&quot;:&quot;&quot;,&quot;focal_length&quot;:&quot;0&quot;,&quot;iso&quot;:&quot;0&quot;,&quot;shutter_speed&quot;:&quot;0&quot;,&quot;title&quot;:&quot;&quot;,&quot;orientation&quot;:&quot;0&quot;}\" data-image-title=\"photo_2021-06-23_13-57-25Recibimiento Acolgiemos vos com\" data-image-description=\"\" data-image-caption=\"\" data-medium-file=\"https:\/\/www.grieta.org.mx\/wp-content\/uploads\/2021\/06\/photo_2021-06-23_13-57-25Recibimiento-Acolgiemos-vos-com-300x224.jpg\" data-large-file=\"https:\/\/www.grieta.org.mx\/wp-content\/uploads\/2021\/06\/photo_2021-06-23_13-57-25Recibimiento-Acolgiemos-vos-com-1024x766.jpg\" class=\"alignnone wp-image-59931\" src=\"http:\/\/www.grieta.org.mx\/wp-content\/uploads\/2021\/06\/photo_2021-06-23_13-57-25Recibimiento-Acolgiemos-vos-com.jpg\" alt=\"\" width=\"800\" height=\"598\" srcset=\"https:\/\/www.grieta.org.mx\/wp-content\/uploads\/2021\/06\/photo_2021-06-23_13-57-25Recibimiento-Acolgiemos-vos-com.jpg 1280w, https:\/\/www.grieta.org.mx\/wp-content\/uploads\/2021\/06\/photo_2021-06-23_13-57-25Recibimiento-Acolgiemos-vos-com-300x224.jpg 300w, https:\/\/www.grieta.org.mx\/wp-content\/uploads\/2021\/06\/photo_2021-06-23_13-57-25Recibimiento-Acolgiemos-vos-com-1024x766.jpg 1024w, https:\/\/www.grieta.org.mx\/wp-content\/uploads\/2021\/06\/photo_2021-06-23_13-57-25Recibimiento-Acolgiemos-vos-com-768x574.jpg 768w\" sizes=\"auto, (max-width: 800px) 100vw, 800px\" \/> &#8220;Los recibimos con satisfacci\u00f3n\/ Zapatistas\/ No est\u00e1n solos&#8221;.<\/p>\n<blockquote class=\"twitter-tweet\">\n<p dir=\"ltr\" lang=\"es\">Arribo de la delegaci\u00f3n mar\u00edtima zapatista del <a href=\"https:\/\/twitter.com\/hashtag\/Escuadr%C3%B3n421?src=hash&amp;ref_src=twsrc%5Etfw\">#Escuadr\u00f3n421<\/a> a las costas de Galicia y recibimiento en Puerto Vigo a la <a href=\"https:\/\/twitter.com\/hashtag\/Traves%C3%ADaPorLaVida?src=hash&amp;ref_src=twsrc%5Etfw\">#Traves\u00edaPorLaVida<\/a>, que realizar\u00e1 encuentros con colectivos en m\u00e1s de 30 pa\u00edses europeos.<a href=\"https:\/\/twitter.com\/hashtag\/Video?src=hash&amp;ref_src=twsrc%5Etfw\">#Video<\/a>: La Casa de los Abuelos Producciones<a href=\"https:\/\/t.co\/HnQyGdYtRR\">https:\/\/t.co\/HnQyGdYtRR<\/a> <a href=\"https:\/\/t.co\/Od3eJoAyCu\">pic.twitter.com\/Od3eJoAyCu<\/a><\/p>\n<p>\u2014 Desinform\u00e9monos (@Desinformemonos) <a href=\"https:\/\/twitter.com\/Desinformemonos\/status\/1407858510138904582?ref_src=twsrc%5Etfw\">June 24, 2021<\/a><\/p><\/blockquote>\n<p><script async src=\"https:\/\/platform.twitter.com\/widgets.js\" charset=\"utf-8\"><\/script><\/p>\n<blockquote class=\"twitter-tweet\">\n<p dir=\"ltr\" lang=\"en\">Squadron 421 of the Zapatista Army of National Liberation (EZLN) disembarked in continental Europe after a 52-day boat trip from Mexico, to show Europe that &#8220;another world is possible,&#8221; as the Zapatista motto goes. <a href=\"https:\/\/t.co\/prdHi99jBP\">pic.twitter.com\/prdHi99jBP<\/a><\/p>\n<p>\u2014 redfish (@redfishstream) <a href=\"https:\/\/twitter.com\/redfishstream\/status\/1407724086269206534?ref_src=twsrc%5Etfw\">June 23, 2021<\/a><\/p><\/blockquote>\n<p><script async src=\"https:\/\/platform.twitter.com\/widgets.js\" charset=\"utf-8\"><\/script><\/p>\n","protected":false},"excerpt":{"rendered":"<p>COLECTIVO GRIETA\/ con informaci\u00f3n, fotos y videos de la COORDINACI\u00d3N EUROPEA PARA El &#8220;Viaje por la vida&#8221; y COLECTIVOS DE LA OTRA EUROPA ayer rebautizada SLUMIL K\u00b4AJXEMK\u00b4OP (\u201cTierra Insumisa\u201d, \u201cTierra &hellip; <a href=\"https:\/\/www.grieta.org.mx\/index.php\/2021\/06\/23\/travesia-por-la-vida-indigenas-mayas-del-ezln-desembarcan-en-europa-galeria-de-videos-y-fotos\/\" class=\"more-link\">Leer m\u00e1s<\/a><\/p>\n","protected":false},"author":2,"featured_media":59940,"comment_status":"closed","ping_status":"closed","sticky":false,"template":"","format":"standard","meta":{"ngg_post_thumbnail":0,"_jetpack_newsletter_access":"","_jetpack_dont_email_post_to_subs":false,"_jetpack_newsletter_tier_id":0,"_jetpack_memberships_contains_paywalled_content":false,"_jetpack_memberships_contains_paid_content":false,"footnotes":""},"categories":[80,1775,2,2661,3916],"tags":[3933,3934,466,3935,3917,3949],"class_list":["post-59916","post","type-post","status-publish","format-standard","has-post-thumbnail","hentry","category-cintillo","category-colectivo-grieta","category-noticias-nacionales","category-redes-de-resistencia-y-rebeldia","category-travesia-por-la-vida","tag-desembarco","tag-europa","tag-ezln","tag-galicia","tag-travesia-por-la-vida","tag-vigo","entry"],"jetpack_featured_media_url":"https:\/\/www.grieta.org.mx\/wp-content\/uploads\/2021\/06\/photo_2021-05-19_23-45-27.jpg","jetpack_sharing_enabled":true,"jetpack_shortlink":"https:\/\/wp.me\/p7ZJR4-fAo","jetpack_likes_enabled":false,"jetpack-related-posts":[{"id":59140,"url":"https:\/\/www.grieta.org.mx\/index.php\/2021\/05\/03\/saludan-en-la-ciudad-de-mexico-el-inicio-de-la-travesia-maritima-zapatista-a-europa\/","url_meta":{"origin":59916,"position":0},"title":"Saludan en la Ciudad de M\u00e9xico el inicio de la traves\u00eda mar\u00edtima zapatista a Europa","author":"grieta","date":"3 mayo, 2021","format":false,"excerpt":"COLECTIVO GRIETA, Ciudad de M\u00e9xico, 2 de mayo.- Para hacer p\u00fablica su adhesi\u00f3n a la reciente iniciativa del Ej\u00e9rcito Zapatista de Liberaci\u00f3n Nacional (EZLN), \"Zapatistas. Una traves\u00eda por la vida\", y desearles buen viaje a los siete ind\u00edgenas mayas (tzotziles, tzeltales, choles y tojolabales) \u00a0integrantes del Escuadr\u00f3n 421 \u00a0que hoy\u2026","rel":"","context":"En &quot;CINTILLO&quot;","block_context":{"text":"CINTILLO","link":"https:\/\/www.grieta.org.mx\/index.php\/category\/cintillo\/"},"img":{"alt_text":"","src":"https:\/\/i0.wp.com\/www.grieta.org.mx\/wp-content\/uploads\/2021\/05\/Screenshot_2021-05-03-Saludan-en-la-Ciudad-de-Mexico-el-inicio-de-la-travesia-maritima-zapatista-a-Europa.png?resize=350%2C200&ssl=1","width":350,"height":200,"srcset":"https:\/\/i0.wp.com\/www.grieta.org.mx\/wp-content\/uploads\/2021\/05\/Screenshot_2021-05-03-Saludan-en-la-Ciudad-de-Mexico-el-inicio-de-la-travesia-maritima-zapatista-a-Europa.png?resize=350%2C200&ssl=1 1x, https:\/\/i0.wp.com\/www.grieta.org.mx\/wp-content\/uploads\/2021\/05\/Screenshot_2021-05-03-Saludan-en-la-Ciudad-de-Mexico-el-inicio-de-la-travesia-maritima-zapatista-a-Europa.png?resize=525%2C300&ssl=1 1.5x, https:\/\/i0.wp.com\/www.grieta.org.mx\/wp-content\/uploads\/2021\/05\/Screenshot_2021-05-03-Saludan-en-la-Ciudad-de-Mexico-el-inicio-de-la-travesia-maritima-zapatista-a-Europa.png?resize=700%2C400&ssl=1 2x"},"classes":[]},{"id":60944,"url":"https:\/\/www.grieta.org.mx\/index.php\/2021\/08\/10\/en-euskal-herria-pais-vasco-organizan-distintas-actividades-para-recibir-a-la-delegacion-del-ezln-videos-y-fotos\/","url_meta":{"origin":59916,"position":1},"title":"En Euskal Herria (Pa\u00eds Vasco) organizan distintas actividades para recibir a la delegaci\u00f3n del EZLN (VIDEOS Y FOTOS)","author":"grieta","date":"10 agosto, 2021","format":false,"excerpt":"VIDEO: BIRA ZAPATISTA COLECTIVO GRIETA Como en muchos otros rincones de la Europa insumisa, este fin de semana se realizaron distintas acciones en Euskal Herria (Pa\u00eds Vasco, Estado espa\u00f1ol), para mostrar el apoyo a la \"Traves\u00eda por la vida\" del Ej\u00e9rcito Zapatista de Liberaci\u00f3n Nacional (EZLN) y exigir una vez\u2026","rel":"","context":"En &quot;CINTILLO&quot;","block_context":{"text":"CINTILLO","link":"https:\/\/www.grieta.org.mx\/index.php\/category\/cintillo\/"},"img":{"alt_text":"","src":"https:\/\/i0.wp.com\/www.grieta.org.mx\/wp-content\/uploads\/2021\/08\/Mesa-Donostiphoto_2021-08-09_08-58-13.jpg?resize=350%2C200&ssl=1","width":350,"height":200,"srcset":"https:\/\/i0.wp.com\/www.grieta.org.mx\/wp-content\/uploads\/2021\/08\/Mesa-Donostiphoto_2021-08-09_08-58-13.jpg?resize=350%2C200&ssl=1 1x, https:\/\/i0.wp.com\/www.grieta.org.mx\/wp-content\/uploads\/2021\/08\/Mesa-Donostiphoto_2021-08-09_08-58-13.jpg?resize=525%2C300&ssl=1 1.5x, https:\/\/i0.wp.com\/www.grieta.org.mx\/wp-content\/uploads\/2021\/08\/Mesa-Donostiphoto_2021-08-09_08-58-13.jpg?resize=700%2C400&ssl=1 2x, https:\/\/i0.wp.com\/www.grieta.org.mx\/wp-content\/uploads\/2021\/08\/Mesa-Donostiphoto_2021-08-09_08-58-13.jpg?resize=1050%2C600&ssl=1 3x"},"classes":[]},{"id":59433,"url":"https:\/\/www.grieta.org.mx\/index.php\/2021\/05\/22\/preparativos-en-la-otra-europa-para-recibir-a-la-travesia-zapatista-por-la-vida-videos-y-fotos\/","url_meta":{"origin":59916,"position":2},"title":"Preparativos en la Otra Europa para recibir a la &#8220;Traves\u00eda zapatista por la vida&#8221; (VIDEOS y FOTOS)","author":"grieta","date":"22 mayo, 2021","format":false,"excerpt":"Los pasados 15 y 16 de mayo, distintos colectivos y organizaciones europeas de abajo y a la izquierda realizaron actividades en preparaci\u00f3n de la llegada de parte de la delegaci\u00f3n del Ej\u00e9rcito Zapatista de Liberaci\u00f3n Nacional (EZLN) que navega hacia el Viejo Continente.\u00a0 Se comparten las im\u00e1genes de algunas de\u2026","rel":"","context":"En &quot;CINTILLO&quot;","block_context":{"text":"CINTILLO","link":"https:\/\/www.grieta.org.mx\/index.php\/category\/cintillo\/"},"img":{"alt_text":"","src":"https:\/\/i0.wp.com\/www.grieta.org.mx\/wp-content\/uploads\/2021\/05\/photo_2021-05-19_23-45-27.jpg?resize=350%2C200&ssl=1","width":350,"height":200,"srcset":"https:\/\/i0.wp.com\/www.grieta.org.mx\/wp-content\/uploads\/2021\/05\/photo_2021-05-19_23-45-27.jpg?resize=350%2C200&ssl=1 1x, https:\/\/i0.wp.com\/www.grieta.org.mx\/wp-content\/uploads\/2021\/05\/photo_2021-05-19_23-45-27.jpg?resize=525%2C300&ssl=1 1.5x, https:\/\/i0.wp.com\/www.grieta.org.mx\/wp-content\/uploads\/2021\/05\/photo_2021-05-19_23-45-27.jpg?resize=700%2C400&ssl=1 2x, https:\/\/i0.wp.com\/www.grieta.org.mx\/wp-content\/uploads\/2021\/05\/photo_2021-05-19_23-45-27.jpg?resize=1050%2C600&ssl=1 3x"},"classes":[]},{"id":61465,"url":"https:\/\/www.grieta.org.mx\/index.php\/2021\/08\/22\/apenas-500-anos-despues-escuadron-maritimo-zapatista-en-voz-de-lupita-5-7\/","url_meta":{"origin":59916,"position":3},"title":"Apenas 500 a\u00f1os despu\u00e9s | Escuadr\u00f3n Mar\u00edtimo Zapatista \/ En voz de Lupita (5\/7)","author":"grieta","date":"22 agosto, 2021","format":false,"excerpt":"Por Medios Libres o como se llamen Publicado en Camino al Andar 22 de agosto de 2021. Escuchamos las palabras del movimiento zapatista, el 13 de agosto pasado en Madrid, luego de una marcha hist\u00f3rica en las calles de la capital espa\u00f1ola, dos semanas despu\u00e9s del Encuentro de mujeres, personas\u2026","rel":"","context":"En &quot;NOTICIAS NACIONALES&quot;","block_context":{"text":"NOTICIAS NACIONALES","link":"https:\/\/www.grieta.org.mx\/index.php\/category\/noticias-nacionales\/"},"img":{"alt_text":"","src":"","width":0,"height":0},"classes":[]},{"id":60772,"url":"https:\/\/www.grieta.org.mx\/index.php\/2021\/07\/26\/de-la-comuna-de-paris-a-los-zapatistas-video\/","url_meta":{"origin":59916,"position":4},"title":"De la Comuna de Par\u00eds a los zapatistas (VIDEO)","author":"grieta","date":"26 julio, 2021","format":false,"excerpt":"VIDEO:\u00a0TOKAPU FILMS FOTOS: ESPECIALES REDACCI\u00d3N: COLECTIVO GRIETA El pasado 29 de mayo miles de manifestantes rindieron homenaje a la Comuna de Par\u00eds, sublevaci\u00f3n popular que este a\u00f1o cumple 150 a\u00f1os. En el recorrido de la Plaza de la Rep\u00fablica al Muro de los Federados, ubicado en el parisino cementerio P\u00e8re\u2026","rel":"","context":"En &quot;CINTILLO&quot;","block_context":{"text":"CINTILLO","link":"https:\/\/www.grieta.org.mx\/index.php\/category\/cintillo\/"},"img":{"alt_text":"","src":"https:\/\/i0.wp.com\/www.grieta.org.mx\/wp-content\/uploads\/2021\/07\/Muro-de-los-Federados-3.jpg?resize=350%2C200&ssl=1","width":350,"height":200,"srcset":"https:\/\/i0.wp.com\/www.grieta.org.mx\/wp-content\/uploads\/2021\/07\/Muro-de-los-Federados-3.jpg?resize=350%2C200&ssl=1 1x, https:\/\/i0.wp.com\/www.grieta.org.mx\/wp-content\/uploads\/2021\/07\/Muro-de-los-Federados-3.jpg?resize=525%2C300&ssl=1 1.5x, https:\/\/i0.wp.com\/www.grieta.org.mx\/wp-content\/uploads\/2021\/07\/Muro-de-los-Federados-3.jpg?resize=700%2C400&ssl=1 2x, https:\/\/i0.wp.com\/www.grieta.org.mx\/wp-content\/uploads\/2021\/07\/Muro-de-los-Federados-3.jpg?resize=1050%2C600&ssl=1 3x"},"classes":[]},{"id":61740,"url":"https:\/\/www.grieta.org.mx\/index.php\/2021\/09\/17\/inician-protestas-en-europa-para-exigir-la-presentacion-con-vida-de-zapatistas-secuestrados-en-chiapas\/","url_meta":{"origin":59916,"position":5},"title":"Inician protestas en Europa para exigir la presentaci\u00f3n con vida de zapatistas secuestrados en Chiapas","author":"grieta","date":"17 septiembre, 2021","format":false,"excerpt":"POZOL COLECTIVO FOTOS: Compas Arriba y Colectivo de Acci\u00f3n Solidaria 17 de septiembre. Bases de Apoyo del EZLN en Viena se unieron a protesta europea ante la embajada de M\u00e9xico en Austria para exigir la reaparici\u00f3n con vida de dos compa\u00f1eros del Caracol 10 secuestrados por la ORCAO cerca de\u2026","rel":"","context":"En &quot;Alto a la Guerra contra los pueblos zapatistas&quot;","block_context":{"text":"Alto a la Guerra contra los pueblos zapatistas","link":"https:\/\/www.grieta.org.mx\/index.php\/category\/redes-de-resistencia-y-rebeldia\/contra-la-guerra-al-ezln\/"},"img":{"alt_text":"","src":"https:\/\/i0.wp.com\/www.grieta.org.mx\/wp-content\/uploads\/2021\/09\/inbound827260503439738100-660x330-1.jpg?resize=350%2C200&ssl=1","width":350,"height":200,"srcset":"https:\/\/i0.wp.com\/www.grieta.org.mx\/wp-content\/uploads\/2021\/09\/inbound827260503439738100-660x330-1.jpg?resize=350%2C200&ssl=1 1x, https:\/\/i0.wp.com\/www.grieta.org.mx\/wp-content\/uploads\/2021\/09\/inbound827260503439738100-660x330-1.jpg?resize=525%2C300&ssl=1 1.5x"},"classes":[]}],"_links":{"self":[{"href":"https:\/\/www.grieta.org.mx\/index.php\/wp-json\/wp\/v2\/posts\/59916","targetHints":{"allow":["GET"]}}],"collection":[{"href":"https:\/\/www.grieta.org.mx\/index.php\/wp-json\/wp\/v2\/posts"}],"about":[{"href":"https:\/\/www.grieta.org.mx\/index.php\/wp-json\/wp\/v2\/types\/post"}],"author":[{"embeddable":true,"href":"https:\/\/www.grieta.org.mx\/index.php\/wp-json\/wp\/v2\/users\/2"}],"replies":[{"embeddable":true,"href":"https:\/\/www.grieta.org.mx\/index.php\/wp-json\/wp\/v2\/comments?post=59916"}],"version-history":[{"count":1,"href":"https:\/\/www.grieta.org.mx\/index.php\/wp-json\/wp\/v2\/posts\/59916\/revisions"}],"predecessor-version":[{"id":60311,"href":"https:\/\/www.grieta.org.mx\/index.php\/wp-json\/wp\/v2\/posts\/59916\/revisions\/60311"}],"wp:featuredmedia":[{"embeddable":true,"href":"https:\/\/www.grieta.org.mx\/index.php\/wp-json\/wp\/v2\/media\/59940"}],"wp:attachment":[{"href":"https:\/\/www.grieta.org.mx\/index.php\/wp-json\/wp\/v2\/media?parent=59916"}],"wp:term":[{"taxonomy":"category","embeddable":true,"href":"https:\/\/www.grieta.org.mx\/index.php\/wp-json\/wp\/v2\/categories?post=59916"},{"taxonomy":"post_tag","embeddable":true,"href":"https:\/\/www.grieta.org.mx\/index.php\/wp-json\/wp\/v2\/tags?post=59916"}],"curies":[{"name":"wp","href":"https:\/\/api.w.org\/{rel}","templated":true}]}}