{"id":59913,"date":"2021-06-23T13:23:50","date_gmt":"2021-06-23T18:23:50","guid":{"rendered":"http:\/\/www.grieta.org.mx\/?p=59913"},"modified":"2021-06-23T13:24:42","modified_gmt":"2021-06-23T18:24:42","slug":"la-verdadera-historia-del-socavon-puebla","status":"publish","type":"post","link":"https:\/\/www.grieta.org.mx\/index.php\/2021\/06\/23\/la-verdadera-historia-del-socavon-puebla\/","title":{"rendered":"La verdadera historia del Socav\u00f3n (Puebla)"},"content":{"rendered":"<p><strong>La historia del socav\u00f3n en Juan C. Bonilla es la de la extracci\u00f3n masiva de agua en pueblos nahuas de la regi\u00f3n cholulteca, Puebla. Ah\u00ed, las defensoras de la tierra impiden un desastre mayor con un plant\u00f3n que cerr\u00f3 la empresa Bonafont.<\/strong><\/p>\n<p>Daliri Oropeza \/ Pie de p\u00e1gina<\/p>\n<p>Una mujer nahua, de esas que hacen mole muy rico y tortillas de ma\u00edz azul, de esas que se organizaron y frenaron un drenaje industrial en el r\u00edo Metlapanapa en mandil, qued\u00f3 sin agua en su pozo artesanal. Es raro porque no es tiempo de sequ\u00eda, es febrero del 2021.<\/p>\n<p>Sentir desesperaci\u00f3n de que el agua se hab\u00eda agotado la hizo platicar con m\u00e1s mujeres, sus vecinas, parientas y amigas defensoras de la tierra. Todas coincidieron: el agua es insuficiente y ya es muy notorio que las familias ya no sacan agua de sus pozos artesanales. Encendieron las alertas. <\/p>\n<p>Antes sacaban hasta un tinaco de mil litros, pero a inicios de este a\u00f1o con trabajos sacaban de sus pozos artesanales una cubeta de 10 litros. Los ameyales donde siempre hab\u00eda agua se secaron, dej\u00f3 de correr el r\u00edo Metlapanapa y hasta los \u00e1rboles comenzaron a marchitarse.<\/p>\n<p>Habitantes de pueblos nahuas de toda la regi\u00f3n cholulteca comenzaron a organizarse ante la sequ\u00eda: Almoloya, Tlautla, Colonia Jos\u00e9 \u00c1ngeles, Ometoxtla, Zacatepec, Cuanal\u00e1, Nextetelco, Coronango, Tepalcatepec, Cuachayotla, Cuapan, Xoxtla. El 22 de marzo, d\u00eda del agua, pusieron un plant\u00f3n en la entrada de la empresa hasta que sigue hasta ahora, aunque ya lograron el cierre de la empresa.<\/p>\n<p>Fue notorio que a tres d\u00edas del cierre de la empresa, los pozos artesanales ya ten\u00edan agua de nuevo. M\u00e1s mujeres y pobladores de estos pueblos nahuas, que nunca hab\u00edan participado en la lucha por la tierra, se sumaron al plant\u00f3n en la empresa Bonafont. <\/p>\n<p>Este martes cumplieron tres meses de impedir que extraigan millones de litros de agua al d\u00eda. Porque las habitantes narran que la planta de agua no paraba la extracci\u00f3n y el relleno de miles de garrafones que sal\u00edan de ah\u00ed d\u00eda y noche.<\/p>\n<p>Algo que no es casualidad que haya sucedido despu\u00e9s del cierre es el ya famoso \u201csocav\u00f3n\u201d (del cual hacen chistes y cumbias). Ge\u00f3logos calculan que tiene el tama\u00f1o del Z\u00f3calo de Puebla junto con su catedral. Ah\u00ed sol\u00eda ser un cuerpo de agua. Un jag\u00fcey o peque\u00f1os lagos entre la tierra donde las familias sol\u00edan llevar a sus animales a beber agua. <\/p>\n<p>Este peque\u00f1o lago, que ahora es socav\u00f3n, se encuentra en el acu\u00edfero de Puebla, entre tres grandes cuerpos monta\u00f1osos: La Sierra del Tentzon, los volcanes Popocatepetl-Iztac\u00edhuatl y el monte Matlalcueyetl o Malintzin. Justo enmedio est\u00e1 esta regi\u00f3n Cholulteca, que por abajo forma un cajete o gran contenedor de agua.<\/p>\n<p>Y eso es lo que hab\u00eda antes de ser un socav\u00f3n: agua. Pero en esta regi\u00f3n, en menos de 60 a\u00f1os, se instalaron m\u00e1s de 150 industrias, como el Corredor industrial Quetzalc\u00f3atl, Ciudad Textil, embotelladoras Bonafont,  Nestle, Big Cola, Pe\u00f1afiel, Petroqu\u00edmica de Pemex, Hylsa ahora en fusi\u00f3n con Ternium, Mercatus, Persforza, Granja Tepoyanes, la automotriz VolksWagen, entre otras. En suma, a 200 metros est\u00e1 el gigantesco tubo del gasoducto del Proyecto Integral Morelos.<\/p>\n<p>\u201cCon el gasoducto vimos c\u00f3mo enterraban ese tama\u00f1o de tubos, y las maquinas cu\u00e1nto abrieron para ese di\u00e1metro. Y est\u00e1 cerca del socav\u00f3n, no descartamos que eso tambi\u00e9n provoc\u00f3 grietas\u201d, dice la mujer nahua, guardiana del r\u00edo Metlapanapa. <\/p>\n<p>El nivel de extracci\u00f3n rebas\u00f3 la profundidad del acu\u00edfero. Los pueblos unidos por el agua, que adem\u00e1s se hicieron llamar \u201cZapatistas del agua\u201d, aseguran que no hay modo de saber cu\u00e1ntos litros se extraen de agua en cada municipio involucrado. Adem\u00e1s, que se est\u00e1n perdiendo las especies propias de sus pueblos, como los peces, acodilles o cangrejos, que de manera sorprendente crec\u00edan aqu\u00ed, y ya no los ven. <\/p>\n<p>Ese d\u00eda que se form\u00f3 el socav\u00f3n, \u201cvecinos escucharon un trueno. Desde d\u00edas antes percib\u00edan un olor como a un qu\u00edmico. Ese d\u00eda vieron que la tierra ten\u00eda grietas, antes del socav\u00f3n. Luego empez\u00f3 el orificio a crecer y a crecer. Ahorita ya no s puede acercar uno. Se ve\u00eda como el mar, hasta ruido se escuchaba\u201d, asegura esta mujer nahua. <\/p>\n<p>Hasta el momento no hay estudios oficiales de lo que sucede, solo una visita del gobernador, y despu\u00e9s un anuncio de que lo volver\u00eda en un lugar tur\u00edstico. (S\u00ed, ah\u00ed donde dicen que est\u00e1n viviendo un \u201cinfierno ambiental\u201d o un \u201cproblema ambiental innegable\u201d ). Pero los zapatistas del agua, pobladores nahuas de la regi\u00f3n cholulteca, han dado a conocer sus entrevistas con ge\u00f3logos, bi\u00f3logos e investigadores que se han acercado. Tienen la intuici\u00f3n y por eso en su conferencia de prensa denuncian el saqueo y despojo masivo del agua.<\/p>\n<p><a href=\"https:\/\/piedepagina.mx\/la-verdadera-historia-del-socavon\/?fbclid=IwAR17hm2k1QZEVYxEi88p9F9iphUCYTYrokhxBbh1RoJKUTMgTdYC5o-_Ylg\">https:\/\/piedepagina.mx\/la-verdadera-historia-del-socavon\/?fbclid=IwAR17hm2k1QZEVYxEi88p9F9iphUCYTYrokhxBbh1RoJKUTMgTdYC5o-_Ylg<\/a><\/p>\n","protected":false},"excerpt":{"rendered":"<p>La historia del socav\u00f3n en Juan C. Bonilla es la de la extracci\u00f3n masiva de agua en pueblos nahuas de la regi\u00f3n cholulteca, Puebla. Ah\u00ed, las defensoras de la tierra &hellip; <a href=\"https:\/\/www.grieta.org.mx\/index.php\/2021\/06\/23\/la-verdadera-historia-del-socavon-puebla\/\" class=\"more-link\">Leer m\u00e1s<\/a><\/p>\n","protected":false},"author":1,"featured_media":59914,"comment_status":"closed","ping_status":"closed","sticky":false,"template":"","format":"standard","meta":{"ngg_post_thumbnail":0,"_jetpack_newsletter_access":"","_jetpack_dont_email_post_to_subs":false,"_jetpack_newsletter_tier_id":0,"_jetpack_memberships_contains_paywalled_content":false,"_jetpack_memberships_contains_paid_content":false,"footnotes":""},"categories":[914,2703,1278,1253,26,1249,83],"tags":[2403,1689,2160,1065,510],"class_list":["post-59913","post","type-post","status-publish","format-standard","has-post-thumbnail","hentry","category-privatizacion-del-agua","category-defensa-de-los-recursos-naturales-en-puebla","category-despojo-de-tierras-y-territorios","category-privatizacion-del-agua-y-el-drenaje-en-puebla","category-puebla","category-rechazo-al-proyecto-interal-morelos-en-puebla","category-temas-nacionales","tag-crisis-del-agua","tag-danos-ambientales","tag-desastre-ambiental","tag-despojo-de-agua-y-tierras","tag-proyecto-integral-morelos","entry"],"jetpack_featured_media_url":"https:\/\/www.grieta.org.mx\/wp-content\/uploads\/2021\/06\/microfilme-socavon-pueblos-nahuas-cholultecas.jpg","jetpack_sharing_enabled":true,"jetpack_shortlink":"https:\/\/wp.me\/p7ZJR4-fAl","jetpack_likes_enabled":false,"jetpack-related-posts":[{"id":59910,"url":"https:\/\/www.grieta.org.mx\/index.php\/2021\/06\/16\/mal-uso-de-mantos-freaticos-originaron-el-socavon-de-puebla-especialista\/","url_meta":{"origin":59913,"position":0},"title":"Mal uso de mantos fre\u00e1ticos originaron el socav\u00f3n de Puebla: especialista","author":"Admin","date":"16 junio, 2021","format":false,"excerpt":"Mayra Flores | El Sol de Puebla La extracci\u00f3n excesiva de agua en la zona de las Cholulas es la causa m\u00e1s l\u00f3gica del socav\u00f3n que se form\u00f3 en Santa Mar\u00eda Zacatepec, opin\u00f3 Guillermo Garc\u00eda Hern\u00e1ndez, quien obtuvo el Premio Nacional de Protecci\u00f3n Civil en 2008. Explic\u00f3 que el mal\u2026","rel":"","context":"En &quot;Defensa de los recursos naturales en Puebla&quot;","block_context":{"text":"Defensa de los recursos naturales en Puebla","link":"https:\/\/www.grieta.org.mx\/index.php\/category\/noticias-nacionales\/puebla\/defensa-de-los-recursos-naturales-en-puebla\/"},"img":{"alt_text":"","src":"https:\/\/i0.wp.com\/www.grieta.org.mx\/wp-content\/uploads\/2021\/06\/SOCAVON-CAE-CASA-2.jpg?resize=350%2C200&ssl=1","width":350,"height":200,"srcset":"https:\/\/i0.wp.com\/www.grieta.org.mx\/wp-content\/uploads\/2021\/06\/SOCAVON-CAE-CASA-2.jpg?resize=350%2C200&ssl=1 1x, https:\/\/i0.wp.com\/www.grieta.org.mx\/wp-content\/uploads\/2021\/06\/SOCAVON-CAE-CASA-2.jpg?resize=525%2C300&ssl=1 1.5x, https:\/\/i0.wp.com\/www.grieta.org.mx\/wp-content\/uploads\/2021\/06\/SOCAVON-CAE-CASA-2.jpg?resize=700%2C400&ssl=1 2x"},"classes":[]},{"id":39690,"url":"https:\/\/www.grieta.org.mx\/index.php\/2019\/09\/28\/pobladores-denuncian-obras-para-industrializar-tierras-cercanas-al-volcan-popocatepetl-puebla\/","url_meta":{"origin":59913,"position":1},"title":"Pobladores denuncian obras para industrializar tierras cercanas al volc\u00e1n Popocat\u00e9petl (Puebla)","author":"Admin","date":"28 septiembre, 2019","format":false,"excerpt":"Gabriela Hern\u00e1ndez \/ Proceso PUEBLA, Pue. (apro).- El Frente de Pueblos Morelos-Puebla-Tlaxcala (FPMPT) denunci\u00f3 que, con el respaldo de polic\u00edas estatales, federales y de la Guardia Nacional, este viernes se reiniciaron las obras para descargar desechos al r\u00edo Metlapanapa, con lo que se busca extender el corredor industrial de Huejotzingo\u2026","rel":"","context":"En &quot;CINTILLO&quot;","block_context":{"text":"CINTILLO","link":"https:\/\/www.grieta.org.mx\/index.php\/category\/cintillo\/"},"img":{"alt_text":"","src":"https:\/\/i0.wp.com\/www.grieta.org.mx\/wp-content\/uploads\/2019\/09\/https-_cdn.proceso.com_.mx_media_2019_09_Puebla-ok.jpg?resize=350%2C200&ssl=1","width":350,"height":200,"srcset":"https:\/\/i0.wp.com\/www.grieta.org.mx\/wp-content\/uploads\/2019\/09\/https-_cdn.proceso.com_.mx_media_2019_09_Puebla-ok.jpg?resize=350%2C200&ssl=1 1x, https:\/\/i0.wp.com\/www.grieta.org.mx\/wp-content\/uploads\/2019\/09\/https-_cdn.proceso.com_.mx_media_2019_09_Puebla-ok.jpg?resize=525%2C300&ssl=1 1.5x, https:\/\/i0.wp.com\/www.grieta.org.mx\/wp-content\/uploads\/2019\/09\/https-_cdn.proceso.com_.mx_media_2019_09_Puebla-ok.jpg?resize=700%2C400&ssl=1 2x, https:\/\/i0.wp.com\/www.grieta.org.mx\/wp-content\/uploads\/2019\/09\/https-_cdn.proceso.com_.mx_media_2019_09_Puebla-ok.jpg?resize=1050%2C600&ssl=1 3x"},"classes":[]},{"id":69989,"url":"https:\/\/www.grieta.org.mx\/index.php\/2023\/11\/20\/puebla-cuando-el-campo-se-planta-frente-al-despojo-de-tierra-y-agua\/","url_meta":{"origin":59913,"position":2},"title":"Puebla: Cuando el campo se planta frente al despojo de tierra y agua","author":"Admin","date":"20 noviembre, 2023","format":false,"excerpt":"Por Periodismo de lo posible \/ Radio Cholollan Desde hace d\u00e9cadas la comunidad nahua de Tlaxcalancingo, en Puebla, enfrenta diferentes batallas para resguardar la vida comunitaria, las tierras y el agua. La resistencia actual se nutre del recuerdo de una experiencia de 2012, cuando el municipio junto al gobierno del\u2026","rel":"","context":"En &quot;MEGAPROYECTOS&quot;","block_context":{"text":"MEGAPROYECTOS","link":"https:\/\/www.grieta.org.mx\/index.php\/category\/megaproyectos\/"},"img":{"alt_text":"","src":"https:\/\/i0.wp.com\/www.grieta.org.mx\/wp-content\/uploads\/2024\/10\/Ilustracion-episodio-12.jpg?resize=350%2C200&ssl=1","width":350,"height":200},"classes":[]},{"id":13476,"url":"https:\/\/www.grieta.org.mx\/index.php\/2016\/08\/04\/privatizacion-del-agua-y-el-drenaje-en-puebla\/","url_meta":{"origin":59913,"position":3},"title":"Privatizaci\u00f3n del agua y el drenaje en Puebla","author":"grieta","date":"4 agosto, 2016","format":false,"excerpt":"04\/08\/16. Campesinos bloquean carretera federal Puebla-Tehuac\u00e1nEl Sol de Puebla 24\/07\/16. Pese a amparo, Agua de Puebla suspende servicio a hospitale-consulta 11\/07\/16. Agua contaminada causa brote de enfermedades en familias de Huauchinango (Puebla)Municipios Puebla 26\/06\/16. Realizan sesi\u00f3n informativa en Zacapoaxtla sobre privatizaci\u00f3n del agua en PueblaMunicipios Puebla 25\/05\/16. Drenaje, otro servicio\u2026","rel":"","context":"En &quot;NOTICIAS NACIONALES&quot;","block_context":{"text":"NOTICIAS NACIONALES","link":"https:\/\/www.grieta.org.mx\/index.php\/category\/noticias-nacionales\/"},"img":{"alt_text":"","src":"https:\/\/i0.wp.com\/www.grieta.org.mx\/wp-content\/uploads\/2018\/03\/14524434_1106112876131411_958039263622046936_o.jpg?resize=350%2C200&ssl=1","width":350,"height":200,"srcset":"https:\/\/i0.wp.com\/www.grieta.org.mx\/wp-content\/uploads\/2018\/03\/14524434_1106112876131411_958039263622046936_o.jpg?resize=350%2C200&ssl=1 1x, https:\/\/i0.wp.com\/www.grieta.org.mx\/wp-content\/uploads\/2018\/03\/14524434_1106112876131411_958039263622046936_o.jpg?resize=525%2C300&ssl=1 1.5x, https:\/\/i0.wp.com\/www.grieta.org.mx\/wp-content\/uploads\/2018\/03\/14524434_1106112876131411_958039263622046936_o.jpg?resize=700%2C400&ssl=1 2x"},"classes":[]},{"id":55866,"url":"https:\/\/www.grieta.org.mx\/index.php\/2020\/11\/28\/protestan-en-el-zocalo-de-puebla-por-desalojo-de-planton-en-morelos\/","url_meta":{"origin":59913,"position":4},"title":"Protestan en el z\u00f3calo de Puebla por desalojo de plant\u00f3n en Morelos","author":"Admin","date":"28 noviembre, 2020","format":false,"excerpt":"Redacci\u00f3n \/ Puebla Online Miembros del Congreso Nacional Ind\u00edgena se manifestaron en el Z\u00f3calo capitalino, debido al desalojo por parte de la Guardia Nacional (GN) a integrantes del campamento en resistencia que permanec\u00edan en San Pedro Apatlaco, Morelos, para evitar se reanuden los trabajos del ducto que lleva agua del\u2026","rel":"","context":"En &quot;CINTILLO&quot;","block_context":{"text":"CINTILLO","link":"https:\/\/www.grieta.org.mx\/index.php\/category\/cintillo\/"},"img":{"alt_text":"","src":"https:\/\/i0.wp.com\/www.grieta.org.mx\/wp-content\/uploads\/2020\/12\/2e351f278435e1be495599134ab7bd4f_L.jpg?resize=350%2C200&ssl=1","width":350,"height":200,"srcset":"https:\/\/i0.wp.com\/www.grieta.org.mx\/wp-content\/uploads\/2020\/12\/2e351f278435e1be495599134ab7bd4f_L.jpg?resize=350%2C200&ssl=1 1x, https:\/\/i0.wp.com\/www.grieta.org.mx\/wp-content\/uploads\/2020\/12\/2e351f278435e1be495599134ab7bd4f_L.jpg?resize=525%2C300&ssl=1 1.5x"},"classes":[]},{"id":40099,"url":"https:\/\/www.grieta.org.mx\/index.php\/2019\/10\/09\/integrantes-del-fpdta-denuncian-amenazas-de-muerte-por-oponerse-a-colector-de-aguas-negras-en-puebla\/","url_meta":{"origin":59913,"position":5},"title":"Integrantes del FPDTA denuncian amenazas de muerte por oponerse a colector de aguas negras en Puebla","author":"Admin","date":"9 octubre, 2019","format":false,"excerpt":"Ixtlix\u00f3chitl L\u00f3pez 9 \/ Proceso CIUDAD DE M\u00c9XICO (apro).- Integrantes del Frente de Pueblos en Defensa de la Tierra y el Agua (FPDTA) denunciaron amenazas de muerte por oponerse a la construcci\u00f3n del colector de aguas negras, con el que se pretende descargar los desechos industriales y pluviales del corredor\u2026","rel":"","context":"En &quot;CINTILLO&quot;","block_context":{"text":"CINTILLO","link":"https:\/\/www.grieta.org.mx\/index.php\/category\/cintillo\/"},"img":{"alt_text":"","src":"https:\/\/i0.wp.com\/www.grieta.org.mx\/wp-content\/uploads\/2019\/10\/Estados1.jpg?resize=350%2C200&ssl=1","width":350,"height":200,"srcset":"https:\/\/i0.wp.com\/www.grieta.org.mx\/wp-content\/uploads\/2019\/10\/Estados1.jpg?resize=350%2C200&ssl=1 1x, https:\/\/i0.wp.com\/www.grieta.org.mx\/wp-content\/uploads\/2019\/10\/Estados1.jpg?resize=525%2C300&ssl=1 1.5x, https:\/\/i0.wp.com\/www.grieta.org.mx\/wp-content\/uploads\/2019\/10\/Estados1.jpg?resize=700%2C400&ssl=1 2x"},"classes":[]}],"_links":{"self":[{"href":"https:\/\/www.grieta.org.mx\/index.php\/wp-json\/wp\/v2\/posts\/59913","targetHints":{"allow":["GET"]}}],"collection":[{"href":"https:\/\/www.grieta.org.mx\/index.php\/wp-json\/wp\/v2\/posts"}],"about":[{"href":"https:\/\/www.grieta.org.mx\/index.php\/wp-json\/wp\/v2\/types\/post"}],"author":[{"embeddable":true,"href":"https:\/\/www.grieta.org.mx\/index.php\/wp-json\/wp\/v2\/users\/1"}],"replies":[{"embeddable":true,"href":"https:\/\/www.grieta.org.mx\/index.php\/wp-json\/wp\/v2\/comments?post=59913"}],"version-history":[{"count":1,"href":"https:\/\/www.grieta.org.mx\/index.php\/wp-json\/wp\/v2\/posts\/59913\/revisions"}],"predecessor-version":[{"id":59915,"href":"https:\/\/www.grieta.org.mx\/index.php\/wp-json\/wp\/v2\/posts\/59913\/revisions\/59915"}],"wp:featuredmedia":[{"embeddable":true,"href":"https:\/\/www.grieta.org.mx\/index.php\/wp-json\/wp\/v2\/media\/59914"}],"wp:attachment":[{"href":"https:\/\/www.grieta.org.mx\/index.php\/wp-json\/wp\/v2\/media?parent=59913"}],"wp:term":[{"taxonomy":"category","embeddable":true,"href":"https:\/\/www.grieta.org.mx\/index.php\/wp-json\/wp\/v2\/categories?post=59913"},{"taxonomy":"post_tag","embeddable":true,"href":"https:\/\/www.grieta.org.mx\/index.php\/wp-json\/wp\/v2\/tags?post=59913"}],"curies":[{"name":"wp","href":"https:\/\/api.w.org\/{rel}","templated":true}]}}