{"id":59885,"date":"2021-06-19T13:23:32","date_gmt":"2021-06-19T18:23:32","guid":{"rendered":"http:\/\/www.grieta.org.mx\/?p=59885"},"modified":"2021-06-21T13:29:46","modified_gmt":"2021-06-21T18:29:46","slug":"realizan-toma-simbolica-de-mina-a-cielo-abierto-en-veracruz","status":"publish","type":"post","link":"https:\/\/www.grieta.org.mx\/index.php\/2021\/06\/19\/realizan-toma-simbolica-de-mina-a-cielo-abierto-en-veracruz\/","title":{"rendered":"Realizan toma simb\u00f3lica de mina a cielo abierto en Veracruz"},"content":{"rendered":"<p>Juan David Castilla Arcos \/ El Heraldo de M\u00e9xico<\/p>\n<p>&#8211; 70 mil hect\u00e1reas han sido concesionadas para proyectos mineros solo en la regi\u00f3n de Actopan y Alto Lucero<\/p>\n<p>Pobladores y ambientalistas tomaron de manera simb\u00f3lica las bodegas de la mina a cielo abierto conocida como \u201cEl Cobre\u201d, en la localidad Tinajitas, municipio de Actopan.<\/p>\n<p>La gente protest\u00f3 la tarde de este jueves, para denunciar que la miner\u00eda a cielo abierto est\u00e1 generando da\u00f1os ambientales irreversibles en el estado de Veracruz.<\/p>\n<p>Las personas realizaron actividades culturales e informativas sobre la avenida Salvador D\u00edaz Mir\u00f3n de la congregaci\u00f3n, con el objetivo de concientizar a la poblaci\u00f3n sobre los efectos de los proyectos mineros.<\/p>\n<p>Los activistas tambi\u00e9n marcharon en la zona centro de Tinajitas, lanzando consignas contra la miner\u00eda \u201ct\u00f3xica\u201d y demandando que Veracruz sea declarado un estado libre de esta actividad.<\/p>\n<p>De acuerdo con Miguel Rosado Viveros, habitante de la localidad Mozomboa, son 70 mil hect\u00e1reas que han sido concesionadas para proyectos mineros solo en la regi\u00f3n de Actopan y Alto Lucero.<\/p>\n<p>En la zona costera de la entidad colocaron lonas y pancartas con diversos mensajes, como \u201cqueremos agua y ma\u00edz, fuera minad del pa\u00eds&#8221;, &#8220;s\u00ed a la vida, no a la mina&#8221;, &#8220;tomar agua nos da vida, tomar conciencia nos dar\u00e1 agua&#8221; y \u201cqueremos frijol, queremos ma\u00edz, fuera las mineras del pa\u00eds&#8221;.<\/p>\n<p><img loading=\"lazy\" decoding=\"async\" data-attachment-id=\"59886\" data-permalink=\"https:\/\/www.grieta.org.mx\/index.php\/2021\/06\/19\/realizan-toma-simbolica-de-mina-a-cielo-abierto-en-veracruz\/screenshot-2021-06-21-at-13-26-19-realizan-toma-simbolica-de-mina-a-cielo-abierto-en-veracruz\/\" data-orig-file=\"https:\/\/www.grieta.org.mx\/wp-content\/uploads\/2021\/06\/Screenshot-2021-06-21-at-13-26-19-Realizan-toma-simbolica-de-mina-a-cielo-abierto-en-Veracruz.png\" data-orig-size=\"960,720\" data-comments-opened=\"0\" data-image-meta=\"{&quot;aperture&quot;:&quot;0&quot;,&quot;credit&quot;:&quot;&quot;,&quot;camera&quot;:&quot;&quot;,&quot;caption&quot;:&quot;&quot;,&quot;created_timestamp&quot;:&quot;0&quot;,&quot;copyright&quot;:&quot;&quot;,&quot;focal_length&quot;:&quot;0&quot;,&quot;iso&quot;:&quot;0&quot;,&quot;shutter_speed&quot;:&quot;0&quot;,&quot;title&quot;:&quot;&quot;,&quot;orientation&quot;:&quot;0&quot;}\" data-image-title=\"Screenshot 2021-06-21 at 13-26-19 Realizan toma simb\u00f3lica de mina a cielo abierto en Veracruz\" data-image-description=\"\" data-image-caption=\"\" data-medium-file=\"https:\/\/www.grieta.org.mx\/wp-content\/uploads\/2021\/06\/Screenshot-2021-06-21-at-13-26-19-Realizan-toma-simbolica-de-mina-a-cielo-abierto-en-Veracruz-300x225.png\" data-large-file=\"https:\/\/www.grieta.org.mx\/wp-content\/uploads\/2021\/06\/Screenshot-2021-06-21-at-13-26-19-Realizan-toma-simbolica-de-mina-a-cielo-abierto-en-Veracruz.png\" class=\"alignnone wp-image-59886\" src=\"http:\/\/www.grieta.org.mx\/wp-content\/uploads\/2021\/06\/Screenshot-2021-06-21-at-13-26-19-Realizan-toma-simbolica-de-mina-a-cielo-abierto-en-Veracruz-300x225.png\" alt=\"\" width=\"800\" height=\"600\" srcset=\"https:\/\/www.grieta.org.mx\/wp-content\/uploads\/2021\/06\/Screenshot-2021-06-21-at-13-26-19-Realizan-toma-simbolica-de-mina-a-cielo-abierto-en-Veracruz-300x225.png 300w, https:\/\/www.grieta.org.mx\/wp-content\/uploads\/2021\/06\/Screenshot-2021-06-21-at-13-26-19-Realizan-toma-simbolica-de-mina-a-cielo-abierto-en-Veracruz-768x576.png 768w, https:\/\/www.grieta.org.mx\/wp-content\/uploads\/2021\/06\/Screenshot-2021-06-21-at-13-26-19-Realizan-toma-simbolica-de-mina-a-cielo-abierto-en-Veracruz.png 960w\" sizes=\"auto, (max-width: 800px) 100vw, 800px\" \/><\/p>\n<p>La gente dijo estar preocupada por las condiciones en la que se desarrollan las maniobras para extraer oro, plata y cobre en la zona.<\/p>\n<p>En la entrada al pueblo se observa un mural sobre la riqueza natural que fue pintado por los ambientalistas, acompa\u00f1ado de la leyenda \u201cs\u00ed a la vida, ni a la mina\u201d.<\/p>\n<p>En la zona continua vigente el proyecto Caballo Blanco, ahora conocido como La Paila, donde buscan extraer oro y plata, as\u00ed como el proyecto minero \u201cEl Cobre\u201d.<\/p>\n<p>Tinajitas se encuentra cerca de la carretera Cardel-Nautla, mejor conocida como la costera del Golfo, a casi seis kil\u00f3metros de la Planta Nucleol\u00e9ctrica &#8220;Laguna Verde&#8221;.<\/p>\n<p>En el evento participaron integrantes de La Asamblea Veracruzana de Iniciativas y Defensa Ambiental (Lavida), pescadores de la laguna de El Farall\u00f3n y pobladores de las distintas localidades de la regi\u00f3n.<\/p>\n<p><a href=\"https:\/\/heraldodemexico.com.mx\/nacional\/2021\/6\/19\/realizan-toma-simbolica-de-mina-cielo-abierto-en-veracruz-308287.html\" target=\"_blank\" rel=\"noopener\">https:\/\/heraldodemexico.com.mx\/nacional\/2021\/6\/19\/realizan-toma-simbolica-de-mina-cielo-abierto-en-veracruz-308287.html<\/a><\/p>\n","protected":false},"excerpt":{"rendered":"<p>Juan David Castilla Arcos \/ El Heraldo de M\u00e9xico &#8211; 70 mil hect\u00e1reas han sido concesionadas para proyectos mineros solo en la regi\u00f3n de Actopan y Alto Lucero Pobladores y &hellip; <a href=\"https:\/\/www.grieta.org.mx\/index.php\/2021\/06\/19\/realizan-toma-simbolica-de-mina-a-cielo-abierto-en-veracruz\/\" class=\"more-link\">Leer m\u00e1s<\/a><\/p>\n","protected":false},"author":2,"featured_media":59887,"comment_status":"closed","ping_status":"closed","sticky":false,"template":"","format":"standard","meta":{"ngg_post_thumbnail":0,"_jetpack_newsletter_access":"","_jetpack_dont_email_post_to_subs":false,"_jetpack_newsletter_tier_id":0,"_jetpack_memberships_contains_paywalled_content":false,"_jetpack_memberships_contains_paid_content":false,"footnotes":""},"categories":[80,2592,2,35],"tags":[2846,2823,1654],"class_list":["post-59885","post","type-post","status-publish","format-standard","has-post-thumbnail","hentry","category-cintillo","category-mineria-en-veracruz","category-noticias-nacionales","category-veracruz","tag-lucha-contra-la-mineria","tag-mineria-a-cielo-abierto","tag-protestas-contra-la-mineria-a-cielo-abierto","entry"],"jetpack_featured_media_url":"https:\/\/www.grieta.org.mx\/wp-content\/uploads\/2021\/06\/Screenshot-2021-06-21-at-13-27-08-Realizan-toma-simbolica-de-mina-a-cielo-abierto-en-Veracruz.png","jetpack_sharing_enabled":true,"jetpack_shortlink":"https:\/\/wp.me\/p7ZJR4-fzT","jetpack_likes_enabled":false,"jetpack-related-posts":[{"id":59805,"url":"https:\/\/www.grieta.org.mx\/index.php\/2021\/06\/11\/en-tinajitas-conclave-contra-mineras-a-cielo-abierto-en-veracruz\/","url_meta":{"origin":59885,"position":0},"title":"En Tinajitas, c\u00f3nclave contra mineras a cielo abierto en Veracruz","author":"grieta","date":"11 junio, 2021","format":false,"excerpt":"Leticia Cruz \/ Imagen de Veracruz La lucha de la sociedad civil contin\u00faa contra los proyectos de mina a cielo abierto que pretenden concretarse en Veracruz. El pr\u00f3ximo 19 de junio se realizar\u00e1 una movilizaci\u00f3n en Tinajitas, Actopan, por lo que se lanz\u00f3 una convocatoria para que la sociedad se\u2026","rel":"","context":"En &quot;CINTILLO&quot;","block_context":{"text":"CINTILLO","link":"https:\/\/www.grieta.org.mx\/index.php\/category\/cintillo\/"},"img":{"alt_text":"","src":"https:\/\/i0.wp.com\/www.grieta.org.mx\/wp-content\/uploads\/2021\/06\/568766_d.jgp_.jpg?resize=350%2C200&ssl=1","width":350,"height":200,"srcset":"https:\/\/i0.wp.com\/www.grieta.org.mx\/wp-content\/uploads\/2021\/06\/568766_d.jgp_.jpg?resize=350%2C200&ssl=1 1x, https:\/\/i0.wp.com\/www.grieta.org.mx\/wp-content\/uploads\/2021\/06\/568766_d.jgp_.jpg?resize=525%2C300&ssl=1 1.5x"},"classes":[]},{"id":43383,"url":"https:\/\/www.grieta.org.mx\/index.php\/2019\/10\/12\/no-a-la-mina-si-a-la-vida-ambientalistas-envian-mensaje-a-subsecretario-de-mineria-veracruz\/","url_meta":{"origin":59885,"position":1},"title":"&#8220;No a la mina, s\u00ed a la vida&#8221;; ambientalistas env\u00edan mensaje a subsecretario de miner\u00eda  (Veracruz)","author":"grieta","date":"12 octubre, 2019","format":false,"excerpt":"Jos\u00e9 Morales \/ El Sol de C\u00f3rdoba ACTOPAN, Ver., 11 de octubre.- \u201cNo a la mina, s\u00ed a la vida\u201d fue el mensaje claro y firme que se envi\u00f3 al subsecretario de miner\u00eda de la Secretar\u00eda de Econom\u00eda, Fernando Quiroga, quien no acudi\u00f3 a esta asamblea realizada en el municipio\u2026","rel":"","context":"En &quot;CINTILLO&quot;","block_context":{"text":"CINTILLO","link":"https:\/\/www.grieta.org.mx\/index.php\/category\/cintillo\/"},"img":{"alt_text":"","src":"https:\/\/i0.wp.com\/www.grieta.org.mx\/wp-content\/uploads\/2020\/01\/mina.jpg?resize=350%2C200&ssl=1","width":350,"height":200,"srcset":"https:\/\/i0.wp.com\/www.grieta.org.mx\/wp-content\/uploads\/2020\/01\/mina.jpg?resize=350%2C200&ssl=1 1x, https:\/\/i0.wp.com\/www.grieta.org.mx\/wp-content\/uploads\/2020\/01\/mina.jpg?resize=525%2C300&ssl=1 1.5x, https:\/\/i0.wp.com\/www.grieta.org.mx\/wp-content\/uploads\/2020\/01\/mina.jpg?resize=700%2C400&ssl=1 2x"},"classes":[]},{"id":36472,"url":"https:\/\/www.grieta.org.mx\/index.php\/2019\/07\/12\/piden-a-titular-de-semarnat-frenar-mineria-en-veracruz\/","url_meta":{"origin":59885,"position":2},"title":"Piden a titular de Semarnat frenar miner\u00eda en Veracruz","author":"grieta","date":"12 julio, 2019","format":false,"excerpt":"Leticia Cruz \/ Imagen del Golfo Activistas ambientales del estado de Veracruz conf\u00edan en que el titular de la Secretar\u00eda de Medio Ambiente y Recursos Naturales (Semarnat), V\u00edctor Toledo, har\u00e1 lo correspondiente para impedir la operaci\u00f3n de mineras t\u00f3xicas en la entidad. Durante la visita a Xalapa, del funcionario federal,\u2026","rel":"","context":"En &quot;CINTILLO&quot;","block_context":{"text":"CINTILLO","link":"https:\/\/www.grieta.org.mx\/index.php\/category\/cintillo\/"},"img":{"alt_text":"","src":"https:\/\/i0.wp.com\/www.grieta.org.mx\/wp-content\/uploads\/2019\/07\/568766_d.jpg?resize=350%2C200&ssl=1","width":350,"height":200,"srcset":"https:\/\/i0.wp.com\/www.grieta.org.mx\/wp-content\/uploads\/2019\/07\/568766_d.jpg?resize=350%2C200&ssl=1 1x, https:\/\/i0.wp.com\/www.grieta.org.mx\/wp-content\/uploads\/2019\/07\/568766_d.jpg?resize=525%2C300&ssl=1 1.5x"},"classes":[]},{"id":43321,"url":"https:\/\/www.grieta.org.mx\/index.php\/2019\/11\/10\/mineria-toxica-en-veracruz-dejaria-muerte-y-desolacion\/","url_meta":{"origin":59885,"position":3},"title":"Miner\u00eda t\u00f3xica en Veracruz dejar\u00eda muerte y desolaci\u00f3n","author":"grieta","date":"10 noviembre, 2019","format":false,"excerpt":"\u00c1ngeles Gonz\u00e1lez Ceballos \/ El Heraldo de Mart\u00ednez Aunque el Gobierno de la Rep\u00fablica y el Gobierno del Estado en el discurso han prometido que la miner\u00eda t\u00f3xica no avanzar\u00e1 en Veracruz, la verdad es que los habitantes de la regi\u00f3n de Alto Lucero, Actopan y otros de la regi\u00f3n\u2026","rel":"","context":"En &quot;CINTILLO&quot;","block_context":{"text":"CINTILLO","link":"https:\/\/www.grieta.org.mx\/index.php\/category\/cintillo\/"},"img":{"alt_text":"","src":"https:\/\/i0.wp.com\/www.grieta.org.mx\/wp-content\/uploads\/2020\/01\/nex63.jpg?resize=350%2C200&ssl=1","width":350,"height":200,"srcset":"https:\/\/i0.wp.com\/www.grieta.org.mx\/wp-content\/uploads\/2020\/01\/nex63.jpg?resize=350%2C200&ssl=1 1x, https:\/\/i0.wp.com\/www.grieta.org.mx\/wp-content\/uploads\/2020\/01\/nex63.jpg?resize=525%2C300&ssl=1 1.5x"},"classes":[]},{"id":43330,"url":"https:\/\/www.grieta.org.mx\/index.php\/2019\/11\/04\/minera-quiere-establecerse-cerca-de-xalapa-pma\/","url_meta":{"origin":59885,"position":4},"title":"Minera quiere establecerse cerca de Xalapa: PMA","author":"grieta","date":"4 noviembre, 2019","format":false,"excerpt":"Berenice Sandoval \/ Palabras Claras Xalapa.- El subprocurador de Medio Ambiente en el estado, Ernesto Cuevas Hern\u00e1ndez, confirm\u00f3 que una empresa minera busca instalarse cerca de Xalapa, en el municipio de Chiconquiaco. En general, dijo que son 10 las empresas mineras que cuentan con permisos de la Secretar\u00eda de Medio\u2026","rel":"","context":"En &quot;CINTILLO&quot;","block_context":{"text":"CINTILLO","link":"https:\/\/www.grieta.org.mx\/index.php\/category\/cintillo\/"},"img":{"alt_text":"","src":"https:\/\/i0.wp.com\/www.grieta.org.mx\/wp-content\/uploads\/2020\/01\/Miner%C3%ADa.jpg?resize=350%2C200&ssl=1","width":350,"height":200,"srcset":"https:\/\/i0.wp.com\/www.grieta.org.mx\/wp-content\/uploads\/2020\/01\/Miner%C3%ADa.jpg?resize=350%2C200&ssl=1 1x, https:\/\/i0.wp.com\/www.grieta.org.mx\/wp-content\/uploads\/2020\/01\/Miner%C3%ADa.jpg?resize=525%2C300&ssl=1 1.5x, https:\/\/i0.wp.com\/www.grieta.org.mx\/wp-content\/uploads\/2020\/01\/Miner%C3%ADa.jpg?resize=700%2C400&ssl=1 2x, https:\/\/i0.wp.com\/www.grieta.org.mx\/wp-content\/uploads\/2020\/01\/Miner%C3%ADa.jpg?resize=1050%2C600&ssl=1 3x"},"classes":[]},{"id":42944,"url":"https:\/\/www.grieta.org.mx\/index.php\/2019\/11\/04\/acechan-10-mineras-a-veracruz\/","url_meta":{"origin":59885,"position":5},"title":"Acechan 10 mineras a Veracruz","author":"grieta","date":"4 noviembre, 2019","format":false,"excerpt":"Redacci\u00f3n \/ La silla rota La Secretar\u00eda de Medio Ambiente y Recursos Naturales (Semarnat) otorg\u00f3 permisos a 10 empresas mineras para que buscan explorar suelo veracruzano; sin embargo, a\u00fan no cuentan con los permisos ni estatales ni municipales. Esto fue confirmado por el subprocurador de Medio Ambiente en el estado,\u2026","rel":"","context":"En &quot;NOTICIAS NACIONALES&quot;","block_context":{"text":"NOTICIAS NACIONALES","link":"https:\/\/www.grieta.org.mx\/index.php\/category\/noticias-nacionales\/"},"img":{"alt_text":"","src":"https:\/\/i0.wp.com\/www.grieta.org.mx\/wp-content\/uploads\/2020\/01\/minasver-focus-0-0-290-208.jpg?resize=350%2C200","width":350,"height":200,"srcset":"https:\/\/i0.wp.com\/www.grieta.org.mx\/wp-content\/uploads\/2020\/01\/minasver-focus-0-0-290-208.jpg?resize=350%2C200 1x, https:\/\/i0.wp.com\/www.grieta.org.mx\/wp-content\/uploads\/2020\/01\/minasver-focus-0-0-290-208.jpg?resize=525%2C300 1.5x"},"classes":[]}],"_links":{"self":[{"href":"https:\/\/www.grieta.org.mx\/index.php\/wp-json\/wp\/v2\/posts\/59885","targetHints":{"allow":["GET"]}}],"collection":[{"href":"https:\/\/www.grieta.org.mx\/index.php\/wp-json\/wp\/v2\/posts"}],"about":[{"href":"https:\/\/www.grieta.org.mx\/index.php\/wp-json\/wp\/v2\/types\/post"}],"author":[{"embeddable":true,"href":"https:\/\/www.grieta.org.mx\/index.php\/wp-json\/wp\/v2\/users\/2"}],"replies":[{"embeddable":true,"href":"https:\/\/www.grieta.org.mx\/index.php\/wp-json\/wp\/v2\/comments?post=59885"}],"version-history":[{"count":1,"href":"https:\/\/www.grieta.org.mx\/index.php\/wp-json\/wp\/v2\/posts\/59885\/revisions"}],"predecessor-version":[{"id":59889,"href":"https:\/\/www.grieta.org.mx\/index.php\/wp-json\/wp\/v2\/posts\/59885\/revisions\/59889"}],"wp:featuredmedia":[{"embeddable":true,"href":"https:\/\/www.grieta.org.mx\/index.php\/wp-json\/wp\/v2\/media\/59887"}],"wp:attachment":[{"href":"https:\/\/www.grieta.org.mx\/index.php\/wp-json\/wp\/v2\/media?parent=59885"}],"wp:term":[{"taxonomy":"category","embeddable":true,"href":"https:\/\/www.grieta.org.mx\/index.php\/wp-json\/wp\/v2\/categories?post=59885"},{"taxonomy":"post_tag","embeddable":true,"href":"https:\/\/www.grieta.org.mx\/index.php\/wp-json\/wp\/v2\/tags?post=59885"}],"curies":[{"name":"wp","href":"https:\/\/api.w.org\/{rel}","templated":true}]}}