{"id":59878,"date":"2021-06-18T13:11:32","date_gmt":"2021-06-18T18:11:32","guid":{"rendered":"https:\/\/www.grieta.org.mx\/?p=59878"},"modified":"2021-06-21T13:19:22","modified_gmt":"2021-06-21T18:19:22","slug":"dignificando-la-memoria-el-proyecto-que-devuelve-su-voz-a-los-desaparecidos-en-veracruz","status":"publish","type":"post","link":"https:\/\/www.grieta.org.mx\/index.php\/2021\/06\/18\/dignificando-la-memoria-el-proyecto-que-devuelve-su-voz-a-los-desaparecidos-en-veracruz\/","title":{"rendered":"Dignificando la memoria: el proyecto que devuelve su voz a los desaparecidos en Veracruz"},"content":{"rendered":"<p>Monserrat Ortiz \/ Reporte \u00cdndigo<\/p>\n<p>&#8211; Recatar la memoria es una forma de resistencia ante el olvido y la impunidad y el IMDHD cre\u00f3 esta plataforma para recordar a los desaparecidos en Veracruz<\/p>\n<p>Un operador de tr\u00e1iler, un pintor, varios taxistas, estudiantes, un mesero, un alba\u00f1il, vendedoras, jornaleros y un comandante de la polic\u00eda municipal. A la fecha se desconoce si est\u00e1n vivos o muertos: esas personas desaparecieron sin dejar rastro en Veracruz, una entidad marcada por la violencia del crimen organizado respaldada por el Estado.<\/p>\n<p>La incertidumbre es el pan de cada d\u00eda de sus hijos, padres, amigos y hermanos quienes, tras varios a\u00f1os de espera, suelen terminar con la esperanza de encontrarlos vivos. Tan s\u00f3lo quieren encontrarlos.<\/p>\n<p>Y si ellos no est\u00e1n, \u00bfc\u00f3mo escuchar sus voces? \u00bfc\u00f3mo dignificar lo \u00fanico que, hasta ahora, queda de ellos: su recuerdo? Para el Instituto Mexicano de Derechos Humanos y Democracia AC (IMDHD), rescatar la memoria es una forma de resistencia ante el olvido y la impunidad.<\/p>\n<p>Por eso desarrollaron la plataforma Dignificando la memoria, un proyecto que recoge los testimonios, relatos y narrativas de los seres queridos de 283 personas cuyo paradero permanece en anonimato, pero su memoria, a pesar del tiempo, prevalece. Porque ellos saben que si los recuerdan jam\u00e1s desaparecer\u00e1n.<\/p>\n<p>\u201cLa idea es recolectar los testimonios de las familias en todo el estado y despu\u00e9s documentar los casos y tratar de hacer un ejercicio de an\u00e1lisis sobre el fen\u00f3meno de desaparici\u00f3n en Veracruz\u201d, dijo a Reporte \u00cdndigo Silvia Chica, directora del IMDHD.<\/p>\n<p>\u201cLalo\u201d, es delgado, de tez morena y lleva una flor tatuada en el pecho. Desapareci\u00f3 en julio de 2016 en el municipio de Orizaba, se dedicaba a la alba\u00f1iler\u00eda y sus familiares creen que desapareci\u00f3 a manos de la delincuencia organizada. El pasado 25 de enero habr\u00eda cumplido 26 a\u00f1os.<\/p>\n<p>Mar\u00eda del Rosario Vida\u00f1a ten\u00eda 40 a\u00f1os cuando la sustrajeron de su propio domicilio el 19 de marzo de 2014, en la colonia Los Laureles del municipio de Veracruz. Es de complexi\u00f3n robusta, sin tatuajes, casada, se dedicaba a vender comida.<\/p>\n<p>Ale, quien hoy tendr\u00eda 33 a\u00f1os, desapareci\u00f3 en Xalapa el 18 de marzo de 2014. Sus seres queridos creen que su plagio, ocurrido en la colonia Hidalgo del municipio de Veracruz, tambi\u00e9n fue perpetrado por el crimen organizado. Era pastelero, alba\u00f1il y pintor. Su desaparici\u00f3n dej\u00f3 en la zozobra a su madre, pareja e hijo, cuyo nombre llevaba tatuado en el cuerpo.<\/p>\n<p>Estos son s\u00f3lo algunos de los testimonios recopilados por el IMDHD de noviembre de 2018 a mayo de 2019 para construir la plataforma del recuerdo, que rescat\u00f3 las historias del 25 por ciento de los desaparecidos en el estado entre enero de 2006 y mayo del 2018.<\/p>\n<p>Seg\u00fan la muestra levantada por el Instituto, la mayor\u00eda de las v\u00edctimas de desaparici\u00f3n forzada son hombres, quienes representan el 86.3 por ciento frente al 11.2 por ciento de las mujeres v\u00edctimas de ese delito.<\/p>\n<p>En cuanto a las edades, el 80.8 por ciento son hombres entre 18 y 44 a\u00f1os al momento de su desaparici\u00f3n: la v\u00edctima m\u00e1s joven ten\u00eda 8 a\u00f1os y la mayor 82. La mayor proporci\u00f3n de mujeres desaparecidas ten\u00eda menos de 18 a\u00f1os.<\/p>\n<p>\u201cEl objetivo de esas personas es mantener presentes a sus hijos e hijas, que sea visible lo que sucedi\u00f3, que esos casos sean recordados no solamente ante las autoridades sino la sociedad en general\u201d, explica la directora del Instituto.<\/p>\n<p>    \u201cTambi\u00e9n exponer las desapariciones forzadas donde existe la vinculaci\u00f3n de alg\u00fan funcionario o funcionaria p\u00fablica o elementos de seguridad, en Veracruz es muy frecuente; as\u00ed como casos de desaparici\u00f3n colectiva, que hubo muchos durante el gobierno de Duarte\u201d. Silvia Chica \/ Directora IMDHD<\/p>\n<p>Y es que la asociaci\u00f3n estima que existe una cifra negra de 20 mil personas desaparecidas en el estado. Seg\u00fan su an\u00e1lisis, la desaparici\u00f3n se recrudeci\u00f3 entre 2013 y 2016, periodo gobernado por Javier Duarte en el que reportaron al 60 por ciento de las v\u00edctimas y contra quien se gir\u00f3 una orden de aprehensi\u00f3n por el presunto delito de desaparici\u00f3n forzada de, por lo menos, 13 personas.<\/p>\n<p>Seg\u00fan las conclusiones del estudio, Poza Rica, Veracruz, Xalapa, Orizaba y Coatzacoalcos son los municipios con mayor incidencia de desapariciones. Adem\u00e1s, resalta que 22.87  por ciento de los delitos ocurrieron en un domicilio particular y 48 por ciento en la v\u00eda p\u00fablica; \u201cmostrando que cometer esta violaci\u00f3n para el perpetrador frente a otras personas no les inhibe la acci\u00f3n\u201d, se\u00f1ala el trabajo.<\/p>\n<p>Finalmente, 44.3 por ciento de los familiares de las v\u00edctimas acreditan los delitos a la polic\u00eda estatal y 17.7 por ciento a la polic\u00eda municipal, con lo cual el IMDHD advierte que \u201cla operaci\u00f3n de agentes del Estado junto con grupos criminales queda de manifiesto\u201d, principalmente durante los gobiernos de Fidel Herrera Beltr\u00e1n y Javier Duarte.<\/p>\n<p><strong>Una narrativa va m\u00e1s all\u00e1 de los n\u00fameros<\/strong><\/p>\n<p>La memoria cobra relevancia en delitos donde se pretende eliminar cualquier rastro de las personas y sus vidas. Para el Instituto Mexicano de Derechos Humanos y Democracia, recordar es un acto de valent\u00eda y resistencia.<\/p>\n<p>\u201cQuer\u00edamos escuchar, de sus propias voces, informaci\u00f3n puntual sobre las desapariciones de sus seres queridos y los impactos que eso tuvo en sus vidas\u201d, explica Raquel V\u00e1zquez, investigadora del IMDHD.<\/p>\n<p>\u201cNo son n\u00fameros de carpeta o cifras, son personas que tienen una familia, tienen recuerdos, tienen an\u00e9cdotas buenas y malas, como cualquiera de nosotros\u201d, se\u00f1ala Patricia Morales, quien tambi\u00e9n particip\u00f3 en la elaboraci\u00f3n de la investigaci\u00f3n.<\/p>\n<p>    \u201cTambi\u00e9n queremos eliminar ese estigma de que todas las personas desaparecidas ten\u00edan supuestos nexos con la delincuencia organizada, la trata de personas, particularmente en caso de las mujeres, eliminar los se\u00f1alamientos que las responsabilizan porque alguien m\u00e1s las desapareci\u00f3\u201d.<\/p>\n<p>\u201cMi hija fue invitada a un evento en Actopan, Veracruz, junto con otras j\u00f3venes m\u00e1s\u201d, apunt\u00f3 una de las v\u00edctimas colaterales. \u201cSon 13 j\u00f3venes desaparecidas aqu\u00ed en Xalapa, todas eran amigas en com\u00fan\u2026 Ellas no regresan de ese evento. Ninguna de ellas regresa y hasta la fecha no sabemos de su paradero. Y ese evento fue o tengo entendido que las invitaron a cubrir un evento de funcionarios p\u00fablicos\u201d.<\/p>\n<p>Ese es s\u00f3lo un ejemplo de las desapariciones en Veracruz que ocurren de manera colectiva. En todos los delitos que documentaron, el Instituto detect\u00f3 la participaci\u00f3n de los siguientes agentes del Estado: polic\u00edas municipales, fuerza civil, polic\u00edas de tr\u00e1nsito, grupos t\u00e1cticos, agentes de seguridad p\u00fablica coordinados; as\u00ed como agentes privados y miembros del crimen organizado.<\/p>\n<p>\u201cDespu\u00e9s de siete a\u00f1os s\u00e9 que fue la Polic\u00eda Intermunicipal los que levantaron a mi hijo en complicidad con la organizaci\u00f3n de los Zetas. Siempre su forma de operar era: iba la Intermunicipal y detr\u00e1s iba la camioneta cerrada, oscura\u201d, acusa otra persona.<\/p>\n<p>\u201cS\u00e9 que se lo llevaron los estatales porque tengo testigos\u2026 Lo comenzaron a corretear desde el arco de donde termina R\u00edo Blanco hacia la Vicente Guerrero\u2026 los acorralaron con unas camionetas, pero dec\u00eda Estatales. Los polic\u00edas iban encapuchados\u2026 los golpearon, los subieron como si fueran unos costales de papa\u2026 a mi hijo lo golpearon muy feo, a mi nuera tambi\u00e9n, mi nuera llevaba tres meses de embarazo, se llevaron a los dos\u201d, recuerda Rosa Gonz\u00e1lez, madre de Daniel Hern\u00e1ndez, desaparecido el 3 de junio de 2014.<\/p>\n<p>    \u201cEstoy segura de que fueron los estatales\u2026 yo los fui a buscar a C\u00f3rdoba\u2026 ah\u00ed me dijeron que no\u2026 unos testigos me dijeron que vieron salir a una pareja\u2026 yo lo \u00fanico que les pido es que me hagan saber d\u00f3nde est\u00e1n\u2026 son seres humanos y nadie tiene derecho de privar su libertad\u201d.<\/p>\n<p><strong>Una madre que no encuentra a su hijo o hija est\u00e1 muerta en vida<\/strong><\/p>\n<p>\u201cDespu\u00e9s de siete a\u00f1os s\u00e9 que hay posibilidad de encontrarlo y no quiero encontrarlo sin vida. Mi hijo creci\u00f3 en una familia amorosa, unida, se fue bien. Yo quiero encontrarlo como \u00e9l se fue\u201d, reflexiona Fabiola Pensado Barrera, madre de Argenis Yosimar Pensado Barrera, desaparecido el 16 de marzo de 2014 en Xalapa, Veracruz.<\/p>\n<p>    \u201cEs una angustia no saber de \u00e9l, pero tambi\u00e9n es una esperanza de encontrarlo vivo, de volver a abrazarlo, de hacer planes, de pensar en c\u00f3mo ser\u00e1 nuestro encuentro\u201d.<\/p>\n<p>La ma\u00f1ana de ese domingo, Argenis, de 20 a\u00f1os, sali\u00f3 de casa para encontrarse con amigos en un departamento del municipio, pero nunca regres\u00f3 a su hogar. Su madre asegura que el d\u00eda de su desaparici\u00f3n, hubo m\u00faltiples operativos policiacos y balaceras en las calles de Xalapa.<\/p>\n<p>\u201cDesapareci\u00f3 sin m\u00e1s, no sabemos si lleg\u00f3 a su destino o si desapareci\u00f3 en el trayecto de la casa hacia all\u00e1\u201d, narra Fabiola y acusa que las autoridades en Veracruz no investigaron la desaparici\u00f3n de Argenis desde que ella acudi\u00f3 a denunciar.<\/p>\n<p>Aunque no tiene ninguna forma de probarlo, Fabiola asegura que su hijo fue secuestrado por polic\u00edas tras uno de los operativos que realizaron el d\u00eda de su desaparici\u00f3n.<\/p>\n<p>\u201cLos polic\u00edas interceptaban muchachos, j\u00f3venes y se los llevaban con cualquier pretexto. Eso s\u00ed est\u00e1 probado en varios casos, pero con mi hijo todav\u00eda no podemos saber\u201d, platica la mujer, quien lleva varios a\u00f1os buscando a su hijo y a los hijos e hijas de los dem\u00e1s, porque con el tiempo, dice, \u201ctodos se convierten en nuestros, aunque no los conozcamos. Queremos encontrarlos a todos\u201d.<\/p>\n<p><a href=\"https:\/\/www.reporteindigo.com\/reporte\/dignificando-la-memoria-el-proyecto-que-devuelve-su-voz-a-los-desaparecidos-en-veracruz\/\" rel=\"noopener\" target=\"_blank\">https:\/\/www.reporteindigo.com\/reporte\/dignificando-la-memoria-el-proyecto-que-devuelve-su-voz-a-los-desaparecidos-en-veracruz\/<\/a><\/p>\n","protected":false},"excerpt":{"rendered":"<p>Monserrat Ortiz \/ Reporte \u00cdndigo &#8211; Recatar la memoria es una forma de resistencia ante el olvido y la impunidad y el IMDHD cre\u00f3 esta plataforma para recordar a los &hellip; <a href=\"https:\/\/www.grieta.org.mx\/index.php\/2021\/06\/18\/dignificando-la-memoria-el-proyecto-que-devuelve-su-voz-a-los-desaparecidos-en-veracruz\/\" class=\"more-link\">Leer m\u00e1s<\/a><\/p>\n","protected":false},"author":2,"featured_media":59879,"comment_status":"closed","ping_status":"closed","sticky":false,"template":"","format":"standard","meta":{"ngg_post_thumbnail":0,"_jetpack_newsletter_access":"","_jetpack_dont_email_post_to_subs":false,"_jetpack_newsletter_tier_id":0,"_jetpack_memberships_contains_paywalled_content":false,"_jetpack_memberships_contains_paid_content":false,"footnotes":""},"categories":[80,87,1012,2,83,35],"tags":[2484,121],"class_list":["post-59878","post","type-post","status-publish","format-standard","has-post-thumbnail","hentry","category-cintillo","category-desaparecidos","category-desaparecidos-en-veracruz","category-noticias-nacionales","category-temas-nacionales","category-veracruz","tag-buscadoras","tag-desaparecidos","entry"],"jetpack_featured_media_url":"https:\/\/www.grieta.org.mx\/wp-content\/uploads\/2021\/06\/Screenshot-2021-06-21-at-13-14-31-Dignificando-la-memoria-el-proyecto-que-devuelve-su-voz-a-los-desaparecidos-en-Veracruz.png","jetpack_sharing_enabled":true,"jetpack_shortlink":"https:\/\/wp.me\/p7ZJR4-fzM","jetpack_likes_enabled":false,"jetpack-related-posts":[{"id":25692,"url":"https:\/\/www.grieta.org.mx\/index.php\/2018\/08\/05\/lucha-por-los-desaparecidos-en-orizaba-cordoba-veracruz\/","url_meta":{"origin":59878,"position":0},"title":"Lucha por los desaparecidos en Orizaba &#8211; C\u00f3rdoba, Veracruz","author":"grieta","date":"5 agosto, 2018","format":false,"excerpt":"CENCOS \/ Redacci\u00f3n","rel":"","context":"En &quot;CINTILLO&quot;","block_context":{"text":"CINTILLO","link":"https:\/\/www.grieta.org.mx\/index.php\/category\/cintillo\/"},"img":{"alt_text":"","src":"https:\/\/i0.wp.com\/www.grieta.org.mx\/wp-content\/uploads\/2018\/08\/WhatsApp-Image-2016-10-12-at-16.26.19.jpeg?resize=350%2C200&ssl=1","width":350,"height":200,"srcset":"https:\/\/i0.wp.com\/www.grieta.org.mx\/wp-content\/uploads\/2018\/08\/WhatsApp-Image-2016-10-12-at-16.26.19.jpeg?resize=350%2C200&ssl=1 1x, https:\/\/i0.wp.com\/www.grieta.org.mx\/wp-content\/uploads\/2018\/08\/WhatsApp-Image-2016-10-12-at-16.26.19.jpeg?resize=525%2C300&ssl=1 1.5x, https:\/\/i0.wp.com\/www.grieta.org.mx\/wp-content\/uploads\/2018\/08\/WhatsApp-Image-2016-10-12-at-16.26.19.jpeg?resize=700%2C400&ssl=1 2x, https:\/\/i0.wp.com\/www.grieta.org.mx\/wp-content\/uploads\/2018\/08\/WhatsApp-Image-2016-10-12-at-16.26.19.jpeg?resize=1050%2C600&ssl=1 3x"},"classes":[]},{"id":31081,"url":"https:\/\/www.grieta.org.mx\/index.php\/2019\/03\/12\/buscan-fosas-clandestinas-a-lado-de-basurero-en-veracruz\/","url_meta":{"origin":59878,"position":1},"title":"Buscan fosas clandestinas a lado de basurero en Veracruz","author":"grieta","date":"12 marzo, 2019","format":false,"excerpt":"Redacci\u00f3n \/ 24morelos El Colectivo Solecito Veracruzano inform\u00f3 que se comenz\u00f3 la b\u00fasqueda de fosas clandestinas a un lado del basurero municipal de Veracruz conocida como \u201cKil\u00f3metro 13 y medio\u201d. Con esta, ser\u00edan ya tres b\u00fasquedas en esta zona. Familiares de desaparecidos declararon que el acceso se ha complicado ya\u2026","rel":"","context":"En &quot;CINTILLO&quot;","block_context":{"text":"CINTILLO","link":"https:\/\/www.grieta.org.mx\/index.php\/category\/cintillo\/"},"img":{"alt_text":"","src":"https:\/\/i0.wp.com\/www.grieta.org.mx\/wp-content\/uploads\/2019\/03\/fosas.png?resize=350%2C200&ssl=1","width":350,"height":200,"srcset":"https:\/\/i0.wp.com\/www.grieta.org.mx\/wp-content\/uploads\/2019\/03\/fosas.png?resize=350%2C200&ssl=1 1x, https:\/\/i0.wp.com\/www.grieta.org.mx\/wp-content\/uploads\/2019\/03\/fosas.png?resize=525%2C300&ssl=1 1.5x, https:\/\/i0.wp.com\/www.grieta.org.mx\/wp-content\/uploads\/2019\/03\/fosas.png?resize=700%2C400&ssl=1 2x"},"classes":[]},{"id":8525,"url":"https:\/\/www.grieta.org.mx\/index.php\/2015\/07\/03\/movilizaciones-por-ayotzinapa-en-veracruz\/","url_meta":{"origin":59878,"position":2},"title":"Movilizaciones por Ayotzinapa en Veracruz","author":"Admin","date":"3 julio, 2015","format":false,"excerpt":"03\/07\/15. Visita comitiva de los padres de los 43 Desaparecidos y 3 Asesinados Sierras de Veracruz y Oaxaca Zapateando 29\/06\/15. Familiares de desaparecidos unen su lucha con organizaciones ind\u00edgenas del sur de Veracruz Zapateando","rel":"","context":"En &quot;Desaparecidos&quot;","block_context":{"text":"Desaparecidos","link":"https:\/\/www.grieta.org.mx\/index.php\/category\/temas-nacionales\/desaparecidos\/"},"img":{"alt_text":"","src":"https:\/\/i0.wp.com\/www.grieta.org.mx\/wp-content\/uploads\/2018\/03\/14524434_1106112876131411_958039263622046936_o.jpg?resize=350%2C200&ssl=1","width":350,"height":200,"srcset":"https:\/\/i0.wp.com\/www.grieta.org.mx\/wp-content\/uploads\/2018\/03\/14524434_1106112876131411_958039263622046936_o.jpg?resize=350%2C200&ssl=1 1x, https:\/\/i0.wp.com\/www.grieta.org.mx\/wp-content\/uploads\/2018\/03\/14524434_1106112876131411_958039263622046936_o.jpg?resize=525%2C300&ssl=1 1.5x, https:\/\/i0.wp.com\/www.grieta.org.mx\/wp-content\/uploads\/2018\/03\/14524434_1106112876131411_958039263622046936_o.jpg?resize=700%2C400&ssl=1 2x"},"classes":[]},{"id":45506,"url":"https:\/\/www.grieta.org.mx\/index.php\/2020\/03\/03\/colectivo-de-puebla-si-encontro-a-desaparecidos-tras-intervenir-fosas-clandestinas-en-veracruz\/","url_meta":{"origin":59878,"position":3},"title":"Colectivo de Puebla s\u00ed encontr\u00f3 a desaparecidos tras intervenir fosas clandestinas en Veracruz","author":"Admin","date":"3 marzo, 2020","format":false,"excerpt":"Magarely Hern\u00e1ndez \/ P\u00e1gina Negra Tras intervenir fosas clandestinas en el estado de Veracruz, el colectivo \u201cVoz de los Desaparecidos\u201d de Puebla encontr\u00f3 restos de personas que podr\u00edan ser algunos poblanos buscados desde hace varios meses e incluso a\u00f1os. As\u00ed lo confirm\u00f3 a P\u00c1GINA NEGRA Mar\u00eda Luisa N\u00fa\u00f1ez, vocera del\u2026","rel":"","context":"En &quot;CINTILLO&quot;","block_context":{"text":"CINTILLO","link":"https:\/\/www.grieta.org.mx\/index.php\/category\/cintillo\/"},"img":{"alt_text":"","src":"https:\/\/i0.wp.com\/www.grieta.org.mx\/wp-content\/uploads\/2020\/03\/Captura-de-pantalla-2020-03-04-a-las-12.03.59-p.m..png?resize=350%2C200&ssl=1","width":350,"height":200,"srcset":"https:\/\/i0.wp.com\/www.grieta.org.mx\/wp-content\/uploads\/2020\/03\/Captura-de-pantalla-2020-03-04-a-las-12.03.59-p.m..png?resize=350%2C200&ssl=1 1x, https:\/\/i0.wp.com\/www.grieta.org.mx\/wp-content\/uploads\/2020\/03\/Captura-de-pantalla-2020-03-04-a-las-12.03.59-p.m..png?resize=525%2C300&ssl=1 1.5x"},"classes":[]},{"id":32524,"url":"https:\/\/www.grieta.org.mx\/index.php\/2019\/03\/30\/asesinan-en-veracruz-a-activista-abiram-hernandez-activista-por-los-desaparecidos\/","url_meta":{"origin":59878,"position":4},"title":"Asesinan en Veracruz a activista Abir\u00e1m Hern\u00e1ndez, activista por los desaparecidos","author":"grieta","date":"30 marzo, 2019","format":false,"excerpt":"Abir\u00e1m Hern\u00e1ndez, ex integrante del colectivo Por la Paz de Xalapa, fue asesinado el d\u00eda de ayer de manera artera: su cuerpo fue encontrado en la sala de su casa con un golpe en la cabeza que le quit\u00f3 la vida, luego de que fueran forzadas las entradas a su\u2026","rel":"","context":"En &quot;Asesinato de activistas en Veracruz&quot;","block_context":{"text":"Asesinato de activistas en Veracruz","link":"https:\/\/www.grieta.org.mx\/index.php\/category\/noticias-nacionales\/veracruz\/asesinato-de-activistas-en-veracruz\/"},"img":{"alt_text":"","src":"https:\/\/i0.wp.com\/www.grieta.org.mx\/wp-content\/uploads\/2019\/04\/36539725_10160675006530442_3325318810486964224_n.jpg?resize=350%2C200&ssl=1","width":350,"height":200,"srcset":"https:\/\/i0.wp.com\/www.grieta.org.mx\/wp-content\/uploads\/2019\/04\/36539725_10160675006530442_3325318810486964224_n.jpg?resize=350%2C200&ssl=1 1x, https:\/\/i0.wp.com\/www.grieta.org.mx\/wp-content\/uploads\/2019\/04\/36539725_10160675006530442_3325318810486964224_n.jpg?resize=525%2C300&ssl=1 1.5x, https:\/\/i0.wp.com\/www.grieta.org.mx\/wp-content\/uploads\/2019\/04\/36539725_10160675006530442_3325318810486964224_n.jpg?resize=700%2C400&ssl=1 2x"},"classes":[]},{"id":56869,"url":"https:\/\/www.grieta.org.mx\/index.php\/2021\/01\/31\/solo-en-elecciones-politicos-de-veracruz-se-acuerdan-de-desaparecidos-critican\/","url_meta":{"origin":59878,"position":5},"title":"S\u00f3lo en elecciones pol\u00edticos de Veracruz se acuerdan de desaparecidos, critican","author":"grieta","date":"31 enero, 2021","format":false,"excerpt":"La activista Araceli Salcedo advirti\u00f3 que no habr\u00e1 votos para quien no lo merezca Tania Guzm\u00e1n \/ Al calor pol\u00edtico La representante del Colectivo de Familiares de Desaparecidos Orizaba-C\u00f3rdoba, Araceli Salcedo, critic\u00f3 que durante las \u00e9pocas electorales los pol\u00edticos se acuerdan de las v\u00edctimas de desapariciones. Seg\u00fan la activistas, ahora\u2026","rel":"","context":"En &quot;CINTILLO&quot;","block_context":{"text":"CINTILLO","link":"https:\/\/www.grieta.org.mx\/index.php\/category\/cintillo\/"},"img":{"alt_text":"","src":"https:\/\/i0.wp.com\/www.grieta.org.mx\/wp-content\/uploads\/2021\/02\/Screenshot_2021-02-09-Solo-en-elecciones-politicos-de-Veracruz-se-acuerdan-de-desaparecidos-critican.png?resize=350%2C200&ssl=1","width":350,"height":200,"srcset":"https:\/\/i0.wp.com\/www.grieta.org.mx\/wp-content\/uploads\/2021\/02\/Screenshot_2021-02-09-Solo-en-elecciones-politicos-de-Veracruz-se-acuerdan-de-desaparecidos-critican.png?resize=350%2C200&ssl=1 1x, https:\/\/i0.wp.com\/www.grieta.org.mx\/wp-content\/uploads\/2021\/02\/Screenshot_2021-02-09-Solo-en-elecciones-politicos-de-Veracruz-se-acuerdan-de-desaparecidos-critican.png?resize=525%2C300&ssl=1 1.5x, https:\/\/i0.wp.com\/www.grieta.org.mx\/wp-content\/uploads\/2021\/02\/Screenshot_2021-02-09-Solo-en-elecciones-politicos-de-Veracruz-se-acuerdan-de-desaparecidos-critican.png?resize=700%2C400&ssl=1 2x"},"classes":[]}],"_links":{"self":[{"href":"https:\/\/www.grieta.org.mx\/index.php\/wp-json\/wp\/v2\/posts\/59878","targetHints":{"allow":["GET"]}}],"collection":[{"href":"https:\/\/www.grieta.org.mx\/index.php\/wp-json\/wp\/v2\/posts"}],"about":[{"href":"https:\/\/www.grieta.org.mx\/index.php\/wp-json\/wp\/v2\/types\/post"}],"author":[{"embeddable":true,"href":"https:\/\/www.grieta.org.mx\/index.php\/wp-json\/wp\/v2\/users\/2"}],"replies":[{"embeddable":true,"href":"https:\/\/www.grieta.org.mx\/index.php\/wp-json\/wp\/v2\/comments?post=59878"}],"version-history":[{"count":1,"href":"https:\/\/www.grieta.org.mx\/index.php\/wp-json\/wp\/v2\/posts\/59878\/revisions"}],"predecessor-version":[{"id":59884,"href":"https:\/\/www.grieta.org.mx\/index.php\/wp-json\/wp\/v2\/posts\/59878\/revisions\/59884"}],"wp:featuredmedia":[{"embeddable":true,"href":"https:\/\/www.grieta.org.mx\/index.php\/wp-json\/wp\/v2\/media\/59879"}],"wp:attachment":[{"href":"https:\/\/www.grieta.org.mx\/index.php\/wp-json\/wp\/v2\/media?parent=59878"}],"wp:term":[{"taxonomy":"category","embeddable":true,"href":"https:\/\/www.grieta.org.mx\/index.php\/wp-json\/wp\/v2\/categories?post=59878"},{"taxonomy":"post_tag","embeddable":true,"href":"https:\/\/www.grieta.org.mx\/index.php\/wp-json\/wp\/v2\/tags?post=59878"}],"curies":[{"name":"wp","href":"https:\/\/api.w.org\/{rel}","templated":true}]}}