{"id":59874,"date":"2021-06-18T13:01:52","date_gmt":"2021-06-18T18:01:52","guid":{"rendered":"https:\/\/www.grieta.org.mx\/?p=59874"},"modified":"2021-06-21T13:06:08","modified_gmt":"2021-06-21T18:06:08","slug":"protestan-familiares-de-desaparecidos-en-visita-de-amlo-al-norte-de-veracruz","status":"publish","type":"post","link":"https:\/\/www.grieta.org.mx\/index.php\/2021\/06\/18\/protestan-familiares-de-desaparecidos-en-visita-de-amlo-al-norte-de-veracruz\/","title":{"rendered":"Protestan familiares de desaparecidos en visita de AMLO al norte de Veracruz"},"content":{"rendered":"<p>Jos\u00e9 Mart\u00edn Mart\u00ednez de la Torre \/ Imagen de Veracruz <\/p>\n<p>Integrantes del colectivo &#8220;Mar\u00eda Herrera Tlapacoyan&#8221; mantienen una protesta previo a la llegada del presidente Andr\u00e9s Manuel L\u00f3pez Obrador, para pedir apoyo con el objetivo de localizar a sus desaparecidos.<\/p>\n<p>Se trata de cuatro familias que se apostaron en el entronque de la autopista Cardel-Poza Rica, para solicitar la intervenci\u00f3n del gobierno federal y dar con el paradero de tres j\u00f3venes y una adolescente que fueron secuestrados, algunos desde el 2017, otros m\u00e1s en el 2020.<\/p>\n<p>Con solo 21 a\u00f1os desapareci\u00f3 Cristian Mart\u00ednez Rosas en diciembre del 2017 en el municipio de Tlapacoyan. La joven Anayeli Mora Mendieta, de 18 a\u00f1os, se extravi\u00f3 el pasado 26 de junio del 2019 en la comunidad La Cochota de Atzalan.<\/p>\n<p>El adolescente \u00d3scar Valera Aparicio, de 26 a\u00f1os, se extravi\u00f3 el 21 de mayo del 2020 en la localidad La Palmilla del municipio de Tlapacoyan. Otro caso es el de Arcadio Lucas Gregorio, desaparecido el pasado 30 de junio del 2020 en el \u00e1rea de Anexo Pilares en Atzalan.<\/p>\n<p>Con pancartas, los familiares aprovecharon la visita de L\u00f3pez Obrador para pedirle que intervenga ante las autoridades a fin de esclarecer las desapariciones.<\/p>\n<p><a href=\"https:\/\/imagendeveracruz.mx\/estado\/protestan-familiares-de-desaparecidos-en-visita-de-amlo-al-norte-de-veracruz\/50102959\" rel=\"noopener\" target=\"_blank\">https:\/\/imagendeveracruz.mx\/estado\/protestan-familiares-de-desaparecidos-en-visita-de-amlo-al-norte-de-veracruz\/50102959<\/a><\/p>\n","protected":false},"excerpt":{"rendered":"<p>Jos\u00e9 Mart\u00edn Mart\u00ednez de la Torre \/ Imagen de Veracruz Integrantes del colectivo &#8220;Mar\u00eda Herrera Tlapacoyan&#8221; mantienen una protesta previo a la llegada del presidente Andr\u00e9s Manuel L\u00f3pez Obrador, para &hellip; <a href=\"https:\/\/www.grieta.org.mx\/index.php\/2021\/06\/18\/protestan-familiares-de-desaparecidos-en-visita-de-amlo-al-norte-de-veracruz\/\" class=\"more-link\">Leer m\u00e1s<\/a><\/p>\n","protected":false},"author":2,"featured_media":59875,"comment_status":"closed","ping_status":"closed","sticky":false,"template":"","format":"standard","meta":{"ngg_post_thumbnail":0,"_jetpack_newsletter_access":"","_jetpack_dont_email_post_to_subs":false,"_jetpack_newsletter_tier_id":0,"_jetpack_memberships_contains_paywalled_content":false,"_jetpack_memberships_contains_paid_content":false,"footnotes":""},"categories":[80,87,1012,2,83,35],"tags":[2484,121],"class_list":["post-59874","post","type-post","status-publish","format-standard","has-post-thumbnail","hentry","category-cintillo","category-desaparecidos","category-desaparecidos-en-veracruz","category-noticias-nacionales","category-temas-nacionales","category-veracruz","tag-buscadoras","tag-desaparecidos","entry"],"jetpack_featured_media_url":"https:\/\/www.grieta.org.mx\/wp-content\/uploads\/2021\/06\/Screenshot-2021-06-21-at-13-03-52-Protestan-familiares-de-desaparecidos-en-visita-de-AMLO-al-norte-de-Veracruz.png","jetpack_sharing_enabled":true,"jetpack_shortlink":"https:\/\/wp.me\/p7ZJR4-fzI","jetpack_likes_enabled":false,"jetpack-related-posts":[{"id":25692,"url":"https:\/\/www.grieta.org.mx\/index.php\/2018\/08\/05\/lucha-por-los-desaparecidos-en-orizaba-cordoba-veracruz\/","url_meta":{"origin":59874,"position":0},"title":"Lucha por los desaparecidos en Orizaba &#8211; C\u00f3rdoba, Veracruz","author":"grieta","date":"5 agosto, 2018","format":false,"excerpt":"CENCOS \/ Redacci\u00f3n","rel":"","context":"En &quot;CINTILLO&quot;","block_context":{"text":"CINTILLO","link":"https:\/\/www.grieta.org.mx\/index.php\/category\/cintillo\/"},"img":{"alt_text":"","src":"https:\/\/i0.wp.com\/www.grieta.org.mx\/wp-content\/uploads\/2018\/08\/WhatsApp-Image-2016-10-12-at-16.26.19.jpeg?resize=350%2C200&ssl=1","width":350,"height":200,"srcset":"https:\/\/i0.wp.com\/www.grieta.org.mx\/wp-content\/uploads\/2018\/08\/WhatsApp-Image-2016-10-12-at-16.26.19.jpeg?resize=350%2C200&ssl=1 1x, https:\/\/i0.wp.com\/www.grieta.org.mx\/wp-content\/uploads\/2018\/08\/WhatsApp-Image-2016-10-12-at-16.26.19.jpeg?resize=525%2C300&ssl=1 1.5x, https:\/\/i0.wp.com\/www.grieta.org.mx\/wp-content\/uploads\/2018\/08\/WhatsApp-Image-2016-10-12-at-16.26.19.jpeg?resize=700%2C400&ssl=1 2x, https:\/\/i0.wp.com\/www.grieta.org.mx\/wp-content\/uploads\/2018\/08\/WhatsApp-Image-2016-10-12-at-16.26.19.jpeg?resize=1050%2C600&ssl=1 3x"},"classes":[]},{"id":53697,"url":"https:\/\/www.grieta.org.mx\/index.php\/2020\/09\/20\/familiares-de-desaparecidos-en-veracruz-denuncian-amenazas-de-expolicias\/","url_meta":{"origin":59874,"position":1},"title":"Familiares de desaparecidos en Veracruz denuncian amenazas de expolic\u00edas","author":"Admin","date":"20 septiembre, 2020","format":false,"excerpt":"Jes\u00fas Rodr\u00edguez \/ Quadrat\u00edn Veracruz POZA RICA, Ver., 20 de septiembre de 2020.- Familiares de desaparecidos denuncian amenazas de parte de exelementos policiacos que propiciaron la desaparici\u00f3n de integrantes de sus familias y de quienes no saben nada desde hace 10 a\u00f1os; adem\u00e1s acusaron que los expolic\u00edas en su momento\u2026","rel":"","context":"En &quot;CINTILLO&quot;","block_context":{"text":"CINTILLO","link":"https:\/\/www.grieta.org.mx\/index.php\/category\/cintillo\/"},"img":{"alt_text":"","src":"https:\/\/i0.wp.com\/www.grieta.org.mx\/wp-content\/uploads\/2020\/09\/95EFF44D-50E7-4C96-84D6-B2620E8F5AFB-1160x700-1.jpeg?resize=350%2C200&ssl=1","width":350,"height":200,"srcset":"https:\/\/i0.wp.com\/www.grieta.org.mx\/wp-content\/uploads\/2020\/09\/95EFF44D-50E7-4C96-84D6-B2620E8F5AFB-1160x700-1.jpeg?resize=350%2C200&ssl=1 1x, https:\/\/i0.wp.com\/www.grieta.org.mx\/wp-content\/uploads\/2020\/09\/95EFF44D-50E7-4C96-84D6-B2620E8F5AFB-1160x700-1.jpeg?resize=525%2C300&ssl=1 1.5x, https:\/\/i0.wp.com\/www.grieta.org.mx\/wp-content\/uploads\/2020\/09\/95EFF44D-50E7-4C96-84D6-B2620E8F5AFB-1160x700-1.jpeg?resize=700%2C400&ssl=1 2x, https:\/\/i0.wp.com\/www.grieta.org.mx\/wp-content\/uploads\/2020\/09\/95EFF44D-50E7-4C96-84D6-B2620E8F5AFB-1160x700-1.jpeg?resize=1050%2C600&ssl=1 3x"},"classes":[]},{"id":32524,"url":"https:\/\/www.grieta.org.mx\/index.php\/2019\/03\/30\/asesinan-en-veracruz-a-activista-abiram-hernandez-activista-por-los-desaparecidos\/","url_meta":{"origin":59874,"position":2},"title":"Asesinan en Veracruz a activista Abir\u00e1m Hern\u00e1ndez, activista por los desaparecidos","author":"grieta","date":"30 marzo, 2019","format":false,"excerpt":"Abir\u00e1m Hern\u00e1ndez, ex integrante del colectivo Por la Paz de Xalapa, fue asesinado el d\u00eda de ayer de manera artera: su cuerpo fue encontrado en la sala de su casa con un golpe en la cabeza que le quit\u00f3 la vida, luego de que fueran forzadas las entradas a su\u2026","rel":"","context":"En &quot;Asesinato de activistas en Veracruz&quot;","block_context":{"text":"Asesinato de activistas en Veracruz","link":"https:\/\/www.grieta.org.mx\/index.php\/category\/noticias-nacionales\/veracruz\/asesinato-de-activistas-en-veracruz\/"},"img":{"alt_text":"","src":"https:\/\/i0.wp.com\/www.grieta.org.mx\/wp-content\/uploads\/2019\/04\/36539725_10160675006530442_3325318810486964224_n.jpg?resize=350%2C200&ssl=1","width":350,"height":200,"srcset":"https:\/\/i0.wp.com\/www.grieta.org.mx\/wp-content\/uploads\/2019\/04\/36539725_10160675006530442_3325318810486964224_n.jpg?resize=350%2C200&ssl=1 1x, https:\/\/i0.wp.com\/www.grieta.org.mx\/wp-content\/uploads\/2019\/04\/36539725_10160675006530442_3325318810486964224_n.jpg?resize=525%2C300&ssl=1 1.5x, https:\/\/i0.wp.com\/www.grieta.org.mx\/wp-content\/uploads\/2019\/04\/36539725_10160675006530442_3325318810486964224_n.jpg?resize=700%2C400&ssl=1 2x"},"classes":[]},{"id":53343,"url":"https:\/\/www.grieta.org.mx\/index.php\/2020\/08\/25\/preocupa-aumento-en-desapariciones-de-menores-en-veracruz-solecito\/","url_meta":{"origin":59874,"position":3},"title":"Preocupa aumento en desapariciones de menores en Veracruz: Solecito","author":"grieta","date":"25 agosto, 2020","format":false,"excerpt":"MARCELO L. BERMUDEZ \/ La Silla Rota Por medio de sus redes sociales, integrantes del Colectivo Solecito de b\u00fasqueda de desaparecidos, expresaron su preocupaci\u00f3n por las recientes desapariciones de menores de edad en Veracruz, que en los dos meses anteriores suman al menos 21 casos reportados por la Comisi\u00f3n Estatal\u2026","rel":"","context":"En &quot;CINTILLO&quot;","block_context":{"text":"CINTILLO","link":"https:\/\/www.grieta.org.mx\/index.php\/category\/cintillo\/"},"img":{"alt_text":"","src":"https:\/\/i0.wp.com\/www.grieta.org.mx\/wp-content\/uploads\/2020\/09\/screenshot20200825facebook-focus-0-0-983-557.jpg?resize=350%2C200&ssl=1","width":350,"height":200,"srcset":"https:\/\/i0.wp.com\/www.grieta.org.mx\/wp-content\/uploads\/2020\/09\/screenshot20200825facebook-focus-0-0-983-557.jpg?resize=350%2C200&ssl=1 1x, https:\/\/i0.wp.com\/www.grieta.org.mx\/wp-content\/uploads\/2020\/09\/screenshot20200825facebook-focus-0-0-983-557.jpg?resize=525%2C300&ssl=1 1.5x, https:\/\/i0.wp.com\/www.grieta.org.mx\/wp-content\/uploads\/2020\/09\/screenshot20200825facebook-focus-0-0-983-557.jpg?resize=700%2C400&ssl=1 2x"},"classes":[]},{"id":8525,"url":"https:\/\/www.grieta.org.mx\/index.php\/2015\/07\/03\/movilizaciones-por-ayotzinapa-en-veracruz\/","url_meta":{"origin":59874,"position":4},"title":"Movilizaciones por Ayotzinapa en Veracruz","author":"Admin","date":"3 julio, 2015","format":false,"excerpt":"03\/07\/15. Visita comitiva de los padres de los 43 Desaparecidos y 3 Asesinados Sierras de Veracruz y Oaxaca Zapateando 29\/06\/15. Familiares de desaparecidos unen su lucha con organizaciones ind\u00edgenas del sur de Veracruz Zapateando","rel":"","context":"En &quot;Desaparecidos&quot;","block_context":{"text":"Desaparecidos","link":"https:\/\/www.grieta.org.mx\/index.php\/category\/temas-nacionales\/desaparecidos\/"},"img":{"alt_text":"","src":"https:\/\/i0.wp.com\/www.grieta.org.mx\/wp-content\/uploads\/2018\/03\/14524434_1106112876131411_958039263622046936_o.jpg?resize=350%2C200&ssl=1","width":350,"height":200,"srcset":"https:\/\/i0.wp.com\/www.grieta.org.mx\/wp-content\/uploads\/2018\/03\/14524434_1106112876131411_958039263622046936_o.jpg?resize=350%2C200&ssl=1 1x, https:\/\/i0.wp.com\/www.grieta.org.mx\/wp-content\/uploads\/2018\/03\/14524434_1106112876131411_958039263622046936_o.jpg?resize=525%2C300&ssl=1 1.5x, https:\/\/i0.wp.com\/www.grieta.org.mx\/wp-content\/uploads\/2018\/03\/14524434_1106112876131411_958039263622046936_o.jpg?resize=700%2C400&ssl=1 2x"},"classes":[]},{"id":56869,"url":"https:\/\/www.grieta.org.mx\/index.php\/2021\/01\/31\/solo-en-elecciones-politicos-de-veracruz-se-acuerdan-de-desaparecidos-critican\/","url_meta":{"origin":59874,"position":5},"title":"S\u00f3lo en elecciones pol\u00edticos de Veracruz se acuerdan de desaparecidos, critican","author":"grieta","date":"31 enero, 2021","format":false,"excerpt":"La activista Araceli Salcedo advirti\u00f3 que no habr\u00e1 votos para quien no lo merezca Tania Guzm\u00e1n \/ Al calor pol\u00edtico La representante del Colectivo de Familiares de Desaparecidos Orizaba-C\u00f3rdoba, Araceli Salcedo, critic\u00f3 que durante las \u00e9pocas electorales los pol\u00edticos se acuerdan de las v\u00edctimas de desapariciones. Seg\u00fan la activistas, ahora\u2026","rel":"","context":"En &quot;CINTILLO&quot;","block_context":{"text":"CINTILLO","link":"https:\/\/www.grieta.org.mx\/index.php\/category\/cintillo\/"},"img":{"alt_text":"","src":"https:\/\/i0.wp.com\/www.grieta.org.mx\/wp-content\/uploads\/2021\/02\/Screenshot_2021-02-09-Solo-en-elecciones-politicos-de-Veracruz-se-acuerdan-de-desaparecidos-critican.png?resize=350%2C200&ssl=1","width":350,"height":200,"srcset":"https:\/\/i0.wp.com\/www.grieta.org.mx\/wp-content\/uploads\/2021\/02\/Screenshot_2021-02-09-Solo-en-elecciones-politicos-de-Veracruz-se-acuerdan-de-desaparecidos-critican.png?resize=350%2C200&ssl=1 1x, https:\/\/i0.wp.com\/www.grieta.org.mx\/wp-content\/uploads\/2021\/02\/Screenshot_2021-02-09-Solo-en-elecciones-politicos-de-Veracruz-se-acuerdan-de-desaparecidos-critican.png?resize=525%2C300&ssl=1 1.5x, https:\/\/i0.wp.com\/www.grieta.org.mx\/wp-content\/uploads\/2021\/02\/Screenshot_2021-02-09-Solo-en-elecciones-politicos-de-Veracruz-se-acuerdan-de-desaparecidos-critican.png?resize=700%2C400&ssl=1 2x"},"classes":[]}],"_links":{"self":[{"href":"https:\/\/www.grieta.org.mx\/index.php\/wp-json\/wp\/v2\/posts\/59874","targetHints":{"allow":["GET"]}}],"collection":[{"href":"https:\/\/www.grieta.org.mx\/index.php\/wp-json\/wp\/v2\/posts"}],"about":[{"href":"https:\/\/www.grieta.org.mx\/index.php\/wp-json\/wp\/v2\/types\/post"}],"author":[{"embeddable":true,"href":"https:\/\/www.grieta.org.mx\/index.php\/wp-json\/wp\/v2\/users\/2"}],"replies":[{"embeddable":true,"href":"https:\/\/www.grieta.org.mx\/index.php\/wp-json\/wp\/v2\/comments?post=59874"}],"version-history":[{"count":1,"href":"https:\/\/www.grieta.org.mx\/index.php\/wp-json\/wp\/v2\/posts\/59874\/revisions"}],"predecessor-version":[{"id":59877,"href":"https:\/\/www.grieta.org.mx\/index.php\/wp-json\/wp\/v2\/posts\/59874\/revisions\/59877"}],"wp:featuredmedia":[{"embeddable":true,"href":"https:\/\/www.grieta.org.mx\/index.php\/wp-json\/wp\/v2\/media\/59875"}],"wp:attachment":[{"href":"https:\/\/www.grieta.org.mx\/index.php\/wp-json\/wp\/v2\/media?parent=59874"}],"wp:term":[{"taxonomy":"category","embeddable":true,"href":"https:\/\/www.grieta.org.mx\/index.php\/wp-json\/wp\/v2\/categories?post=59874"},{"taxonomy":"post_tag","embeddable":true,"href":"https:\/\/www.grieta.org.mx\/index.php\/wp-json\/wp\/v2\/tags?post=59874"}],"curies":[{"name":"wp","href":"https:\/\/api.w.org\/{rel}","templated":true}]}}