{"id":59835,"date":"2021-06-19T19:57:52","date_gmt":"2021-06-20T00:57:52","guid":{"rendered":"https:\/\/www.grieta.org.mx\/?p=59835"},"modified":"2021-06-21T23:20:37","modified_gmt":"2021-06-22T04:20:37","slug":"la-otra-europa-realiza-conferencia-de-prensa-en-vigo-galicia-por-la-llegada-de-la-delegacion-zapatista-video","status":"publish","type":"post","link":"https:\/\/www.grieta.org.mx\/index.php\/2021\/06\/19\/la-otra-europa-realiza-conferencia-de-prensa-en-vigo-galicia-por-la-llegada-de-la-delegacion-zapatista-video\/","title":{"rendered":"La Otra Europa realiza conferencia de prensa en Vigo, Galicia, por la llegada de la delegaci\u00f3n zapatista (video)"},"content":{"rendered":"<p>COLECTIVO GRIETA\/con informaci\u00f3n de Y RETIEMBLE! MADRID<br \/>\nFOTO: cedida Espacio ECOAR\/ EL SALTO<\/p>\n<p><iframe loading=\"lazy\" title=\"YouTube video player\" src=\"https:\/\/www.youtube.com\/embed\/a-fAR72GZ2U\" width=\"640\" height=\"444\" frameborder=\"0\" allowfullscreen=\"allowfullscreen\"><span data-mce-type=\"bookmark\" style=\"display: inline-block; width: 0px; overflow: hidden; line-height: 0;\" class=\"mce_SELRES_start\">\ufeff<\/span><\/iframe><\/p>\n<p>Vigo, Galicia, 18 de junio.-En el puerto de Vigo, Galicia, Estado espa\u00f1ol, colectivos y organizaciones europeas de abajo y a la izquierda hicieron p\u00fablico su benepl\u00e1cito por la pronta llegada del velero La Monta\u00f1a, a bordo del cual ha logrado cruzar el Atl\u00e1ntico el Escuadr\u00f3n 421, conformado por 4 mujeres, 2 hombres y unoa compa\u00f1eroa, todos ind\u00edgenas pertenecientes a los diferentes pueblos mayas que conforman las bases de apoyo del Ej\u00e9rcito Zapatista de Liberaci\u00f3n Nacional.<br \/>\nPara informar a los medios de comunicaci\u00f3n y transmitir su alegr\u00eda y orgullo por recibir a la delegaci\u00f3n zapatista, estos colectivos organizaron una conferencia de prensa en la que se habl\u00f3 de la esperada \u201cgira que recorrer\u00e1 la mayor\u00eda de los pa\u00edses europeos con el objetivo de conocer a las gentes y las luchas de abajo y a la izquierda que hay en Europa, y que escuchemos aqu\u00ed las suyas, para entre todas, crear \u2018un mundo donde quepan muchos mundos\u2019\u201d.<br \/>\nEl primero en tomar la palabra fue un compa\u00f1ero de la Asamblea Galega Xira pola vida, conformada por colectivos y organizaciones sociales de toda Galicia, quien expres\u00f3 en gallego, esa lengua ancestral: \u201cVigo es el primer puerto de acogida de la Gira por la vida\u201d, donde se tiene programado que desembarquen en territorio continental los ind\u00edgenas que conforman esta avanzada de la delegaci\u00f3n zapatista. En esta misma lengua romance, se llam\u00f3 a reforzar los lazos de solidaridad entre los pueblos, a tejer redes de lucha y a acabar \u201ccon los malos gobiernos neoliberales\u201d.<br \/>\nDespu\u00e9s tomaron la palabra compa\u00f1eras provenientes de otros pa\u00edses europeos llegadas a este puerto provenientes de Alemania, Grecia, Suiza, Portugal, Euskal Herria (Pa\u00eds Vasco), Catalunya (Catalu\u00f1a), Andaluc\u00eda, Francia, B\u00e9lgica y tambi\u00e9n de M\u00e9xico. Las mujeres que tomaron la palabra situaron el contexto en el que se da esta Traves\u00eda por la vida destacando la importancia de este \u201cmomento hist\u00f3rico\u201d, en el que quinientos a\u00f1os despu\u00e9s de la conquista de Tenochtitl\u00e1n, la capital azteca, \u201cse repetir\u00e1 el viaje pero al rev\u00e9s\u201d, en una \u201cinvasi\u00f3n consensuada. Para eso estamos aqu\u00ed, apunt\u00f3 la compa\u00f1era y record\u00f3: \u201cdespu\u00e9s de m\u00e1s de 500 a\u00f1os la situaci\u00f3n de lucha continua y los ataques persisten. En los alrededores de las comunidades aut\u00f3nomas (en Chiapas) hay 15 mil militares estacionados, quienes junto con los paramilitares, especialmente el grupo criminal ORCAO, atacan constantemente a las comunidades zapatistas\u201d, cort\u00e1ndoles \u201cla luz, el agua, destrozando sus cafetales y cultivos (las milpas)\u201d. Tambi\u00e9n denunciaron el racismo y trabas que la SRE (Secretar\u00eda de Relaciones Exteriores), \u201cdependiente del mal gobierno de Andr\u00e9s Manuel L\u00f3pez Obrador\u201d, <a href=\"https:\/\/www.grieta.org.mx\/index.php\/2021\/06\/14\/carta-de-la-comision-sexta-zapatista-al-colectivo-llego-la-hora-de-los-pueblos\/\" target=\"_blank\" rel=\"noopener\">pone a la tramitaci\u00f3n de pasaportes por parte de los ind\u00edgenas zapatistas<\/a>.<br \/>\nLas compa\u00f1eras integrantes de los colectivos de la Otra Europa, con medio rostro cubierto por la mascarilla para protegerse del virus que asola al mundo, recordaron tambi\u00e9n a los miembros del \u201cCongreso Nacional Ind\u00edgena (CNI)\u201d que, como Samir Flores, \u201chan sido asesinados por defender sus territorios en M\u00e9xico\u201d por el actual y los anteriores gobiernos. Todo eso, dijeron, \u201cno nos es indiferente: hace ya muchos meses que nos estamos organizando en todos los territorios europeos para poder llevar adelante el proyecto de los compa\u00f1eras, compa\u00f1eros y compa\u00f1eroas zapatistas\u201d para recorrer este continente. Estamos llenos de esperanza y alegr\u00eda, rabia, dignidad y solidaridad. Ante la inminente llegada del barco La Monta\u00f1a a las costa de Vigo, hemos estado llegando muchas compa\u00f1eras de toda Europa\u201d a este puerto. De la misma manera, estas compa\u00f1eras aludieron al proceso organizativo que construyen \u201cpara poder recibir al Escuadr\u00f3n 421 tras su Odisea\u201d.<\/p>\n<div style=\"width: 640px;\" class=\"wp-video\"><video class=\"wp-video-shortcode\" id=\"video-59835-1\" width=\"640\" height=\"360\" preload=\"metadata\" controls=\"controls\"><source type=\"video\/mp4\" src=\"http:\/\/www.grieta.org.mx\/wp-content\/uploads\/2021\/06\/video_2021-06-18_10-50-27-Fragento-Confe-Prensa-Vigo-18-06-2021.mp4?_=1\" \/><a href=\"http:\/\/www.grieta.org.mx\/wp-content\/uploads\/2021\/06\/video_2021-06-18_10-50-27-Fragento-Confe-Prensa-Vigo-18-06-2021.mp4\">http:\/\/www.grieta.org.mx\/wp-content\/uploads\/2021\/06\/video_2021-06-18_10-50-27-Fragento-Confe-Prensa-Vigo-18-06-2021.mp4<\/a><\/video><\/div>\n<p>Una segunda compa\u00f1era record\u00f3 que \u201cel anuncio de la visita zapatista ha sido una sacudida, una inyecci\u00f3n de energ\u00eda para las personas y colectivos que se rebelan y luchan contra el capitalismo, el heteropatriarcado, el racismo, la destrucci\u00f3n de la madre tierra y todas las dem\u00e1s formas de opresi\u00f3n y violencia que sufrimos en nuestros territorios y cuerpos. En fin, para todas aquellas a las que nos hermana un profundo amor por la libertad y la vida en cualquiera de sus formas. \u201c\u2018\u00a1Despertad!\u2019\u201d, nos piden los compas zapatistas. Vamos hacia ese despertad, a salir de nuestras burbujas y zonas de confort, para superar los conflictos del pasado, y finalmente caminar juntas hacia ese nuevo mundo, donde quepan muchos mundos\u201d.<br \/>\nUna compa\u00f1era de la Asamblea de Vigo invit\u00f3 \u201ca toda la ciudadan\u00eda de Vigo, de Galicia, de Europa y del mundo entero a celebrar un momento tan importante como lo es la llegada del barco La Monta\u00f1a. Este barco que adem\u00e1s va cargado de ese virus de confianza, de esperanza, que todos los que estamos aqu\u00ed hemos conocido en las comunidades zapatistas: el virus del amor que necesitamos\u201d, por lo que apunt\u00f3 que la \u201cprensa debe reflejar esta otra realidad, la realidad que queremos construir con esta confianza, con esta esperanza\u201d aprendiendo de la cosmovisi\u00f3n de los pueblos mayas zapatistas. \u201cBienvenidos a todos los que est\u00e1n aqu\u00ed y una gran alegr\u00eda y sobre todo agradecimiento a todas las compas que estamos aqu\u00ed\u201d.<br \/>\nFinalmente, se reiter\u00f3 la invitaci\u00f3n a toda la gente de Vigo para entre todas y todos \u201cbrindarles un gran recibimiento\u201d. Para este acto se ha programado la presentaci\u00f3n de m\u00fasica tradicional gallega, batucadas y la escucha de algunas palabras de la delegaci\u00f3n zapatista. Para los d\u00edas posteriores se han contemplado y est\u00e1n por organizarse diferentes actos que se dar\u00e1n a conocer pr\u00f3ximamente.<\/p>\n","protected":false},"excerpt":{"rendered":"<p>COLECTIVO GRIETA\/con informaci\u00f3n de Y RETIEMBLE! MADRID FOTO: cedida Espacio ECOAR\/ EL SALTO \ufeff Vigo, Galicia, 18 de junio.-En el puerto de Vigo, Galicia, Estado espa\u00f1ol, colectivos y organizaciones europeas &hellip; <a href=\"https:\/\/www.grieta.org.mx\/index.php\/2021\/06\/19\/la-otra-europa-realiza-conferencia-de-prensa-en-vigo-galicia-por-la-llegada-de-la-delegacion-zapatista-video\/\" class=\"more-link\">Leer m\u00e1s<\/a><\/p>\n","protected":false},"author":2,"featured_media":59838,"comment_status":"closed","ping_status":"closed","sticky":false,"template":"","format":"standard","meta":{"ngg_post_thumbnail":0,"_jetpack_newsletter_access":"","_jetpack_dont_email_post_to_subs":false,"_jetpack_newsletter_tier_id":0,"_jetpack_memberships_contains_paywalled_content":false,"_jetpack_memberships_contains_paid_content":false,"footnotes":""},"categories":[80,1775,2,2661,3916],"tags":[3934,466,3917],"class_list":["post-59835","post","type-post","status-publish","format-standard","has-post-thumbnail","hentry","category-cintillo","category-colectivo-grieta","category-noticias-nacionales","category-redes-de-resistencia-y-rebeldia","category-travesia-por-la-vida","tag-europa","tag-ezln","tag-travesia-por-la-vida","entry"],"jetpack_featured_media_url":"https:\/\/www.grieta.org.mx\/wp-content\/uploads\/2021\/06\/Montana-3.jpg","jetpack_sharing_enabled":true,"jetpack_shortlink":"https:\/\/wp.me\/p7ZJR4-fz5","jetpack_likes_enabled":false,"jetpack-related-posts":[{"id":59916,"url":"https:\/\/www.grieta.org.mx\/index.php\/2021\/06\/23\/travesia-por-la-vida-indigenas-mayas-del-ezln-desembarcan-en-europa-galeria-de-videos-y-fotos\/","url_meta":{"origin":59835,"position":0},"title":"Traves\u00eda por la vida: Ind\u00edgenas mayas del EZLN desembarcan en Europa (galer\u00eda de videos y fotos)","author":"grieta","date":"23 junio, 2021","format":false,"excerpt":"COLECTIVO GRIETA\/ con informaci\u00f3n, fotos y videos de la COORDINACI\u00d3N EUROPEA PARA El \"Viaje por la vida\" y COLECTIVOS DE LA OTRA EUROPA ayer rebautizada SLUMIL K\u00b4AJXEMK\u00b4OP (\u201cTierra Insumisa\u201d, \u201cTierra que no se resigna, que no desmaya\u201d). Al grito de \u00a1Zapata vive! y \u00a1Viva el EZLN!, despu\u00e9s de tres lluviosas\u00a0\u2026","rel":"","context":"En &quot;CINTILLO&quot;","block_context":{"text":"CINTILLO","link":"https:\/\/www.grieta.org.mx\/index.php\/category\/cintillo\/"},"img":{"alt_text":"","src":"https:\/\/i0.wp.com\/www.grieta.org.mx\/wp-content\/uploads\/2021\/06\/photo_2021-05-19_23-45-27.jpg?resize=350%2C200&ssl=1","width":350,"height":200,"srcset":"https:\/\/i0.wp.com\/www.grieta.org.mx\/wp-content\/uploads\/2021\/06\/photo_2021-05-19_23-45-27.jpg?resize=350%2C200&ssl=1 1x, https:\/\/i0.wp.com\/www.grieta.org.mx\/wp-content\/uploads\/2021\/06\/photo_2021-05-19_23-45-27.jpg?resize=525%2C300&ssl=1 1.5x, https:\/\/i0.wp.com\/www.grieta.org.mx\/wp-content\/uploads\/2021\/06\/photo_2021-05-19_23-45-27.jpg?resize=700%2C400&ssl=1 2x, https:\/\/i0.wp.com\/www.grieta.org.mx\/wp-content\/uploads\/2021\/06\/photo_2021-05-19_23-45-27.jpg?resize=1050%2C600&ssl=1 3x"},"classes":[]},{"id":59433,"url":"https:\/\/www.grieta.org.mx\/index.php\/2021\/05\/22\/preparativos-en-la-otra-europa-para-recibir-a-la-travesia-zapatista-por-la-vida-videos-y-fotos\/","url_meta":{"origin":59835,"position":1},"title":"Preparativos en la Otra Europa para recibir a la &#8220;Traves\u00eda zapatista por la vida&#8221; (VIDEOS y FOTOS)","author":"grieta","date":"22 mayo, 2021","format":false,"excerpt":"Los pasados 15 y 16 de mayo, distintos colectivos y organizaciones europeas de abajo y a la izquierda realizaron actividades en preparaci\u00f3n de la llegada de parte de la delegaci\u00f3n del Ej\u00e9rcito Zapatista de Liberaci\u00f3n Nacional (EZLN) que navega hacia el Viejo Continente.\u00a0 Se comparten las im\u00e1genes de algunas de\u2026","rel":"","context":"En &quot;CINTILLO&quot;","block_context":{"text":"CINTILLO","link":"https:\/\/www.grieta.org.mx\/index.php\/category\/cintillo\/"},"img":{"alt_text":"","src":"https:\/\/i0.wp.com\/www.grieta.org.mx\/wp-content\/uploads\/2021\/05\/photo_2021-05-19_23-45-27.jpg?resize=350%2C200&ssl=1","width":350,"height":200,"srcset":"https:\/\/i0.wp.com\/www.grieta.org.mx\/wp-content\/uploads\/2021\/05\/photo_2021-05-19_23-45-27.jpg?resize=350%2C200&ssl=1 1x, https:\/\/i0.wp.com\/www.grieta.org.mx\/wp-content\/uploads\/2021\/05\/photo_2021-05-19_23-45-27.jpg?resize=525%2C300&ssl=1 1.5x, https:\/\/i0.wp.com\/www.grieta.org.mx\/wp-content\/uploads\/2021\/05\/photo_2021-05-19_23-45-27.jpg?resize=700%2C400&ssl=1 2x, https:\/\/i0.wp.com\/www.grieta.org.mx\/wp-content\/uploads\/2021\/05\/photo_2021-05-19_23-45-27.jpg?resize=1050%2C600&ssl=1 3x"},"classes":[]},{"id":60587,"url":"https:\/\/www.grieta.org.mx\/index.php\/2021\/05\/18\/numerosas-ciudades-europeas-muestran-su-apoyo-a-la-gira-por-la-vida-zapatista\/","url_meta":{"origin":59835,"position":2},"title":"Numerosas ciudades europeas muestran su apoyo a la \u2018Gira por la vida\u2019 Zapatista","author":"grieta","date":"18 mayo, 2021","format":false,"excerpt":"Se han celebrado diversas acciones ante la inminente llegada a Europa del \u201cvirus\u201d de la resistencia y rebeld\u00eda zapatistas. Redacci\u00f3n LA TERCERA Este fin de semana, varias decenas de ciudades europeas se han manifestado de manera simult\u00e1nea en apoyo a la \u2018Gira por la vida\u2019, como han bautizado las comunidades\u2026","rel":"","context":"En &quot;CINTILLO&quot;","block_context":{"text":"CINTILLO","link":"https:\/\/www.grieta.org.mx\/index.php\/category\/cintillo\/"},"img":{"alt_text":"","src":"https:\/\/i0.wp.com\/www.grieta.org.mx\/wp-content\/uploads\/2021\/07\/4096-2731-max..-1-950x0-c-default.jpg?resize=350%2C200&ssl=1","width":350,"height":200,"srcset":"https:\/\/i0.wp.com\/www.grieta.org.mx\/wp-content\/uploads\/2021\/07\/4096-2731-max..-1-950x0-c-default.jpg?resize=350%2C200&ssl=1 1x, https:\/\/i0.wp.com\/www.grieta.org.mx\/wp-content\/uploads\/2021\/07\/4096-2731-max..-1-950x0-c-default.jpg?resize=525%2C300&ssl=1 1.5x, https:\/\/i0.wp.com\/www.grieta.org.mx\/wp-content\/uploads\/2021\/07\/4096-2731-max..-1-950x0-c-default.jpg?resize=700%2C400&ssl=1 2x"},"classes":[]},{"id":61204,"url":"https:\/\/www.grieta.org.mx\/index.php\/2021\/06\/13\/movilizaciones-en-artea-y-zeberio-para-celebrar-la-llegada-a-europa-de-la-gira-zapatista-euskal-herria-pais-vasco\/","url_meta":{"origin":59835,"position":3},"title":"Movilizaciones en Artea y Zeberio para celebrar la llegada a Europa de la gira zapatista (Euskal Herria\/Pa\u00ecs Vasco)","author":"grieta","date":"13 junio, 2021","format":false,"excerpt":"Este fin de semana se han repetido las movilizaciones en diferentes lugares de Europa para celebrar la llegada de la \u00abGira por la vida\u00bb zapatista al continente. En Euskal Herria se han organizado actos en Zeberio y Artea. En Zeberio han pintado un un mural con motivo de la gira\u2026","rel":"","context":"En &quot;CINTILLO&quot;","block_context":{"text":"CINTILLO","link":"https:\/\/www.grieta.org.mx\/index.php\/category\/cintillo\/"},"img":{"alt_text":"","src":"https:\/\/i0.wp.com\/www.grieta.org.mx\/wp-content\/uploads\/2021\/08\/Zeberio.png?resize=350%2C200&ssl=1","width":350,"height":200,"srcset":"https:\/\/i0.wp.com\/www.grieta.org.mx\/wp-content\/uploads\/2021\/08\/Zeberio.png?resize=350%2C200&ssl=1 1x, https:\/\/i0.wp.com\/www.grieta.org.mx\/wp-content\/uploads\/2021\/08\/Zeberio.png?resize=525%2C300&ssl=1 1.5x, https:\/\/i0.wp.com\/www.grieta.org.mx\/wp-content\/uploads\/2021\/08\/Zeberio.png?resize=700%2C400&ssl=1 2x"},"classes":[]},{"id":59140,"url":"https:\/\/www.grieta.org.mx\/index.php\/2021\/05\/03\/saludan-en-la-ciudad-de-mexico-el-inicio-de-la-travesia-maritima-zapatista-a-europa\/","url_meta":{"origin":59835,"position":4},"title":"Saludan en la Ciudad de M\u00e9xico el inicio de la traves\u00eda mar\u00edtima zapatista a Europa","author":"grieta","date":"3 mayo, 2021","format":false,"excerpt":"COLECTIVO GRIETA, Ciudad de M\u00e9xico, 2 de mayo.- Para hacer p\u00fablica su adhesi\u00f3n a la reciente iniciativa del Ej\u00e9rcito Zapatista de Liberaci\u00f3n Nacional (EZLN), \"Zapatistas. Una traves\u00eda por la vida\", y desearles buen viaje a los siete ind\u00edgenas mayas (tzotziles, tzeltales, choles y tojolabales) \u00a0integrantes del Escuadr\u00f3n 421 \u00a0que hoy\u2026","rel":"","context":"En &quot;CINTILLO&quot;","block_context":{"text":"CINTILLO","link":"https:\/\/www.grieta.org.mx\/index.php\/category\/cintillo\/"},"img":{"alt_text":"","src":"https:\/\/i0.wp.com\/www.grieta.org.mx\/wp-content\/uploads\/2021\/05\/Screenshot_2021-05-03-Saludan-en-la-Ciudad-de-Mexico-el-inicio-de-la-travesia-maritima-zapatista-a-Europa.png?resize=350%2C200&ssl=1","width":350,"height":200,"srcset":"https:\/\/i0.wp.com\/www.grieta.org.mx\/wp-content\/uploads\/2021\/05\/Screenshot_2021-05-03-Saludan-en-la-Ciudad-de-Mexico-el-inicio-de-la-travesia-maritima-zapatista-a-Europa.png?resize=350%2C200&ssl=1 1x, https:\/\/i0.wp.com\/www.grieta.org.mx\/wp-content\/uploads\/2021\/05\/Screenshot_2021-05-03-Saludan-en-la-Ciudad-de-Mexico-el-inicio-de-la-travesia-maritima-zapatista-a-Europa.png?resize=525%2C300&ssl=1 1.5x, https:\/\/i0.wp.com\/www.grieta.org.mx\/wp-content\/uploads\/2021\/05\/Screenshot_2021-05-03-Saludan-en-la-Ciudad-de-Mexico-el-inicio-de-la-travesia-maritima-zapatista-a-Europa.png?resize=700%2C400&ssl=1 2x"},"classes":[]},{"id":61465,"url":"https:\/\/www.grieta.org.mx\/index.php\/2021\/08\/22\/apenas-500-anos-despues-escuadron-maritimo-zapatista-en-voz-de-lupita-5-7\/","url_meta":{"origin":59835,"position":5},"title":"Apenas 500 a\u00f1os despu\u00e9s | Escuadr\u00f3n Mar\u00edtimo Zapatista \/ En voz de Lupita (5\/7)","author":"grieta","date":"22 agosto, 2021","format":false,"excerpt":"Por Medios Libres o como se llamen Publicado en Camino al Andar 22 de agosto de 2021. Escuchamos las palabras del movimiento zapatista, el 13 de agosto pasado en Madrid, luego de una marcha hist\u00f3rica en las calles de la capital espa\u00f1ola, dos semanas despu\u00e9s del Encuentro de mujeres, personas\u2026","rel":"","context":"En &quot;NOTICIAS NACIONALES&quot;","block_context":{"text":"NOTICIAS NACIONALES","link":"https:\/\/www.grieta.org.mx\/index.php\/category\/noticias-nacionales\/"},"img":{"alt_text":"","src":"","width":0,"height":0},"classes":[]}],"_links":{"self":[{"href":"https:\/\/www.grieta.org.mx\/index.php\/wp-json\/wp\/v2\/posts\/59835","targetHints":{"allow":["GET"]}}],"collection":[{"href":"https:\/\/www.grieta.org.mx\/index.php\/wp-json\/wp\/v2\/posts"}],"about":[{"href":"https:\/\/www.grieta.org.mx\/index.php\/wp-json\/wp\/v2\/types\/post"}],"author":[{"embeddable":true,"href":"https:\/\/www.grieta.org.mx\/index.php\/wp-json\/wp\/v2\/users\/2"}],"replies":[{"embeddable":true,"href":"https:\/\/www.grieta.org.mx\/index.php\/wp-json\/wp\/v2\/comments?post=59835"}],"version-history":[{"count":1,"href":"https:\/\/www.grieta.org.mx\/index.php\/wp-json\/wp\/v2\/posts\/59835\/revisions"}],"predecessor-version":[{"id":59859,"href":"https:\/\/www.grieta.org.mx\/index.php\/wp-json\/wp\/v2\/posts\/59835\/revisions\/59859"}],"wp:featuredmedia":[{"embeddable":true,"href":"https:\/\/www.grieta.org.mx\/index.php\/wp-json\/wp\/v2\/media\/59838"}],"wp:attachment":[{"href":"https:\/\/www.grieta.org.mx\/index.php\/wp-json\/wp\/v2\/media?parent=59835"}],"wp:term":[{"taxonomy":"category","embeddable":true,"href":"https:\/\/www.grieta.org.mx\/index.php\/wp-json\/wp\/v2\/categories?post=59835"},{"taxonomy":"post_tag","embeddable":true,"href":"https:\/\/www.grieta.org.mx\/index.php\/wp-json\/wp\/v2\/tags?post=59835"}],"curies":[{"name":"wp","href":"https:\/\/api.w.org\/{rel}","templated":true}]}}