{"id":59829,"date":"2021-06-16T22:21:03","date_gmt":"2021-06-17T03:21:03","guid":{"rendered":"http:\/\/www.grieta.org.mx\/?p=59829"},"modified":"2021-06-16T22:21:03","modified_gmt":"2021-06-17T03:21:03","slug":"suplentes-en-salud-de-heroes-a-desempleados-zacatecas","status":"publish","type":"post","link":"https:\/\/www.grieta.org.mx\/index.php\/2021\/06\/16\/suplentes-en-salud-de-heroes-a-desempleados-zacatecas\/","title":{"rendered":"Suplentes en Salud de h\u00e9roes a desempleados (Zacatecas)"},"content":{"rendered":"<p>CUQUIS HERN\u00c1NDEZ Y KAREN CALDER\u00d3N, 16 de junio de 2021\/ NTRZACATECAS.COM<\/p>\n<p>Fueron llamados los h\u00e9roes de la pandemia y este martes los despidieron con un mensaje de WhatsApp. Personal contratado para sacar adelante los hospitales del estado denunci\u00f3 que fue rescindido sin aviso ni reconocimiento por el trabajo que desempe\u00f1\u00f3, arriesgando su vida por bajos salarios, sin certeza laboral ni seguridad social. Los afectados son aproximadamente 300 empleados de salud que ahora, reclaman, son echados sin m\u00e1s a la calle.<br \/>\nAfuera del Hospital General de Loreto (HGL) iniciaron las protestas. Vestidos de blanco, 16 enfermeros se plantaron con pancartas para exigir, primero, un trato digno.<br \/>\nA nombre de sus compa\u00f1eros, Christian Manuel Valtierra de la Rosa reproch\u00f3 que no hubo documento de por medio para terminar, tampoco una notificaci\u00f3n oficial y mucho menos la posibilidad de un finiquito o compensaci\u00f3n al cierre. Un d\u00eda despu\u00e9s del anuncio del gobernador Alejandro Tello Cristerna sobre el reparto del bono COVID, a ellos les lleg\u00f3 tambi\u00e9n el de su despido.<\/p>\n<p>Ahora exigen una explicaci\u00f3n porque de la noche a la ma\u00f1ana fueran echados de sus puestos de trabajo. \u201cAyer \u00e9ramos h\u00e9roes, hoy somos desempleados\u201d, se le\u00eda en una de las pancartas, con el dibujo de un enfermero con varias tijeras clavadas en la espalda.<\/p>\n<p>El trabajador confirm\u00f3 que ninguna autoridad les inform\u00f3 sobre el fin de la labor que realizaron durante m\u00e1s de un a\u00f1o y dos meses, tras ingresar en abril de 2020, cuando comenzaban los estragos de la pandemia por COVID-19 en Zacatecas. Desde entonces los suplentes exhibieron las condiciones de contrataci\u00f3n, con sueldos de eventuales, de 180 pesos por jornada, y sin prestaciones que les garantizaran atenci\u00f3n m\u00e9dica.<\/p>\n<p>Ahora exigen una explicaci\u00f3n porque de la noche a la ma\u00f1ana fueran echados de sus puestos de trabajo. \u201cAyer \u00e9ramos h\u00e9roes, hoy somos desempleados\u201d, se le\u00eda en una de las pancartas, con el dibujo de un enfermero con varias tijeras clavadas en la espalda. En la manifestaci\u00f3n pac\u00edfica, los inconformes recordaron que fueron ellos quienes hicieron frente a \u201cun hospital abarrotado de pacientes\u201d, incluso en las \u00e1reas COVID, aunque no les correspond\u00eda.<\/p>\n<p>\u201cFuimos usados\u201d, lamentaron. \u201cSSZ: no necesitamos aplausos ni agradecimientos, necesitamos que se nos reconozca y nos dejen trabajar\u201d, recriminaron ante el silencio de la Secretar\u00eda de Salud de Zacatecas, encabezada por Gilberto Bre\u00f1a Cant\u00fa. Chirstian Valtierra puntualiz\u00f3 que lo \u00fanico que piden es no quedar desprotegidos, ante la crisis econ\u00f3mica. Expuso que los manifestantes exigieron al jefe de Enfermer\u00eda, Jaime Hurtado, que les entregara un oficio sobre la rescisi\u00f3n de su contrato, pero a \u00e9l tambi\u00e9n le notificaron sobre la decisi\u00f3n \u00fanicamente v\u00eda telef\u00f3nica. Tambi\u00e9n se dirigieron con el director del HGL, H\u00e9ctor Cort\u00e9s, quien solicit\u00f3 a oficinas centrales que se les diera oportunidad de laborar, aunque fuera un mes m\u00e1s.<\/p>\n<p>Acudieron a las oficinas de Recursos Humanos para conocer sus opciones, pero ah\u00ed les contestaron que no hab\u00eda respuesta y que por lo pronto estaban \u201ccorridos hasta nuevo aviso\u201d; de requerirlos, se les reincorporar\u00eda seg\u00fan las necesidades. Compararon su situaci\u00f3n con la de otro grupo contratado mediante el Instituto de Salud para el Bienestar (Insabi), que recibi\u00f3 un mejor sueldo y con seguridad social.<\/p>\n<p>\u201cEn este hospital no se manejaron as\u00ed, estaban manej\u00e1ndonos como suplentes eventuales\u201d, explic\u00f3 Valtierra de la Rosa, quien resalt\u00f3 que, pese a las condiciones, respondieron a las exigencias del trabajo. \u201cPedimos que se nos haga justicia y ejercer nuestros derechos, ya que es muy injusto: ahora que bajaron los casos de COVID, ahora s\u00ed nos destierran como tal\u201d. Despu\u00e9s de lo ocurrido en Loreto, otros trabajadores de salud anunciaron que este mi\u00e9rcoles se unir\u00e1n a las protestas desde Jerez, Fresnillo, Sombrerete y Guadalupe, en los hospitales generales y el de la Mujer, donde tambi\u00e9n fue despedido personal m\u00e9dico y de enfermer\u00eda, adem\u00e1s de otro de distintas \u00e1reas.<\/p>\n<figure id=\"attachment_59830\" aria-describedby=\"caption-attachment-59830\" style=\"width: 796px\" class=\"wp-caption alignnone\"><img loading=\"lazy\" decoding=\"async\" data-attachment-id=\"59830\" data-permalink=\"https:\/\/www.grieta.org.mx\/index.php\/2021\/06\/16\/suplentes-en-salud-de-heroes-a-desempleados-zacatecas\/salud-2\/\" data-orig-file=\"https:\/\/www.grieta.org.mx\/wp-content\/uploads\/2021\/06\/salud.jpeg\" data-orig-size=\"796,659\" data-comments-opened=\"0\" data-image-meta=\"{&quot;aperture&quot;:&quot;0&quot;,&quot;credit&quot;:&quot;&quot;,&quot;camera&quot;:&quot;&quot;,&quot;caption&quot;:&quot;&quot;,&quot;created_timestamp&quot;:&quot;0&quot;,&quot;copyright&quot;:&quot;&quot;,&quot;focal_length&quot;:&quot;0&quot;,&quot;iso&quot;:&quot;0&quot;,&quot;shutter_speed&quot;:&quot;0&quot;,&quot;title&quot;:&quot;&quot;,&quot;orientation&quot;:&quot;0&quot;}\" data-image-title=\"salud\" data-image-description=\"\" data-image-caption=\"&lt;p&gt;Foto: NTR Zacatecas&lt;\/p&gt;\n\" data-medium-file=\"https:\/\/www.grieta.org.mx\/wp-content\/uploads\/2021\/06\/salud-300x248.jpeg\" data-large-file=\"https:\/\/www.grieta.org.mx\/wp-content\/uploads\/2021\/06\/salud.jpeg\" class=\"size-full wp-image-59830\" src=\"http:\/\/www.grieta.org.mx\/wp-content\/uploads\/2021\/06\/salud.jpeg\" alt=\"\" width=\"796\" height=\"659\" srcset=\"https:\/\/www.grieta.org.mx\/wp-content\/uploads\/2021\/06\/salud.jpeg 796w, https:\/\/www.grieta.org.mx\/wp-content\/uploads\/2021\/06\/salud-300x248.jpeg 300w, https:\/\/www.grieta.org.mx\/wp-content\/uploads\/2021\/06\/salud-768x636.jpeg 768w\" sizes=\"auto, (max-width: 796px) 100vw, 796px\" \/><figcaption id=\"caption-attachment-59830\" class=\"wp-caption-text\">Foto: NTR Zacatecas<\/figcaption><\/figure>\n<p><strong>Sin recursos para contratar<\/strong><\/p>\n<p>Norma Castorena Berrelleza, secretar\u00eda general del Sindicato Nacional de Trabajadores de la Secretar\u00eda de Salud (Sntsa), Secci\u00f3n 39, declar\u00f3 que este 15 de junio finalizaron los contratos de aproximadamente 300 personas que fueron contratadas en t\u00e9rminos de suplentes por la pandemia de COVID-19.<\/p>\n<p>El t\u00e9rmino del contrato ser\u00eda en abril de este a\u00f1o, pero se logr\u00f3 la ampliaci\u00f3n por dos meses m\u00e1s, destac\u00f3 la dirigente gremial. Explic\u00f3 que la Direcci\u00f3n Administrativa de la Secretar\u00eda de Salud de Zacatecas (SSZ) no puede mantener estas contrataciones por falta de presupuesto, pero asegur\u00f3 que se revisar\u00e1 cada centro de trabajo para ver sus necesidades y valorar la opci\u00f3n de conservar a algunos empleados.<\/p>\n<p>\u201cYa les pidieron a todas las unidades si tienen requerimiento especial de personal para poder seguir contratando [\u2026] Este personal queda en banca y de lo que vaya saliendo se ir\u00e1n colocando poco a poco\u201d, precis\u00f3.<\/p>\n<p>Castorena Berrelleza abund\u00f3 en que estos contratos se distribuyen en todas las jurisdicciones, aunque la mayor\u00eda se quedan en las de hospitales grandes, como Fresnillo, Jerez, Loreto y la capital, donde \u201cencuentra todo tipo de personal que fue contratado por pandemia\u201d.<\/p>\n<p>Agreg\u00f3 que este personal ingres\u00f3 por las cargas de los trabajadores que se retiraron por la pandemia, por lo que otro de los factores que impiden continuar a los suplentes es que los empleados de base se reintegraron ya, despu\u00e9s de la vacunaci\u00f3n y con la llegada del sem\u00e1foro epidemiol\u00f3gico en verde, de bajo riesgo de contagio.<\/p>\n<p>\u201cAlgunos no pueden quedarse porque ser\u00eda duplicar. Otra situaci\u00f3n es el cambio de sem\u00e1foro. Por esa raz\u00f3n, estos suplentes que quedaban no pueden renovar contrato, adem\u00e1s de que se han ido realizando cortes paulatinamente conforme regresa el personal de base\u201d, reiter\u00f3 Norma Castorena.<\/p>\n<p><a href=\"http:\/\/ntrzacatecas.com\/2021\/06\/16\/suplentes-en-salud-de-heroes-a-desempleados\/\">http:\/\/ntrzacatecas.com\/2021\/06\/16\/suplentes-en-salud-de-heroes-a-desempleados\/<\/a><\/p>\n","protected":false},"excerpt":{"rendered":"<p>CUQUIS HERN\u00c1NDEZ Y KAREN CALDER\u00d3N, 16 de junio de 2021\/ NTRZACATECAS.COM Fueron llamados los h\u00e9roes de la pandemia y este martes los despidieron con un mensaje de WhatsApp. Personal contratado &hellip; <a href=\"https:\/\/www.grieta.org.mx\/index.php\/2021\/06\/16\/suplentes-en-salud-de-heroes-a-desempleados-zacatecas\/\" class=\"more-link\">Leer m\u00e1s<\/a><\/p>\n","protected":false},"author":2,"featured_media":59830,"comment_status":"closed","ping_status":"closed","sticky":false,"template":"","format":"standard","meta":{"ngg_post_thumbnail":0,"_jetpack_newsletter_access":"","_jetpack_dont_email_post_to_subs":false,"_jetpack_newsletter_tier_id":0,"_jetpack_memberships_contains_paywalled_content":false,"_jetpack_memberships_contains_paid_content":false,"footnotes":""},"categories":[80,3773,3249,918,3250,910,1109,76],"tags":[3241,2367,3323,3195],"class_list":["post-59829","post","type-post","status-publish","format-standard","has-post-thumbnail","hentry","category-cintillo","category-conflictos-laborales-en-el-sector-publico-en-zacatecas","category-covid-19-en-zacatecas","category-privatizacion-del-sector-salud","category-crisis-en-el-sector-salud-en-zacatedas","category-explotacion-y-precariedad-laboral","category-explotacion-y-precariedad-laboral-zacatecas","category-zacatecas","tag-covid-19","tag-crisis-en-el-sector-salud","tag-personal-de-salud","tag-protestas-de-medicos","entry"],"jetpack_featured_media_url":"https:\/\/www.grieta.org.mx\/wp-content\/uploads\/2021\/06\/salud.jpeg","jetpack_sharing_enabled":true,"jetpack_shortlink":"https:\/\/wp.me\/p7ZJR4-fyZ","jetpack_likes_enabled":false,"jetpack-related-posts":[{"id":48223,"url":"https:\/\/www.grieta.org.mx\/index.php\/2020\/04\/24\/personal-medico-protesta-frente-a-palacio-de-gobierno-en-zacatecas\/","url_meta":{"origin":59829,"position":0},"title":"Personal m\u00e9dico protesta frente a palacio de gobierno en Zacatecas","author":"grieta","date":"24 abril, 2020","format":false,"excerpt":"El personal m\u00e9dico exige una mejora salarial e insumos apropiados para enfrentar los casos de coronavirus dentro de los hospitales del estado. Manuel Chac\u00f3n Zacatecas \/ 24.04.2020 17:50:40 Un grupo de trabajadores, personal m\u00e9dico y enfermeras de los Hospitales Generales de Zona de Fresnillo y Zacatecas, protestaron frente a las\u2026","rel":"","context":"En &quot;CINTILLO&quot;","block_context":{"text":"CINTILLO","link":"https:\/\/www.grieta.org.mx\/index.php\/category\/cintillo\/"},"img":{"alt_text":"","src":"https:\/\/i0.wp.com\/www.grieta.org.mx\/wp-content\/uploads\/2020\/04\/enfermeras-exigen-aumento-salarial-manuel.jpeg?resize=350%2C200&ssl=1","width":350,"height":200,"srcset":"https:\/\/i0.wp.com\/www.grieta.org.mx\/wp-content\/uploads\/2020\/04\/enfermeras-exigen-aumento-salarial-manuel.jpeg?resize=350%2C200&ssl=1 1x, https:\/\/i0.wp.com\/www.grieta.org.mx\/wp-content\/uploads\/2020\/04\/enfermeras-exigen-aumento-salarial-manuel.jpeg?resize=525%2C300&ssl=1 1.5x, https:\/\/i0.wp.com\/www.grieta.org.mx\/wp-content\/uploads\/2020\/04\/enfermeras-exigen-aumento-salarial-manuel.jpeg?resize=700%2C400&ssl=1 2x"},"classes":[]},{"id":49462,"url":"https:\/\/www.grieta.org.mx\/index.php\/2020\/05\/12\/personal-del-imss-zacatecas-protesta-en-demanda-de-material-para-covid-19\/","url_meta":{"origin":59829,"position":1},"title":"Personal del IMSS Zacatecas protesta en demanda de material para COVID-19","author":"grieta","date":"12 mayo, 2020","format":false,"excerpt":"M\u00e9dicos y enfermeras del Hospital General No.1 del Instituto Mexicano del Seguro Social (IMSS) en Zacatecas se manifestaron este martes para denunciar que a\u00fan no reciben el material necesario para atender a pacientes con el nuevo coronavirus COVID-19. Omar Hern\u00e1ndez \/ unoTV, 12 de mayo de 2020. \u00a0 El hospital\u2026","rel":"","context":"En &quot;CINTILLO&quot;","block_context":{"text":"CINTILLO","link":"https:\/\/www.grieta.org.mx\/index.php\/category\/cintillo\/"},"img":{"alt_text":"","src":"https:\/\/i0.wp.com\/www.grieta.org.mx\/wp-content\/uploads\/2020\/05\/226617-Principal.jpg?resize=350%2C200&ssl=1","width":350,"height":200,"srcset":"https:\/\/i0.wp.com\/www.grieta.org.mx\/wp-content\/uploads\/2020\/05\/226617-Principal.jpg?resize=350%2C200&ssl=1 1x, https:\/\/i0.wp.com\/www.grieta.org.mx\/wp-content\/uploads\/2020\/05\/226617-Principal.jpg?resize=525%2C300&ssl=1 1.5x, https:\/\/i0.wp.com\/www.grieta.org.mx\/wp-content\/uploads\/2020\/05\/226617-Principal.jpg?resize=700%2C400&ssl=1 2x"},"classes":[]},{"id":14801,"url":"https:\/\/www.grieta.org.mx\/index.php\/2016\/06\/22\/realiza-spauaz-paro-contra-reforma-a-la-salud\/","url_meta":{"origin":59829,"position":2},"title":"Realiza SPAUAZ paro contra reforma a la salud","author":"grieta","date":"22 junio, 2016","format":false,"excerpt":"Mi\u00e9rcoles, 22 de junio de 2016 STAFF | NTRZACATECAS.COM Zacatecas.- Agremiados del Sindicato de Personal Acad\u00e9mico de la Universidad Aut\u00f3noma de Zacatecas (SPAUAZ), realiz\u00f3 un paro en las instalaciones de Rector\u00eda y el Campus Siglo XXI contra la reforma a la salud del gobierno federal. Jos\u00e9 Crescenciano S\u00e1nchez P\u00e9rez, dirigente\u2026","rel":"","context":"En &quot;CINTILLO&quot;","block_context":{"text":"CINTILLO","link":"https:\/\/www.grieta.org.mx\/index.php\/category\/cintillo\/"},"img":{"alt_text":"","src":"https:\/\/i0.wp.com\/www.grieta.org.mx\/wp-content\/uploads\/2018\/03\/14524434_1106112876131411_958039263622046936_o.jpg?resize=350%2C200&ssl=1","width":350,"height":200,"srcset":"https:\/\/i0.wp.com\/www.grieta.org.mx\/wp-content\/uploads\/2018\/03\/14524434_1106112876131411_958039263622046936_o.jpg?resize=350%2C200&ssl=1 1x, https:\/\/i0.wp.com\/www.grieta.org.mx\/wp-content\/uploads\/2018\/03\/14524434_1106112876131411_958039263622046936_o.jpg?resize=525%2C300&ssl=1 1.5x, https:\/\/i0.wp.com\/www.grieta.org.mx\/wp-content\/uploads\/2018\/03\/14524434_1106112876131411_958039263622046936_o.jpg?resize=700%2C400&ssl=1 2x"},"classes":[]},{"id":28134,"url":"https:\/\/www.grieta.org.mx\/index.php\/2018\/12\/15\/paran-labores-en-el-issste-zacatecas\/","url_meta":{"origin":59829,"position":3},"title":"Paran labores en el ISSSTE (Zacatecas)","author":"grieta","date":"15 diciembre, 2018","format":false,"excerpt":"Karen Calder\u00f3n\/NTR Zacatecas Zacatecas.- Suplentes de diferentes \u00e1reas del Instituto de Seguridad y Servicios Sociales de los Trabajadores del Estado (ISSSTE) suspendieron labores, esto debido a la falta de pago de aproximadamente 10 quincenas por parte del instituto. Acci\u00f3n que dio inicio la noche del viernes y se mantendr\u00e1 hasta\u2026","rel":"","context":"En &quot;CINTILLO&quot;","block_context":{"text":"CINTILLO","link":"https:\/\/www.grieta.org.mx\/index.php\/category\/cintillo\/"},"img":{"alt_text":"","src":"https:\/\/i0.wp.com\/www.grieta.org.mx\/wp-content\/uploads\/2019\/01\/whatsapp-image-2018-12-15-at-12.47.24.jpeg?resize=350%2C200&ssl=1","width":350,"height":200,"srcset":"https:\/\/i0.wp.com\/www.grieta.org.mx\/wp-content\/uploads\/2019\/01\/whatsapp-image-2018-12-15-at-12.47.24.jpeg?resize=350%2C200&ssl=1 1x, https:\/\/i0.wp.com\/www.grieta.org.mx\/wp-content\/uploads\/2019\/01\/whatsapp-image-2018-12-15-at-12.47.24.jpeg?resize=525%2C300&ssl=1 1.5x, https:\/\/i0.wp.com\/www.grieta.org.mx\/wp-content\/uploads\/2019\/01\/whatsapp-image-2018-12-15-at-12.47.24.jpeg?resize=700%2C400&ssl=1 2x"},"classes":[]},{"id":47240,"url":"https:\/\/www.grieta.org.mx\/index.php\/2020\/04\/04\/personal-del-imss-de-zacatecas-se-manifiesta-contra-delegada\/","url_meta":{"origin":59829,"position":4},"title":"Personal del IMSS de Zacatecas se manifiesta contra delegada","author":"grieta","date":"4 abril, 2020","format":false,"excerpt":"Aseguran que no hay liderazgo en el hospital para tomar medidas que protejan tanto al personal como a los pacientes del posible contagio de coronavirus. Redacci\u00f3n \/ Zacatecas en Imagen, 04 de abril de 2020 Zacatecas.- Personal m\u00e9dico del Hospital General de Zona 1 Dr. Emilio Varela Luj\u00e1n se manifest\u00f3\u2026","rel":"","context":"En &quot;CINTILLO&quot;","block_context":{"text":"CINTILLO","link":"https:\/\/www.grieta.org.mx\/index.php\/category\/cintillo\/"},"img":{"alt_text":"","src":"https:\/\/i0.wp.com\/www.grieta.org.mx\/wp-content\/uploads\/2020\/04\/https-_imagenzac.com_.mx_wp-content_uploads_2020_03_3-6.jpg?resize=350%2C200&ssl=1","width":350,"height":200,"srcset":"https:\/\/i0.wp.com\/www.grieta.org.mx\/wp-content\/uploads\/2020\/04\/https-_imagenzac.com_.mx_wp-content_uploads_2020_03_3-6.jpg?resize=350%2C200&ssl=1 1x, https:\/\/i0.wp.com\/www.grieta.org.mx\/wp-content\/uploads\/2020\/04\/https-_imagenzac.com_.mx_wp-content_uploads_2020_03_3-6.jpg?resize=525%2C300&ssl=1 1.5x, https:\/\/i0.wp.com\/www.grieta.org.mx\/wp-content\/uploads\/2020\/04\/https-_imagenzac.com_.mx_wp-content_uploads_2020_03_3-6.jpg?resize=700%2C400&ssl=1 2x, https:\/\/i0.wp.com\/www.grieta.org.mx\/wp-content\/uploads\/2020\/04\/https-_imagenzac.com_.mx_wp-content_uploads_2020_03_3-6.jpg?resize=1050%2C600&ssl=1 3x"},"classes":[]},{"id":52681,"url":"https:\/\/www.grieta.org.mx\/index.php\/2020\/08\/07\/protestan-contra-despido-de-medico-del-imss-zacatecas\/","url_meta":{"origin":59829,"position":5},"title":"Protestan contra despido de m\u00e9dico del IMSS (Zacatecas)","author":"grieta","date":"7 agosto, 2020","format":false,"excerpt":"Zacatecasonline, 07 de Agosto de 2020 Zacatecas, Zac.- Luego de dar una conferencia de prensa en la que el neurocirujano Armando Rosales Torres anunci\u00f3 que presentar\u00e1 una demanda por despido injustificado, se realiz\u00f3 una manifestaci\u00f3n pac\u00edfica en la avenida Gonz\u00e1lez Ortega con apoyo de miembros de sindicatos que lo apoyan.\u2026","rel":"","context":"En &quot;CINTILLO&quot;","block_context":{"text":"CINTILLO","link":"https:\/\/www.grieta.org.mx\/index.php\/category\/cintillo\/"},"img":{"alt_text":"","src":"https:\/\/i0.wp.com\/www.grieta.org.mx\/wp-content\/uploads\/2018\/03\/14524434_1106112876131411_958039263622046936_o.jpg?resize=350%2C200&ssl=1","width":350,"height":200,"srcset":"https:\/\/i0.wp.com\/www.grieta.org.mx\/wp-content\/uploads\/2018\/03\/14524434_1106112876131411_958039263622046936_o.jpg?resize=350%2C200&ssl=1 1x, https:\/\/i0.wp.com\/www.grieta.org.mx\/wp-content\/uploads\/2018\/03\/14524434_1106112876131411_958039263622046936_o.jpg?resize=525%2C300&ssl=1 1.5x, https:\/\/i0.wp.com\/www.grieta.org.mx\/wp-content\/uploads\/2018\/03\/14524434_1106112876131411_958039263622046936_o.jpg?resize=700%2C400&ssl=1 2x"},"classes":[]}],"_links":{"self":[{"href":"https:\/\/www.grieta.org.mx\/index.php\/wp-json\/wp\/v2\/posts\/59829","targetHints":{"allow":["GET"]}}],"collection":[{"href":"https:\/\/www.grieta.org.mx\/index.php\/wp-json\/wp\/v2\/posts"}],"about":[{"href":"https:\/\/www.grieta.org.mx\/index.php\/wp-json\/wp\/v2\/types\/post"}],"author":[{"embeddable":true,"href":"https:\/\/www.grieta.org.mx\/index.php\/wp-json\/wp\/v2\/users\/2"}],"replies":[{"embeddable":true,"href":"https:\/\/www.grieta.org.mx\/index.php\/wp-json\/wp\/v2\/comments?post=59829"}],"version-history":[{"count":1,"href":"https:\/\/www.grieta.org.mx\/index.php\/wp-json\/wp\/v2\/posts\/59829\/revisions"}],"predecessor-version":[{"id":59831,"href":"https:\/\/www.grieta.org.mx\/index.php\/wp-json\/wp\/v2\/posts\/59829\/revisions\/59831"}],"wp:featuredmedia":[{"embeddable":true,"href":"https:\/\/www.grieta.org.mx\/index.php\/wp-json\/wp\/v2\/media\/59830"}],"wp:attachment":[{"href":"https:\/\/www.grieta.org.mx\/index.php\/wp-json\/wp\/v2\/media?parent=59829"}],"wp:term":[{"taxonomy":"category","embeddable":true,"href":"https:\/\/www.grieta.org.mx\/index.php\/wp-json\/wp\/v2\/categories?post=59829"},{"taxonomy":"post_tag","embeddable":true,"href":"https:\/\/www.grieta.org.mx\/index.php\/wp-json\/wp\/v2\/tags?post=59829"}],"curies":[{"name":"wp","href":"https:\/\/api.w.org\/{rel}","templated":true}]}}