{"id":59817,"date":"2021-06-16T19:19:45","date_gmt":"2021-06-17T00:19:45","guid":{"rendered":"https:\/\/www.grieta.org.mx\/?p=59817"},"modified":"2021-06-16T19:19:45","modified_gmt":"2021-06-17T00:19:45","slug":"pronunciamiento-del-colectivo-llego-la-hora-de-los-pueblos","status":"publish","type":"post","link":"https:\/\/www.grieta.org.mx\/index.php\/2021\/06\/16\/pronunciamiento-del-colectivo-llego-la-hora-de-los-pueblos\/","title":{"rendered":"Pronunciamiento del Colectivo Lleg\u00f3 la hora de los pueblos"},"content":{"rendered":"<p>El d\u00eda de hoy 16 de junio de 2021 a <a href=\"https:\/\/www.caminoalandar.org\/post\/carta-del-colectivo-lleg%C3%B3-la-hora-de-los-pueblos\">trav\u00e9s de su p\u00e1gina en internet<\/a> los y las integrantes del colectivo \u201cLlego la hora de los pueblos\u201d, realizaron un pronunciamiento en respuesta a la <a href=\"https:\/\/www.grieta.org.mx\/index.php\/2021\/06\/14\/carta-de-la-comision-sexta-zapatista-al-colectivo-llego-la-hora-de-los-pueblos\/\">carta que en d\u00edas pasados fue enviada a este colectivo por parte la Comisi\u00f3n Sexta del Ejercito Zapatista de Liberaci\u00f3n Nacional<\/a> en voz del Subcomandante Insurgente Galeano en la cual <strong>denuncia el\u00a0 trato de desprecio, clasista y racista de la que fueron objeto las y los compa\u00f1eros zapatistas<\/strong> quienes forman parte de la Delegaci\u00f3n Aerotransportada en la iniciativa zapatista \u201c<strong>Traves\u00eda por la Vida Cap\u00edtulo Europa<\/strong>\u201d por parte de las y los bur\u00f3cratas que trabajan en la mal llamada Secretar\u00eda de Relaciones Exteriores al tratar de obtener sus pasaportes.<\/p>\n<p>En su declaraci\u00f3n el colectivo menciona que \u201chemos recibido y le\u00eddo con mucha indignaci\u00f3n y preocupaci\u00f3n el comunicado de la Comisi\u00f3n Sexta Zapatista, fechado el 11 de junio del 2021, en el que se describen las actitudes y pr\u00e1cticas racistas y discriminatorias con las que se ha negado a compa\u00f1eros y compa\u00f1eras zapatistas el derecho a un pasaporte mexicano, a pesar de cumplir con los requisitos correspondientes\u201d.<\/p>\n<p>Afirman que \u201cLo descrito en el comunicado\u2026 revelan, en suma, la violencia burocr\u00e1tica y un racismo institucionalizado que se reproducen cotidianamente en las estructuras estatales\u201d.<\/p>\n<p>Asimismo el colectivo denuncia que el Estado Mexicano \u201cA pesar de las reformas constitucionales en torno a los derechos ind\u00edgenas y de los m\u00faltiples compromisos internacionales que se han firmado en la materia, se ha documentado ampliamente que el racismo en el trato que recibieron los y las compa\u00f1eras zapatistas\u201d y que \u201c los bur\u00f3cratas de la Secretar\u00eda de Relaciones Exteriores (SRE), han extralimitado sus atribuciones, actuando como agentes migratorios que tratan de controlar la salida de ciudadanos mexicanos negando el derecho al pasaporte\u201d.<\/p>\n<p>Por \u00faltimo demandan \u201ca la Secretar\u00eda de Gobernaci\u00f3n que cese la demora y el bloqueo de m\u00faltiples actas de nacimiento al exigir igualmente requisitos indebidos que est\u00e1n impidiendo la tramitaci\u00f3n del pasaporte\u201d, mencionando que estar\u00e1n \u201catentos y vigilando la pronta soluci\u00f3n al problema de la emisi\u00f3n de pasaportes. Sin embargo, recalcamos que no se trata de casos aislados, y que el problema de fondo no se resuelve exclusivamente sancionando a los funcionarios de la SER&#8221;, estos casos mencionan \u201cdebe servir para hacer una denuncia m\u00e1s amplia respecto a los patrones racistas que sustentan el aparato burocr\u00e1tico del Estado mexicano\u201d.<\/p>\n","protected":false},"excerpt":{"rendered":"<p>El d\u00eda de hoy 16 de junio de 2021 a trav\u00e9s de su p\u00e1gina en internet los y las integrantes del colectivo \u201cLlego la hora de los pueblos\u201d, realizaron un &hellip; <a href=\"https:\/\/www.grieta.org.mx\/index.php\/2021\/06\/16\/pronunciamiento-del-colectivo-llego-la-hora-de-los-pueblos\/\" class=\"more-link\">Leer m\u00e1s<\/a><\/p>\n","protected":false},"author":2,"featured_media":59823,"comment_status":"closed","ping_status":"closed","sticky":false,"template":"","format":"standard","meta":{"ngg_post_thumbnail":0,"_jetpack_newsletter_access":"","_jetpack_dont_email_post_to_subs":false,"_jetpack_newsletter_tier_id":0,"_jetpack_memberships_contains_paywalled_content":false,"_jetpack_memberships_contains_paid_content":false,"footnotes":""},"categories":[80,1775,2,2661,3916],"tags":[3782,3917],"class_list":["post-59817","post","type-post","status-publish","format-standard","has-post-thumbnail","hentry","category-cintillo","category-colectivo-grieta","category-noticias-nacionales","category-redes-de-resistencia-y-rebeldia","category-travesia-por-la-vida","tag-redes-de-resistencia-y-rebeldia","tag-travesia-por-la-vida","entry"],"jetpack_featured_media_url":"https:\/\/www.grieta.org.mx\/wp-content\/uploads\/2021\/06\/Pajaro1.jpg","jetpack_sharing_enabled":true,"jetpack_shortlink":"https:\/\/wp.me\/p7ZJR4-fyN","jetpack_likes_enabled":false,"jetpack-related-posts":[{"id":60944,"url":"https:\/\/www.grieta.org.mx\/index.php\/2021\/08\/10\/en-euskal-herria-pais-vasco-organizan-distintas-actividades-para-recibir-a-la-delegacion-del-ezln-videos-y-fotos\/","url_meta":{"origin":59817,"position":0},"title":"En Euskal Herria (Pa\u00eds Vasco) organizan distintas actividades para recibir a la delegaci\u00f3n del EZLN (VIDEOS Y FOTOS)","author":"grieta","date":"10 agosto, 2021","format":false,"excerpt":"VIDEO: BIRA ZAPATISTA COLECTIVO GRIETA Como en muchos otros rincones de la Europa insumisa, este fin de semana se realizaron distintas acciones en Euskal Herria (Pa\u00eds Vasco, Estado espa\u00f1ol), para mostrar el apoyo a la \"Traves\u00eda por la vida\" del Ej\u00e9rcito Zapatista de Liberaci\u00f3n Nacional (EZLN) y exigir una vez\u2026","rel":"","context":"En &quot;CINTILLO&quot;","block_context":{"text":"CINTILLO","link":"https:\/\/www.grieta.org.mx\/index.php\/category\/cintillo\/"},"img":{"alt_text":"","src":"https:\/\/i0.wp.com\/www.grieta.org.mx\/wp-content\/uploads\/2021\/08\/Mesa-Donostiphoto_2021-08-09_08-58-13.jpg?resize=350%2C200&ssl=1","width":350,"height":200,"srcset":"https:\/\/i0.wp.com\/www.grieta.org.mx\/wp-content\/uploads\/2021\/08\/Mesa-Donostiphoto_2021-08-09_08-58-13.jpg?resize=350%2C200&ssl=1 1x, https:\/\/i0.wp.com\/www.grieta.org.mx\/wp-content\/uploads\/2021\/08\/Mesa-Donostiphoto_2021-08-09_08-58-13.jpg?resize=525%2C300&ssl=1 1.5x, https:\/\/i0.wp.com\/www.grieta.org.mx\/wp-content\/uploads\/2021\/08\/Mesa-Donostiphoto_2021-08-09_08-58-13.jpg?resize=700%2C400&ssl=1 2x, https:\/\/i0.wp.com\/www.grieta.org.mx\/wp-content\/uploads\/2021\/08\/Mesa-Donostiphoto_2021-08-09_08-58-13.jpg?resize=1050%2C600&ssl=1 3x"},"classes":[]},{"id":61128,"url":"https:\/\/www.grieta.org.mx\/index.php\/2021\/08\/15\/421-madrid-marcha\/","url_meta":{"origin":59817,"position":1},"title":"&#8220;No nos conquistaron&#8221;: La marcha y la palabra de la Brigada zapatista en Madrid,  13 de agosto (VIDEO)","author":"grieta","date":"15 agosto, 2021","format":false,"excerpt":"VOCESENLUCHA En medio de la Gira por la Vida, el Escuadr\u00f3n 421 del Ej\u00e9rcito Zapatista de Liberaci\u00f3n Nacional, #EZLN, llega a Madrid a 500 a\u00f1os de la invasi\u00f3n de Tenochtitl\u00e1n por parte del imperio espa\u00f1ol. En un evento hist\u00f3rico, el 13 de agosto de 2021 caminamos desde la Puerta del\u2026","rel":"","context":"En &quot;CINTILLO&quot;","block_context":{"text":"CINTILLO","link":"https:\/\/www.grieta.org.mx\/index.php\/category\/cintillo\/"},"img":{"alt_text":"","src":"https:\/\/i0.wp.com\/www.grieta.org.mx\/wp-content\/uploads\/2021\/08\/421-Madrid-13-08-MG_8073.jpg?resize=350%2C200&ssl=1","width":350,"height":200,"srcset":"https:\/\/i0.wp.com\/www.grieta.org.mx\/wp-content\/uploads\/2021\/08\/421-Madrid-13-08-MG_8073.jpg?resize=350%2C200&ssl=1 1x, https:\/\/i0.wp.com\/www.grieta.org.mx\/wp-content\/uploads\/2021\/08\/421-Madrid-13-08-MG_8073.jpg?resize=525%2C300&ssl=1 1.5x, https:\/\/i0.wp.com\/www.grieta.org.mx\/wp-content\/uploads\/2021\/08\/421-Madrid-13-08-MG_8073.jpg?resize=700%2C400&ssl=1 2x"},"classes":[]},{"id":60772,"url":"https:\/\/www.grieta.org.mx\/index.php\/2021\/07\/26\/de-la-comuna-de-paris-a-los-zapatistas-video\/","url_meta":{"origin":59817,"position":2},"title":"De la Comuna de Par\u00eds a los zapatistas (VIDEO)","author":"grieta","date":"26 julio, 2021","format":false,"excerpt":"VIDEO:\u00a0TOKAPU FILMS FOTOS: ESPECIALES REDACCI\u00d3N: COLECTIVO GRIETA El pasado 29 de mayo miles de manifestantes rindieron homenaje a la Comuna de Par\u00eds, sublevaci\u00f3n popular que este a\u00f1o cumple 150 a\u00f1os. En el recorrido de la Plaza de la Rep\u00fablica al Muro de los Federados, ubicado en el parisino cementerio P\u00e8re\u2026","rel":"","context":"En &quot;CINTILLO&quot;","block_context":{"text":"CINTILLO","link":"https:\/\/www.grieta.org.mx\/index.php\/category\/cintillo\/"},"img":{"alt_text":"","src":"https:\/\/i0.wp.com\/www.grieta.org.mx\/wp-content\/uploads\/2021\/07\/Muro-de-los-Federados-3.jpg?resize=350%2C200&ssl=1","width":350,"height":200,"srcset":"https:\/\/i0.wp.com\/www.grieta.org.mx\/wp-content\/uploads\/2021\/07\/Muro-de-los-Federados-3.jpg?resize=350%2C200&ssl=1 1x, https:\/\/i0.wp.com\/www.grieta.org.mx\/wp-content\/uploads\/2021\/07\/Muro-de-los-Federados-3.jpg?resize=525%2C300&ssl=1 1.5x, https:\/\/i0.wp.com\/www.grieta.org.mx\/wp-content\/uploads\/2021\/07\/Muro-de-los-Federados-3.jpg?resize=700%2C400&ssl=1 2x, https:\/\/i0.wp.com\/www.grieta.org.mx\/wp-content\/uploads\/2021\/07\/Muro-de-los-Federados-3.jpg?resize=1050%2C600&ssl=1 3x"},"classes":[]},{"id":61797,"url":"https:\/\/www.grieta.org.mx\/index.php\/2021\/09\/20\/en-euskal-herria-pais-vasco-exigen-la-presentacion-con-vida-de-las-2-autoridades-autonomas-zapatistas-secuestradas-y-se-preparan-para-recibir-a-la-extemporanea\/","url_meta":{"origin":59817,"position":3},"title":"En Euskal Herria (Pa\u00eds Vasco) exigen la presentaci\u00f3n con vida de las 2 autoridades aut\u00f3nomas zapatistas secuestradas y se preparan para recibir a &#8220;La Extempor\u00e1nea&#8221;","author":"grieta","date":"20 septiembre, 2021","format":false,"excerpt":"COLECTIVO GRIETA 18 de septiembre. Reunidos para proseguir con la organizaci\u00f3n y preparativos con miras a recibir a los delegados zapatistas de la compa\u00f1\u00eda \"La Extempor\u00e1nea\", compa\u00f1eros, compa\u00f1eras y colectivos de Guipuzkoa provenientes de Azpeitia, Donosti, Pasaia, Tolosa, Villabona, Irun, Oiartzun, Errenter\u00eda y Hernani, se encontraron en \u00e9sta \u00faltima localidad\u2026","rel":"","context":"En &quot;CINTILLO&quot;","block_context":{"text":"CINTILLO","link":"https:\/\/www.grieta.org.mx\/index.php\/category\/cintillo\/"},"img":{"alt_text":"","src":"https:\/\/i0.wp.com\/www.grieta.org.mx\/wp-content\/uploads\/2021\/09\/E-1-2021-09-18_16-26-07.jpg?resize=350%2C200&ssl=1","width":350,"height":200,"srcset":"https:\/\/i0.wp.com\/www.grieta.org.mx\/wp-content\/uploads\/2021\/09\/E-1-2021-09-18_16-26-07.jpg?resize=350%2C200&ssl=1 1x, https:\/\/i0.wp.com\/www.grieta.org.mx\/wp-content\/uploads\/2021\/09\/E-1-2021-09-18_16-26-07.jpg?resize=525%2C300&ssl=1 1.5x, https:\/\/i0.wp.com\/www.grieta.org.mx\/wp-content\/uploads\/2021\/09\/E-1-2021-09-18_16-26-07.jpg?resize=700%2C400&ssl=1 2x"},"classes":[]},{"id":60659,"url":"https:\/\/www.grieta.org.mx\/index.php\/2021\/07\/20\/travesia-por-la-vida-colectivos-realizan-en-paris-la-primera-asamblea-popular-en-espera-de-la-llegada-del-ezln-video\/","url_meta":{"origin":59817,"position":4},"title":"Traves\u00eda por la Vida: Colectivos realizan en Par\u00eds la primera asamblea popular en espera de recibir al EZLN (VIDEO)","author":"grieta","date":"20 julio, 2021","format":false,"excerpt":"Asamblea popular recibimiento Zapatistas.mp4 from RESISTENCIA CULTURAL on Vimeo. VIDEO:\u00a0TOKAPU FILMS ILUSTRACIONES:\u00a0 TALLER DE SERIGRAF\u00cdA DE SAINT OUEN REDACCI\u00d3N: COLECTIVO GRIETA El domingo 4 de julio los colectivos de Place des F\u00eates y des M\u00e8res Combattantes (de las Madres Combatientes)\u00a0 junto con muchos otras organizaciones que conforman la Coordinaci\u00f3n Ile\u2026","rel":"","context":"En &quot;CINTILLO&quot;","block_context":{"text":"CINTILLO","link":"https:\/\/www.grieta.org.mx\/index.php\/category\/cintillo\/"},"img":{"alt_text":"","src":"https:\/\/i0.wp.com\/www.grieta.org.mx\/wp-content\/uploads\/2021\/07\/photo_2021-07-20_03-25-10.jpg?resize=350%2C200&ssl=1","width":350,"height":200,"srcset":"https:\/\/i0.wp.com\/www.grieta.org.mx\/wp-content\/uploads\/2021\/07\/photo_2021-07-20_03-25-10.jpg?resize=350%2C200&ssl=1 1x, https:\/\/i0.wp.com\/www.grieta.org.mx\/wp-content\/uploads\/2021\/07\/photo_2021-07-20_03-25-10.jpg?resize=525%2C300&ssl=1 1.5x, https:\/\/i0.wp.com\/www.grieta.org.mx\/wp-content\/uploads\/2021\/07\/photo_2021-07-20_03-25-10.jpg?resize=700%2C400&ssl=1 2x"},"classes":[]},{"id":59433,"url":"https:\/\/www.grieta.org.mx\/index.php\/2021\/05\/22\/preparativos-en-la-otra-europa-para-recibir-a-la-travesia-zapatista-por-la-vida-videos-y-fotos\/","url_meta":{"origin":59817,"position":5},"title":"Preparativos en la Otra Europa para recibir a la &#8220;Traves\u00eda zapatista por la vida&#8221; (VIDEOS y FOTOS)","author":"grieta","date":"22 mayo, 2021","format":false,"excerpt":"Los pasados 15 y 16 de mayo, distintos colectivos y organizaciones europeas de abajo y a la izquierda realizaron actividades en preparaci\u00f3n de la llegada de parte de la delegaci\u00f3n del Ej\u00e9rcito Zapatista de Liberaci\u00f3n Nacional (EZLN) que navega hacia el Viejo Continente.\u00a0 Se comparten las im\u00e1genes de algunas de\u2026","rel":"","context":"En &quot;CINTILLO&quot;","block_context":{"text":"CINTILLO","link":"https:\/\/www.grieta.org.mx\/index.php\/category\/cintillo\/"},"img":{"alt_text":"","src":"https:\/\/i0.wp.com\/www.grieta.org.mx\/wp-content\/uploads\/2021\/05\/photo_2021-05-19_23-45-27.jpg?resize=350%2C200&ssl=1","width":350,"height":200,"srcset":"https:\/\/i0.wp.com\/www.grieta.org.mx\/wp-content\/uploads\/2021\/05\/photo_2021-05-19_23-45-27.jpg?resize=350%2C200&ssl=1 1x, https:\/\/i0.wp.com\/www.grieta.org.mx\/wp-content\/uploads\/2021\/05\/photo_2021-05-19_23-45-27.jpg?resize=525%2C300&ssl=1 1.5x, https:\/\/i0.wp.com\/www.grieta.org.mx\/wp-content\/uploads\/2021\/05\/photo_2021-05-19_23-45-27.jpg?resize=700%2C400&ssl=1 2x, https:\/\/i0.wp.com\/www.grieta.org.mx\/wp-content\/uploads\/2021\/05\/photo_2021-05-19_23-45-27.jpg?resize=1050%2C600&ssl=1 3x"},"classes":[]}],"_links":{"self":[{"href":"https:\/\/www.grieta.org.mx\/index.php\/wp-json\/wp\/v2\/posts\/59817","targetHints":{"allow":["GET"]}}],"collection":[{"href":"https:\/\/www.grieta.org.mx\/index.php\/wp-json\/wp\/v2\/posts"}],"about":[{"href":"https:\/\/www.grieta.org.mx\/index.php\/wp-json\/wp\/v2\/types\/post"}],"author":[{"embeddable":true,"href":"https:\/\/www.grieta.org.mx\/index.php\/wp-json\/wp\/v2\/users\/2"}],"replies":[{"embeddable":true,"href":"https:\/\/www.grieta.org.mx\/index.php\/wp-json\/wp\/v2\/comments?post=59817"}],"version-history":[{"count":1,"href":"https:\/\/www.grieta.org.mx\/index.php\/wp-json\/wp\/v2\/posts\/59817\/revisions"}],"predecessor-version":[{"id":59828,"href":"https:\/\/www.grieta.org.mx\/index.php\/wp-json\/wp\/v2\/posts\/59817\/revisions\/59828"}],"wp:featuredmedia":[{"embeddable":true,"href":"https:\/\/www.grieta.org.mx\/index.php\/wp-json\/wp\/v2\/media\/59823"}],"wp:attachment":[{"href":"https:\/\/www.grieta.org.mx\/index.php\/wp-json\/wp\/v2\/media?parent=59817"}],"wp:term":[{"taxonomy":"category","embeddable":true,"href":"https:\/\/www.grieta.org.mx\/index.php\/wp-json\/wp\/v2\/categories?post=59817"},{"taxonomy":"post_tag","embeddable":true,"href":"https:\/\/www.grieta.org.mx\/index.php\/wp-json\/wp\/v2\/tags?post=59817"}],"curies":[{"name":"wp","href":"https:\/\/api.w.org\/{rel}","templated":true}]}}