{"id":5981,"date":"2014-09-28T02:09:02","date_gmt":"2014-09-28T02:09:02","guid":{"rendered":"http:\/\/50.22.11.12\/~grietaor\/?p=5981"},"modified":"2016-03-28T02:10:18","modified_gmt":"2016-03-28T02:10:18","slug":"en-un-ano-mueren-tres-ninos-por-leucemia-en-comunidad-de-san-jose-iturbide","status":"publish","type":"post","link":"https:\/\/www.grieta.org.mx\/index.php\/2014\/09\/28\/en-un-ano-mueren-tres-ninos-por-leucemia-en-comunidad-de-san-jose-iturbide\/","title":{"rendered":"En un a\u00f1o, mueren tres ni\u00f1os por leucemia en comunidad de San Jos\u00e9 Iturbide"},"content":{"rendered":"<p>Ernesto M\u00e9ndez,   San Jos\u00e9 Iturbide, Gto. <\/p>\n<p>En la comunidad de la Cantera de San Jos\u00e9 Iturbide, han muerto en menos de un a\u00f1o tres ni\u00f1os entre 4 y 8 a\u00f1os de edad a causa de leucemia, sin que hasta ahora las autoridades sanitarias haya podido determinar, cu\u00e1l o cu\u00e1les son las causas que la est\u00e1n provocando.<\/p>\n<p>La Cantera<\/p>\n<p>Mueren ni\u00f1os por leucemia en comunidad de la Cantera. Foto: Ernesto M\u00e9ndez<\/p>\n<p>Hace no m\u00e1s de dos semanas que en el preescolar de la Cantera, se le\u00eda un anuncio en el que solicitaban la ayuda de los habitantes, para sufragar los gastos m\u00e9dicos de la ni\u00f1a Mar\u00eda Fernanda, quien se encontraba en la ciudad de Quer\u00e9taro internada en el IMSS, pues ya que padec\u00eda leucemia y sus pap\u00e1s ya no pod\u00edan con tanto gasto.<\/p>\n<p>Puesto que a pesar de que se encontraba en el IMSS, hab\u00eda medicamentos que no eran cubiertos por la instituci\u00f3n m\u00e9dica, por lo que se ve\u00edan en la necesidad de comprarlos de ah\u00ed la necesidad de solicitar la cooperaci\u00f3n de la gente.<\/p>\n<p>Sin embargo, a los pocos d\u00edas de que se hab\u00eda colocado el anunci\u00f3 se dio a conocer que la ni\u00f1a ya hab\u00eda a fallecido, por lo que los esfuerzos por curarla hab\u00edan sido en vano.<\/p>\n<p>Con la muerte de Mar\u00eda Fernanda, suman ya tres los ni\u00f1os que han fallecido a causa de leucemia en la Cantera, adem\u00e1s de que hay otros dos ni\u00f1os enfermos que est\u00e1n siendo tratados por la misma enfermedad.<\/p>\n<p>Opinas<\/p>\n<p>C\u00e9sar Augusto P\u00e9rez Quirino, director del CAISES San Jos\u00e9 Iturbide, declar\u00f3 que a mediados del a\u00f1o pasado se detectaron 5 casos de leucemia en ni\u00f1os de la Cantera, de los cual como ya se mencion\u00f3 han fallecido ya tres.<\/p>\n<p>P\u00e9rez Quirino, inform\u00f3 que desde se tuvo conocimiento de este problema de salud a trav\u00e9s de un correo electr\u00f3nico han tratado de ubicar la causa y efecto, para determinar qu\u00e9 era lo que la estaba provocando y que hasta el momento no lo han logrado, puesto que pod\u00edan ser el agua que estaban consumiendo o el aire que respiraban.<\/p>\n<p>En cu\u00e1nto el agua potable dijo que esta saludable, dado que se le hicieron los estudios correspondientes y no se encontr\u00f3 nada anormal, por lo que esta pod\u00eda ser consumida sin mayores problemas.<\/p>\n<p>Para finalizar el funcionario pidi\u00f3 a la poblaci\u00f3n de la Cantera que si detectan algo anormal en su medio ambiente, lo reporten inmediatamente a la Secretar\u00eda de Salud.<\/p>\n<p>Por otra parte la delegada de educaci\u00f3n de la Regi\u00f3n Noreste Monserrat Bataller Sala, dio a conocer que ella ya pidi\u00f3 a la supervisi\u00f3n escolar de la zona de San Jos\u00e9 Iturbide, que le entregue un informe sobre lo que est\u00e1 pasando con la salud de los ni\u00f1os de la cantera, esto en raz\u00f3n que los que han fallecido han estado estudian el preescolar y primaria.<\/p>\n<p>Lo anterior dijo que era de suma preocupaci\u00f3n, tomando en cuente que en menos de un a\u00f1o ha fallecido m\u00e1s de un ni\u00f1o.<\/p>\n<p><a href=\"http:\/\/zonafranca.mx\/mueren-ninos-por-leucemia-en-comunidad-de-san-jose-iturbide-autoridades-desconocen-la-causa-que-la-provoca\/\" target=\"_blank\">zonafranca.mx\/mueren-ninos-por-leucemia-en-comunidad-de-san-jose-iturbide-autoridades-desconocen-la-causa-que-la-provoca\/<\/a><\/p>\n","protected":false},"excerpt":{"rendered":"<p>Ernesto M\u00e9ndez, San Jos\u00e9 Iturbide, Gto. En la comunidad de la Cantera de San Jos\u00e9 Iturbide, han muerto en menos de un a\u00f1o tres ni\u00f1os entre 4 y 8 a\u00f1os &hellip; <a href=\"https:\/\/www.grieta.org.mx\/index.php\/2014\/09\/28\/en-un-ano-mueren-tres-ninos-por-leucemia-en-comunidad-de-san-jose-iturbide\/\" class=\"more-link\">Leer m\u00e1s<\/a><\/p>\n","protected":false},"author":2,"featured_media":21928,"comment_status":"closed","ping_status":"open","sticky":false,"template":"","format":"standard","meta":{"ngg_post_thumbnail":0,"_jetpack_newsletter_access":"","_jetpack_dont_email_post_to_subs":false,"_jetpack_newsletter_tier_id":0,"_jetpack_memberships_contains_paywalled_content":false,"_jetpack_memberships_contains_paid_content":false,"footnotes":""},"categories":[80],"tags":[],"class_list":["post-5981","post","type-post","status-publish","format-standard","has-post-thumbnail","hentry","category-cintillo","entry"],"jetpack_featured_media_url":"https:\/\/www.grieta.org.mx\/wp-content\/uploads\/2018\/03\/14524434_1106112876131411_958039263622046936_o.jpg","jetpack_sharing_enabled":true,"jetpack_shortlink":"https:\/\/wp.me\/p7ZJR4-1yt","jetpack_likes_enabled":false,"jetpack-related-posts":[{"id":5979,"url":"https:\/\/www.grieta.org.mx\/index.php\/2015\/07\/12\/asociacion-civil-solicita-a-la-unam-sigan-investigaciones-por-casos-de-leucemia-en-comunidad-de-san-jose-iturbide\/","url_meta":{"origin":5981,"position":0},"title":"Asociaci\u00f3n Civil, solicita a la UNAM sigan investigaciones por casos de leucemia en comunidad de San Jos\u00e9 Iturbide","author":"grieta","date":"12 julio, 2015","format":false,"excerpt":"Ernesto M\u00e9ndez Zona Franca San Jos\u00e9 Iturbide, Gto. Integrantes de la Asociaci\u00f3n Civil Angelitos Guerreros, ratificaron su solicitud de apoyo a la UNAM para que se contin\u00faen las investigaciones de los altos \u00edndices de casos de leucemia en menores de 12 a\u00f1os en las comunidades de La Cantera y La\u2026","rel":"","context":"En &quot;CINTILLO&quot;","block_context":{"text":"CINTILLO","link":"https:\/\/www.grieta.org.mx\/index.php\/category\/cintillo\/"},"img":{"alt_text":"","src":"https:\/\/i0.wp.com\/www.grieta.org.mx\/wp-content\/uploads\/2018\/03\/14524434_1106112876131411_958039263622046936_o.jpg?resize=350%2C200&ssl=1","width":350,"height":200,"srcset":"https:\/\/i0.wp.com\/www.grieta.org.mx\/wp-content\/uploads\/2018\/03\/14524434_1106112876131411_958039263622046936_o.jpg?resize=350%2C200&ssl=1 1x, https:\/\/i0.wp.com\/www.grieta.org.mx\/wp-content\/uploads\/2018\/03\/14524434_1106112876131411_958039263622046936_o.jpg?resize=525%2C300&ssl=1 1.5x, https:\/\/i0.wp.com\/www.grieta.org.mx\/wp-content\/uploads\/2018\/03\/14524434_1106112876131411_958039263622046936_o.jpg?resize=700%2C400&ssl=1 2x"},"classes":[]},{"id":5969,"url":"https:\/\/www.grieta.org.mx\/index.php\/2015\/11\/24\/guanajuato-ong-atribuye-cinco-muertes-a-radiactividad-del-agua\/","url_meta":{"origin":5981,"position":1},"title":"Guanajuato: ONG atribuye cinco muertes a radiactividad del agua","author":"grieta","date":"24 noviembre, 2015","format":false,"excerpt":"Carlos Garc\u00eda La Jornada San Jos\u00e9 Iturbide, Gto. Tres menores de edad y dos adultos han muerto de leucemia de 2007 a la fecha en la comunidad La Cantera, decesos que la organizaci\u00f3n Mayoye Angelitos Guerreros atribuye a que consumieron agua contaminada con radiactividad alfa. El Centro de Geociencias de\u2026","rel":"","context":"En &quot;CINTILLO&quot;","block_context":{"text":"CINTILLO","link":"https:\/\/www.grieta.org.mx\/index.php\/category\/cintillo\/"},"img":{"alt_text":"","src":"https:\/\/i0.wp.com\/www.grieta.org.mx\/wp-content\/uploads\/2018\/03\/14524434_1106112876131411_958039263622046936_o.jpg?resize=350%2C200&ssl=1","width":350,"height":200,"srcset":"https:\/\/i0.wp.com\/www.grieta.org.mx\/wp-content\/uploads\/2018\/03\/14524434_1106112876131411_958039263622046936_o.jpg?resize=350%2C200&ssl=1 1x, https:\/\/i0.wp.com\/www.grieta.org.mx\/wp-content\/uploads\/2018\/03\/14524434_1106112876131411_958039263622046936_o.jpg?resize=525%2C300&ssl=1 1.5x, https:\/\/i0.wp.com\/www.grieta.org.mx\/wp-content\/uploads\/2018\/03\/14524434_1106112876131411_958039263622046936_o.jpg?resize=700%2C400&ssl=1 2x"},"classes":[]},{"id":5965,"url":"https:\/\/www.grieta.org.mx\/index.php\/2015\/11\/30\/vinculan-muertes-en-san-jose-iturbide-a-agua-radioactiva\/","url_meta":{"origin":5981,"position":2},"title":"Vinculan muertes en San Jose Iturbide a agua radioactiva","author":"grieta","date":"30 noviembre, 2015","format":false,"excerpt":"Luz Elena Escobar, Guanajuato I PARTE Cuando ten\u00eda 3 a\u00f1os de edad, Mar\u00eda Fernanda L\u00f3pez Medina fue diagnosticada con leucemia. La ni\u00f1a permaneci\u00f3 tres a\u00f1os en tratamiento oncol\u00f3gico en una cl\u00ednica del IMSS, donde cada mes era internada para transfusiones de sangre, an\u00e1lisis y quimioterapias. El 12 de septiembre de\u2026","rel":"","context":"En &quot;CINTILLO&quot;","block_context":{"text":"CINTILLO","link":"https:\/\/www.grieta.org.mx\/index.php\/category\/cintillo\/"},"img":{"alt_text":"","src":"https:\/\/i0.wp.com\/www.grieta.org.mx\/wp-content\/uploads\/2018\/03\/14524434_1106112876131411_958039263622046936_o.jpg?resize=350%2C200&ssl=1","width":350,"height":200,"srcset":"https:\/\/i0.wp.com\/www.grieta.org.mx\/wp-content\/uploads\/2018\/03\/14524434_1106112876131411_958039263622046936_o.jpg?resize=350%2C200&ssl=1 1x, https:\/\/i0.wp.com\/www.grieta.org.mx\/wp-content\/uploads\/2018\/03\/14524434_1106112876131411_958039263622046936_o.jpg?resize=525%2C300&ssl=1 1.5x, https:\/\/i0.wp.com\/www.grieta.org.mx\/wp-content\/uploads\/2018\/03\/14524434_1106112876131411_958039263622046936_o.jpg?resize=700%2C400&ssl=1 2x"},"classes":[]},{"id":10201,"url":"https:\/\/www.grieta.org.mx\/index.php\/2016\/04\/10\/ratifica-unam-altos-niveles-de-radiacion-en-agua-de-san-jose-iturbide\/","url_meta":{"origin":5981,"position":3},"title":"Ratifica UNAM altos niveles de radiaci\u00f3n en agua de San Jos\u00e9 Iturbide","author":"grieta","date":"10 abril, 2016","format":false,"excerpt":"Sergio Mart\u00ednez Espitia La Universidad advierte a los pobladores no consumir el agua de los pozos de las comunidades de La Cantera, La Huerta y el Fraccionamiento la Cantera, en San Jos\u00e9 Iturbide Ciudad de M\u00e9xico. Investigadores del Centro de Geociencias (CGeo) de la UNAM se\u00f1alaron que a pesar de\u2026","rel":"","context":"En &quot;CINTILLO&quot;","block_context":{"text":"CINTILLO","link":"https:\/\/www.grieta.org.mx\/index.php\/category\/cintillo\/"},"img":{"alt_text":"","src":"https:\/\/i0.wp.com\/www.grieta.org.mx\/wp-content\/uploads\/2018\/03\/14524434_1106112876131411_958039263622046936_o.jpg?resize=350%2C200&ssl=1","width":350,"height":200,"srcset":"https:\/\/i0.wp.com\/www.grieta.org.mx\/wp-content\/uploads\/2018\/03\/14524434_1106112876131411_958039263622046936_o.jpg?resize=350%2C200&ssl=1 1x, https:\/\/i0.wp.com\/www.grieta.org.mx\/wp-content\/uploads\/2018\/03\/14524434_1106112876131411_958039263622046936_o.jpg?resize=525%2C300&ssl=1 1.5x, https:\/\/i0.wp.com\/www.grieta.org.mx\/wp-content\/uploads\/2018\/03\/14524434_1106112876131411_958039263622046936_o.jpg?resize=700%2C400&ssl=1 2x"},"classes":[]},{"id":5974,"url":"https:\/\/www.grieta.org.mx\/index.php\/2015\/11\/19\/conagua-y-gobierno-de-guanajuato-descartan-agua-radiactiva-en-pozo-de-la-cantera\/","url_meta":{"origin":5981,"position":4},"title":"Conagua y gobierno de Guanajuato descartan agua radiactiva en pozo de La Cantera","author":"grieta","date":"19 noviembre, 2015","format":false,"excerpt":"La Comisi\u00f3n Nacional del Agua (Conagua) y el gobierno de Guanajuato informaron que el pozo ubicado en la comunidad \u201cLa Cantera\u201d del municipio San Jos\u00e9 Iturbide cumple con la norma mexicana por lo que su agua puede ser utilizada para consumo humano. A trav\u00e9s de un comunicado se inform\u00f3 que\u2026","rel":"","context":"En &quot;CINTILLO&quot;","block_context":{"text":"CINTILLO","link":"https:\/\/www.grieta.org.mx\/index.php\/category\/cintillo\/"},"img":{"alt_text":"","src":"https:\/\/i0.wp.com\/www.grieta.org.mx\/wp-content\/uploads\/2018\/03\/14524434_1106112876131411_958039263622046936_o.jpg?resize=350%2C200&ssl=1","width":350,"height":200,"srcset":"https:\/\/i0.wp.com\/www.grieta.org.mx\/wp-content\/uploads\/2018\/03\/14524434_1106112876131411_958039263622046936_o.jpg?resize=350%2C200&ssl=1 1x, https:\/\/i0.wp.com\/www.grieta.org.mx\/wp-content\/uploads\/2018\/03\/14524434_1106112876131411_958039263622046936_o.jpg?resize=525%2C300&ssl=1 1.5x, https:\/\/i0.wp.com\/www.grieta.org.mx\/wp-content\/uploads\/2018\/03\/14524434_1106112876131411_958039263622046936_o.jpg?resize=700%2C400&ssl=1 2x"},"classes":[]},{"id":5971,"url":"https:\/\/www.grieta.org.mx\/index.php\/2015\/11\/23\/confirma-la-unam-contaminacion-de-pozo-en-guanajuato\/","url_meta":{"origin":5981,"position":5},"title":"Confirma la UNAM contaminaci\u00f3n de pozo en Guanajuato","author":"grieta","date":"23 noviembre, 2015","format":false,"excerpt":"Ver\u00f3nica Espinoza, GUANAJUATO, Gto. El agua del pozo de la comunidad La Cantera, en el municipio de San Jos\u00e9 Iturbide, no debe ser empleada para el consumo de los habitantes hasta que se realicen estudios exhaustivos sobre los niveles y fuentes de toxicidad y se aclare si existe relaci\u00f3n con\u2026","rel":"","context":"En &quot;CINTILLO&quot;","block_context":{"text":"CINTILLO","link":"https:\/\/www.grieta.org.mx\/index.php\/category\/cintillo\/"},"img":{"alt_text":"","src":"https:\/\/i0.wp.com\/www.grieta.org.mx\/wp-content\/uploads\/2018\/03\/14524434_1106112876131411_958039263622046936_o.jpg?resize=350%2C200&ssl=1","width":350,"height":200,"srcset":"https:\/\/i0.wp.com\/www.grieta.org.mx\/wp-content\/uploads\/2018\/03\/14524434_1106112876131411_958039263622046936_o.jpg?resize=350%2C200&ssl=1 1x, https:\/\/i0.wp.com\/www.grieta.org.mx\/wp-content\/uploads\/2018\/03\/14524434_1106112876131411_958039263622046936_o.jpg?resize=525%2C300&ssl=1 1.5x, https:\/\/i0.wp.com\/www.grieta.org.mx\/wp-content\/uploads\/2018\/03\/14524434_1106112876131411_958039263622046936_o.jpg?resize=700%2C400&ssl=1 2x"},"classes":[]}],"_links":{"self":[{"href":"https:\/\/www.grieta.org.mx\/index.php\/wp-json\/wp\/v2\/posts\/5981","targetHints":{"allow":["GET"]}}],"collection":[{"href":"https:\/\/www.grieta.org.mx\/index.php\/wp-json\/wp\/v2\/posts"}],"about":[{"href":"https:\/\/www.grieta.org.mx\/index.php\/wp-json\/wp\/v2\/types\/post"}],"author":[{"embeddable":true,"href":"https:\/\/www.grieta.org.mx\/index.php\/wp-json\/wp\/v2\/users\/2"}],"replies":[{"embeddable":true,"href":"https:\/\/www.grieta.org.mx\/index.php\/wp-json\/wp\/v2\/comments?post=5981"}],"version-history":[{"count":1,"href":"https:\/\/www.grieta.org.mx\/index.php\/wp-json\/wp\/v2\/posts\/5981\/revisions"}],"predecessor-version":[{"id":5984,"href":"https:\/\/www.grieta.org.mx\/index.php\/wp-json\/wp\/v2\/posts\/5981\/revisions\/5984"}],"wp:featuredmedia":[{"embeddable":true,"href":"https:\/\/www.grieta.org.mx\/index.php\/wp-json\/wp\/v2\/media\/21928"}],"wp:attachment":[{"href":"https:\/\/www.grieta.org.mx\/index.php\/wp-json\/wp\/v2\/media?parent=5981"}],"wp:term":[{"taxonomy":"category","embeddable":true,"href":"https:\/\/www.grieta.org.mx\/index.php\/wp-json\/wp\/v2\/categories?post=5981"},{"taxonomy":"post_tag","embeddable":true,"href":"https:\/\/www.grieta.org.mx\/index.php\/wp-json\/wp\/v2\/tags?post=5981"}],"curies":[{"name":"wp","href":"https:\/\/api.w.org\/{rel}","templated":true}]}}