{"id":59801,"date":"2021-06-14T22:45:17","date_gmt":"2021-06-15T03:45:17","guid":{"rendered":"https:\/\/www.grieta.org.mx\/?p=59801"},"modified":"2021-06-14T22:46:00","modified_gmt":"2021-06-15T03:46:00","slug":"carta-de-la-comision-sexta-zapatista-al-colectivo-llego-la-hora-de-los-pueblos","status":"publish","type":"post","link":"https:\/\/www.grieta.org.mx\/index.php\/2021\/06\/14\/carta-de-la-comision-sexta-zapatista-al-colectivo-llego-la-hora-de-los-pueblos\/","title":{"rendered":"Carta de la Comisi\u00f3n Sexta Zapatista al Colectivo Lleg\u00f3 la hora de los pueblos."},"content":{"rendered":"<p id=\"viewer-foo\" class=\"XzvDs _208Ie _1FdZC _2QAo- _25MYV _2QcAG _1FdZC public-DraftStyleDefault-block-depth0 public-DraftStyleDefault-text-ltr\"><span class=\"vkIF2 public-DraftStyleDefault-ltr\">Publicado en Camino al andar.<\/span><\/p>\n<p class=\"XzvDs _208Ie _1FdZC _2QAo- _25MYV _2QcAG _1FdZC public-DraftStyleDefault-block-depth0 public-DraftStyleDefault-text-ltr\"><span class=\"vkIF2 public-DraftStyleDefault-ltr\">14 de junio de 2021.<\/span><\/p>\n<p id=\"viewer-9lo8l\" class=\"XzvDs _208Ie _1FdZC _2QAo- _25MYV _2QcAG _1FdZC public-DraftStyleDefault-block-depth0 public-DraftStyleDefault-text-ltr\"><span class=\"vkIF2 public-DraftStyleDefault-ltr\">Por El Sup Galeano.<\/span><\/p>\n<div data-hook=\"rcv-block3\"><\/div>\n<div id=\"viewer-bll2r\" class=\"q2uC4 _3uagi\">\n<div class=\"c-Mgr _2467j _2467j _7gPc2\">\n<div class=\"_2o-_D\" tabindex=\"0\" role=\"button\" data-hook=\"imageViewer\">\n<div class=\"\"><\/div>\n<\/div>\n<\/div>\n<\/div>\n<p id=\"viewer-1v6s2\" class=\"XzvDs _208Ie _1FdZC _2QAo- _1iXso _3nImv _1FdZC public-DraftStyleDefault-block-depth0 public-DraftStyleDefault-text-ltr\"><span class=\"vkIF2 public-DraftStyleDefault-ltr\">11 de Junio del 2021.<\/span><\/p>\n<p id=\"viewer-2neap\" class=\"XzvDs _208Ie _1FdZC _2QAo- _1iXso _3nImv _1FdZC public-DraftStyleDefault-block-depth0 public-DraftStyleDefault-text-ltr\"><span class=\"vkIF2 public-DraftStyleDefault-ltr\">Al Colectivo \u201cLleg\u00f3 la Hora de los Pueblos\u201d.<\/span><\/p>\n<p id=\"viewer-60s59\" class=\"XzvDs _208Ie _1FdZC _2QAo- _1iXso _3nImv _1FdZC public-DraftStyleDefault-block-depth0 public-DraftStyleDefault-text-ltr\"><span class=\"vkIF2 public-DraftStyleDefault-ltr\">M\u00e9xico.<\/span><\/p>\n<div data-hook=\"rcv-block10\"><\/div>\n<p id=\"viewer-2koc3\" class=\"XzvDs _208Ie _1FdZC _2QAo- _1iXso _3nImv _1FdZC public-DraftStyleDefault-block-depth0 public-DraftStyleDefault-text-ltr\"><span class=\"vkIF2 public-DraftStyleDefault-ltr\">Hermanas, <em>hermanoas<\/em> y hermanos:<\/span><\/p>\n<div data-hook=\"rcv-block12\"><\/div>\n<p id=\"viewer-5fag1\" class=\"XzvDs _208Ie _1FdZC _2QAo- _1iXso _3nImv _1FdZC public-DraftStyleDefault-block-depth0 public-DraftStyleDefault-text-ltr\"><span class=\"vkIF2 public-DraftStyleDefault-ltr\"> Reciban tod@s un abrazo\u2026 bueno, varios. Quer\u00edamos mandarles un saludo\u2026 ok, varios, y, aprovechando el vuelo de estas letras, solicitarles un apoyo.<\/span><\/p>\n<p id=\"viewer-7odle\" class=\"XzvDs _208Ie _1FdZC _2QAo- _1iXso _3nImv _1FdZC public-DraftStyleDefault-block-depth0 public-DraftStyleDefault-text-ltr\"><span class=\"vkIF2 public-DraftStyleDefault-ltr\"> Resulta que, para la <strong>Traves\u00eda<\/strong> <strong>por<\/strong> <strong>la<\/strong> <strong>Vida<\/strong> <strong>Cap\u00edtulo<\/strong> <strong>Europa<\/strong>, se ha decidido que cumplamos los requisitos legales para poder llegar, con nuestro o\u00eddo y nuestra palabra, a las tierras que <em>Marijose<\/em> habr\u00e1 de rebautizar en unos pocos d\u00edas. Dentro de unas horas (tomando como referencia el d\u00eda y la hora en que les escribo \u2013madrugada del 11 de junio del 2021- ), ese desaf\u00edo delirante llamado \u201cLa Monta\u00f1a\u201d, tocar\u00e1 tierras europeas en las llamadas Islas Azores, de Portugal. Ah\u00ed estar\u00e1n unos d\u00edas para luego dirigirse al destino marcado: Vigo, Galicia, Estado Espa\u00f1ol. Despu\u00e9s saldr\u00e1 un grupo aerotransportado.<\/span><\/p>\n<div data-hook=\"rcv-block15\"><\/div>\n<p id=\"viewer-393tp\" class=\"XzvDs _208Ie _1FdZC _2QAo- _1iXso _3nImv _1FdZC public-DraftStyleDefault-block-depth0 public-DraftStyleDefault-text-ltr\"><span class=\"vkIF2 public-DraftStyleDefault-ltr\"> El as\u00ed llamado \u201cEscuadr\u00f3n 421\u201d va con sus papeles en regla. Es decir, tienen doble pasaporte: el oficial mexicano y el llamado \u201cpasaporte de trabajo zapatista\u201d, que expiden las Juntas de Buen Gobierno cuando una compa\u00f1era, compa\u00f1ero o <em>compa\u00f1eroa<\/em> sale del territorio zapatista a hacer un trabajo para nuestros pueblos. Ac\u00e1 decimos que va de \u201ccomisi\u00f3n\u201d. En otra ocasi\u00f3n hablaremos de ese \u201cpasaporte zapatista\u201d, ahora quisi\u00e9ramos hablarles del oficial.<\/span><\/p>\n<p id=\"viewer-esgdc\" class=\"XzvDs _208Ie _1FdZC _2QAo- _1iXso _3nImv _1FdZC public-DraftStyleDefault-block-depth0 public-DraftStyleDefault-text-ltr\"><span class=\"vkIF2 public-DraftStyleDefault-ltr\"> Ya antes nos hemos referido, en escritos y pl\u00e1ticas, a eso que llamamos \u201cel calendario y la geograf\u00eda\u201d. Bueno, pues nuestra geograf\u00eda se llama \u201cM\u00e9xico\u201d. Y, para nosotras, las comunidades zapatistas, esto no es s\u00f3lo una palabra. Es, en sentido zapatista, una geograf\u00eda. Cuando decimos que somos \u201cmexicanos\u201d se\u00f1alamos que compartimos historias con otros pueblos originarios hermanos (como quienes se agrupan en el Congreso Nacional Ind\u00edgena-Concejo Ind\u00edgena de Gobierno). Historias, es decir: dolores, alegr\u00edas, rabias, agravios, luchas. Pero no s\u00f3lo con los pueblos originarios de esta geograf\u00eda, tambi\u00e9n con individuos, grupos, colectivos, organizaciones y movimientos que coinciden con nosotros, los pueblos zapatistas, en sue\u00f1os y, claro, en pesadillas.<\/span><\/p>\n<div data-hook=\"rcv-block19\"><\/div>\n<p id=\"viewer-9i15q\" class=\"XzvDs _208Ie _1FdZC _2QAo- _1iXso _3nImv _1FdZC public-DraftStyleDefault-block-depth0 public-DraftStyleDefault-text-ltr\"><span class=\"vkIF2 public-DraftStyleDefault-ltr\"> Quiero decir con esto que a nosotras, las comunidades zapatistas, no s\u00f3lo no nos averg\u00fcenza decir que somos mexicanas, nos enorgullece. Porque ese orgullo no nos nace mirando hacia arriba y a sus historietas, sino mirando, escuchando y hablando con el M\u00e9xico de abajo, sus vidas y sus muertes. No es mi desprop\u00f3sito el hacer un recuento, as\u00ed sea apresurado, de lo que vive y lucha en ese M\u00e9xico. Cada quien tiene sus modos, sus propias historias, sus derrotas y victorias, su mirar y explicar su mundo, su mirarse y explicarse. Pero miramos que hay algo com\u00fan, una especie de ra\u00edz, o trama, o columna vertebral\u2026 debe haber una forma de decirlo en lenguaje cibern\u00e9tico\u2026 \u00bfuna matriz o matrix? Bueno, pues es en esa ra\u00edz com\u00fan que nos identificamos.<\/span><\/p>\n<div data-hook=\"rcv-block21\"><\/div>\n<p id=\"viewer-6mq6v\" class=\"XzvDs _208Ie _1FdZC _2QAo- _1iXso _3nImv _1FdZC public-DraftStyleDefault-block-depth0 public-DraftStyleDefault-text-ltr\"><span class=\"vkIF2 public-DraftStyleDefault-ltr\"> Oh, yo s\u00e9 que a m\u00e1s de una, uno, <em>unoa<\/em>, le preocupar\u00e1 si lo que digo es una versi\u00f3n \u201czapatista\u201d del nacionalismo. No, eso nos da pereza a veces, enfado otras, y siempre preocupaci\u00f3n. No me refiero a un nacionalismo. En los nacionalismos se esconden, por ejemplo, desigualdades y, ojo, relaciones criminales. En los nacionalismos confluyen el criminal y la v\u00edctima, el Mand\u00f3n y el mandado. Algo tan perverso como \u201c<em>te<\/em> <em>destruyo<\/em> <em>pero<\/em> <em>lo<\/em> <em>hago<\/em> <em>por<\/em> <em>tu<\/em> <em>bien<\/em> <em>porque<\/em> <em>somos<\/em> <em>compatriotas<\/em>\u201d. Algo como el sentido maligno que se da a \u201clo humano\u201d, por ejemplo al se\u00f1alar que tanto hombres como mujeres son seres humanos. Voy a dejar de lado el hecho de que se olvide que hay quien no es ni mujer ni hombre y, al ser innominado, ya no es \u201cun ser humano\u201d. En ese sentido de \u201clo humano\u201d se olvida la relaci\u00f3n de dominio que hay entre hombres y mujeres. No escribir\u00e9 un rollo sobre el patriarcado, su genealog\u00eda y su crimen enloquecido actual; hay entre ustedes quien sabe m\u00e1s de eso y lo explica mejor de lo que yo podr\u00eda.<\/span><\/p>\n<p id=\"viewer-4t97f\" class=\"XzvDs _208Ie _1FdZC _2QAo- _1iXso _3nImv _1FdZC public-DraftStyleDefault-block-depth0 public-DraftStyleDefault-text-ltr\"><span class=\"vkIF2 public-DraftStyleDefault-ltr\">\u00bfEs posible referirse a la humanidad sin caer en la trampa de una igualdad hip\u00f3crita? Nosotras pensamos que s\u00ed, y es refiriendo la humanidad a las ciencias y las artes, Pero no s\u00f3lo. Tambi\u00e9n a sentimientos, pensamientos y propuestas b\u00e1sicas: el sentido de la justicia, de la moral y la \u00e9tica (que el finado compa\u00f1ero Don Luis Villoro explicar\u00eda mejor de lo que yo intentara siquiera), la fraternidad y otras cosas que no detallar\u00e9 (pero ustedes si\u00e9ntanse en la libertad de hacerlo). Por ejemplo, yo agregar\u00eda el baile \u2013m\u00fasica y canciones incluidas-, y el juego, pero no me hagan mucho caso.<\/span><\/p>\n<p id=\"viewer-5ps4k\" class=\"XzvDs _208Ie _1FdZC _2QAo- _1iXso _3nImv _1FdZC public-DraftStyleDefault-block-depth0 public-DraftStyleDefault-text-ltr\"><span class=\"vkIF2 public-DraftStyleDefault-ltr\"> En fin, de detalle en detalle se ir\u00e1n abriendo las diferencias, las distancias, los desacuerdos. Pero, en sentido inverso, se podr\u00eda encontrar algo com\u00fan: a eso llamamos nosotros \u201chumanidad\u201d.<\/span><\/p>\n<p id=\"viewer-d42iv\" class=\"XzvDs _208Ie _1FdZC _2QAo- _1iXso _3nImv _1FdZC public-DraftStyleDefault-block-depth0 public-DraftStyleDefault-text-ltr\"><span class=\"vkIF2 public-DraftStyleDefault-ltr\"> Entonces, cuando decimos que los pueblos zapatistas somos \u201cmexicanos\u201d y que nos enorgullece el serlo, nos referimos a esa matriz com\u00fan con lo otro que lucha en esta geograf\u00eda atrapada entre el r\u00edo Bravo y el Suchiate, con el mordisco que le dio el mar de oriente y la alargada curva que el mar de occidente le forj\u00f3 en el talle, e incluyendo el brazo solitario que bordea el llamado \u201cMar de Cort\u00e9s\u201d. Agreguen ustedes la historia real, la de las geograf\u00edas vecinas y\u2026<\/span><\/p>\n<p id=\"viewer-9tvlb\" class=\"XzvDs _208Ie _1FdZC _2QAo- _1iXso _3nImv _1FdZC public-DraftStyleDefault-block-depth0 public-DraftStyleDefault-text-ltr\"><span class=\"vkIF2 public-DraftStyleDefault-ltr\"> Bueno, basta de rollo. El asunto es que nuestra delegaci\u00f3n aerotransportada est\u00e1 en el tr\u00e1mite de sus pasaportes. Y digo \u201ctr\u00e1mite\u201d por delicadeza, porque es como un infierno, uno que se alimenta en silencio y llega a verse como \u201cnormal\u201d.<\/span><\/p>\n<div data-hook=\"rcv-block31\"><\/div>\n<p id=\"viewer-fe9bk\" class=\"XzvDs _208Ie _1FdZC _2QAo- _1iXso _3nImv _1FdZC public-DraftStyleDefault-block-depth0 public-DraftStyleDefault-text-ltr\"><span class=\"vkIF2 public-DraftStyleDefault-ltr\"> Porque resulta que nuestras compa\u00f1eras, compa\u00f1eros y <em>compa\u00f1eroas<\/em> cumplen todos los requisitos que se exigen, hacen el pago estipulado, viajan desde sus comunidades hasta las oficinas de la mal llamada \u201cSecretar\u00eda de Relaciones Exteriores\u201d y, con todo y la pandemia, hacen cita, fila, esperan su turno y\u2026 se les niega el documento.<\/span><\/p>\n<p id=\"viewer-9l89c\" class=\"XzvDs _208Ie _1FdZC _2QAo- _1iXso _3nImv _1FdZC public-DraftStyleDefault-block-depth0 public-DraftStyleDefault-text-ltr\"><span class=\"vkIF2 public-DraftStyleDefault-ltr\">Son indignantes los obst\u00e1culos del supremo gobierno y su burocracia ignorante, necia y racista.<\/span><\/p>\n<p id=\"viewer-v3jd\" class=\"XzvDs _208Ie _1FdZC _2QAo- _1iXso _3nImv _1FdZC public-DraftStyleDefault-block-depth0 public-DraftStyleDefault-text-ltr\"><span class=\"vkIF2 public-DraftStyleDefault-ltr\"> Porque podr\u00eda pensarse que es s\u00f3lo burocracia, que te toca la mala suerte de topar con alguien que piensa que tiene Poder porque est\u00e1 detr\u00e1s de una ventanilla, un escritorio, una oficina. Pero no, es tambi\u00e9n algo m\u00e1s y se podr\u00eda sintetizar as\u00ed: racismo.<\/span><\/p>\n<p id=\"viewer-fm8go\" class=\"XzvDs _208Ie _1FdZC _2QAo- _1iXso _3nImv _1FdZC public-DraftStyleDefault-block-depth0 public-DraftStyleDefault-text-ltr\"><span class=\"vkIF2 public-DraftStyleDefault-ltr\"> \u00bfLas razones? Bueno, hay una fundamental y, claro, sus derivadas: hay en el gobierno un ambiente de histeria mal disimulada. Acorde con su compromiso con el gobierno estadunidense, de detener el flujo de migrantes de Centroam\u00e9rica, para los gobiernos federal, estatal y municipales, todo lo que no sea rubio, de ojos claros y proceda de m\u00e1s al sur de Puebla, es centroamericano. Para las esquizofr\u00e9nicas autoridades gubernamentales, cualquier centroamericano lo primero que hace es: sacar su acta de nacimiento, su credencial del INE o sus constancias de identidad con fotograf\u00eda (que es un documento oficial porque lo expide el municipio), y de origen en la cabecera oficial, su fe de bautismo, las actas de nacimiento de sus padres o herman@s mayores, copias de los INE\u00b4s de ell@s, constancias de municipio aut\u00f3nomo y de Junta de Buen Gobierno, testigos presenciales con identificaci\u00f3n oficial, etc\u00e9tera. Con todo eso cumplido, se rechaza su petici\u00f3n del documento al que todo mexicano tiene derecho para salir y entrar a territorio nacional.<\/span><\/p>\n<p id=\"viewer-e10f\" class=\"XzvDs _208Ie _1FdZC _2QAo- _1iXso _3nImv _1FdZC public-DraftStyleDefault-block-depth0 public-DraftStyleDefault-text-ltr\"><span class=\"vkIF2 public-DraftStyleDefault-ltr\"> S\u00ed, todos esos papeles se presentan, pero el problema es que, a ojos de la burocracia de la Secretar\u00eda de Relaciones Exteriores, el color de la piel, el modo de hablar, la forma de vestir y el lugar de procedencia es lo que cuenta. \u201c<em>Al<\/em> <em>sur<\/em> <em>del<\/em> <em>metro<\/em> <em>Taxque\u00f1a,<\/em> <em>todo<\/em> <em>es<\/em> <em>Centroam\u00e9rica<\/em>\u201d.<\/span><\/p>\n<p id=\"viewer-7hejq\" class=\"XzvDs _208Ie _1FdZC _2QAo- _1iXso _3nImv _1FdZC public-DraftStyleDefault-block-depth0 public-DraftStyleDefault-text-ltr\"><span class=\"vkIF2 public-DraftStyleDefault-ltr\"> Tanto bla, bla, bla de derechos y reconocimiento de nuestras ra\u00edces, y etc\u00e9tera \u2013incluidos perdones hip\u00f3critas pedidos sobre la tierra a destruir-, pero la poblaci\u00f3n originaria, o ind\u00edgena, sigue siendo tratada como extranjera en su propia tierra. Y peor en la Ciudad de M\u00e9xico, que se supone \u201cprogresista\u201d. Ah\u00ed, una se\u00f1ora, bur\u00f3crata de la Secretar\u00eda de Relaciones Exteriores, rechaz\u00f3 la credencial del INE con un despectivo \u201c<em>\u00e9sa<\/em> <em>no<\/em> <em>sirve<\/em> <em>para<\/em> <em>nada,<\/em> <em>s\u00f3lo<\/em> <em>para<\/em> <em>votar<\/em>\u201d, y le exigi\u00f3 a la compa\u00f1era, de m\u00e1s de 40 a\u00f1os de edad, habitante de la Selva Lacandona, su certificado de secundaria, para comprobar que no era guatemalteca. La compa\u00f1era aleg\u00f3: \u201c<em>pero<\/em> <em>yo<\/em> <em>vivo<\/em> <em>de<\/em> <em>la<\/em> <em>tierra,<\/em> <em>soy<\/em> <em>campesina,<\/em> <em>no<\/em> <em>tengo<\/em> <em>estudios<\/em> <em>de<\/em> <em>secundaria<\/em>\u201d. La bur\u00f3crata, altanera y prepotente: \u201c<em>pues<\/em> <em>no<\/em> <em>estudian<\/em> <em>porque<\/em> <em>no<\/em> <em>quieren<\/em>\u201d. \u201c<em>Pero<\/em> <em>vengo<\/em> <em>desde<\/em> <em>Chiapas<\/em>\u201d, insiste la compa\u00f1era. \u201c<em>No<\/em> <em>me<\/em> <em>importa.<\/em> <em>A<\/em> <em>ver,<\/em> <em>el<\/em> <em>que<\/em> <em>sigue<\/em>\u201d, responde la bur\u00f3crata.<\/span><\/p>\n<p id=\"viewer-8jt86\" class=\"XzvDs _208Ie _1FdZC _2QAo- _1iXso _3nImv _1FdZC public-DraftStyleDefault-block-depth0 public-DraftStyleDefault-text-ltr\"><span class=\"vkIF2 public-DraftStyleDefault-ltr\"> \u00bfSe excita la burocracia gubernamental al maltratar a ind\u00edgenas? \u00bfEs la prepotencia su afrodis\u00edaco? \u201c<em>Ya<\/em> <em>vine,<\/em> <em>querid@,<\/em> <em>hoy<\/em> <em>retach\u00e9<\/em> <em>a<\/em> <em>una<\/em> <em>pinche<\/em> <em>india<\/em> <em>y<\/em> <em>traigo<\/em> <em>muchas<\/em> <em>ganas<\/em>\u201d, dir\u00e1n entornando los ojos con coqueter\u00eda.<\/span><\/p>\n<p id=\"viewer-2oc0f\" class=\"XzvDs _208Ie _1FdZC _2QAo- _1iXso _3nImv _1FdZC public-DraftStyleDefault-block-depth0 public-DraftStyleDefault-text-ltr\"><span class=\"vkIF2 public-DraftStyleDefault-ltr\"> Para probar si era racismo y no s\u00f3lo burocracia, mandamos a un compa\u00f1ero \u201cblanco y barbado\u201d a sacar su pasaporte. Le entregaron el mismo d\u00eda y sin pedirle nada m\u00e1s all\u00e1 de su acta de nacimiento, su identificaci\u00f3n con fotograf\u00eda y comprobante de pago, que son los requisitos legales.<\/span><\/p>\n<p id=\"viewer-5dkuf\" class=\"XzvDs _208Ie _1FdZC _2QAo- _1iXso _3nImv _1FdZC public-DraftStyleDefault-block-depth0 public-DraftStyleDefault-text-ltr\"><span class=\"vkIF2 public-DraftStyleDefault-ltr\"> Y no s\u00f3lo eso: la Secretar\u00eda de Relaciones Exteriores retiene el pago que han hecho tod@s l@s compas a quienes se les niega el pasaporte con pretextos y requisitos que ni siquiera est\u00e1n en su p\u00e1gina de internet. Ha de estar muy dura la austeridad si es que tienen que despojar a los ind\u00edgenas de sus dineros.<\/span><\/p>\n<p id=\"viewer-77fup\" class=\"XzvDs _208Ie _1FdZC _2QAo- _1iXso _3nImv _1FdZC public-DraftStyleDefault-block-depth0 public-DraftStyleDefault-text-ltr\"><span class=\"vkIF2 public-DraftStyleDefault-ltr\"> A un compa\u00f1ero (m\u00e1s de 60 a\u00f1os de edad) lo cuestionaron: \u201c<em>\u00bfNo<\/em> <em>ser\u00e1<\/em> <em>que<\/em> <em>quieres<\/em> <em>ir<\/em> <em>a<\/em> <em>Estados<\/em> <em>Unidos<\/em> <em>a<\/em> <em>trabajar?<\/em>\u201d El compa respondi\u00f3: \u201c<em>No,<\/em> <em>ah\u00ed<\/em> <em>toca<\/em> <em>luego,<\/em> <em>en<\/em> <em>otra<\/em> <em>vuelta.<\/em> <em>Ahorita<\/em> <em>nos<\/em> <em>toca<\/em> <em>Europa<\/em>\u201d. El funcionario, cual Tribunal Federal Electoral, se lav\u00f3 las manos y lo mand\u00f3 a otra ventanilla. Ah\u00ed le dijeron: \u201c<em>Eso<\/em> <em>est\u00e1<\/em> <em>muy<\/em> <em>lejos<\/em> <em>y<\/em> <em>es<\/em> <em>caro<\/em> <em>el<\/em> <em>viaje,<\/em> <em>no<\/em> <em>puede<\/em> <em>ser<\/em> <em>que<\/em> <em>tengas<\/em> <em>el<\/em> <em>dinero<\/em> <em>necesario<\/em> <em>porque<\/em> <em>eres<\/em> <em>ind\u00edgena.<\/em> <em>Tienes<\/em> <em>que<\/em> <em>traer<\/em> <em>el<\/em> <em>estado<\/em> <em>de<\/em> <em>cuenta<\/em> <em>de<\/em> <em>tu<\/em> <em>tarjeta<\/em> <em>de<\/em> <em>cr\u00e9dito.<\/em> <em>El<\/em> <em>que<\/em> <em>sigue<\/em>\u201d. A una compa\u00f1era le dijeron: \u201c<em>A<\/em> <em>ver,<\/em> <em>canta<\/em> <em>el<\/em> <em>himno<\/em>\u201d. Y la compa\u00f1era se arranc\u00f3 con el \u201cya se mira el horizonte\u201d. Rechazada. Ella me dijo apenada: \u201c<em>creo<\/em> <em>que<\/em> <em>es<\/em> <em>porque<\/em> <em>lo<\/em> <em>cant\u00e9<\/em> <em>con<\/em> <em>ritmo<\/em> <em>de<\/em> <em>cumbia<\/em> <em>y<\/em> <em>no<\/em> <em>como<\/em> <em>corrido<\/em> <em>ranchero.<\/em> <em>Pero<\/em> <em>es<\/em> <em>que<\/em> <em>la<\/em> <em>cumbia<\/em> <em>es<\/em> <em>m\u00e1s<\/em> <em>alegre.<\/em> <em>Los<\/em> <em>corridos<\/em> <em>rancheros<\/em> <em>son<\/em> <em>de<\/em> <em>pura<\/em> <em>mataz\u00f3n<\/em> <em>de<\/em> <em>mujeres.<\/em> <em>Si<\/em> <em>te<\/em> <em>llamas<\/em> <em>\u201cMartina\u201d<\/em> <em>o<\/em> <em>\u201cRosita\u201d,<\/em> <em>pues<\/em> <em>ya<\/em> <em>valiste<\/em>\u201d.<\/span><\/p>\n<p id=\"viewer-fqdvq\" class=\"XzvDs _208Ie _1FdZC _2QAo- _1iXso _3nImv _1FdZC public-DraftStyleDefault-block-depth0 public-DraftStyleDefault-text-ltr\"><span class=\"vkIF2 public-DraftStyleDefault-ltr\"> Mismo en la Ciudad de M\u00e9xico: Dos compa\u00f1eras, lengua tzeltal, de la Selva Lacandona. Caminan desde su pueblo hasta donde toman un cami\u00f3n de redilas a la cabecera municipal; de ah\u00ed en transporte p\u00fablico hasta San Crist\u00f3bal de Las Casas; de ah\u00ed otro a Tuxtla Guti\u00e9rrez; de ah\u00ed otro m\u00e1s hasta la Ciudad de M\u00e9xico; hacen el pago del pasaporte por 10 a\u00f1os \u201cporque recorrer el mundo va a tardar\u201d; se presentan en una oficina de la SRE; hacen fila con cubre bocas, careta y sana distancia; entran y presentan sus papeles; les toman la fotograf\u00eda; esperan afuera a que las llamen para entregarles el pasaporte; las llaman y les dicen \u201cest\u00e1 mal una letra de tu apellido\u201d y \u201ctu hermano tiene otro apellido materno\u201d; la del hermano: \u201ces que as\u00ed son los pinches hombres y mi pap\u00e1 anduvo de cabr\u00f3n\u201d; la de la letra \u201ces que el que hizo el acta no sabe la diferencia escrita entre la \u201cs\u201d y la \u00b4z\u00b4\u201d; en ambos casos l@s funcionari@s: risas burlonas y \u201ctienes que regresar y traer m\u00e1s comprobantes de que eres mexicana\u201d; ellas \u201cpero vivo hasta Chiapas\u201d; la SRE: \u201cno te entrego hasta que traigas eso\u201d. Las compa\u00f1eras regresan en sentido inverso, llegan a su pueblo, actualizan y juntan m\u00e1s comprobantes de que son mexicanas. Nuevo viaje a la Ciudad de M\u00e9xico. Otra vez cita, fila con cubre bocas, careta, sana distancia. Ventanilla. Alta funcionaria de la Secretar\u00eda de Relaciones Exteriores: \u201cahora hay que esperar a que comprobamos que s\u00ed son mexicanas\u201d. Las compas: \u201cpero traje lo que me dijeron\u201d. La SRE: \u201cpero tenemos que comprobar que s\u00ed son ciertos los papeles, entonces vamos a preguntar en Registro Civil de su municipio y su estado\u201d. Las compa\u00f1eras: \u201c\u00bfCu\u00e1nto tarda?\u201d. La SRE: \u201c10 d\u00edas o un mes, ah\u00ed te vamos a avisar\u201d. Las compa\u00f1eras esperan 10 d\u00edas y nada. Se regresan. Pasa un mes y nada. Otros 30 d\u00edas y nada. Vuelven a ir a la Ciudad de M\u00e9xico. Mismo periplo. La SRE: \u201cno han respondido, sigan esperando\u201d.<\/span><\/p>\n<p id=\"viewer-cdqfi\" class=\"XzvDs _208Ie _1FdZC _2QAo- _1iXso _3nImv _1FdZC public-DraftStyleDefault-block-depth0 public-DraftStyleDefault-text-ltr\"><span class=\"vkIF2 public-DraftStyleDefault-ltr\"> Y ah\u00ed est\u00e1n las dos compa\u00f1eras. Empezaron sus tr\u00e1mites en marzo y es el mes de\u2026 junio.<\/span><\/p>\n<p id=\"viewer-2q2v4\" class=\"XzvDs _208Ie _1FdZC _2QAo- _1iXso _3nImv _1FdZC public-DraftStyleDefault-block-depth0 public-DraftStyleDefault-text-ltr\"><span class=\"vkIF2 public-DraftStyleDefault-ltr\"><strong>-*-<\/strong><\/span><\/p>\n<p id=\"viewer-1q66o\" class=\"XzvDs _208Ie _1FdZC _2QAo- _1iXso _3nImv _1FdZC public-DraftStyleDefault-block-depth0 public-DraftStyleDefault-text-ltr\"><span class=\"vkIF2 public-DraftStyleDefault-ltr\"> Si tienen tiempo, hagan ustedes esto: imaginen que nacieron con la piel oscura, que son de ascendencia ind\u00edgena y que son de alg\u00fan estado del sureste mexicano. Ahora vean los requisitos para obtener el pasaporte: acta de nacimiento, identificaci\u00f3n oficial con fotograf\u00eda, o c\u00e9dula profesional, o t\u00edtulo profesional, o cartilla militar liberada, o credencial del Instituto Nacional de las Personas Adultas Mayores, o credencial de servicios m\u00e9dicos de una instituci\u00f3n p\u00fablica de salud; y comprobante de pago.<\/span><\/p>\n<p id=\"viewer-73vsb\" class=\"XzvDs _208Ie _1FdZC _2QAo- _1iXso _3nImv _1FdZC public-DraftStyleDefault-block-depth0 public-DraftStyleDefault-text-ltr\"><span class=\"vkIF2 public-DraftStyleDefault-ltr\"> Y a\u00fan cuando ustedes tengan cualquiera de, o todos, estos requisitos, si es de piel oscura, habla muy otro, y se viste \u201c<em>como<\/em> <em>la<\/em> <em>India<\/em> <em>Mar\u00eda<\/em>\u201d (textual de una funcionaria de la SRE), se va a enfrentar con algo como: \u201c<em>no,<\/em> <em>necesitas<\/em> <em>traer<\/em> <em>tus<\/em> <em>calificaciones<\/em> <em>del<\/em> <em>k\u00ednder,<\/em> <em>de<\/em> <em>la<\/em> <em>primaria,<\/em> <em>secundaria,<\/em> <em>preparatoria<\/em> <em>\u2013CCH<\/em> <em>no,<\/em> <em>los<\/em> <em>de<\/em> <em>ah\u00ed<\/em> <em>son<\/em> <em>grillos-,<\/em> <em>diplomado,<\/em> <em>curso<\/em> <em>de<\/em> <em>superaci\u00f3n<\/em> <em>personal<\/em> <em>en<\/em> <em>NXIVM,<\/em> <em>y<\/em> <em>una<\/em> <em>carta<\/em> <em>de<\/em> <em>buena<\/em> <em>conducta<\/em> <em>del<\/em> <em>prefecto<\/em> <em>de<\/em> <em>disciplina<\/em>\u201d.<\/span><\/p>\n<p id=\"viewer-613n0\" class=\"XzvDs _208Ie _1FdZC _2QAo- _1iXso _3nImv _1FdZC public-DraftStyleDefault-block-depth0 public-DraftStyleDefault-text-ltr\"><span class=\"vkIF2 public-DraftStyleDefault-ltr\"> Del INE no hay mucho qu\u00e9 decir. Ocupado como estuvo el gran jefe Tatanka (el buen Jairo Calixto dixit \u2013oh, oh, s\u00ed, yo leo tambi\u00e9n la prensa fif\u00ed-) en simular que es una persona decente, y los ladridos de Murayama, ni siquiera se dieron cuenta de que sus \u201coficinas\u201d en Chiapas cerraron desde antes del 1 de febrero, a pesar de que se hab\u00eda dicho que del 1 al 10 de febrero se pod\u00eda acudir sin cita. Perdimos as\u00ed la oportunidad de mandar m\u00e1s delegados en La Monta\u00f1a. Y el INE refrend\u00f3 la actitud racista que tuvo frente a Marichuy.<\/span><\/p>\n<p id=\"viewer-3dsuk\" class=\"XzvDs _208Ie _1FdZC _2QAo- _1iXso _3nImv _1FdZC public-DraftStyleDefault-block-depth0 public-DraftStyleDefault-text-ltr\"><span class=\"vkIF2 public-DraftStyleDefault-ltr\"> Y creo que, entre tantas entrevistas que dieron y dan a medios, neoconservadores y neoliberales, para defender \u201csu independencia\u201d (j\u00e1), no se han percatado que la credencial del INE es, tambi\u00e9n, una identificaci\u00f3n oficial y, al negarla o cerrar, le niegan ese derecho a cualquier ciudadan@, o lo que sea que quiera decir eso de \u201cciudadan\u00eda\u201d.<\/span><\/p>\n<p id=\"viewer-8nm7k\" class=\"XzvDs _208Ie _1FdZC _2QAo- _1iXso _3nImv _1FdZC public-DraftStyleDefault-block-depth0 public-DraftStyleDefault-text-ltr\"><span class=\"vkIF2 public-DraftStyleDefault-ltr\"> Lo parad\u00f3jico de todo esto, es que, es@s ind\u00edgenas a quienes les niegan el INE e el pasaporte, est\u00e1n luchando tambi\u00e9n por la vida de es@s bur\u00f3cratas que creen que sirven \u201ca la Naci\u00f3n Mexicana\u201d rechazando lo que les viene en gana, desde su peque\u00f1o trono detr\u00e1s de una ventanilla, s\u00f3lo por el placer de decirle \u201cno\u201d a quien consideran inferior porque tiene otro color de piel, otra lengua, otra cultura, otro modo, y cuyos ancestros estuvieron en estas tierras desde mucho antes de que los criollos se independizaran de los ib\u00e9ricos y los relevaran en la opresi\u00f3n sobre los pueblos originarios.<\/span><\/p>\n<div data-hook=\"rcv-block67\"><\/div>\n<p id=\"viewer-72rsi\" class=\"XzvDs _208Ie _1FdZC _2QAo- _1iXso _3nImv _1FdZC public-DraftStyleDefault-block-depth0 public-DraftStyleDefault-text-ltr\"><span class=\"vkIF2 public-DraftStyleDefault-ltr\"><strong>-*-<\/strong><\/span><\/p>\n<div data-hook=\"rcv-block70\"><\/div>\n<p id=\"viewer-7qc7q\" class=\"XzvDs _208Ie _1FdZC _2QAo- _1iXso _3nImv _1FdZC public-DraftStyleDefault-block-depth0 public-DraftStyleDefault-text-ltr\"><span class=\"vkIF2 public-DraftStyleDefault-ltr\"> Entonces el apoyo que les pedimos es que platiquen entre ustedes a ver si se puede hacer algo. Por ejemplo: que le den un curso de verg\u00fcenza a los bur\u00f3cratas de la SRE; que le digan al se\u00f1or Marcelo Ebrard que entendemos que, por la austeridad, no tenga paga para su campa\u00f1a con miras al 2024, pero que robarle a los ind\u00edgenas el costo del pasaporte y qued\u00e1rselo sin darles su documento, pues, \u00bfc\u00f3mo les dir\u00e9 sin ser grosero?&#8230; pues es de sinverg\u00fcenzas. \u00bfO tal vez los quiere para comprarse sus abrigos modelo \u201cNeo de Matrix\u201d? O que, con el dinero que est\u00e1n reteniendo por los pasaportes negados, tomen un curso de g\u00e9nero, tolerancia e inclusi\u00f3n. O de plano reg\u00e1lenles unos libros de historia para que entiendan cu\u00e1l es el lugar de los pueblos originarios en esta geograf\u00eda.<\/span><\/p>\n<p id=\"viewer-d74rg\" class=\"XzvDs _208Ie _1FdZC _2QAo- _1iXso _3nImv _1FdZC public-DraftStyleDefault-block-depth0 public-DraftStyleDefault-text-ltr\"><span class=\"vkIF2 public-DraftStyleDefault-ltr\"> Somos mexicanos, aqu\u00ed nos toc\u00f3 nacer, vivir, luchar y morir. Ni modos. Si hubi\u00e9ramos ca\u00eddo en la Uni\u00f3n Americana, o en Belice o Guatemala, Honduras o El Salvador, Costa Rica o Nicaragua, pues igual estar\u00edamos orgullosos de esas geograf\u00edas\u2026 y estar\u00edamos denunciando a sus respectivos gobiernos por bur\u00f3cratas, racistas e ignorantes, que es lo que hacemos con el actual de M\u00e9xico y su \u201cSecretar\u00eda de Relaciones Exteriores\u201d.<\/span><\/p>\n<p id=\"viewer-dq3p4\" class=\"XzvDs _208Ie _1FdZC _2QAo- _1iXso _3nImv _1FdZC public-DraftStyleDefault-block-depth0 public-DraftStyleDefault-text-ltr\"><span class=\"vkIF2 public-DraftStyleDefault-ltr\"> En fin, no se me ocurren muchas opciones, pero tal vez a ustedes s\u00ed. Ah\u00ed lo vean y nos dicen.<\/span><\/p>\n<p id=\"viewer-9s111\" class=\"XzvDs _208Ie _1FdZC _2QAo- _1iXso _3nImv _1FdZC public-DraftStyleDefault-block-depth0 public-DraftStyleDefault-text-ltr\"><span class=\"vkIF2 public-DraftStyleDefault-ltr\">Mientras tanto, les mandamos (<em>todoas<\/em>, todas, y todos) un gran abrazo que, aunque a la distancia, no deja de ser sincero y fraterno.<\/span><\/p>\n<p id=\"viewer-2q9av\" class=\"XzvDs _208Ie _1FdZC _2QAo- _1iXso _3nImv _1FdZC public-DraftStyleDefault-block-depth0 public-DraftStyleDefault-text-ltr\"><span class=\"vkIF2 public-DraftStyleDefault-ltr\">Desde alg\u00fan lugar del Planeta Tierra.<\/span><\/p>\n<div id=\"viewer-8n1tc\" class=\"q2uC4 _3uagi\">\n<div class=\"_1wj_L _3hYaf _3hYaf\">\n<div class=\"_2o-_D\" tabindex=\"0\" role=\"button\" data-hook=\"imageViewer\">\n<div class=\"_3lvoN LPH2h\"><img decoding=\"async\" class=\"_5JW6l _2ERz3\" src=\"https:\/\/static.wixstatic.com\/media\/ecd004_6a6770bf025b42bbb557a92be426719b~mv2.jpg\/v1\/fit\/w_207,h_146,al_c,q_20\/file.jpg\" aria-hidden=\"true\" data-pin-url=\"https:\/\/www.caminoalandar.org\/post\/carta-de-la-comisi\u00f3n-sexta-zapatista-al-colectivo-lleg\u00f3-la-hora-de-los-pueblos\" data-pin-media=\"https:\/\/static.wixstatic.com\/media\/ecd004_6a6770bf025b42bbb557a92be426719b~mv2.jpg\/v1\/fit\/w_207%2Ch_146%2Cal_c%2Cq_80\/file.jpg\" \/><\/div>\n<\/div>\n<\/div>\n<\/div>\n<p id=\"viewer-6c234\" class=\"XzvDs _208Ie _1FdZC _2QAo- _1iXso _3nImv _1FdZC public-DraftStyleDefault-block-depth0 public-DraftStyleDefault-text-ltr\"><span class=\"vkIF2 public-DraftStyleDefault-ltr\">El Sup Galeano.<\/span><\/p>\n<p id=\"viewer-doi5f\" class=\"XzvDs _208Ie _1FdZC _2QAo- _1iXso _3nImv _1FdZC public-DraftStyleDefault-block-depth0 public-DraftStyleDefault-text-ltr\"><span class=\"vkIF2 public-DraftStyleDefault-ltr\">P.D.- En unas horas m\u00e1s les mando un texto para la secci\u00f3n deportiva de su p\u00e1gina electr\u00f3nica\u2026 \u00a1\u00bfC\u00f3mo?! \u00bfNo tienen secci\u00f3n deportiva? No les digo. Bueno, pues \u201c<em>quid<\/em> <em>pro<\/em> <em>quo<\/em>\u201d, dando y dando, con ese texto inauguran la mentada \u201csecci\u00f3n deportiva\u201d y a cambio, ustedes nos echan la mano en el asunto referido. Oh, lo s\u00e9, quedan a deber. Pero de ribete podr\u00edan, no s\u00e9, mandar algunos euros <em>pa<\/em>\u00b4 los <em>chescos<\/em> en las Europas\u2026 o, mejor a\u00fan, acompa\u00f1arnos y, como su nombre lo indica, compartir, adem\u00e1s de un espacio acogedor en un centro de detenci\u00f3n para migrantes, palabras, o\u00eddos, miradas, y\u2026 \u00bfsaben nadar?<\/span><\/p>\n<p><a href=\"https:\/\/www.caminoalandar.org\/post\/carta-de-la-comisi%C3%B3n-sexta-zapatista-al-colectivo-lleg%C3%B3-la-hora-de-los-pueblos\" target=\"_blank\" rel=\"noopener\">https:\/\/www.caminoalandar.org\/post\/carta-de-la-comisi%C3%B3n-sexta-zapatista-al-colectivo-lleg%C3%B3-la-hora-de-los-pueblos<\/a><\/p>\n","protected":false},"excerpt":{"rendered":"<p>Publicado en Camino al andar. 14 de junio de 2021. Por El Sup Galeano. 11 de Junio del 2021. Al Colectivo \u201cLleg\u00f3 la Hora de los Pueblos\u201d. M\u00e9xico. Hermanas, hermanoas &hellip; <a href=\"https:\/\/www.grieta.org.mx\/index.php\/2021\/06\/14\/carta-de-la-comision-sexta-zapatista-al-colectivo-llego-la-hora-de-los-pueblos\/\" class=\"more-link\">Leer m\u00e1s<\/a><\/p>\n","protected":false},"author":2,"featured_media":59802,"comment_status":"closed","ping_status":"closed","sticky":false,"template":"","format":"standard","meta":{"ngg_post_thumbnail":0,"_jetpack_newsletter_access":"","_jetpack_dont_email_post_to_subs":false,"_jetpack_newsletter_tier_id":0,"_jetpack_memberships_contains_paywalled_content":false,"_jetpack_memberships_contains_paid_content":false,"footnotes":""},"categories":[80,74,907,2,3916],"tags":[2839,466,3917],"class_list":["post-59801","post","type-post","status-publish","format-standard","has-post-thumbnail","hentry","category-cintillo","category-ezln","category-ezln-2","category-noticias-nacionales","category-travesia-por-la-vida","tag-comunicados-ezln","tag-ezln","tag-travesia-por-la-vida","entry"],"jetpack_featured_media_url":"https:\/\/www.grieta.org.mx\/wp-content\/uploads\/2021\/06\/Screenshot-2021-06-14-at-22-44-50-Camino-al-andar.png","jetpack_sharing_enabled":true,"jetpack_shortlink":"https:\/\/wp.me\/p7ZJR4-fyx","jetpack_likes_enabled":false,"jetpack-related-posts":[{"id":60659,"url":"https:\/\/www.grieta.org.mx\/index.php\/2021\/07\/20\/travesia-por-la-vida-colectivos-realizan-en-paris-la-primera-asamblea-popular-en-espera-de-la-llegada-del-ezln-video\/","url_meta":{"origin":59801,"position":0},"title":"Traves\u00eda por la Vida: Colectivos realizan en Par\u00eds la primera asamblea popular en espera de recibir al EZLN (VIDEO)","author":"grieta","date":"20 julio, 2021","format":false,"excerpt":"Asamblea popular recibimiento Zapatistas.mp4 from RESISTENCIA CULTURAL on Vimeo. VIDEO:\u00a0TOKAPU FILMS ILUSTRACIONES:\u00a0 TALLER DE SERIGRAF\u00cdA DE SAINT OUEN REDACCI\u00d3N: COLECTIVO GRIETA El domingo 4 de julio los colectivos de Place des F\u00eates y des M\u00e8res Combattantes (de las Madres Combatientes)\u00a0 junto con muchos otras organizaciones que conforman la Coordinaci\u00f3n Ile\u2026","rel":"","context":"En &quot;CINTILLO&quot;","block_context":{"text":"CINTILLO","link":"https:\/\/www.grieta.org.mx\/index.php\/category\/cintillo\/"},"img":{"alt_text":"","src":"https:\/\/i0.wp.com\/www.grieta.org.mx\/wp-content\/uploads\/2021\/07\/photo_2021-07-20_03-25-10.jpg?resize=350%2C200&ssl=1","width":350,"height":200,"srcset":"https:\/\/i0.wp.com\/www.grieta.org.mx\/wp-content\/uploads\/2021\/07\/photo_2021-07-20_03-25-10.jpg?resize=350%2C200&ssl=1 1x, https:\/\/i0.wp.com\/www.grieta.org.mx\/wp-content\/uploads\/2021\/07\/photo_2021-07-20_03-25-10.jpg?resize=525%2C300&ssl=1 1.5x, https:\/\/i0.wp.com\/www.grieta.org.mx\/wp-content\/uploads\/2021\/07\/photo_2021-07-20_03-25-10.jpg?resize=700%2C400&ssl=1 2x"},"classes":[]},{"id":59916,"url":"https:\/\/www.grieta.org.mx\/index.php\/2021\/06\/23\/travesia-por-la-vida-indigenas-mayas-del-ezln-desembarcan-en-europa-galeria-de-videos-y-fotos\/","url_meta":{"origin":59801,"position":1},"title":"Traves\u00eda por la vida: Ind\u00edgenas mayas del EZLN desembarcan en Europa (galer\u00eda de videos y fotos)","author":"grieta","date":"23 junio, 2021","format":false,"excerpt":"COLECTIVO GRIETA\/ con informaci\u00f3n, fotos y videos de la COORDINACI\u00d3N EUROPEA PARA El \"Viaje por la vida\" y COLECTIVOS DE LA OTRA EUROPA ayer rebautizada SLUMIL K\u00b4AJXEMK\u00b4OP (\u201cTierra Insumisa\u201d, \u201cTierra que no se resigna, que no desmaya\u201d). Al grito de \u00a1Zapata vive! y \u00a1Viva el EZLN!, despu\u00e9s de tres lluviosas\u00a0\u2026","rel":"","context":"En &quot;CINTILLO&quot;","block_context":{"text":"CINTILLO","link":"https:\/\/www.grieta.org.mx\/index.php\/category\/cintillo\/"},"img":{"alt_text":"","src":"https:\/\/i0.wp.com\/www.grieta.org.mx\/wp-content\/uploads\/2021\/06\/photo_2021-05-19_23-45-27.jpg?resize=350%2C200&ssl=1","width":350,"height":200,"srcset":"https:\/\/i0.wp.com\/www.grieta.org.mx\/wp-content\/uploads\/2021\/06\/photo_2021-05-19_23-45-27.jpg?resize=350%2C200&ssl=1 1x, https:\/\/i0.wp.com\/www.grieta.org.mx\/wp-content\/uploads\/2021\/06\/photo_2021-05-19_23-45-27.jpg?resize=525%2C300&ssl=1 1.5x, https:\/\/i0.wp.com\/www.grieta.org.mx\/wp-content\/uploads\/2021\/06\/photo_2021-05-19_23-45-27.jpg?resize=700%2C400&ssl=1 2x, https:\/\/i0.wp.com\/www.grieta.org.mx\/wp-content\/uploads\/2021\/06\/photo_2021-05-19_23-45-27.jpg?resize=1050%2C600&ssl=1 3x"},"classes":[]},{"id":60944,"url":"https:\/\/www.grieta.org.mx\/index.php\/2021\/08\/10\/en-euskal-herria-pais-vasco-organizan-distintas-actividades-para-recibir-a-la-delegacion-del-ezln-videos-y-fotos\/","url_meta":{"origin":59801,"position":2},"title":"En Euskal Herria (Pa\u00eds Vasco) organizan distintas actividades para recibir a la delegaci\u00f3n del EZLN (VIDEOS Y FOTOS)","author":"grieta","date":"10 agosto, 2021","format":false,"excerpt":"VIDEO: BIRA ZAPATISTA COLECTIVO GRIETA Como en muchos otros rincones de la Europa insumisa, este fin de semana se realizaron distintas acciones en Euskal Herria (Pa\u00eds Vasco, Estado espa\u00f1ol), para mostrar el apoyo a la \"Traves\u00eda por la vida\" del Ej\u00e9rcito Zapatista de Liberaci\u00f3n Nacional (EZLN) y exigir una vez\u2026","rel":"","context":"En &quot;CINTILLO&quot;","block_context":{"text":"CINTILLO","link":"https:\/\/www.grieta.org.mx\/index.php\/category\/cintillo\/"},"img":{"alt_text":"","src":"https:\/\/i0.wp.com\/www.grieta.org.mx\/wp-content\/uploads\/2021\/08\/Mesa-Donostiphoto_2021-08-09_08-58-13.jpg?resize=350%2C200&ssl=1","width":350,"height":200,"srcset":"https:\/\/i0.wp.com\/www.grieta.org.mx\/wp-content\/uploads\/2021\/08\/Mesa-Donostiphoto_2021-08-09_08-58-13.jpg?resize=350%2C200&ssl=1 1x, https:\/\/i0.wp.com\/www.grieta.org.mx\/wp-content\/uploads\/2021\/08\/Mesa-Donostiphoto_2021-08-09_08-58-13.jpg?resize=525%2C300&ssl=1 1.5x, https:\/\/i0.wp.com\/www.grieta.org.mx\/wp-content\/uploads\/2021\/08\/Mesa-Donostiphoto_2021-08-09_08-58-13.jpg?resize=700%2C400&ssl=1 2x, https:\/\/i0.wp.com\/www.grieta.org.mx\/wp-content\/uploads\/2021\/08\/Mesa-Donostiphoto_2021-08-09_08-58-13.jpg?resize=1050%2C600&ssl=1 3x"},"classes":[]},{"id":27703,"url":"https:\/\/www.grieta.org.mx\/index.php\/2018\/11\/24\/comunicado-del-cni-cig-y-ezln-al-pueblo-mapuche\/","url_meta":{"origin":59801,"position":3},"title":"Comunicado [conjunto del CNI, CIG y EZLN] al pueblo Mapuche","author":"grieta","date":"24 noviembre, 2018","format":false,"excerpt":"Comunicado: Al pueblo mapuche Al pueblo chileno A los pueblos originarios de Am\u00e9rica A la Sexta Internacional Hermanos y hermanas del digno pueblo mapuche, Los pueblos, naciones, tribus y barrios que conformamos el Congreso Nacional Ind\u00edgena, el Concejo Ind\u00edgena de Gobierno y el EZLN abrazamos solidariamente la familia del compa\u00f1ero\u2026","rel":"","context":"En &quot;CINTILLO&quot;","block_context":{"text":"CINTILLO","link":"https:\/\/www.grieta.org.mx\/index.php\/category\/cintillo\/"},"img":{"alt_text":"","src":"","width":0,"height":0},"classes":[]},{"id":61465,"url":"https:\/\/www.grieta.org.mx\/index.php\/2021\/08\/22\/apenas-500-anos-despues-escuadron-maritimo-zapatista-en-voz-de-lupita-5-7\/","url_meta":{"origin":59801,"position":4},"title":"Apenas 500 a\u00f1os despu\u00e9s | Escuadr\u00f3n Mar\u00edtimo Zapatista \/ En voz de Lupita (5\/7)","author":"grieta","date":"22 agosto, 2021","format":false,"excerpt":"Por Medios Libres o como se llamen Publicado en Camino al Andar 22 de agosto de 2021. Escuchamos las palabras del movimiento zapatista, el 13 de agosto pasado en Madrid, luego de una marcha hist\u00f3rica en las calles de la capital espa\u00f1ola, dos semanas despu\u00e9s del Encuentro de mujeres, personas\u2026","rel":"","context":"En &quot;NOTICIAS NACIONALES&quot;","block_context":{"text":"NOTICIAS NACIONALES","link":"https:\/\/www.grieta.org.mx\/index.php\/category\/noticias-nacionales\/"},"img":{"alt_text":"","src":"","width":0,"height":0},"classes":[]},{"id":58457,"url":"https:\/\/www.grieta.org.mx\/index.php\/2021\/04\/12\/camino-a-europa\/","url_meta":{"origin":59801,"position":5},"title":"CAMINO A EUROPA\u2026","author":"grieta","date":"12 abril, 2021","format":false,"excerpt":"CAMINO A EUROPA\u2026 COMISI\u00d3N SEXTA DEL EZLN. M\u00c9XICO. 10 de Abril del 2021. A las personas, grupos, colectivos, organizaciones, movimientos, coordinadoras, y pueblos originarios en Europa que esperan nuestra visita: A la Sexta Nacional e Internacional: A las redes en resistencia y rebeld\u00eda: Al Congreso Nacional Ind\u00edgena: A los pueblos\u2026","rel":"","context":"En &quot;CINTILLO&quot;","block_context":{"text":"CINTILLO","link":"https:\/\/www.grieta.org.mx\/index.php\/category\/cintillo\/"},"img":{"alt_text":"","src":"https:\/\/i0.wp.com\/www.grieta.org.mx\/wp-content\/uploads\/2021\/04\/Screenshot_2021-04-12-Enlace-Zapatista.png?resize=350%2C200&ssl=1","width":350,"height":200,"srcset":"https:\/\/i0.wp.com\/www.grieta.org.mx\/wp-content\/uploads\/2021\/04\/Screenshot_2021-04-12-Enlace-Zapatista.png?resize=350%2C200&ssl=1 1x, https:\/\/i0.wp.com\/www.grieta.org.mx\/wp-content\/uploads\/2021\/04\/Screenshot_2021-04-12-Enlace-Zapatista.png?resize=525%2C300&ssl=1 1.5x, https:\/\/i0.wp.com\/www.grieta.org.mx\/wp-content\/uploads\/2021\/04\/Screenshot_2021-04-12-Enlace-Zapatista.png?resize=700%2C400&ssl=1 2x, https:\/\/i0.wp.com\/www.grieta.org.mx\/wp-content\/uploads\/2021\/04\/Screenshot_2021-04-12-Enlace-Zapatista.png?resize=1050%2C600&ssl=1 3x"},"classes":[]}],"_links":{"self":[{"href":"https:\/\/www.grieta.org.mx\/index.php\/wp-json\/wp\/v2\/posts\/59801","targetHints":{"allow":["GET"]}}],"collection":[{"href":"https:\/\/www.grieta.org.mx\/index.php\/wp-json\/wp\/v2\/posts"}],"about":[{"href":"https:\/\/www.grieta.org.mx\/index.php\/wp-json\/wp\/v2\/types\/post"}],"author":[{"embeddable":true,"href":"https:\/\/www.grieta.org.mx\/index.php\/wp-json\/wp\/v2\/users\/2"}],"replies":[{"embeddable":true,"href":"https:\/\/www.grieta.org.mx\/index.php\/wp-json\/wp\/v2\/comments?post=59801"}],"version-history":[{"count":1,"href":"https:\/\/www.grieta.org.mx\/index.php\/wp-json\/wp\/v2\/posts\/59801\/revisions"}],"predecessor-version":[{"id":59804,"href":"https:\/\/www.grieta.org.mx\/index.php\/wp-json\/wp\/v2\/posts\/59801\/revisions\/59804"}],"wp:featuredmedia":[{"embeddable":true,"href":"https:\/\/www.grieta.org.mx\/index.php\/wp-json\/wp\/v2\/media\/59802"}],"wp:attachment":[{"href":"https:\/\/www.grieta.org.mx\/index.php\/wp-json\/wp\/v2\/media?parent=59801"}],"wp:term":[{"taxonomy":"category","embeddable":true,"href":"https:\/\/www.grieta.org.mx\/index.php\/wp-json\/wp\/v2\/categories?post=59801"},{"taxonomy":"post_tag","embeddable":true,"href":"https:\/\/www.grieta.org.mx\/index.php\/wp-json\/wp\/v2\/tags?post=59801"}],"curies":[{"name":"wp","href":"https:\/\/api.w.org\/{rel}","templated":true}]}}