{"id":59792,"date":"2021-06-11T20:36:20","date_gmt":"2021-06-12T01:36:20","guid":{"rendered":"https:\/\/www.grieta.org.mx\/?p=59792"},"modified":"2021-06-14T20:46:41","modified_gmt":"2021-06-15T01:46:41","slug":"vecinos-de-zapopan-toman-avenida-patria-ante-falta-de-agua-jalisco","status":"publish","type":"post","link":"https:\/\/www.grieta.org.mx\/index.php\/2021\/06\/11\/vecinos-de-zapopan-toman-avenida-patria-ante-falta-de-agua-jalisco\/","title":{"rendered":"Vecinos de Zapopan toman avenida Patria ante falta de agua (Jalisco)"},"content":{"rendered":"<p>Foto: Cortes\u00eda &#8211; An\u00f3nimo<\/p>\n<p>V\u00edctor Ch\u00e1vez \/ El Occidental<\/p>\n<p>Las pipas gratuitas no llegan, el negocio contin\u00faa y la ausencia del vital l\u00edquido en la tuber\u00eda de sus casas tambi\u00e9n, es por eso que vecinos de la colonia Santa Fe de Zapopan tomaron la avenida Patria a la altura de la calle Eva Brise\u00f1o.<\/p>\n<p>Aseguran que toda la zona de Colomos lleva ya m\u00e1s de tres meses con deficiente servicio de agua potable.<\/p>\n<p>Como ha ocurrido en otras colonias, al principio el SIAPA les dotaba de pipas gratuitas, pero conforme pasaron las semanas, el servicio escase\u00f3 y posteriormente empezaron ellos a pagar pipas privadas, que de igual forma aumentaron el costo conforme pasaron las semanas.<\/p>\n<p>Este viernes ya no soportaron y a las 8 de la ma\u00f1ana salieron a la avenida Patria a la altura de la calle Eva Brise\u00f1o, para bloquear la avenida y dejar solo un carril para el paso de veh\u00edculos, pero s\u00ed se gener\u00f3 una saturaci\u00f3n vehicular que lleg\u00f3 hasta la avenida Am\u00e9ricas.<\/p>\n<p>\u201cTengo que estar pagando para que me lleve agua una pipa particular, hab\u00edan dicho que nos iban a dar dos d\u00edas a la semana para que nos cayera agua y no est\u00e1n cumpliendo\u201d, dijo un ama de casa.<\/p>\n<p>Bloquearon por casi dos horas hasta que arrib\u00f3 a la zona el subdirector de distribuci\u00f3n del SIAPA, Manuel Robledo, y personal del SIAPA, que se comprometieron a respaldarlos con pipas en tanto regrese la presi\u00f3n a la zona, para que tengan agua en sus casas.<\/p>\n<p>Los vecinos de la colonia Santa Fe y alrededores advirtieron que de no cumplir volver\u00e1n a manifestarse.<\/p>\n<p><a href=\"https:\/\/www.eloccidental.com.mx\/local\/vecinos-de-zapopan-toman-avenida-patria-ante-falta-de-agua-6833318.html\">https:\/\/www.eloccidental.com.mx\/local\/vecinos-de-zapopan-toman-avenida-patria-ante-falta-de-agua-6833318.html<\/a><\/p>\n","protected":false},"excerpt":{"rendered":"<p>Foto: Cortes\u00eda &#8211; An\u00f3nimo V\u00edctor Ch\u00e1vez \/ El Occidental Las pipas gratuitas no llegan, el negocio contin\u00faa y la ausencia del vital l\u00edquido en la tuber\u00eda de sus casas tambi\u00e9n, &hellip; <a href=\"https:\/\/www.grieta.org.mx\/index.php\/2021\/06\/11\/vecinos-de-zapopan-toman-avenida-patria-ante-falta-de-agua-jalisco\/\" class=\"more-link\">Leer m\u00e1s<\/a><\/p>\n","protected":false},"author":2,"featured_media":59793,"comment_status":"closed","ping_status":"closed","sticky":false,"template":"","format":"standard","meta":{"ngg_post_thumbnail":0,"_jetpack_newsletter_access":"","_jetpack_dont_email_post_to_subs":false,"_jetpack_newsletter_tier_id":0,"_jetpack_memberships_contains_paywalled_content":false,"_jetpack_memberships_contains_paid_content":false,"footnotes":""},"categories":[80,914,20,2,2342,83],"tags":[2403,1558,1243,1120,764],"class_list":["post-59792","post","type-post","status-publish","format-standard","has-post-thumbnail","hentry","category-cintillo","category-privatizacion-del-agua","category-jalisco","category-noticias-nacionales","category-privatizacion-del-agua-en-jalisco","category-temas-nacionales","tag-crisis-del-agua","tag-desabasto-de-agua","tag-despojo-de-agua","tag-falta-de-agua","tag-privatizacion-del-agua","entry"],"jetpack_featured_media_url":"https:\/\/www.grieta.org.mx\/wp-content\/uploads\/2021\/06\/Manifestacion-servicio-de-agua-Zapopan.jpg","jetpack_sharing_enabled":true,"jetpack_shortlink":"https:\/\/wp.me\/p7ZJR4-fyo","jetpack_likes_enabled":false,"jetpack-related-posts":[{"id":58825,"url":"https:\/\/www.grieta.org.mx\/index.php\/2021\/04\/12\/mas-de-40-dias-sin-agua-en-jardines-vallarta-denuncian-vecinos-jalisco\/","url_meta":{"origin":59792,"position":0},"title":"M\u00e1s de 40 d\u00edas sin agua en Jardines Vallarta, denuncian vecinos (Jalisco)","author":"grieta","date":"12 abril, 2021","format":false,"excerpt":"Foto: Jorge Alberto Mendoza Jorge Alberto Mendoza \/ El Diario NTR Vecinos de la colonia Jardines Vallarta, en Zapopan, tienen m\u00e1s de 40 d\u00edas continuos sin recibir una sola gota de agua en sus hogares, debido al estiaje. Cansados de no contar con agua potable desde hace 40 d\u00edas, advierten\u2026","rel":"","context":"En &quot;Crisis del agua&quot;","block_context":{"text":"Crisis del agua","link":"https:\/\/www.grieta.org.mx\/index.php\/category\/temas-nacionales\/privatizacion-del-agua\/"},"img":{"alt_text":"","src":"https:\/\/i0.wp.com\/www.grieta.org.mx\/wp-content\/uploads\/2021\/04\/2021-04-12_02-04-36___3030.jpg?resize=350%2C200&ssl=1","width":350,"height":200,"srcset":"https:\/\/i0.wp.com\/www.grieta.org.mx\/wp-content\/uploads\/2021\/04\/2021-04-12_02-04-36___3030.jpg?resize=350%2C200&ssl=1 1x, https:\/\/i0.wp.com\/www.grieta.org.mx\/wp-content\/uploads\/2021\/04\/2021-04-12_02-04-36___3030.jpg?resize=525%2C300&ssl=1 1.5x, https:\/\/i0.wp.com\/www.grieta.org.mx\/wp-content\/uploads\/2021\/04\/2021-04-12_02-04-36___3030.jpg?resize=700%2C400&ssl=1 2x"},"classes":[]},{"id":59407,"url":"https:\/\/www.grieta.org.mx\/index.php\/2021\/05\/14\/vecinos-de-tabachines-suman-30-horas-con-toma-de-pozo-denuncian-altos-cobros-y-desabasto-de-agua-jalisco\/","url_meta":{"origin":59792,"position":1},"title":"Vecinos de Tabachines suman 30 horas con toma de pozo, denuncian altos cobros y desabasto de agua (Jalisco)","author":"grieta","date":"14 mayo, 2021","format":false,"excerpt":"Foto: Edgar Flores Edgar Flores \/ El Diario NTR Mantienen vecinos de Tabachines, plant\u00f3n en pozo de agua. Ya son casi 30 horas de protesta, y acusan falta de soluciones por parte del director del Sistema Intermunicipal de los Servicios de Agua Potable y Alcantarillado (Siapa), Carlos Enrique Torres Lugo.\u2026","rel":"","context":"En &quot;CINTILLO&quot;","block_context":{"text":"CINTILLO","link":"https:\/\/www.grieta.org.mx\/index.php\/category\/cintillo\/"},"img":{"alt_text":"","src":"https:\/\/i0.wp.com\/www.grieta.org.mx\/wp-content\/uploads\/2021\/05\/2021-05-14_06-05-07___1052-e1621283364314.jpg?resize=350%2C200&ssl=1","width":350,"height":200,"srcset":"https:\/\/i0.wp.com\/www.grieta.org.mx\/wp-content\/uploads\/2021\/05\/2021-05-14_06-05-07___1052-e1621283364314.jpg?resize=350%2C200&ssl=1 1x, https:\/\/i0.wp.com\/www.grieta.org.mx\/wp-content\/uploads\/2021\/05\/2021-05-14_06-05-07___1052-e1621283364314.jpg?resize=525%2C300&ssl=1 1.5x, https:\/\/i0.wp.com\/www.grieta.org.mx\/wp-content\/uploads\/2021\/05\/2021-05-14_06-05-07___1052-e1621283364314.jpg?resize=700%2C400&ssl=1 2x"},"classes":[]},{"id":50800,"url":"https:\/\/www.grieta.org.mx\/index.php\/2020\/06\/08\/vecinos-de-lomas-del-centinela-cierran-periferico-por-falta-de-agua-jalisco\/","url_meta":{"origin":59792,"position":2},"title":"Vecinos de Lomas del Centinela cierran perif\u00e9rico por falta de agua (Jalisco)","author":"grieta","date":"8 junio, 2020","format":false,"excerpt":"Foto: Julio R\u00edos Julio R\u00edos \/ UDGTV Guadalajara, Jalisco.\u00a0En pleno tiempo de calor y confinamiento,\u00a0en Lomas del Centinela ya no soportan m\u00e1s la falta de agua.\u00a0Por eso cerraron el Perif\u00e9rico en su cruce de Tabachines para exigir que les restablezcan el servicio. Juan Manuel Contreras, consejero del COPLADEMUN en esta\u2026","rel":"","context":"En &quot;CINTILLO&quot;","block_context":{"text":"CINTILLO","link":"https:\/\/www.grieta.org.mx\/index.php\/category\/cintillo\/"},"img":{"alt_text":"","src":"https:\/\/i0.wp.com\/www.grieta.org.mx\/wp-content\/uploads\/2020\/06\/Lomas-del-Centinela-Julio-R%C3%ADos-696x392.jpeg?resize=350%2C200&ssl=1","width":350,"height":200,"srcset":"https:\/\/i0.wp.com\/www.grieta.org.mx\/wp-content\/uploads\/2020\/06\/Lomas-del-Centinela-Julio-R%C3%ADos-696x392.jpeg?resize=350%2C200&ssl=1 1x, https:\/\/i0.wp.com\/www.grieta.org.mx\/wp-content\/uploads\/2020\/06\/Lomas-del-Centinela-Julio-R%C3%ADos-696x392.jpeg?resize=525%2C300&ssl=1 1.5x"},"classes":[]},{"id":57991,"url":"https:\/\/www.grieta.org.mx\/index.php\/2021\/03\/22\/se-manifiestan-por-falta-de-agua-desde-hace-mes-y-medio-jalisco\/","url_meta":{"origin":59792,"position":3},"title":"Se manifiestan por falta de agua desde hace mes y medio (Jalisco)","author":"grieta","date":"22 marzo, 2021","format":false,"excerpt":"Foto: Francisco Rodr\u00edguez \/ El Occidental Viridiana Saavedra \/ El Occidental Personas que desde hace casi mes y medio no tienen agua, se manifestaron afuera de las oficinas del Sistema Intermunicipal de los Servicios de Agua Potable y Alcantarillado (Siapa), para exigir que les otorguen el servicio a trav\u00e9s de\u2026","rel":"","context":"En &quot;CINTILLO&quot;","block_context":{"text":"CINTILLO","link":"https:\/\/www.grieta.org.mx\/index.php\/category\/cintillo\/"},"img":{"alt_text":"","src":"https:\/\/i0.wp.com\/www.grieta.org.mx\/wp-content\/uploads\/2021\/03\/Agua-2.jpeg?resize=350%2C200&ssl=1","width":350,"height":200,"srcset":"https:\/\/i0.wp.com\/www.grieta.org.mx\/wp-content\/uploads\/2021\/03\/Agua-2.jpeg?resize=350%2C200&ssl=1 1x, https:\/\/i0.wp.com\/www.grieta.org.mx\/wp-content\/uploads\/2021\/03\/Agua-2.jpeg?resize=525%2C300&ssl=1 1.5x, https:\/\/i0.wp.com\/www.grieta.org.mx\/wp-content\/uploads\/2021\/03\/Agua-2.jpeg?resize=700%2C400&ssl=1 2x"},"classes":[]},{"id":47168,"url":"https:\/\/www.grieta.org.mx\/index.php\/2020\/03\/30\/colonos-de-lomas-del-centinela-se-manifestaron-afuera-del-ayuntamiento-de-zapopan-jalisco\/","url_meta":{"origin":59792,"position":4},"title":"Colonos de Lomas del Centinela se manifestaron afuera del ayuntamiento de Zapopan (Jalisco)","author":"grieta","date":"30 marzo, 2020","format":false,"excerpt":"Foto: Pablo Toledo Seg\u00fan los manifestantes jam\u00e1s se han negado a pagar los servicios de la colonia, el problema, es que en este momento no han querido ver a Lomas del Centinela como una comunidad de Zapopan Pablo Toledo \/ UDGTV Guadalajara, Jalisco.\u00a0Habitantes de la colonia Lomas del Centinela se\u2026","rel":"","context":"En &quot;CINTILLO&quot;","block_context":{"text":"CINTILLO","link":"https:\/\/www.grieta.org.mx\/index.php\/category\/cintillo\/"},"img":{"alt_text":"","src":"https:\/\/i0.wp.com\/www.grieta.org.mx\/wp-content\/uploads\/2020\/04\/Centinela-PAbli-696x522.jpeg?resize=350%2C200&ssl=1","width":350,"height":200,"srcset":"https:\/\/i0.wp.com\/www.grieta.org.mx\/wp-content\/uploads\/2020\/04\/Centinela-PAbli-696x522.jpeg?resize=350%2C200&ssl=1 1x, https:\/\/i0.wp.com\/www.grieta.org.mx\/wp-content\/uploads\/2020\/04\/Centinela-PAbli-696x522.jpeg?resize=525%2C300&ssl=1 1.5x"},"classes":[]},{"id":58145,"url":"https:\/\/www.grieta.org.mx\/index.php\/2021\/04\/03\/vecinos-de-lomas-de-tabachines-y-agua-fria-ya-presentan-problemas-de-salud-como-diarrea-y-temperatura-por-falta-de-agua-en-zapopan-varias-colonias-mas-afectadas-jalisco\/","url_meta":{"origin":59792,"position":5},"title":"Vecinos de Lomas de Tabachines y Agua Fr\u00eda ya presentan problemas de salud como diarrea y temperatura por falta de agua en Zapopan, varias colonias m\u00e1s afectadas (Jalisco)","author":"grieta","date":"3 abril, 2021","format":false,"excerpt":"Foto: Jorge Alberto Mendoza Jorge Alberto Mendoza \/ El Diario NTR Desde hace m\u00e1s de un mes, habitantes de Lomas de Tabachines, Agua Fr\u00eda y otras colonias del norte de Zapopan padecen un calvario por los cortes de agua potable. Vecinos narraron a NTR Guadalajara que la falta de agua\u2026","rel":"","context":"En &quot;CINTILLO&quot;","block_context":{"text":"CINTILLO","link":"https:\/\/www.grieta.org.mx\/index.php\/category\/cintillo\/"},"img":{"alt_text":"","src":"https:\/\/i0.wp.com\/www.grieta.org.mx\/wp-content\/uploads\/2021\/04\/2021-04-02_09-04-26___3889.jpg?resize=350%2C200&ssl=1","width":350,"height":200,"srcset":"https:\/\/i0.wp.com\/www.grieta.org.mx\/wp-content\/uploads\/2021\/04\/2021-04-02_09-04-26___3889.jpg?resize=350%2C200&ssl=1 1x, https:\/\/i0.wp.com\/www.grieta.org.mx\/wp-content\/uploads\/2021\/04\/2021-04-02_09-04-26___3889.jpg?resize=525%2C300&ssl=1 1.5x, https:\/\/i0.wp.com\/www.grieta.org.mx\/wp-content\/uploads\/2021\/04\/2021-04-02_09-04-26___3889.jpg?resize=700%2C400&ssl=1 2x"},"classes":[]}],"_links":{"self":[{"href":"https:\/\/www.grieta.org.mx\/index.php\/wp-json\/wp\/v2\/posts\/59792","targetHints":{"allow":["GET"]}}],"collection":[{"href":"https:\/\/www.grieta.org.mx\/index.php\/wp-json\/wp\/v2\/posts"}],"about":[{"href":"https:\/\/www.grieta.org.mx\/index.php\/wp-json\/wp\/v2\/types\/post"}],"author":[{"embeddable":true,"href":"https:\/\/www.grieta.org.mx\/index.php\/wp-json\/wp\/v2\/users\/2"}],"replies":[{"embeddable":true,"href":"https:\/\/www.grieta.org.mx\/index.php\/wp-json\/wp\/v2\/comments?post=59792"}],"version-history":[{"count":1,"href":"https:\/\/www.grieta.org.mx\/index.php\/wp-json\/wp\/v2\/posts\/59792\/revisions"}],"predecessor-version":[{"id":59794,"href":"https:\/\/www.grieta.org.mx\/index.php\/wp-json\/wp\/v2\/posts\/59792\/revisions\/59794"}],"wp:featuredmedia":[{"embeddable":true,"href":"https:\/\/www.grieta.org.mx\/index.php\/wp-json\/wp\/v2\/media\/59793"}],"wp:attachment":[{"href":"https:\/\/www.grieta.org.mx\/index.php\/wp-json\/wp\/v2\/media?parent=59792"}],"wp:term":[{"taxonomy":"category","embeddable":true,"href":"https:\/\/www.grieta.org.mx\/index.php\/wp-json\/wp\/v2\/categories?post=59792"},{"taxonomy":"post_tag","embeddable":true,"href":"https:\/\/www.grieta.org.mx\/index.php\/wp-json\/wp\/v2\/tags?post=59792"}],"curies":[{"name":"wp","href":"https:\/\/api.w.org\/{rel}","templated":true}]}}