{"id":59777,"date":"2021-06-11T07:25:57","date_gmt":"2021-06-11T12:25:57","guid":{"rendered":"http:\/\/www.grieta.org.mx\/?p=59777"},"modified":"2021-06-12T17:34:55","modified_gmt":"2021-06-12T22:34:55","slug":"manifestacion-en-cancun-la-comunidad-lgbtttiqa-en-quintana-roo-condena-crimenes-de-odio","status":"publish","type":"post","link":"https:\/\/www.grieta.org.mx\/index.php\/2021\/06\/11\/manifestacion-en-cancun-la-comunidad-lgbtttiqa-en-quintana-roo-condena-crimenes-de-odio\/","title":{"rendered":"Manifestaci\u00f3n en Canc\u00fan: La comunidad LGBTTTIQA+ en Quintana Roo condena cr\u00edmenes de odio"},"content":{"rendered":"<p>Sara\u00ed Reyes \/ Noticaribe<\/p>\n<p>CANC\u00daN.- Tras los recientes hechos de violencia por prejuicio en Canc\u00fan, Quintana Roo, organizaciones y colectivas LGBTTTIQA+ de todo el estado de Quintana Roo se manifestaron esta tarde para exigir un alto a la violencia en su contra.<\/p>\n<p>Lo anterior, ante lamentable asesinato del pasado 5 de junio de 2021 que fue torturado y quemado por tener  VIH, y se\u00f1alaron que este caso es solo uno de los muchos asesinatos contra personas LGBTTTIQA+ en Quintana Roo por el simple hecho de sus orientaciones sexuales y\/o identidades de g\u00e9nero.<\/p>\n<p> Con pancarta en mano protestaron en la glorieta del Ceviche para exigir justicia, ah\u00ed mismo recordaron que entre el 2011 y 2018 se tiene un registro de, por lo menos, 58 personas LGBTTTIQA+ asesinadas por raz\u00f3n de odio en Quintana Roo, esto de acuerdo con datos recopilados de fuentes period\u00edsticas y del Informe de Cr\u00edmenes LGBTTTI en Quintana roo 2011- 2016 de la asociaci\u00f3n civil C\u00edrculo Social Igualitario.<\/p>\n<p> \u201cDestacamos que la mayor\u00eda de estos casos no han sido resueltos. Si bien estas cifras son alarmantes por s\u00ed mismas, se deben sumar los casos de discriminaci\u00f3n en establecimientos privados y por parte de instituciones p\u00fablicas como la Secretar\u00eda de Salud de Quintana Roo, as\u00ed como tambi\u00e9n los casos de abuso policial contra personas LGBTTTIQA+ de los \u00faltimos meses en Tulum y Playa del Carmen\u201d, expresaron.<\/p>\n<p> A\u00f1adieron que durante el periodo 2011-2021 \u00fanicamente tienen dos avances significativos en materia legislativa en derechos humanos de las personas LGBTTTIQA+: el matrimonio igualitario en 2011 y la Ley de Identidad Trans en 2020, es decir, casi 10 a\u00f1os de diferencia entre ambos. En este sentido, a\u00fan cuando la iniciativa para tipificar los cr\u00edmenes de odio en Q. Roo se ha presentado un par de veces durante el periodo de tiempo ya mencionado, est\u00e1 ha sido desechada junto con otras iniciativas que no han prosperado como la tipificaci\u00f3n de los ECOSIG (Esfuerzos para Corregir la Orientaci\u00f3n Sexual y la Identidad de G\u00e9nero).<\/p>\n<p>\u201cDe manera urgente, solicitamos al gobierno de Quintana Roo y todas las dependencias de este, que inicien inmediatamente acciones encaminadas a erradicar esta violencia y discriminaci\u00f3n contra las personas LGBTTTIQA+, el abandono institucional al que nos hemos visto sujetas y sujetos debe parar. Al Congreso del Estado de Quintana Roo le solicitamos comience a legislar con perspectiva de g\u00e9nero, derechos humanos y diversidad sexual, espec\u00edficamente que se tipifiquen los cr\u00edmenes de odio en el C\u00f3digo Penal del Estado de Quintana Roo; a la Fiscal\u00eda General del Estado de Quintana Roo le exigimos que se cumplan con los protocolos de atenci\u00f3n a personas LGBT+, que pare la criminalizaci\u00f3n y abuso por parte de la polic\u00eda hacia las personas LGBT+; al gobernador de Quintana Roo, le exigimos se pronuncie al respecto de lo que aqu\u00ed se\u00f1alamos\u201d.<\/p>\n<p>Finalmente destacaron lo compromisos firmados con autoridades estatales el 28 de septiembre del a\u00f1o pasado:<\/p>\n<p>1.- Elaborar e implementar urgentemente medidas y pol\u00edticas p\u00fablicas, desde el marco de los derechos humanos y perspectiva de g\u00e9nero, en prevenci\u00f3n, atenci\u00f3n, denuncia y sanci\u00f3n para proteger de modo efectivo a las personas LGBTTTIQA+.<\/p>\n<p>2.- La implementaci\u00f3n y rendici\u00f3n de cuentas en la implementaci\u00f3n del Protocolo de Actuaci\u00f3n para el Personal de las Instancias de Procuraci\u00f3n de Justicia del Pa\u00eds, en casos que involucren la Orientaci\u00f3n Sexual o la Identidad de G\u00e9nero publicado en el Diario Oficial de la Federaci\u00f3n en el 2018 de aplicaci\u00f3n obligatoria en todo el pa\u00eds y en el estado por parte de la Fiscal\u00eda General del Estado de Quintana Roo.<\/p>\n<p>3.- Elaborar un diagn\u00f3stico estatal sobre la situaci\u00f3n que viven las personas LGBTTTIQA+ para generar pol\u00edticas p\u00fablicas a favor de esta poblaci\u00f3n.<\/p>\n<p>4.- Establecer mesas de trabajo y di\u00e1logo con la Fiscal\u00eda General del Estado de Quintana Roo para el mejoramiento de la impartici\u00f3n de justicia cuando se involucren casos en funci\u00f3n de la identidad y\/o  expresi\u00f3n de g\u00e9nero y orientaci\u00f3n sexual.<\/p>\n<p>5.- Formaci\u00f3n continua a servidoras\/es p\u00fablicos en materia de g\u00e9nero, derechos humanos y diversidad sexual.<\/p>\n<p> \u201cLas personas LGBTTTIQA+ merecemos vivir una vida libre de violencia y de discriminaci\u00f3n. Por a\u00f1os hemos vivido el rechazo no solo de las instituciones sino tambi\u00e9n de la sociedad y, en algunos casos, de nuestras propias familias; estamos cansadas, cansados y cansadas de vivir con miedo, de vivir sabiendo que por nuestras orientaciones sexuales e identidad de g\u00e9nero se nos puede asesinar impunemente, queremos un estado donde podamos vivir libremente, sin miedo\u201d.<\/p>\n<p><a href=\"https:\/\/noticaribe.com.mx\/2021\/06\/11\/manifestacion-en-cancun-la-comunidad-lgbtttiqa-en-quintana-roo-condena-crimenes-de-odio\/\" rel=\"noopener\" target=\"_blank\">https:\/\/noticaribe.com.mx\/2021\/06\/11\/manifestacion-en-cancun-la-comunidad-lgbtttiqa-en-quintana-roo-condena-crimenes-de-odio\/<\/a><\/p>\n","protected":false},"excerpt":{"rendered":"<p>Sara\u00ed Reyes \/ Noticaribe CANC\u00daN.- Tras los recientes hechos de violencia por prejuicio en Canc\u00fan, Quintana Roo, organizaciones y colectivas LGBTTTIQA+ de todo el estado de Quintana Roo se manifestaron &hellip; <a href=\"https:\/\/www.grieta.org.mx\/index.php\/2021\/06\/11\/manifestacion-en-cancun-la-comunidad-lgbtttiqa-en-quintana-roo-condena-crimenes-de-odio\/\" class=\"more-link\">Leer m\u00e1s<\/a><\/p>\n","protected":false},"author":2,"featured_media":59778,"comment_status":"closed","ping_status":"closed","sticky":false,"template":"","format":"standard","meta":{"ngg_post_thumbnail":0,"_jetpack_newsletter_access":"","_jetpack_dont_email_post_to_subs":false,"_jetpack_newsletter_tier_id":0,"_jetpack_memberships_contains_paywalled_content":false,"_jetpack_memberships_contains_paid_content":false,"footnotes":""},"categories":[80,2,28,3833],"tags":[1226],"class_list":["post-59777","post","type-post","status-publish","format-standard","has-post-thumbnail","hentry","category-cintillo","category-noticias-nacionales","category-quintana-roo","category-violencia-contra-la-comunidad-lgbt-en-quintana-roo","tag-violencia-contra-la-comunidad-lgbttti","entry"],"jetpack_featured_media_url":"https:\/\/www.grieta.org.mx\/wp-content\/uploads\/2021\/06\/Lgbtttiqa.png","jetpack_sharing_enabled":true,"jetpack_shortlink":"https:\/\/wp.me\/p7ZJR4-fy9","jetpack_likes_enabled":false,"jetpack-related-posts":[{"id":63170,"url":"https:\/\/www.grieta.org.mx\/index.php\/2022\/01\/25\/periodismo-en-riesgo-desde-cancun-exigen-justicia-por-periodistas-asesinados-quintana-roo\/","url_meta":{"origin":59777,"position":0},"title":"&#8220;Periodismo en riesgo&#8221;: Desde Canc\u00fan, exigen justicia por periodistas asesinados (Quintana Roo)","author":"grieta","date":"25 enero, 2022","format":false,"excerpt":"Agencia SIM | Fotos: Infoqroo \/ Noticaribe CANC\u00daN, MX.- Reporteros, editores, fot\u00f3grafos y otros trabajadores de los medios de comunicaci\u00f3n se reunieron esta noche afuera del Palacio Municipal del Ayuntamiento de Benito Ju\u00e1rez, para sumarse al movimiento \u201cPeriodismo en Riesgo\u201d y exigir justicia por los tres colegas que fueron asesinados\u2026","rel":"","context":"En &quot;CINTILLO&quot;","block_context":{"text":"CINTILLO","link":"https:\/\/www.grieta.org.mx\/index.php\/category\/cintillo\/"},"img":{"alt_text":"","src":"https:\/\/i0.wp.com\/www.grieta.org.mx\/wp-content\/uploads\/2022\/01\/PeriodismoEnRiesgo.png?resize=350%2C200&ssl=1","width":350,"height":200,"srcset":"https:\/\/i0.wp.com\/www.grieta.org.mx\/wp-content\/uploads\/2022\/01\/PeriodismoEnRiesgo.png?resize=350%2C200&ssl=1 1x, https:\/\/i0.wp.com\/www.grieta.org.mx\/wp-content\/uploads\/2022\/01\/PeriodismoEnRiesgo.png?resize=525%2C300&ssl=1 1.5x, https:\/\/i0.wp.com\/www.grieta.org.mx\/wp-content\/uploads\/2022\/01\/PeriodismoEnRiesgo.png?resize=700%2C400&ssl=1 2x"},"classes":[]},{"id":67069,"url":"https:\/\/www.grieta.org.mx\/index.php\/2023\/01\/27\/periodista-ruben-dario-cruz-hernandez-sale-ileso-tras-un-ataque-en-cancun-quintana-roo\/","url_meta":{"origin":59777,"position":1},"title":"Periodista Rub\u00e9n Dar\u00edo Cruz Hern\u00e1ndez sale ileso tras un ataque en Canc\u00fan (Quintana Roo)","author":"grieta","date":"27 enero, 2023","format":false,"excerpt":"El Economista El periodista Rub\u00e9n Dar\u00edo Cruz Hern\u00e1ndez, del peri\u00f3dico \u201c\u00a1Por Esto!\u201d de Quintana Roo, fue atacado a balazos mientras viajaba a bordo de un veh\u00edculo en Canc\u00fan. Este jueves, el periodista Rub\u00e9n Dar\u00edo Cruz Hern\u00e1ndez, del peri\u00f3dico \u201c\u00a1Por Esto!\u201d de Quintana Roo, fue atacado a balazos mientras viajaba a\u2026","rel":"","context":"En &quot;CINTILLO&quot;","block_context":{"text":"CINTILLO","link":"https:\/\/www.grieta.org.mx\/index.php\/category\/cintillo\/"},"img":{"alt_text":"","src":"https:\/\/i0.wp.com\/www.grieta.org.mx\/wp-content\/uploads\/2023\/06\/Periodistas-e1687544648565.jpg?resize=350%2C200&ssl=1","width":350,"height":200,"srcset":"https:\/\/i0.wp.com\/www.grieta.org.mx\/wp-content\/uploads\/2023\/06\/Periodistas-e1687544648565.jpg?resize=350%2C200&ssl=1 1x, https:\/\/i0.wp.com\/www.grieta.org.mx\/wp-content\/uploads\/2023\/06\/Periodistas-e1687544648565.jpg?resize=525%2C300&ssl=1 1.5x, https:\/\/i0.wp.com\/www.grieta.org.mx\/wp-content\/uploads\/2023\/06\/Periodistas-e1687544648565.jpg?resize=700%2C400&ssl=1 2x"},"classes":[]},{"id":67282,"url":"https:\/\/www.grieta.org.mx\/index.php\/2023\/07\/31\/disparan-contra-vivienda-de-periodista-en-cancun-no-hay-detenidos-quintana-roo\/","url_meta":{"origin":59777,"position":2},"title":"Disparan contra vivienda de periodista en Canc\u00fan; no hay detenidos (Quintana Roo)","author":"grieta","date":"31 julio, 2023","format":false,"excerpt":"Pablo V\u00e1zquez \/ Milenio Canc\u00fan, Quintana Roo La vivienda del comunicador Jorge Ugalde Hern\u00e1ndez, director del portal de noticias 'Descontento Ciudadano Quintanarroense', fue objeto de disparos por desconocidos en el fraccionamiento Villas del Mar en la regi\u00f3n 248 de Canc\u00fan. El reporte preliminar de Seguridad P\u00fablica de Benito Juarez, es\u2026","rel":"","context":"En &quot;CINTILLO&quot;","block_context":{"text":"CINTILLO","link":"https:\/\/www.grieta.org.mx\/index.php\/category\/cintillo\/"},"img":{"alt_text":"","src":"https:\/\/i0.wp.com\/www.grieta.org.mx\/wp-content\/uploads\/2023\/08\/PeriodistaCancun-e1690931085425.jpg?resize=350%2C200&ssl=1","width":350,"height":200,"srcset":"https:\/\/i0.wp.com\/www.grieta.org.mx\/wp-content\/uploads\/2023\/08\/PeriodistaCancun-e1690931085425.jpg?resize=350%2C200&ssl=1 1x, https:\/\/i0.wp.com\/www.grieta.org.mx\/wp-content\/uploads\/2023\/08\/PeriodistaCancun-e1690931085425.jpg?resize=525%2C300&ssl=1 1.5x, https:\/\/i0.wp.com\/www.grieta.org.mx\/wp-content\/uploads\/2023\/08\/PeriodistaCancun-e1690931085425.jpg?resize=700%2C400&ssl=1 2x"},"classes":[]},{"id":65567,"url":"https:\/\/www.grieta.org.mx\/index.php\/2022\/09\/02\/secuestran-y-golpean-a-periodista-de-quintana-roo\/","url_meta":{"origin":59777,"position":3},"title":"Secuestran y golpean a periodista de Quintana Roo","author":"grieta","date":"2 septiembre, 2022","format":false,"excerpt":"Animal Pol\u00edtico Foto Cuartoscuro La periodista Priscila Roco, colaboradora del medio Playa al d\u00eda, fue privada de la libertad y golpeada por hombres armados en Canc\u00fan, Quintana Roo. De acuerdo con el medio, un carro Versa color gris la sigui\u00f3 y un hombre armado y una mujer la subieron bajo\u2026","rel":"","context":"En &quot;CINTILLO&quot;","block_context":{"text":"CINTILLO","link":"https:\/\/www.grieta.org.mx\/index.php\/category\/cintillo\/"},"img":{"alt_text":"","src":"https:\/\/i0.wp.com\/www.grieta.org.mx\/wp-content\/uploads\/2022\/10\/Periodista-e1666390221879.jpg?resize=350%2C200&ssl=1","width":350,"height":200,"srcset":"https:\/\/i0.wp.com\/www.grieta.org.mx\/wp-content\/uploads\/2022\/10\/Periodista-e1666390221879.jpg?resize=350%2C200&ssl=1 1x, https:\/\/i0.wp.com\/www.grieta.org.mx\/wp-content\/uploads\/2022\/10\/Periodista-e1666390221879.jpg?resize=525%2C300&ssl=1 1.5x, https:\/\/i0.wp.com\/www.grieta.org.mx\/wp-content\/uploads\/2022\/10\/Periodista-e1666390221879.jpg?resize=700%2C400&ssl=1 2x"},"classes":[]},{"id":54944,"url":"https:\/\/www.grieta.org.mx\/index.php\/2020\/11\/10\/represion-policiaca-de-protesta-en-cancun-fue-planeada-red-feminista\/","url_meta":{"origin":59777,"position":4},"title":"Represi\u00f3n policiaca de protesta en Canc\u00fan fue planeada: Red Feminista","author":"grieta","date":"10 noviembre, 2020","format":false,"excerpt":"Foto Claroscuro Animal Pol\u00edtico Feministas exigieron al gobierno de Quintana Roo la destituci\u00f3n de Alberto Capella, as\u00ed como una disculpa p\u00fablica y la reparaci\u00f3n del da\u00f1o a todas las v\u00edctimas de la brutalidad policiaca. La Red Feminista Quintanarroense afirm\u00f3 que la dispersi\u00f3n con balazos de la protesta que se realiz\u00f3\u2026","rel":"","context":"En &quot;Abuso policiaco en Quintana Roo&quot;","block_context":{"text":"Abuso policiaco en Quintana Roo","link":"https:\/\/www.grieta.org.mx\/index.php\/category\/noticias-nacionales\/quintana-roo\/abuso-policiaco-en-quintana-roo\/"},"img":{"alt_text":"","src":"https:\/\/i0.wp.com\/www.grieta.org.mx\/wp-content\/uploads\/2020\/11\/policia_cancun_disparos_protesta-e1605206205211.jpeg?resize=350%2C200&ssl=1","width":350,"height":200,"srcset":"https:\/\/i0.wp.com\/www.grieta.org.mx\/wp-content\/uploads\/2020\/11\/policia_cancun_disparos_protesta-e1605206205211.jpeg?resize=350%2C200&ssl=1 1x, https:\/\/i0.wp.com\/www.grieta.org.mx\/wp-content\/uploads\/2020\/11\/policia_cancun_disparos_protesta-e1605206205211.jpeg?resize=525%2C300&ssl=1 1.5x, https:\/\/i0.wp.com\/www.grieta.org.mx\/wp-content\/uploads\/2020\/11\/policia_cancun_disparos_protesta-e1605206205211.jpeg?resize=700%2C400&ssl=1 2x"},"classes":[]},{"id":3967,"url":"https:\/\/www.grieta.org.mx\/index.php\/2015\/10\/30\/ejidatarios-de-juan-sarabia-quintana-roo-bloquean-carretera-para-exigir-pago\/","url_meta":{"origin":59777,"position":5},"title":"Ejidatarios de Juan Sarabia, Quintana Roo, bloquean carretera para exigir pago.","author":"grieta","date":"30 octubre, 2015","format":false,"excerpt":"30\/10\/15. Ejidatarios bloquean carretera Chetumal-Canc\u00fan para exigir pago de terrenos expropiadosNovedades de Quintana Roo","rel":"","context":"En &quot;NOTICIAS NACIONALES&quot;","block_context":{"text":"NOTICIAS NACIONALES","link":"https:\/\/www.grieta.org.mx\/index.php\/category\/noticias-nacionales\/"},"img":{"alt_text":"","src":"https:\/\/i0.wp.com\/www.grieta.org.mx\/wp-content\/uploads\/2018\/03\/14524434_1106112876131411_958039263622046936_o.jpg?resize=350%2C200&ssl=1","width":350,"height":200,"srcset":"https:\/\/i0.wp.com\/www.grieta.org.mx\/wp-content\/uploads\/2018\/03\/14524434_1106112876131411_958039263622046936_o.jpg?resize=350%2C200&ssl=1 1x, https:\/\/i0.wp.com\/www.grieta.org.mx\/wp-content\/uploads\/2018\/03\/14524434_1106112876131411_958039263622046936_o.jpg?resize=525%2C300&ssl=1 1.5x, https:\/\/i0.wp.com\/www.grieta.org.mx\/wp-content\/uploads\/2018\/03\/14524434_1106112876131411_958039263622046936_o.jpg?resize=700%2C400&ssl=1 2x"},"classes":[]}],"_links":{"self":[{"href":"https:\/\/www.grieta.org.mx\/index.php\/wp-json\/wp\/v2\/posts\/59777","targetHints":{"allow":["GET"]}}],"collection":[{"href":"https:\/\/www.grieta.org.mx\/index.php\/wp-json\/wp\/v2\/posts"}],"about":[{"href":"https:\/\/www.grieta.org.mx\/index.php\/wp-json\/wp\/v2\/types\/post"}],"author":[{"embeddable":true,"href":"https:\/\/www.grieta.org.mx\/index.php\/wp-json\/wp\/v2\/users\/2"}],"replies":[{"embeddable":true,"href":"https:\/\/www.grieta.org.mx\/index.php\/wp-json\/wp\/v2\/comments?post=59777"}],"version-history":[{"count":1,"href":"https:\/\/www.grieta.org.mx\/index.php\/wp-json\/wp\/v2\/posts\/59777\/revisions"}],"predecessor-version":[{"id":59779,"href":"https:\/\/www.grieta.org.mx\/index.php\/wp-json\/wp\/v2\/posts\/59777\/revisions\/59779"}],"wp:featuredmedia":[{"embeddable":true,"href":"https:\/\/www.grieta.org.mx\/index.php\/wp-json\/wp\/v2\/media\/59778"}],"wp:attachment":[{"href":"https:\/\/www.grieta.org.mx\/index.php\/wp-json\/wp\/v2\/media?parent=59777"}],"wp:term":[{"taxonomy":"category","embeddable":true,"href":"https:\/\/www.grieta.org.mx\/index.php\/wp-json\/wp\/v2\/categories?post=59777"},{"taxonomy":"post_tag","embeddable":true,"href":"https:\/\/www.grieta.org.mx\/index.php\/wp-json\/wp\/v2\/tags?post=59777"}],"curies":[{"name":"wp","href":"https:\/\/api.w.org\/{rel}","templated":true}]}}