{"id":59734,"date":"2021-06-01T12:43:26","date_gmt":"2021-06-01T17:43:26","guid":{"rendered":"https:\/\/www.grieta.org.mx\/?p=59734"},"modified":"2021-06-10T12:47:34","modified_gmt":"2021-06-10T17:47:34","slug":"tomas-rojo-lider-yaqui-y-defensor-del-agua-desaparece-en-sonora","status":"publish","type":"post","link":"https:\/\/www.grieta.org.mx\/index.php\/2021\/06\/01\/tomas-rojo-lider-yaqui-y-defensor-del-agua-desaparece-en-sonora\/","title":{"rendered":"Tom\u00e1s Rojo, l\u00edder yaqui y defensor del agua, desaparece en Sonora"},"content":{"rendered":"<h3>Las agencias de seguridad y ministeriales de los tres niveles de Gobierno ya investigan la desaparici\u00f3n del l\u00edder ind\u00edgena en el el territorio yaqui.<\/h3>\n<aside class=\"ver-ademas-4A99E0125DAED7DE4\">\n<div id=\"standard_2\" class=\"st-placement standard_2 inImage\">\n<div class=\"st-adunit st-reset st-show\">\n<div class=\"st-adunit-ad st-reset\">\n<div class=\"st-display-render st-reset\">\n<div class=\"st-reset\">\n<div class=\"important-styled st-canvas-container open Leaderboard display-standard fssquz2\">\n<div class=\"important-styled st-canvas-el fhxwyqa\">\n<div class=\"important-styled st-canvas-container undefined fssquz2\">\n<div class=\"important-styled st-canvas-el fy1cuxq\">\n<div class=\"important-styled st-canvas-container undefined fssquz2\">\n<div class=\"important-styled st-canvas-el f1dxbxrm\">\n<div class=\"important-styled f1m7i34m\">\n<div class=\"important-styled display-render-wrapper f1m7i34m\"><\/div>\n<\/div>\n<\/div>\n<\/div>\n<\/div>\n<\/div>\n<\/div>\n<\/div>\n<\/div>\n<\/div>\n<\/div>\n<\/div>\n<\/div>\n<p>&nbsp;<\/p>\n<header>\n<h5><\/h5>\n<\/header>\n<\/aside>\n<p>Guaymas (M\u00e9xico), 28 mayo (EFE).- La\u00a0<strong>Fiscal\u00eda General de Justicia<\/strong>\u00a0del estado de\u00a0<strong>Sonora<\/strong>, noroeste de M\u00e9xico, inform\u00f3 este viernes que abri\u00f3 una\u00a0<strong>carpeta de investigaci\u00f3n<\/strong>\u00a0por la\u00a0<strong>desaparici\u00f3n<\/strong>\u00a0de un l\u00edder de la\u00a0<strong>tribu yaqui<\/strong>\u00a0en la entidad,\u00a0<strong>Tom\u00e1s Rojo Valencia,<\/strong>\u00a0de 54 a\u00f1os.<\/p>\n<p>En 2010, Rojo Valencia junto a Mario Luna, encabezaron la llamada guerra por el agua en el estado de Sonora que se desat\u00f3 cuando el Gobierno del estado anunci\u00f3 la construcci\u00f3n del Acueducto Independencia para llevar agua desde la cuenca del R\u00edo Yaqui hacia la capital Hermosillo, de donde actualmente se abastece a m\u00e1s de 300 mil personas y que inici\u00f3 operaciones en 2013.<\/p>\n<p>La instituci\u00f3n indic\u00f3 que el jueves por la noche, la hija de Rojo Valencia acudi\u00f3 al Ministerio P\u00fablico para denunciar que su padre sali\u00f3 a caminar para ejercitarse en la primeras horas de la jornada, como lo hac\u00eda todos los d\u00edas, en la comunidad yaqui de V\u00edcam, pero no regres\u00f3.<\/p>\n<p>V\u00edcam es uno de los ocho pueblos que habita la tribu yaqui entre los municipios de Guaymas y Cajeme.<\/p>\n<blockquote><p>\u201cLa ofendida dice que su padre es una persona de la etnia yaqui, que se dedica a bajar proyectos en beneficio de la tribu\u201d, se asent\u00f3 el reporte de desaparici\u00f3n.<\/p><\/blockquote>\n<aside class=\"ver-ademas-4A99E0125DAED7DE4\"><img decoding=\"async\" src=\"https:\/\/i0.wp.com\/sinembargo.mx\/wp-content\/uploads\/2020\/08\/3a21bc29850e93c013aac10b947d52bfff63246b-e1597432192714.jpg\" alt=\"\" \/>\u00a0<\/p>\n<header>\n<h5><\/h5>\n<\/header>\n<\/aside>\n<p>Adem\u00e1s, dijo que al salir de su casa vest\u00eda pantalones deportivos negros, su\u00e9ter gris, tenis negros, y un paliacate rojo atado al cuello.<\/p>\n<p>Las agencias de seguridad y ministeriales de los tres niveles de Gobierno llegaron al territorio yaqui para iniciar la b\u00fasqueda e investigar la desaparici\u00f3n del l\u00edder ind\u00edgena.<\/p>\n<p>La protesta de Rojo Valencia y Mario Luna fue porque consideraron que la sobreexplotaci\u00f3n de sus recursos naturales impactar\u00eda en el desarrollo social, pol\u00edtico y econ\u00f3mico de sus comunidades<\/p>\n<p>La principal demanda de los ind\u00edgenas era que mientras el Gobierno estatal extra\u00eda el agua del R\u00edo Yaqui para abastecer a las dos ciudades m\u00e1s habitadas de Sonora, Hermosillo y Ciudad Obreg\u00f3n, nunca le hab\u00eda garantizado el abastecimiento del vital l\u00edquido en los ocho pueblos que habita la tribu.<\/p>\n<p>Debido a su oposici\u00f3n a la obra, que inici\u00f3 en 2010 y finaliz\u00f3 en 2013, ambos ind\u00edgenas fueron acusados de diversos delitos. Rojo se escondi\u00f3 en su territorio, mientras que Luna fue encarcelado hasta que finaliz\u00f3 el sexenio del gobernador Guillermo Padr\u00e9s (2009-2015), entre esc\u00e1ndalos por corrupci\u00f3n.<\/p>\n<aside class=\"ver-ademas-4A99E0125DAED7DE4\"><img decoding=\"async\" src=\"https:\/\/i0.wp.com\/sinembargo.mx\/wp-content\/uploads\/2020\/08\/2696e361b461946216fc09ce3039dffabb3686d4.jpg\" alt=\"\" \/>\u00a0<\/p>\n<header>\n<h5><\/h5>\n<\/header>\n<\/aside>\n<p>Actualmente el Acueducto Independencia contin\u00faa operando y sirve para abastecer de agua para consumo humano a la mitad de los habitantes en Hermosillo, capital de Sonora, esto a pesar que en diversos juicios la Suprema Corte de Justicia en la Naci\u00f3n ha ordenado la suspensi\u00f3n de la obra.<\/p>\n<p>A poco m\u00e1s de 36 horas de su desaparici\u00f3n, las autoridades no han emitido versi\u00f3n oficial o avances en la investigaci\u00f3n.<\/p>\n<blockquote class=\"wp-embedded-content\" data-secret=\"CtsqO0ZHmD\"><p><a href=\"https:\/\/www.sinembargo.mx\/28-05-2021\/3981540\">Tom\u00e1s Rojo, l\u00edder yaqui y defensor del agua, desaparece en Sonora<\/a><\/p><\/blockquote>\n<p><iframe loading=\"lazy\" class=\"wp-embedded-content\" sandbox=\"allow-scripts\" security=\"restricted\" style=\"position: absolute; clip: rect(1px, 1px, 1px, 1px);\" title=\"&#8220;Tom\u00e1s Rojo, l\u00edder yaqui y defensor del agua, desaparece en Sonora&#8221; &#8212; SinEmbargo MX\" src=\"https:\/\/www.sinembargo.mx\/28-05-2021\/3981540\/embed#?secret=CtsqO0ZHmD\" data-secret=\"CtsqO0ZHmD\" width=\"600\" height=\"338\" frameborder=\"0\" marginwidth=\"0\" marginheight=\"0\" scrolling=\"no\"><\/iframe><\/p>\n","protected":false},"excerpt":{"rendered":"<p>Las agencias de seguridad y ministeriales de los tres niveles de Gobierno ya investigan la desaparici\u00f3n del l\u00edder ind\u00edgena en el el territorio yaqui. &nbsp; Guaymas (M\u00e9xico), 28 mayo (EFE).- &hellip; <a href=\"https:\/\/www.grieta.org.mx\/index.php\/2021\/06\/01\/tomas-rojo-lider-yaqui-y-defensor-del-agua-desaparece-en-sonora\/\" class=\"more-link\">Leer m\u00e1s<\/a><\/p>\n","protected":false},"author":2,"featured_media":59735,"comment_status":"closed","ping_status":"closed","sticky":false,"template":"","format":"standard","meta":{"ngg_post_thumbnail":0,"_jetpack_newsletter_access":"","_jetpack_dont_email_post_to_subs":false,"_jetpack_newsletter_tier_id":0,"_jetpack_memberships_contains_paywalled_content":false,"_jetpack_memberships_contains_paid_content":false,"footnotes":""},"categories":[80,1463,1405,31],"tags":[121,1243,2466,1596],"class_list":["post-59734","post","type-post","status-publish","format-standard","has-post-thumbnail","hentry","category-cintillo","category-desaparecidos-en-sonora","category-lucha-y-resistencia-de-los-pueblos-originarios-en-sonora","category-sonora","tag-desaparecidos","tag-despojo-de-agua","tag-luchas-y-resistencias-de-pueblos-originarios","tag-pueblos-originarios","entry"],"jetpack_featured_media_url":"https:\/\/www.grieta.org.mx\/wp-content\/uploads\/2021\/06\/yaquis.jpg","jetpack_sharing_enabled":true,"jetpack_shortlink":"https:\/\/wp.me\/p7ZJR4-fxs","jetpack_likes_enabled":false,"jetpack-related-posts":[{"id":61662,"url":"https:\/\/www.grieta.org.mx\/index.php\/2021\/09\/12\/mujeres-yaquis-de-loma-de-bacum-marcharan-por-familiares-desaparecidos-no-hay-noticias-de-su-paradero-sonora\/","url_meta":{"origin":59734,"position":0},"title":"Mujeres yaquis de Loma de B\u00e1cum marchar\u00e1n por familiares desaparecidos; no hay noticias de su paradero (Sonora)","author":"grieta","date":"12 septiembre, 2021","format":false,"excerpt":"Loma de B\u00e1cum, Sonora.- Las mujeres yaquis de Loma de B\u00e1cum marchar\u00e1n este lunes para exigir la presentaci\u00f3n con vida de sus siete familiares desaparecidos y otros tres hombres cercanos a la etnia que fueron privados de la libertad hace dos meses. Madres, esposas, hermanas, primas y familiares de los\u2026","rel":"","context":"En &quot;Desaparecidos en Sonora&quot;","block_context":{"text":"Desaparecidos en Sonora","link":"https:\/\/www.grieta.org.mx\/index.php\/category\/noticias-nacionales\/sonora\/desaparecidos-en-sonora\/"},"img":{"alt_text":"","src":"https:\/\/i0.wp.com\/www.grieta.org.mx\/wp-content\/uploads\/2021\/09\/E_HzaL_XMAI2VSd.jpg?resize=350%2C200&ssl=1","width":350,"height":200,"srcset":"https:\/\/i0.wp.com\/www.grieta.org.mx\/wp-content\/uploads\/2021\/09\/E_HzaL_XMAI2VSd.jpg?resize=350%2C200&ssl=1 1x, https:\/\/i0.wp.com\/www.grieta.org.mx\/wp-content\/uploads\/2021\/09\/E_HzaL_XMAI2VSd.jpg?resize=525%2C300&ssl=1 1.5x"},"classes":[]},{"id":60535,"url":"https:\/\/www.grieta.org.mx\/index.php\/2021\/07\/17\/artemio-arballo-otro-integrante-de-la-tribu-yaqui-desaparece-en-sonora\/","url_meta":{"origin":59734,"position":1},"title":"Artemio Arballo, otro integrante de la tribu yaqui, desaparece en Sonora","author":"grieta","date":"17 julio, 2021","format":false,"excerpt":"Artemio Arballo Canizalez, integrante de la tribu yaqui, fue reportado como desaparecido despu\u00e9s de que no regresara a su casa este mi\u00e9rcoles. En el a\u00f1o se han reportado la desaparici\u00f3n de otra activista yaqui y el asesinato de dos otros miembros de la tribu. Hermosillo, 17 de julio (Proyecto Puente).\u2013\u2026","rel":"","context":"En &quot;CINTILLO&quot;","block_context":{"text":"CINTILLO","link":"https:\/\/www.grieta.org.mx\/index.php\/category\/cintillo\/"},"img":{"alt_text":"","src":"https:\/\/i0.wp.com\/www.grieta.org.mx\/wp-content\/uploads\/2021\/07\/E6XXdq0XoAE0t7_.png?resize=350%2C200&ssl=1","width":350,"height":200,"srcset":"https:\/\/i0.wp.com\/www.grieta.org.mx\/wp-content\/uploads\/2021\/07\/E6XXdq0XoAE0t7_.png?resize=350%2C200&ssl=1 1x, https:\/\/i0.wp.com\/www.grieta.org.mx\/wp-content\/uploads\/2021\/07\/E6XXdq0XoAE0t7_.png?resize=525%2C300&ssl=1 1.5x"},"classes":[]},{"id":62535,"url":"https:\/\/www.grieta.org.mx\/index.php\/2021\/10\/27\/62535\/","url_meta":{"origin":59734,"position":2},"title":"Familias de yaquis desaparecidos exigen certeza cient\u00edfica sobre restos hallados en Sonora","author":"grieta","date":"27 octubre, 2021","format":false,"excerpt":"Familias\u00a0de los 10\u00a0yaquis desaparecidos\u00a0exigieron\u00a0certeza cient\u00edfica\u00a0que\u00a0comprueben la identidad\u00a0de los\u00a0restos hallados\u00a0por la Fiscal\u00eda General del Estado (FGE) de Sonora. En conferencia de prensa, al cumplirse 105 d\u00edas de la desaparici\u00f3n de los 10 ind\u00edgenas de la\u00a0comunidad\u00a0yaqui, sus familias exigieron\u00a0evidencia cient\u00edfica\u00a0de que los restos encontrados pertenecen a sus seres queridos. Lo anterior, con\u2026","rel":"","context":"En &quot;Desaparecidos en Sonora&quot;","block_context":{"text":"Desaparecidos en Sonora","link":"https:\/\/www.grieta.org.mx\/index.php\/category\/noticias-nacionales\/sonora\/desaparecidos-en-sonora\/"},"img":{"alt_text":"","src":"https:\/\/i0.wp.com\/www.grieta.org.mx\/wp-content\/uploads\/2021\/10\/ZRJOKIIFGFC3NJXXH5DT5S24JA.jpeg?resize=350%2C200&ssl=1","width":350,"height":200,"srcset":"https:\/\/i0.wp.com\/www.grieta.org.mx\/wp-content\/uploads\/2021\/10\/ZRJOKIIFGFC3NJXXH5DT5S24JA.jpeg?resize=350%2C200&ssl=1 1x, https:\/\/i0.wp.com\/www.grieta.org.mx\/wp-content\/uploads\/2021\/10\/ZRJOKIIFGFC3NJXXH5DT5S24JA.jpeg?resize=525%2C300&ssl=1 1.5x"},"classes":[]},{"id":2773,"url":"https:\/\/www.grieta.org.mx\/index.php\/2015\/05\/17\/pena-es-insensible-a-despojos-de-agua-y-tierra-contra-pueblos-originarios-tribu-yaqui\/","url_meta":{"origin":59734,"position":3},"title":"Pe\u00f1a es insensible a despojos de agua y tierra contra pueblos originarios: Tribu Yaqui","author":"grieta","date":"17 mayo, 2015","format":false,"excerpt":"Proceso Pedro Zamora COLIMA, Col. (proceso.com.mx).- El presidente Enrique Pe\u00f1a Nieto ha sido insensible a los problemas de las comunidades ind\u00edgenas del pa\u00eds, \u201cpor eso andamos aqu\u00ed, porque no nos han escuchado\u201d, dijo C\u00e9sar Cota T\u00f3rtola, capit\u00e1n de la Tribu Yaqui de Loma de Guam\u00fachil e integrante de la Caravana\u2026","rel":"","context":"En &quot;CINTILLO&quot;","block_context":{"text":"CINTILLO","link":"https:\/\/www.grieta.org.mx\/index.php\/category\/cintillo\/"},"img":{"alt_text":"","src":"https:\/\/i0.wp.com\/www.grieta.org.mx\/wp-content\/uploads\/2018\/03\/14524434_1106112876131411_958039263622046936_o.jpg?resize=350%2C200&ssl=1","width":350,"height":200,"srcset":"https:\/\/i0.wp.com\/www.grieta.org.mx\/wp-content\/uploads\/2018\/03\/14524434_1106112876131411_958039263622046936_o.jpg?resize=350%2C200&ssl=1 1x, https:\/\/i0.wp.com\/www.grieta.org.mx\/wp-content\/uploads\/2018\/03\/14524434_1106112876131411_958039263622046936_o.jpg?resize=525%2C300&ssl=1 1.5x, https:\/\/i0.wp.com\/www.grieta.org.mx\/wp-content\/uploads\/2018\/03\/14524434_1106112876131411_958039263622046936_o.jpg?resize=700%2C400&ssl=1 2x"},"classes":[]},{"id":41068,"url":"https:\/\/www.grieta.org.mx\/index.php\/2019\/11\/09\/asesinan-a-la-activista-e-historiadora-raquel-padilla-en-sonora\/","url_meta":{"origin":59734,"position":4},"title":"Asesinan a la activista e historiadora Raquel Padilla, en Sonora","author":"grieta","date":"9 noviembre, 2019","format":false,"excerpt":"Redacci\u00f3n Animal Pol\u00edtico Raquel fue asesinada con un arma blanca dentro de una vivienda en el municipio de Ures; la Fiscal\u00eda de Sonora investiga el hecho como feminicidio. La escritora, antrop\u00f3loga y activista, Raquel Padilla, de 53 a\u00f1os, fue asesinada dentro de una casa con un arma blanca la tarde\u2026","rel":"","context":"En &quot;CINTILLO&quot;","block_context":{"text":"CINTILLO","link":"https:\/\/www.grieta.org.mx\/index.php\/category\/cintillo\/"},"img":{"alt_text":"","src":"https:\/\/i0.wp.com\/www.grieta.org.mx\/wp-content\/uploads\/2019\/11\/WhatsApp-Image-2019-11-08-at-08.29.16-e1573223497903.jpeg?resize=350%2C200&ssl=1","width":350,"height":200,"srcset":"https:\/\/i0.wp.com\/www.grieta.org.mx\/wp-content\/uploads\/2019\/11\/WhatsApp-Image-2019-11-08-at-08.29.16-e1573223497903.jpeg?resize=350%2C200&ssl=1 1x, https:\/\/i0.wp.com\/www.grieta.org.mx\/wp-content\/uploads\/2019\/11\/WhatsApp-Image-2019-11-08-at-08.29.16-e1573223497903.jpeg?resize=525%2C300&ssl=1 1.5x, https:\/\/i0.wp.com\/www.grieta.org.mx\/wp-content\/uploads\/2019\/11\/WhatsApp-Image-2019-11-08-at-08.29.16-e1573223497903.jpeg?resize=700%2C400&ssl=1 2x"},"classes":[]},{"id":61284,"url":"https:\/\/www.grieta.org.mx\/index.php\/2021\/08\/20\/donde-estan-los-yaquis-desaparecidos-de-loma-de-bacum-a-30-dias-del-hecho-no-hay-respuestas\/","url_meta":{"origin":59734,"position":5},"title":"\u00bfD\u00f3nde est\u00e1n los Yaquis desaparecidos de Loma de B\u00e1cum? A 30 d\u00edas del hecho, no hay respuestas","author":"grieta","date":"20 agosto, 2021","format":false,"excerpt":"\u00a0 Ciudad Obreg\u00f3n, Sonora.-\u00a0Hoy, se cumplen 30 d\u00edas de la\u00a0desaparici\u00f3n forzada\u00a0de 10 hombres, algunos de ellos integrantes de la\u00a0tropa Yoremia\u00a0de la etnia\u00a0Yaqui\u00a0y otros pobladores de\u00a0Loma de B\u00e1cum. Este caso, al igual que muchos otros, es sumamente doloroso para los familiares, pero trasciende por tratarse de una de las etnias m\u00e1s\u2026","rel":"","context":"En &quot;Desaparecidos en Sonora&quot;","block_context":{"text":"Desaparecidos en Sonora","link":"https:\/\/www.grieta.org.mx\/index.php\/category\/noticias-nacionales\/sonora\/desaparecidos-en-sonora\/"},"img":{"alt_text":"","src":"https:\/\/i0.wp.com\/www.grieta.org.mx\/wp-content\/uploads\/2021\/08\/f960x540-226902_300977_31.jpeg?resize=350%2C200&ssl=1","width":350,"height":200,"srcset":"https:\/\/i0.wp.com\/www.grieta.org.mx\/wp-content\/uploads\/2021\/08\/f960x540-226902_300977_31.jpeg?resize=350%2C200&ssl=1 1x, https:\/\/i0.wp.com\/www.grieta.org.mx\/wp-content\/uploads\/2021\/08\/f960x540-226902_300977_31.jpeg?resize=525%2C300&ssl=1 1.5x, https:\/\/i0.wp.com\/www.grieta.org.mx\/wp-content\/uploads\/2021\/08\/f960x540-226902_300977_31.jpeg?resize=700%2C400&ssl=1 2x"},"classes":[]}],"_links":{"self":[{"href":"https:\/\/www.grieta.org.mx\/index.php\/wp-json\/wp\/v2\/posts\/59734","targetHints":{"allow":["GET"]}}],"collection":[{"href":"https:\/\/www.grieta.org.mx\/index.php\/wp-json\/wp\/v2\/posts"}],"about":[{"href":"https:\/\/www.grieta.org.mx\/index.php\/wp-json\/wp\/v2\/types\/post"}],"author":[{"embeddable":true,"href":"https:\/\/www.grieta.org.mx\/index.php\/wp-json\/wp\/v2\/users\/2"}],"replies":[{"embeddable":true,"href":"https:\/\/www.grieta.org.mx\/index.php\/wp-json\/wp\/v2\/comments?post=59734"}],"version-history":[{"count":1,"href":"https:\/\/www.grieta.org.mx\/index.php\/wp-json\/wp\/v2\/posts\/59734\/revisions"}],"predecessor-version":[{"id":59737,"href":"https:\/\/www.grieta.org.mx\/index.php\/wp-json\/wp\/v2\/posts\/59734\/revisions\/59737"}],"wp:featuredmedia":[{"embeddable":true,"href":"https:\/\/www.grieta.org.mx\/index.php\/wp-json\/wp\/v2\/media\/59735"}],"wp:attachment":[{"href":"https:\/\/www.grieta.org.mx\/index.php\/wp-json\/wp\/v2\/media?parent=59734"}],"wp:term":[{"taxonomy":"category","embeddable":true,"href":"https:\/\/www.grieta.org.mx\/index.php\/wp-json\/wp\/v2\/categories?post=59734"},{"taxonomy":"post_tag","embeddable":true,"href":"https:\/\/www.grieta.org.mx\/index.php\/wp-json\/wp\/v2\/tags?post=59734"}],"curies":[{"name":"wp","href":"https:\/\/api.w.org\/{rel}","templated":true}]}}