{"id":5971,"date":"2015-11-23T01:59:37","date_gmt":"2015-11-23T01:59:37","guid":{"rendered":"http:\/\/50.22.11.12\/~grietaor\/?p=5971"},"modified":"2016-03-28T02:00:31","modified_gmt":"2016-03-28T02:00:31","slug":"confirma-la-unam-contaminacion-de-pozo-en-guanajuato","status":"publish","type":"post","link":"https:\/\/www.grieta.org.mx\/index.php\/2015\/11\/23\/confirma-la-unam-contaminacion-de-pozo-en-guanajuato\/","title":{"rendered":"Confirma la UNAM contaminaci\u00f3n de pozo en Guanajuato"},"content":{"rendered":"<p>Ver\u00f3nica Espinoza,   GUANAJUATO, Gto.<\/p>\n<p> El agua del pozo de la comunidad La Cantera, en el municipio de San Jos\u00e9 Iturbide, no debe ser empleada para el consumo de los habitantes hasta que se realicen estudios exhaustivos sobre los niveles y fuentes de toxicidad y se aclare si existe relaci\u00f3n con casos de leucemia en la zona, ratific\u00f3 hoy el Instituto de Geociencias de la UNAM campus Juriquilla.<\/p>\n<p>En un comunicado, el instituto cient\u00edfico reiter\u00f3 su postura respecto a la calidad del agua del pozo, luego de que los an\u00e1lisis de laboratorio arrojaron un nivel de radiactividad alfa cuatro veces por encima de la Norma Oficial Mexicana (NOM).<\/p>\n<p>La intervenci\u00f3n de los investigadores fue solicitada por vecinos de La Cantera despu\u00e9s de que murieron tres menores de edad y dos adultos por c\u00e1ncer, lo que gener\u00f3 sospechas sobre la calidad del agua del pozo que abastece a la comunidad.<\/p>\n<p>El delegado de la Comisi\u00f3n Nacional del Agua (Conagua), Humberto Navarro de Alba, y el gobierno del estado desestimaron tal informaci\u00f3n y rechazaron los resultados. Argumentaron que cuentan con otros estudios que indican lo contrario; es decir, que descartan un riesgo por el consumo humano del agua del pozo.<\/p>\n<p>Ante los resultados difundidos por el centro de la UNAM, la operaci\u00f3n del pozo fue suspendida el pasado viernes por \u00f3rdenes del presidente municipal C\u00e9sar Rodr\u00edguez \u2013emanado del Partido Verde Ecologista de M\u00e9xico (PVEM) \u2013. Pero la cancelaci\u00f3n s\u00f3lo dur\u00f3 unas horas, pues luego de que el delegado de Conagua se aperson\u00f3 en San Jos\u00e9 Iturbide, se reanud\u00f3 el servicio.<\/p>\n<p>En el comunicado, el Centro de Geociencias estableci\u00f3 que investigadores \u2013como el geohidr\u00f3logo Marcos Adri\u00e1n Ortega\u2013 efectuaron diversos estudios durante los \u00faltimos siete meses antes de concluir que el agua tiene concentraciones de radioactividad que, efectivamente, pueden estar vinculados a los casos de leucemia y otras neoplasias entre los pobladores.<\/p>\n<p>Por ello, los especialistas recomendaron la realizaci\u00f3n de an\u00e1lisis m\u00e1s profundos. \u201cSe requiere conocer los niveles y fuentes de toxicidad\u201d para determinar de manera definitiva y contundente si el agua contiene contaminantes a un grado tal como para causar afecciones en las personas.<\/p>\n<p>Eso s\u00ed, a diferencia de la Conagua que descart\u00f3 que el agua represente un riesgo para la salud, el Centro de Geociencias de la UNAM sugiri\u00f3 a los habitantes de La Cantera no consumir el agua del pozo, as\u00ed como que las autoridades \u201cproporcionen una fuente alterna de abastecimiento e informaci\u00f3n adecuada sobre el tema de implicaciones a la salud por consumo de esa agua\u201d.<\/p>\n<p><a href=\"http:\/\/www.proceso.com.mx\/?p=421504\" target=\"_blank\">www.proceso.com.mx\/?p=421504<\/a><\/p>\n","protected":false},"excerpt":{"rendered":"<p>Ver\u00f3nica Espinoza, GUANAJUATO, Gto. El agua del pozo de la comunidad La Cantera, en el municipio de San Jos\u00e9 Iturbide, no debe ser empleada para el consumo de los habitantes &hellip; <a href=\"https:\/\/www.grieta.org.mx\/index.php\/2015\/11\/23\/confirma-la-unam-contaminacion-de-pozo-en-guanajuato\/\" class=\"more-link\">Leer m\u00e1s<\/a><\/p>\n","protected":false},"author":2,"featured_media":21928,"comment_status":"closed","ping_status":"open","sticky":false,"template":"","format":"standard","meta":{"ngg_post_thumbnail":0,"_jetpack_newsletter_access":"","_jetpack_dont_email_post_to_subs":false,"_jetpack_newsletter_tier_id":0,"_jetpack_memberships_contains_paywalled_content":false,"_jetpack_memberships_contains_paid_content":false,"footnotes":""},"categories":[80],"tags":[],"class_list":["post-5971","post","type-post","status-publish","format-standard","has-post-thumbnail","hentry","category-cintillo","entry"],"jetpack_featured_media_url":"https:\/\/www.grieta.org.mx\/wp-content\/uploads\/2018\/03\/14524434_1106112876131411_958039263622046936_o.jpg","jetpack_sharing_enabled":true,"jetpack_shortlink":"https:\/\/wp.me\/p7ZJR4-1yj","jetpack_likes_enabled":false,"jetpack-related-posts":[{"id":5976,"url":"https:\/\/www.grieta.org.mx\/index.php\/2015\/11\/19\/detectan-alto-nivel-de-radioactividad-en-pozo-de-guanajuato\/","url_meta":{"origin":5971,"position":0},"title":"Detectan alto nivel de radioactividad en pozo de Guanajuato","author":"grieta","date":"19 noviembre, 2015","format":false,"excerpt":"Ver\u00f3nica Espinoza, SAN JOS\u00c9 ITURBIDE, Gto. Pruebas de laboratorio efectuadas con el apoyo de investigadores de la UNAM en un pozo que abastece de agua potable a la comunidad de La Cantera, en este municipio del norte del estado, arrojaron una presencia de radioactividad cuatro veces superior a la norma.\u2026","rel":"","context":"En &quot;CINTILLO&quot;","block_context":{"text":"CINTILLO","link":"https:\/\/www.grieta.org.mx\/index.php\/category\/cintillo\/"},"img":{"alt_text":"","src":"https:\/\/i0.wp.com\/www.grieta.org.mx\/wp-content\/uploads\/2018\/03\/14524434_1106112876131411_958039263622046936_o.jpg?resize=350%2C200&ssl=1","width":350,"height":200,"srcset":"https:\/\/i0.wp.com\/www.grieta.org.mx\/wp-content\/uploads\/2018\/03\/14524434_1106112876131411_958039263622046936_o.jpg?resize=350%2C200&ssl=1 1x, https:\/\/i0.wp.com\/www.grieta.org.mx\/wp-content\/uploads\/2018\/03\/14524434_1106112876131411_958039263622046936_o.jpg?resize=525%2C300&ssl=1 1.5x, https:\/\/i0.wp.com\/www.grieta.org.mx\/wp-content\/uploads\/2018\/03\/14524434_1106112876131411_958039263622046936_o.jpg?resize=700%2C400&ssl=1 2x"},"classes":[]},{"id":10201,"url":"https:\/\/www.grieta.org.mx\/index.php\/2016\/04\/10\/ratifica-unam-altos-niveles-de-radiacion-en-agua-de-san-jose-iturbide\/","url_meta":{"origin":5971,"position":1},"title":"Ratifica UNAM altos niveles de radiaci\u00f3n en agua de San Jos\u00e9 Iturbide","author":"grieta","date":"10 abril, 2016","format":false,"excerpt":"Sergio Mart\u00ednez Espitia La Universidad advierte a los pobladores no consumir el agua de los pozos de las comunidades de La Cantera, La Huerta y el Fraccionamiento la Cantera, en San Jos\u00e9 Iturbide Ciudad de M\u00e9xico. Investigadores del Centro de Geociencias (CGeo) de la UNAM se\u00f1alaron que a pesar de\u2026","rel":"","context":"En &quot;CINTILLO&quot;","block_context":{"text":"CINTILLO","link":"https:\/\/www.grieta.org.mx\/index.php\/category\/cintillo\/"},"img":{"alt_text":"","src":"https:\/\/i0.wp.com\/www.grieta.org.mx\/wp-content\/uploads\/2018\/03\/14524434_1106112876131411_958039263622046936_o.jpg?resize=350%2C200&ssl=1","width":350,"height":200,"srcset":"https:\/\/i0.wp.com\/www.grieta.org.mx\/wp-content\/uploads\/2018\/03\/14524434_1106112876131411_958039263622046936_o.jpg?resize=350%2C200&ssl=1 1x, https:\/\/i0.wp.com\/www.grieta.org.mx\/wp-content\/uploads\/2018\/03\/14524434_1106112876131411_958039263622046936_o.jpg?resize=525%2C300&ssl=1 1.5x, https:\/\/i0.wp.com\/www.grieta.org.mx\/wp-content\/uploads\/2018\/03\/14524434_1106112876131411_958039263622046936_o.jpg?resize=700%2C400&ssl=1 2x"},"classes":[]},{"id":5969,"url":"https:\/\/www.grieta.org.mx\/index.php\/2015\/11\/24\/guanajuato-ong-atribuye-cinco-muertes-a-radiactividad-del-agua\/","url_meta":{"origin":5971,"position":2},"title":"Guanajuato: ONG atribuye cinco muertes a radiactividad del agua","author":"grieta","date":"24 noviembre, 2015","format":false,"excerpt":"Carlos Garc\u00eda La Jornada San Jos\u00e9 Iturbide, Gto. Tres menores de edad y dos adultos han muerto de leucemia de 2007 a la fecha en la comunidad La Cantera, decesos que la organizaci\u00f3n Mayoye Angelitos Guerreros atribuye a que consumieron agua contaminada con radiactividad alfa. El Centro de Geociencias de\u2026","rel":"","context":"En &quot;CINTILLO&quot;","block_context":{"text":"CINTILLO","link":"https:\/\/www.grieta.org.mx\/index.php\/category\/cintillo\/"},"img":{"alt_text":"","src":"https:\/\/i0.wp.com\/www.grieta.org.mx\/wp-content\/uploads\/2018\/03\/14524434_1106112876131411_958039263622046936_o.jpg?resize=350%2C200&ssl=1","width":350,"height":200,"srcset":"https:\/\/i0.wp.com\/www.grieta.org.mx\/wp-content\/uploads\/2018\/03\/14524434_1106112876131411_958039263622046936_o.jpg?resize=350%2C200&ssl=1 1x, https:\/\/i0.wp.com\/www.grieta.org.mx\/wp-content\/uploads\/2018\/03\/14524434_1106112876131411_958039263622046936_o.jpg?resize=525%2C300&ssl=1 1.5x, https:\/\/i0.wp.com\/www.grieta.org.mx\/wp-content\/uploads\/2018\/03\/14524434_1106112876131411_958039263622046936_o.jpg?resize=700%2C400&ssl=1 2x"},"classes":[]},{"id":5974,"url":"https:\/\/www.grieta.org.mx\/index.php\/2015\/11\/19\/conagua-y-gobierno-de-guanajuato-descartan-agua-radiactiva-en-pozo-de-la-cantera\/","url_meta":{"origin":5971,"position":3},"title":"Conagua y gobierno de Guanajuato descartan agua radiactiva en pozo de La Cantera","author":"grieta","date":"19 noviembre, 2015","format":false,"excerpt":"La Comisi\u00f3n Nacional del Agua (Conagua) y el gobierno de Guanajuato informaron que el pozo ubicado en la comunidad \u201cLa Cantera\u201d del municipio San Jos\u00e9 Iturbide cumple con la norma mexicana por lo que su agua puede ser utilizada para consumo humano. A trav\u00e9s de un comunicado se inform\u00f3 que\u2026","rel":"","context":"En &quot;CINTILLO&quot;","block_context":{"text":"CINTILLO","link":"https:\/\/www.grieta.org.mx\/index.php\/category\/cintillo\/"},"img":{"alt_text":"","src":"https:\/\/i0.wp.com\/www.grieta.org.mx\/wp-content\/uploads\/2018\/03\/14524434_1106112876131411_958039263622046936_o.jpg?resize=350%2C200&ssl=1","width":350,"height":200,"srcset":"https:\/\/i0.wp.com\/www.grieta.org.mx\/wp-content\/uploads\/2018\/03\/14524434_1106112876131411_958039263622046936_o.jpg?resize=350%2C200&ssl=1 1x, https:\/\/i0.wp.com\/www.grieta.org.mx\/wp-content\/uploads\/2018\/03\/14524434_1106112876131411_958039263622046936_o.jpg?resize=525%2C300&ssl=1 1.5x, https:\/\/i0.wp.com\/www.grieta.org.mx\/wp-content\/uploads\/2018\/03\/14524434_1106112876131411_958039263622046936_o.jpg?resize=700%2C400&ssl=1 2x"},"classes":[]},{"id":5965,"url":"https:\/\/www.grieta.org.mx\/index.php\/2015\/11\/30\/vinculan-muertes-en-san-jose-iturbide-a-agua-radioactiva\/","url_meta":{"origin":5971,"position":4},"title":"Vinculan muertes en San Jose Iturbide a agua radioactiva","author":"grieta","date":"30 noviembre, 2015","format":false,"excerpt":"Luz Elena Escobar, Guanajuato I PARTE Cuando ten\u00eda 3 a\u00f1os de edad, Mar\u00eda Fernanda L\u00f3pez Medina fue diagnosticada con leucemia. La ni\u00f1a permaneci\u00f3 tres a\u00f1os en tratamiento oncol\u00f3gico en una cl\u00ednica del IMSS, donde cada mes era internada para transfusiones de sangre, an\u00e1lisis y quimioterapias. El 12 de septiembre de\u2026","rel":"","context":"En &quot;CINTILLO&quot;","block_context":{"text":"CINTILLO","link":"https:\/\/www.grieta.org.mx\/index.php\/category\/cintillo\/"},"img":{"alt_text":"","src":"https:\/\/i0.wp.com\/www.grieta.org.mx\/wp-content\/uploads\/2018\/03\/14524434_1106112876131411_958039263622046936_o.jpg?resize=350%2C200&ssl=1","width":350,"height":200,"srcset":"https:\/\/i0.wp.com\/www.grieta.org.mx\/wp-content\/uploads\/2018\/03\/14524434_1106112876131411_958039263622046936_o.jpg?resize=350%2C200&ssl=1 1x, https:\/\/i0.wp.com\/www.grieta.org.mx\/wp-content\/uploads\/2018\/03\/14524434_1106112876131411_958039263622046936_o.jpg?resize=525%2C300&ssl=1 1.5x, https:\/\/i0.wp.com\/www.grieta.org.mx\/wp-content\/uploads\/2018\/03\/14524434_1106112876131411_958039263622046936_o.jpg?resize=700%2C400&ssl=1 2x"},"classes":[]},{"id":5963,"url":"https:\/\/www.grieta.org.mx\/index.php\/2015\/12\/14\/certifican-que-si-hay-radiactividad-en-acuiferos-de-guanajuato\/","url_meta":{"origin":5971,"position":5},"title":"Certifican que si hay radiactividad en acu\u00edferos de Guanajuato","author":"grieta","date":"14 diciembre, 2015","format":false,"excerpt":"Esteban David Rodr\u00edguez, Guanajuato El Instituto Nacional de Investigaciones Nucleares (ININ) de la Secretar\u00eda de Energ\u00eda certific\u00f3 en octubre la existencia de radiaci\u00f3n \u201calfa\u201d en el agua de la ciudad de San Jos\u00e9 Iturbide, Guanajuato, 300% por encima de los l\u00edmites tolerables para el consumo humano establecidos por la Norma\u2026","rel":"","context":"En &quot;CINTILLO&quot;","block_context":{"text":"CINTILLO","link":"https:\/\/www.grieta.org.mx\/index.php\/category\/cintillo\/"},"img":{"alt_text":"","src":"https:\/\/i0.wp.com\/www.grieta.org.mx\/wp-content\/uploads\/2018\/03\/14524434_1106112876131411_958039263622046936_o.jpg?resize=350%2C200&ssl=1","width":350,"height":200,"srcset":"https:\/\/i0.wp.com\/www.grieta.org.mx\/wp-content\/uploads\/2018\/03\/14524434_1106112876131411_958039263622046936_o.jpg?resize=350%2C200&ssl=1 1x, https:\/\/i0.wp.com\/www.grieta.org.mx\/wp-content\/uploads\/2018\/03\/14524434_1106112876131411_958039263622046936_o.jpg?resize=525%2C300&ssl=1 1.5x, https:\/\/i0.wp.com\/www.grieta.org.mx\/wp-content\/uploads\/2018\/03\/14524434_1106112876131411_958039263622046936_o.jpg?resize=700%2C400&ssl=1 2x"},"classes":[]}],"_links":{"self":[{"href":"https:\/\/www.grieta.org.mx\/index.php\/wp-json\/wp\/v2\/posts\/5971","targetHints":{"allow":["GET"]}}],"collection":[{"href":"https:\/\/www.grieta.org.mx\/index.php\/wp-json\/wp\/v2\/posts"}],"about":[{"href":"https:\/\/www.grieta.org.mx\/index.php\/wp-json\/wp\/v2\/types\/post"}],"author":[{"embeddable":true,"href":"https:\/\/www.grieta.org.mx\/index.php\/wp-json\/wp\/v2\/users\/2"}],"replies":[{"embeddable":true,"href":"https:\/\/www.grieta.org.mx\/index.php\/wp-json\/wp\/v2\/comments?post=5971"}],"version-history":[{"count":1,"href":"https:\/\/www.grieta.org.mx\/index.php\/wp-json\/wp\/v2\/posts\/5971\/revisions"}],"predecessor-version":[{"id":5972,"href":"https:\/\/www.grieta.org.mx\/index.php\/wp-json\/wp\/v2\/posts\/5971\/revisions\/5972"}],"wp:featuredmedia":[{"embeddable":true,"href":"https:\/\/www.grieta.org.mx\/index.php\/wp-json\/wp\/v2\/media\/21928"}],"wp:attachment":[{"href":"https:\/\/www.grieta.org.mx\/index.php\/wp-json\/wp\/v2\/media?parent=5971"}],"wp:term":[{"taxonomy":"category","embeddable":true,"href":"https:\/\/www.grieta.org.mx\/index.php\/wp-json\/wp\/v2\/categories?post=5971"},{"taxonomy":"post_tag","embeddable":true,"href":"https:\/\/www.grieta.org.mx\/index.php\/wp-json\/wp\/v2\/tags?post=5971"}],"curies":[{"name":"wp","href":"https:\/\/api.w.org\/{rel}","templated":true}]}}