{"id":59666,"date":"2021-06-02T11:08:22","date_gmt":"2021-06-02T16:08:22","guid":{"rendered":"http:\/\/www.grieta.org.mx\/?p=59666"},"modified":"2021-06-02T11:08:22","modified_gmt":"2021-06-02T16:08:22","slug":"grupo-keken-tapaba-cochinero-con-consultas-medicas-a-habitantes-de-maxcanu-yucatan","status":"publish","type":"post","link":"https:\/\/www.grieta.org.mx\/index.php\/2021\/06\/02\/grupo-keken-tapaba-cochinero-con-consultas-medicas-a-habitantes-de-maxcanu-yucatan\/","title":{"rendered":"Grupo Kek\u00e9n tapaba &#8216;cochinero&#8217; con consultas m\u00e9dicas a habitantes de Maxcan\u00fa (Yucat\u00e1n)"},"content":{"rendered":"<p>Lilian Hern\u00e1ndez \/ PorEsto!<\/p>\n<p>Hace dos a\u00f1os empezaron a recibir consultas m\u00e9dicas sin ning\u00fan costo. Los habitantes del municipio de Maxcan\u00fa acudieron a la atenci\u00f3n m\u00e9dica pensando que realmente hab\u00eda inter\u00e9s en ofrecerles servicio m\u00e9dico, debido a que no cuentan con un centro de salud cercano y mucho menos un hospital.<\/p>\n<p>En abril de 2019, la empresa Kek\u00e9n, l\u00edder en la producci\u00f3n de carne de puerco de Yucat\u00e1n, inaugur\u00f3 el Centro de Atenci\u00f3n M\u00e9dica al que acudieron los pobladores cercanos a la granja porc\u00edcola de dicha compa\u00f1\u00eda.<\/p>\n<p>Lo que no sab\u00edan es que esta atenci\u00f3n gratuita realmente era para ocultar las anomal\u00edas que hab\u00eda en la operaci\u00f3n de dicha granja, pues no se llev\u00f3 a cabo una consulta ind\u00edgena ni tampoco demostraron tener la Manifestaci\u00f3n de Impacto Ambiental (MIA) por parte de la Semarnat.<\/p>\n<p>Rogelio, uno de los habitantes de la comunidad, relat\u00f3 que acudi\u00f3 a la consulta y lo atendieron muy bien. El m\u00e9dico lo revis\u00f3 y le dio el diagn\u00f3stico, despu\u00e9s le expidi\u00f3 la receta y le dio los medicamentos que necesitaba para su tratamiento, pero antes de salir le dijo que pusiera su nombre y firma en una hoja, la cual seg\u00fan le dijo al paciente, era para llevar un registro de las personas que acud\u00edan al servicio m\u00e9dico.<\/p>\n<p>\u201cMe pidi\u00f3 que firmara una hoja en la que no hab\u00eda sello de alguna instituci\u00f3n ni empresa, no ten\u00eda nada y entonces decid\u00ed firmar porque no ven\u00eda nada malo y confi\u00e9 en el doctor cuando me dijo que era un registro de los pacientes\u201d, relat\u00f3 a investigadores y especialistas de las organizaciones Indignaci\u00f3n y Greenpeace, quienes acudieron a este municipio para recoger los testimonios y buscar informaci\u00f3n sobre la operaci\u00f3n de la granja porc\u00edcola para un estudio que publicaron en 2020.<\/p>\n<p>Los nombres fueron cambiados para proteger a los habitantes que denunciaron estos hechos. Este diario retom\u00f3 parte de estos testimonios que consigui\u00f3 Greenpeace con ayuda de otros colectivos y asociaciones civiles sobre diversas situaciones y actos que violaron sus derechos humanos como el de la salud.<\/p>\n<p>Josefina y otros de los habitantes de Maxcan\u00fa, que viv\u00edan cerca de la granja porc\u00edcola de Kek\u00e9n, tambi\u00e9n pusieron su firma en la hoja en blanco que les dio el m\u00e9dico despu\u00e9s de la consulta que recibieron.<\/p>\n<p>\u201cSe aprovecharon de que cerca del 80 por ciento de los habitantes de esa regi\u00f3n son ind\u00edgenas hablantes de maya y no pod\u00edan tener una comunicaci\u00f3n m\u00e1s fluida con el m\u00e9dico, debido a que no hablan claramente el espa\u00f1ol\u201d, apunt\u00f3 Viridiana L\u00e1zaro Lembrino, especialista en agricultura y cambio clim\u00e1tico de esta asociaci\u00f3n civil, y coautora del estudio La carne que est\u00e1 consumiendo al planeta, donde hay algunos de los testimonios que recopilaron sobre la investigaci\u00f3n que hicieron respecto de la industria porc\u00edcola en la pen\u00ednsula de Yucat\u00e1n.<\/p>\n<p>Esta casa editorial detect\u00f3 que efectivamente se inaugur\u00f3 un consultorio m\u00e9dico, pues un comunicado de la empresa porc\u00edcola destac\u00f3 que, con la inauguraci\u00f3n de dicho centro m\u00e9dico, hab\u00eda un programa que ten\u00eda como objetivo: \u201cbrindar los servicios de consulta y entrega de medicamentos de forma gratuita a las familias y habitantes de Maxcan\u00fa, donde habitan familias y vecinos de nuestros colaboradores\u201d.<\/p>\n<p>Para Mario, otro de los habitantes de la comunidad cercana a la f\u00e1brica de puercos en Maxcan\u00fa, con este consultorio la compa\u00f1\u00eda quiso demostrar ante las autoridades que era una empresa socialmente responsable, cuando en realidad se trat\u00f3 de un enga\u00f1o para conseguir las firmas y \u201ctapar el cochinero que hay detr\u00e1s de su operaci\u00f3n\u201d.<\/p>\n<p>El pasado 26 de mayo, la Procuradur\u00eda Federal de Protecci\u00f3n al Ambiente (Profepa) clausur\u00f3 4 granjas porc\u00edcolas en Yucat\u00e1n, entre ellas la ubicada en Maxcan\u00fa, debido a que no contaba con las autorizaciones en materia de impacto ambiental, por las afectaciones a la biodiversidad, por no presentar los resultados de sus descargas de aguas residuales, y una inadecuada gesti\u00f3n y manejo de sus residuos peligrosos\u201d.<\/p>\n<p>A trav\u00e9s de sus consultas m\u00e9dicas, se\u00f1alaron los pobladores, mostraban ser una empresa socialmente responsable, ya que hace dos a\u00f1os aseguraron que \u201clos principales beneficiados son los ni\u00f1os al recibir la atenci\u00f3n m\u00e9dica que necesitan y una madre de familia extern\u00f3 la fortuna de contar con un dispensario m\u00e9dico en su comunidad, ya que gracias a la aportaci\u00f3n de Kek\u00e9n, disminuye la preocupaci\u00f3n de conseguir una cita m\u00e9dica\u201d, destac\u00f3 la empresa en el comunicado donde dio a conocer la inauguraci\u00f3n del centro m\u00e9dico.<br \/>\nViolaci\u00f3n al derecho a la salud<\/p>\n<p>\u201cCarla vive en el ejido de Kanach\u00e9n, perteneciente al municipio de Maxcan\u00fa. Su hijo entr\u00f3 a trabajar en la granja porc\u00edcola Gari 7 con 15 a\u00f1os de edad, con la condici\u00f3n de que no dijera su verdadera edad. \u00c9l se iba desde las 7:00 horas y regresaba a comer a las 13:00 horas, muy sucio, porque en el trabajo no le daban ninguna protecci\u00f3n; llegaba a las 17:00 horas y regresaba peor de c\u00f3mo hab\u00eda llegado al mediod\u00eda\u201d, cuenta el relato de los especialistas ambientales y jur\u00eddicos de la organizaci\u00f3n Greenpeace en el estudio La carne que est\u00e1 consumiendo al planeta.<\/p>\n<p>Viridiana L\u00e1zaro explic\u00f3 que en este documento revelan un peque\u00f1o extracto de los testimonios que les dieron los habitantes que viven cerca de una granja porc\u00edcola y, en el caso de Maxcan\u00fa, resalta la violaci\u00f3n a la salud, al medio ambiente y los derechos laborales.<\/p>\n<p>En dicha investigaci\u00f3n exponen que el hijo de Carla les cont\u00f3 que era \u201cuna asquerosidad dentro de la granja\u201d, porque hab\u00eda \u201cmuchas moscas verdes que se pegaban en la comida\u201d.<\/p>\n<p>Ella afirm\u00f3 que su hijo realizaba un trabajo muy pesado: \u201climpiaba donde estaban los cerdos y ten\u00eda las manos llenas de excremento porque con estas mismas, sin ninguna protecci\u00f3n, agarraba los desechos de los animales. El menor de edad s\u00f3lo dur\u00f3 una semana en la granja porque lo sacaron, trabaj\u00f3 de lunes a viernes y apenas le pagaron 600 pesos, no su sueldo completo\u201d, relata el estudio de Greenpeace.<\/p>\n<p>La investigaci\u00f3n que se present\u00f3 el a\u00f1o pasado revela que muchos trabajadores expresaron lo mismo que Carla, porque no contaban con protecci\u00f3n ni ropa especial, por lo que ten\u00edan que laborar con su ropa normal, adem\u00e1s de que firmaban un contrato de seis meses para no generar antig\u00fcedad.<\/p>\n<p><a href=\"https:\/\/www.poresto.net\/yucatan\/2021\/6\/2\/grupo-keken-tapaba-cochinero-con-consultas-medicas-habitantes-de-maxcanu-256117.html\" rel=\"noopener\" target=\"_blank\">https:\/\/www.poresto.net\/yucatan\/2021\/6\/2\/grupo-keken-tapaba-cochinero-con-consultas-medicas-habitantes-de-maxcanu-256117.html<\/a><\/p>\n","protected":false},"excerpt":{"rendered":"<p>Lilian Hern\u00e1ndez \/ PorEsto! Hace dos a\u00f1os empezaron a recibir consultas m\u00e9dicas sin ning\u00fan costo. Los habitantes del municipio de Maxcan\u00fa acudieron a la atenci\u00f3n m\u00e9dica pensando que realmente hab\u00eda &hellip; <a href=\"https:\/\/www.grieta.org.mx\/index.php\/2021\/06\/02\/grupo-keken-tapaba-cochinero-con-consultas-medicas-a-habitantes-de-maxcanu-yucatan\/\" class=\"more-link\">Leer m\u00e1s<\/a><\/p>\n","protected":false},"author":2,"featured_media":59667,"comment_status":"closed","ping_status":"closed","sticky":false,"template":"","format":"standard","meta":{"ngg_post_thumbnail":0,"_jetpack_newsletter_access":"","_jetpack_dont_email_post_to_subs":false,"_jetpack_newsletter_tier_id":0,"_jetpack_memberships_contains_paywalled_content":false,"_jetpack_memberships_contains_paid_content":false,"footnotes":""},"categories":[42,80,2943,1023,3,922,952,2,36],"tags":[219,1022,3774,3542,3785],"class_list":["post-59666","post","type-post","status-publish","format-standard","has-post-thumbnail","hentry","category-agroindustria","category-cintillo","category-destruccion-y-contaminacion-ambiental-en-yucatan","category-lucha-contra-granja-porcicola","category-megaproyectos","category-megaproyectos-estados","category-mp-yucatan","category-noticias-nacionales","category-yucatan","tag-consulta","tag-granja-porcicola","tag-keken","tag-manifestacion-de-impacto-ambiental","tag-megagranja","entry"],"jetpack_featured_media_url":"https:\/\/www.grieta.org.mx\/wp-content\/uploads\/2021\/06\/KekenMaxcanu-e1622649448461.png","jetpack_sharing_enabled":true,"jetpack_shortlink":"https:\/\/wp.me\/p7ZJR4-fwm","jetpack_likes_enabled":false,"jetpack-related-posts":[{"id":65111,"url":"https:\/\/www.grieta.org.mx\/index.php\/2022\/09\/01\/keken-estafo-a-pobladores-de-abala-para-construir-su-granja-porcicola-en-uayalceh-denuncian-yucatan\/","url_meta":{"origin":59666,"position":0},"title":"Kek\u00e9n &#8216;estaf\u00f3&#8217; a pobladores de Abal\u00e1 para construir su granja porc\u00edcola en Uayalceh, denuncian (Yucat\u00e1n)","author":"grieta","date":"1 septiembre, 2022","format":false,"excerpt":"Emilio Pellicer \/ Por Esto! Uayalceh es otra v\u00edctima de Kek\u00e9n, y la comisar\u00eda de Abal\u00e1 ya presenta una importante contaminaci\u00f3n en el agua que pone en riesgo grave de salud a sus habitantes, denunci\u00f3 Cuauht\u00e9moc Jacobo Femat, integrante del Consejo Ciudadano por el Agua de Yucat\u00e1n. El problema es\u2026","rel":"","context":"En &quot;Agroindustria&quot;","block_context":{"text":"Agroindustria","link":"https:\/\/www.grieta.org.mx\/index.php\/category\/megaproyectos\/agroindustria\/"},"img":{"alt_text":"","src":"https:\/\/i0.wp.com\/www.grieta.org.mx\/wp-content\/uploads\/2022\/09\/KekenEstafo-e1662741614519.png?resize=350%2C200&ssl=1","width":350,"height":200,"srcset":"https:\/\/i0.wp.com\/www.grieta.org.mx\/wp-content\/uploads\/2022\/09\/KekenEstafo-e1662741614519.png?resize=350%2C200&ssl=1 1x, https:\/\/i0.wp.com\/www.grieta.org.mx\/wp-content\/uploads\/2022\/09\/KekenEstafo-e1662741614519.png?resize=525%2C300&ssl=1 1.5x, https:\/\/i0.wp.com\/www.grieta.org.mx\/wp-content\/uploads\/2022\/09\/KekenEstafo-e1662741614519.png?resize=700%2C400&ssl=1 2x"},"classes":[]},{"id":64282,"url":"https:\/\/www.grieta.org.mx\/index.php\/2022\/05\/17\/habitantes-de-sitilpech-exigen-cerrar-granjas-porcicolas-en-yucatan-afuera-del-poder-judicial\/","url_meta":{"origin":59666,"position":1},"title":"Habitantes de Sitilpech exigen cerrar granjas porc\u00edcolas en Yucat\u00e1n afuera del Poder Judicial","author":"grieta","date":"17 mayo, 2022","format":false,"excerpt":"Ruben Dar\u00edo Hau \/ Por Esto! Habitantes de Sitilpech, comisar\u00eda de Izamal, se manifiestan frente a la sede del Poder Judicial de la Federal, en M\u00e9rida, para insistir en que el Juez Primero de Distrito conceda la suspensi\u00f3n definitiva de la granja porc\u00edcola, Kancabch\u00e9n II, aparcera de Kek\u00e9n. El pasado\u2026","rel":"","context":"En &quot;16. Pueblo Maya&quot;","block_context":{"text":"16. Pueblo Maya","link":"https:\/\/www.grieta.org.mx\/index.php\/category\/espejos-de-la-resistencia\/16-pueblo-maya\/"},"img":{"alt_text":"","src":"https:\/\/i0.wp.com\/www.grieta.org.mx\/wp-content\/uploads\/2022\/05\/Sitilpech-e1653577169242.png?resize=350%2C200&ssl=1","width":350,"height":200,"srcset":"https:\/\/i0.wp.com\/www.grieta.org.mx\/wp-content\/uploads\/2022\/05\/Sitilpech-e1653577169242.png?resize=350%2C200&ssl=1 1x, https:\/\/i0.wp.com\/www.grieta.org.mx\/wp-content\/uploads\/2022\/05\/Sitilpech-e1653577169242.png?resize=525%2C300&ssl=1 1.5x, https:\/\/i0.wp.com\/www.grieta.org.mx\/wp-content\/uploads\/2022\/05\/Sitilpech-e1653577169242.png?resize=700%2C400&ssl=1 2x"},"classes":[]},{"id":61314,"url":"https:\/\/www.grieta.org.mx\/index.php\/2021\/06\/19\/yucatan-keken-disfraza-monopolio-de-granjas-porcicolas-en-pequenos-criaderos\/","url_meta":{"origin":59666,"position":2},"title":"Yucat\u00e1n: Kek\u00e9n disfraza monopolio de granjas porc\u00edcolas en peque\u00f1os criaderos","author":"grieta","date":"19 junio, 2021","format":false,"excerpt":"Leandro Chac\u00f3n \/ PorEsto! Con tal de no mostrar el impacto ambiental que produce la porcicultura en el Estado de Yucat\u00e1n, Grupo Porc\u00edcola Mexicano ha creado un modelo de negocio en el que no cuenta con muchas granjas de cerdos con su nombre comercial, as\u00ed lo revel\u00f3 Alexia Dosal Audirac,\u2026","rel":"","context":"En &quot;Agroindustria&quot;","block_context":{"text":"Agroindustria","link":"https:\/\/www.grieta.org.mx\/index.php\/category\/megaproyectos\/agroindustria\/"},"img":{"alt_text":"","src":"https:\/\/i0.wp.com\/www.grieta.org.mx\/wp-content\/uploads\/2021\/08\/KekenAparceria-e1629914737856.png?resize=350%2C200&ssl=1","width":350,"height":200,"srcset":"https:\/\/i0.wp.com\/www.grieta.org.mx\/wp-content\/uploads\/2021\/08\/KekenAparceria-e1629914737856.png?resize=350%2C200&ssl=1 1x, https:\/\/i0.wp.com\/www.grieta.org.mx\/wp-content\/uploads\/2021\/08\/KekenAparceria-e1629914737856.png?resize=525%2C300&ssl=1 1.5x, https:\/\/i0.wp.com\/www.grieta.org.mx\/wp-content\/uploads\/2021\/08\/KekenAparceria-e1629914737856.png?resize=700%2C400&ssl=1 2x"},"classes":[]},{"id":61361,"url":"https:\/\/www.grieta.org.mx\/index.php\/2021\/08\/22\/habitantes-de-celestun-yucatan-firmes-en-su-lucha-contra-granjas-porcicolas-de-keken\/","url_meta":{"origin":59666,"position":3},"title":"Habitantes de Celest\u00fan, Yucat\u00e1n, firmes en su lucha contra granjas porc\u00edcolas de Kek\u00e9n","author":"grieta","date":"22 agosto, 2021","format":false,"excerpt":"Edwin Farf\u00e1n Cervantes \/ PorEsto! El vocero del Consejo Maya del poniente Chikin Ja\u2019 Celest\u00fan, Alberto Rodr\u00edguez Pist\u00e9, lament\u00f3 no tener buenas noticias sobre la lucha del pueblo, pero asegur\u00f3 que en las pr\u00f3ximas semanas se volver\u00e1 a escuchar fuerte su demanda, pues en Celest\u00fan la poblaci\u00f3n si est\u00e1 preocupada\u2026","rel":"","context":"En &quot;Agroindustria&quot;","block_context":{"text":"Agroindustria","link":"https:\/\/www.grieta.org.mx\/index.php\/category\/megaproyectos\/agroindustria\/"},"img":{"alt_text":"","src":"https:\/\/i0.wp.com\/www.grieta.org.mx\/wp-content\/uploads\/2021\/08\/CelestunKeken-e1630266917439.png?resize=350%2C200&ssl=1","width":350,"height":200,"srcset":"https:\/\/i0.wp.com\/www.grieta.org.mx\/wp-content\/uploads\/2021\/08\/CelestunKeken-e1630266917439.png?resize=350%2C200&ssl=1 1x, https:\/\/i0.wp.com\/www.grieta.org.mx\/wp-content\/uploads\/2021\/08\/CelestunKeken-e1630266917439.png?resize=525%2C300&ssl=1 1.5x, https:\/\/i0.wp.com\/www.grieta.org.mx\/wp-content\/uploads\/2021\/08\/CelestunKeken-e1630266917439.png?resize=700%2C400&ssl=1 2x"},"classes":[]},{"id":66524,"url":"https:\/\/www.grieta.org.mx\/index.php\/2023\/03\/16\/con-mascaras-de-cochinos-sitilpech-protesto-en-aeropuerto-de-cancun\/","url_meta":{"origin":59666,"position":4},"title":"Con m\u00e1scaras de cochinos, Sitilpech protest\u00f3 en aeropuerto de Canc\u00fan","author":"grieta","date":"16 marzo, 2023","format":false,"excerpt":"Haz Ruido Se intensifican las manifestaciones en contra de la empresa Kek\u00e9n y sus f\u00e1bricas de cerdos que contaminan en la Pen\u00ednsula de Yucat\u00e1n. Canc\u00fan, Quintana Roo, 16 de marzo de 2023.- Pobladores y familiares de Sitilpech que ahora residen en Quintana Roo protestaron en el Aeropuerto Internacional de Canc\u00fan\u2026","rel":"","context":"En &quot;Agresiones y amenazas a defensor@s de derechos humanos y activistas en Yucat\u00e1n&quot;","block_context":{"text":"Agresiones y amenazas a defensor@s de derechos humanos y activistas en Yucat\u00e1n","link":"https:\/\/www.grieta.org.mx\/index.php\/category\/noticias-nacionales\/yucatan\/ataques-a-defensors-de-derechos-humanos-en-yucatan\/"},"img":{"alt_text":"","src":"https:\/\/i0.wp.com\/www.grieta.org.mx\/wp-content\/uploads\/2023\/03\/SitilpechCancun-e1679026683778.jpg?resize=350%2C200&ssl=1","width":350,"height":200,"srcset":"https:\/\/i0.wp.com\/www.grieta.org.mx\/wp-content\/uploads\/2023\/03\/SitilpechCancun-e1679026683778.jpg?resize=350%2C200&ssl=1 1x, https:\/\/i0.wp.com\/www.grieta.org.mx\/wp-content\/uploads\/2023\/03\/SitilpechCancun-e1679026683778.jpg?resize=525%2C300&ssl=1 1.5x, https:\/\/i0.wp.com\/www.grieta.org.mx\/wp-content\/uploads\/2023\/03\/SitilpechCancun-e1679026683778.jpg?resize=700%2C400&ssl=1 2x"},"classes":[]},{"id":70950,"url":"https:\/\/www.grieta.org.mx\/index.php\/2025\/02\/02\/devastan-megagranjas-de-keken-yucatan\/","url_meta":{"origin":59666,"position":5},"title":"Devastan megagranjas de Kek\u00e9n (Yucat\u00e1n)","author":"grieta","date":"2 febrero, 2025","format":false,"excerpt":"Redacci\u00f3n\/Sol Yucat\u00e1n Con m\u00e1s de 220 megagranjas lidera un modelo de explotaci\u00f3n que afecta la salud, el medio ambiente y la econom\u00eda local, dejando a su paso devastaci\u00f3n y resistencia en Yucat\u00e1n. Contaminaci\u00f3n de mantos fre\u00e1ticos hasta el despojo de tierras y desplazamiento de comunidades mayas En Maxcan\u00fa han contaminado\u2026","rel":"","context":"En &quot;Agroindustria&quot;","block_context":{"text":"Agroindustria","link":"https:\/\/www.grieta.org.mx\/index.php\/category\/megaproyectos\/agroindustria\/"},"img":{"alt_text":"","src":"https:\/\/i0.wp.com\/www.grieta.org.mx\/wp-content\/uploads\/2025\/02\/Keken-e1739404333498.jpg?resize=350%2C200&ssl=1","width":350,"height":200,"srcset":"https:\/\/i0.wp.com\/www.grieta.org.mx\/wp-content\/uploads\/2025\/02\/Keken-e1739404333498.jpg?resize=350%2C200&ssl=1 1x, https:\/\/i0.wp.com\/www.grieta.org.mx\/wp-content\/uploads\/2025\/02\/Keken-e1739404333498.jpg?resize=525%2C300&ssl=1 1.5x, https:\/\/i0.wp.com\/www.grieta.org.mx\/wp-content\/uploads\/2025\/02\/Keken-e1739404333498.jpg?resize=700%2C400&ssl=1 2x"},"classes":[]}],"_links":{"self":[{"href":"https:\/\/www.grieta.org.mx\/index.php\/wp-json\/wp\/v2\/posts\/59666","targetHints":{"allow":["GET"]}}],"collection":[{"href":"https:\/\/www.grieta.org.mx\/index.php\/wp-json\/wp\/v2\/posts"}],"about":[{"href":"https:\/\/www.grieta.org.mx\/index.php\/wp-json\/wp\/v2\/types\/post"}],"author":[{"embeddable":true,"href":"https:\/\/www.grieta.org.mx\/index.php\/wp-json\/wp\/v2\/users\/2"}],"replies":[{"embeddable":true,"href":"https:\/\/www.grieta.org.mx\/index.php\/wp-json\/wp\/v2\/comments?post=59666"}],"version-history":[{"count":1,"href":"https:\/\/www.grieta.org.mx\/index.php\/wp-json\/wp\/v2\/posts\/59666\/revisions"}],"predecessor-version":[{"id":59668,"href":"https:\/\/www.grieta.org.mx\/index.php\/wp-json\/wp\/v2\/posts\/59666\/revisions\/59668"}],"wp:featuredmedia":[{"embeddable":true,"href":"https:\/\/www.grieta.org.mx\/index.php\/wp-json\/wp\/v2\/media\/59667"}],"wp:attachment":[{"href":"https:\/\/www.grieta.org.mx\/index.php\/wp-json\/wp\/v2\/media?parent=59666"}],"wp:term":[{"taxonomy":"category","embeddable":true,"href":"https:\/\/www.grieta.org.mx\/index.php\/wp-json\/wp\/v2\/categories?post=59666"},{"taxonomy":"post_tag","embeddable":true,"href":"https:\/\/www.grieta.org.mx\/index.php\/wp-json\/wp\/v2\/tags?post=59666"}],"curies":[{"name":"wp","href":"https:\/\/api.w.org\/{rel}","templated":true}]}}