{"id":59657,"date":"2021-06-01T15:11:06","date_gmt":"2021-06-01T20:11:06","guid":{"rendered":"http:\/\/www.grieta.org.mx\/?p=59657"},"modified":"2021-06-01T15:11:31","modified_gmt":"2021-06-01T20:11:31","slug":"a-dos-anos-del-intento-de-desalojo-nos-mantenemos-en-resistencia-contra-el-extractivismo-comunidades-de-el-rebollero-los-arquitos-y-rio-minas-cuatro-venados-oaxaca","status":"publish","type":"post","link":"https:\/\/www.grieta.org.mx\/index.php\/2021\/06\/01\/a-dos-anos-del-intento-de-desalojo-nos-mantenemos-en-resistencia-contra-el-extractivismo-comunidades-de-el-rebollero-los-arquitos-y-rio-minas-cuatro-venados-oaxaca\/","title":{"rendered":"A dos a\u00f1os del intento de desalojo, nos mantenemos en resistencia contra el extractivismo: Comunidades de El Rebollero, Los Arquitos y R\u00edo Minas, Cuatro Venados, Oaxaca."},"content":{"rendered":"<p>Colectivo Grieta.<\/p>\n<p><img loading=\"lazy\" decoding=\"async\" data-attachment-id=\"59662\" data-permalink=\"https:\/\/www.grieta.org.mx\/index.php\/2021\/06\/01\/a-dos-anos-del-intento-de-desalojo-nos-mantenemos-en-resistencia-contra-el-extractivismo-comunidades-de-el-rebollero-los-arquitos-y-rio-minas-cuatro-venados-oaxaca\/4v\/\" data-orig-file=\"https:\/\/www.grieta.org.mx\/wp-content\/uploads\/2021\/06\/4v.png\" data-orig-size=\"534,401\" data-comments-opened=\"0\" data-image-meta=\"{&quot;aperture&quot;:&quot;0&quot;,&quot;credit&quot;:&quot;&quot;,&quot;camera&quot;:&quot;&quot;,&quot;caption&quot;:&quot;&quot;,&quot;created_timestamp&quot;:&quot;0&quot;,&quot;copyright&quot;:&quot;&quot;,&quot;focal_length&quot;:&quot;0&quot;,&quot;iso&quot;:&quot;0&quot;,&quot;shutter_speed&quot;:&quot;0&quot;,&quot;title&quot;:&quot;&quot;,&quot;orientation&quot;:&quot;0&quot;}\" data-image-title=\"4v\" data-image-description=\"\" data-image-caption=\"\" data-medium-file=\"https:\/\/www.grieta.org.mx\/wp-content\/uploads\/2021\/06\/4v-300x225.png\" data-large-file=\"https:\/\/www.grieta.org.mx\/wp-content\/uploads\/2021\/06\/4v.png\" class=\"alignnone wp-image-59662\" src=\"http:\/\/www.grieta.org.mx\/wp-content\/uploads\/2021\/06\/4v.png\" alt=\"\" width=\"800\" height=\"601\" srcset=\"https:\/\/www.grieta.org.mx\/wp-content\/uploads\/2021\/06\/4v.png 534w, https:\/\/www.grieta.org.mx\/wp-content\/uploads\/2021\/06\/4v-300x225.png 300w\" sizes=\"auto, (max-width: 800px) 100vw, 800px\" \/><\/p>\n<p>En comunicado dirigido al CNI-CIG, al EZLN y a los medios libres y alternativos, recordaron que han pasado ya dos a\u00f1os desde aquel 31 de mayo del 2019 cu\u00e1ndo un grupo de personas, armadas con armas de grueso calibre, tomaron por asalto nuestra comunidad que habita los parajes, \u201cEl Rebollero\u201d, \u201cLos Arquitos\u201d y \u201cR\u00edo Minas\u201d, en el municipio de San Pablo Cuatro Venados, ubicados a tan solo 45 minutos de la ciudad de Oaxaca.<\/p>\n<p>\u201cEran m\u00e1s de 500 personas que entraron con dos trascabos derribando nuestras viviendas. Por fuentes extraoficiales nos enteramos que la mayor\u00eda fueron pagados por pol\u00edticos de la regi\u00f3n, los mismos que les dieron las armas y los cartuchos. Estos personajes tienen inter\u00e9s en nuestras tierras, el bosque y el agua que nace de nuestras monta\u00f1as, pero, sobre todo, porque en nuestro territorio se han expedido, sin nuestro consentimiento, por lo menos tres concesiones mineras para explotar oro y plata\u201d, afirman.<\/p>\n<p>Alertan que estos personajes \u201cnuevamente vuelven a merodear como buitres tras las concesiones. Desde d\u00edas atr\u00e1s hemos sabido que los interesados para la explotaci\u00f3n de estas minas han recurrido a las autoridades municipales para firmar nuevos convenios. Tambi\u00e9n se ha visto, en diversos momentos, a grupos de personas armadas que hacen disparos al aire, como intentando intimidar\u201d, denuncia el comunicado.<\/p>\n<p>Tambi\u00e9n explican que las autoridades de San Pablo Cuatro Venados, \u201cquienes tiene v\u00ednculos con los apoderados legales de las concesiones, vienen enga\u00f1ado a las personas del municipio argumentando que la miner\u00eda traer\u00e1 empleos y han intentado restar fuerza a la resistencia contra la miner\u00eda\u201d.<\/p>\n<p>\u201cNos mantenemos en alerta y reafirmamos nuestra postura de que no queremos ning\u00fan proyecto extractivo en nuestra regi\u00f3n. Porque sabemos bien que, los proyectos que ya est\u00e1n en fase de explotaci\u00f3n en Oaxaca, vienen acumulando denuncias sobre la contaminaci\u00f3n de mantos fre\u00e1ticos, el aire y directamente hacia las comunidades. Tambi\u00e9n sabemos que estas empresas tienen v\u00ednculos con el crimen organizado y ha fragmentado el tejido comunitario\u201d.<\/p>\n<p>Afirman que, ante los diversos ataques, han logrado fortalecer su proceso organizativo. \u201cNo dejaremos de luchar por nuestras tierras ancestrales y los bienes comunes que estamos conservando ya que son la base para sostener nuestras comunidades. Pero s\u00ed, responsabilizamos de cualquier agresi\u00f3n hacia alg\u00fan miembro de nuestra comunidad, a las autoridades municipales de San Pablo Cuatro Venados, a las autoridades municipales de Cuil\u00e1pam de Guerrero, al gobierno del estado de Oaxaca y al gobierno federal. Apelamos a nuestra autodeterminaci\u00f3n y a nuestra autonom\u00eda para gobernarnos y cuidar nuestras tierras ancestrales\u201d.<\/p>\n<p>Finalmente hacen \u201cun llamado a la solidaridad a todas las comunidades vecinas, a todas las hermanas, hermanos y hermanes para que est\u00e9n atentos y atentas. Tambi\u00e9n porque pr\u00f3ximamente inauguraremos nuestra casa de sanaci\u00f3n, que es parte de la reconstrucci\u00f3n de nuestra comunidad\u201d.<\/p>\n<p>Informan que las concesiones mineras que afectan su territorio son:<br \/>\nTitulo 217598, expedido en 2002, ubicada en Cuatro Venados<br \/>\nTitulo 227548 expedido en el a\u00f1o 2006, ubicada en Cuatro Venados.<br \/>\nTitulo 242664, abarca los municipios de Cuatro Venados y San Miguel Peras, expedido en el a\u00f1o 2013<\/p>\n<p><a href=\"http:\/\/www.congresonacionalindigena.org\/2021\/05\/25\/a-dos-anos-del-intento-de-desalojo-nos-mantenemos-en-resistencia-contra-el-extractivismo-comunidades-de-el-rebollero-los-arquitos-y-rio-minas-cuatro-venados-oaxaca\" target=\"_blank\" rel=\"noopener\">http:\/\/www.congresonacionalindigena.org\/2021\/05\/25\/a-dos-anos-del-intento-de-desalojo-nos-mantenemos-en-resistencia-contra-el-extractivismo-comunidades-de-el-rebollero-los-arquitos-y-rio-minas-cuatro-venados-oaxaca<\/a><\/p>\n","protected":false},"excerpt":{"rendered":"<p>Colectivo Grieta. En comunicado dirigido al CNI-CIG, al EZLN y a los medios libres y alternativos, recordaron que han pasado ya dos a\u00f1os desde aquel 31 de mayo del 2019 &hellip; <a href=\"https:\/\/www.grieta.org.mx\/index.php\/2021\/06\/01\/a-dos-anos-del-intento-de-desalojo-nos-mantenemos-en-resistencia-contra-el-extractivismo-comunidades-de-el-rebollero-los-arquitos-y-rio-minas-cuatro-venados-oaxaca\/\" class=\"more-link\">Leer m\u00e1s<\/a><\/p>\n","protected":false},"author":2,"featured_media":59662,"comment_status":"closed","ping_status":"closed","sticky":false,"template":"","format":"standard","meta":{"ngg_post_thumbnail":0,"_jetpack_newsletter_access":"","_jetpack_dont_email_post_to_subs":false,"_jetpack_newsletter_tier_id":0,"_jetpack_memberships_contains_paywalled_content":false,"_jetpack_memberships_contains_paid_content":false,"footnotes":""},"categories":[80,1775,1357,1358,1705,2,25,1496,2909],"tags":[],"class_list":["post-59657","post","type-post","status-publish","format-standard","has-post-thumbnail","hentry","category-cintillo","category-colectivo-grieta","category-conflictos-mineros-en-oaxaca","category-conflictos-por-megaproyectos-en-oaxaca","category-el-camino-del-cin-cig-en-oaxaca","category-noticias-nacionales","category-oaxaca","category-represion-en-oaxaca","category-resistencias-y-rebeldias-en-oaxaca","entry"],"jetpack_featured_media_url":"https:\/\/www.grieta.org.mx\/wp-content\/uploads\/2021\/06\/4v.png","jetpack_sharing_enabled":true,"jetpack_shortlink":"https:\/\/wp.me\/p7ZJR4-fwd","jetpack_likes_enabled":false,"jetpack-related-posts":[{"id":64351,"url":"https:\/\/www.grieta.org.mx\/index.php\/2022\/05\/28\/oaxaca-nuevo-ataque-armado-y-destruccion-de-viviendas-en-el-rebollero-oaxaca\/","url_meta":{"origin":59657,"position":0},"title":"Oaxaca: Nuevo ataque armado y destrucci\u00f3n de viviendas en El Rebollero (Oaxaca)","author":"grieta","date":"28 mayo, 2022","format":false,"excerpt":"Avispa Midia \/ Redacci\u00f3n. Una vez m\u00e1s, un grupo de m\u00e1s de 100 paramilitares armados entraron, atacaron a balazos y destruyeron las viviendas de la comunidad zapoteca de El Rebollero, San Pablo Cuatro Venados, en Oaxaca. As\u00ed lo denunciaron hoy sus habitantes en un comunicado en el que se\u00f1alan que\u2026","rel":"","context":"En &quot;CINTILLO&quot;","block_context":{"text":"CINTILLO","link":"https:\/\/www.grieta.org.mx\/index.php\/category\/cintillo\/"},"img":{"alt_text":"","src":"https:\/\/i0.wp.com\/www.grieta.org.mx\/wp-content\/uploads\/2018\/03\/14524434_1106112876131411_958039263622046936_o.jpg?resize=350%2C200&ssl=1","width":350,"height":200,"srcset":"https:\/\/i0.wp.com\/www.grieta.org.mx\/wp-content\/uploads\/2018\/03\/14524434_1106112876131411_958039263622046936_o.jpg?resize=350%2C200&ssl=1 1x, https:\/\/i0.wp.com\/www.grieta.org.mx\/wp-content\/uploads\/2018\/03\/14524434_1106112876131411_958039263622046936_o.jpg?resize=525%2C300&ssl=1 1.5x, https:\/\/i0.wp.com\/www.grieta.org.mx\/wp-content\/uploads\/2018\/03\/14524434_1106112876131411_958039263622046936_o.jpg?resize=700%2C400&ssl=1 2x"},"classes":[]},{"id":56906,"url":"https:\/\/www.grieta.org.mx\/index.php\/2021\/02\/10\/accion-urgente-denuncia-comunidades-indigenas-pertenecientes-a-cuatro-venados-oaxaca\/","url_meta":{"origin":59657,"position":1},"title":"Acci\u00f3n Urgente. Denuncia comunidades ind\u00edgenas pertenecientes a Cuatro Venados, Oaxaca.","author":"grieta","date":"10 febrero, 2021","format":false,"excerpt":"A los medios de comunicaci\u00f3n A los medios Libres e independientes Al Congreso Nacional Ind\u00edgena y su Concejo Ind\u00edgena de Gobierno Al Ejercito Zapatista de Liberaci\u00f3n Nacional 9 de febrero del 2021 Nosotras, nosotros, comuneros y vecinos de la localidad el Rebollero, Rio Minas y Paraje los Arquitos, pertenecientes al\u2026","rel":"","context":"En &quot;CINTILLO&quot;","block_context":{"text":"CINTILLO","link":"https:\/\/www.grieta.org.mx\/index.php\/category\/cintillo\/"},"img":{"alt_text":"","src":"https:\/\/i0.wp.com\/www.grieta.org.mx\/wp-content\/uploads\/2021\/02\/IMG-20210209-WA0023-670x400-1.jpg?resize=350%2C200&ssl=1","width":350,"height":200,"srcset":"https:\/\/i0.wp.com\/www.grieta.org.mx\/wp-content\/uploads\/2021\/02\/IMG-20210209-WA0023-670x400-1.jpg?resize=350%2C200&ssl=1 1x, https:\/\/i0.wp.com\/www.grieta.org.mx\/wp-content\/uploads\/2021\/02\/IMG-20210209-WA0023-670x400-1.jpg?resize=525%2C300&ssl=1 1.5x"},"classes":[]},{"id":41905,"url":"https:\/\/www.grieta.org.mx\/index.php\/2019\/12\/06\/alerta-maxima-en-la-comunidad-de-4-venados-oaxaca-tras-presencia-del-ejercito-oaxaca\/","url_meta":{"origin":59657,"position":2},"title":"Alerta m\u00e1xima en la comunidad de 4 Venados tras presencia del ej\u00e9rcito (Oaxaca)","author":"Admin","date":"6 diciembre, 2019","format":false,"excerpt":"Los comuneros de la localidad el Rebollero, R\u00edo Minas y paraje los Arquitos lanzaron un comunicado dirigido al Concejo Ind\u00edgena de Gobierno, al Congreso Nacional Ind\u00edgena, a los medios libres y alternativos, a los medios de comunicaci\u00f3n en general y a la sociedad civil nacional e internacional en donde denuncian\u2026","rel":"","context":"En &quot;CINTILLO&quot;","block_context":{"text":"CINTILLO","link":"https:\/\/www.grieta.org.mx\/index.php\/category\/cintillo\/"},"img":{"alt_text":"","src":"https:\/\/i0.wp.com\/www.grieta.org.mx\/wp-content\/uploads\/2019\/10\/IMG-20191013-WA0009.jpg?resize=350%2C200&ssl=1","width":350,"height":200,"srcset":"https:\/\/i0.wp.com\/www.grieta.org.mx\/wp-content\/uploads\/2019\/10\/IMG-20191013-WA0009.jpg?resize=350%2C200&ssl=1 1x, https:\/\/i0.wp.com\/www.grieta.org.mx\/wp-content\/uploads\/2019\/10\/IMG-20191013-WA0009.jpg?resize=525%2C300&ssl=1 1.5x, https:\/\/i0.wp.com\/www.grieta.org.mx\/wp-content\/uploads\/2019\/10\/IMG-20191013-WA0009.jpg?resize=700%2C400&ssl=1 2x, https:\/\/i0.wp.com\/www.grieta.org.mx\/wp-content\/uploads\/2019\/10\/IMG-20191013-WA0009.jpg?resize=1050%2C600&ssl=1 3x"},"classes":[]},{"id":60692,"url":"https:\/\/www.grieta.org.mx\/index.php\/2021\/07\/20\/gobierno-de-oaxaca-prepara-represion-contra-indigenas-zapotecas\/","url_meta":{"origin":59657,"position":3},"title":"Gobierno de Oaxaca prepara represi\u00f3n contra ind\u00edgenas zapotecas","author":"grieta","date":"20 julio, 2021","format":false,"excerpt":"Avispa Midia \/ Texto: \u00d1an\u00ed Pinto; Fotos: Santiago Navarro F. Ind\u00edgenas zapotecas pertenecientes al municipio de San Pablo Cuatro Venados denuncian que el gobierno del estado de Oaxaca est\u00e1 preparando la represi\u00f3n y despojo de su territorio con el uso de la Guardia Nacional. Alertan que \u00e9ste ha sido un\u2026","rel":"","context":"En &quot;CINTILLO&quot;","block_context":{"text":"CINTILLO","link":"https:\/\/www.grieta.org.mx\/index.php\/category\/cintillo\/"},"img":{"alt_text":"","src":"https:\/\/i0.wp.com\/www.grieta.org.mx\/wp-content\/uploads\/2021\/07\/1-3.jpg?resize=350%2C200&ssl=1","width":350,"height":200,"srcset":"https:\/\/i0.wp.com\/www.grieta.org.mx\/wp-content\/uploads\/2021\/07\/1-3.jpg?resize=350%2C200&ssl=1 1x, https:\/\/i0.wp.com\/www.grieta.org.mx\/wp-content\/uploads\/2021\/07\/1-3.jpg?resize=525%2C300&ssl=1 1.5x, https:\/\/i0.wp.com\/www.grieta.org.mx\/wp-content\/uploads\/2021\/07\/1-3.jpg?resize=700%2C400&ssl=1 2x, https:\/\/i0.wp.com\/www.grieta.org.mx\/wp-content\/uploads\/2021\/07\/1-3.jpg?resize=1050%2C600&ssl=1 3x"},"classes":[]},{"id":51973,"url":"https:\/\/www.grieta.org.mx\/index.php\/2020\/07\/22\/documental-la-historia-de-un-pueblo-en-oaxaca-que-quieren-desaparecer\/","url_meta":{"origin":59657,"position":4},"title":"Documental, la historia de un pueblo en Oaxaca que quieren desaparecer","author":"grieta","date":"22 julio, 2020","format":false,"excerpt":"Avispa Midia \/ Santiago Navarro F. Una centena de ind\u00edgenas zapotecos, campesinos en su mayor\u00eda, viven en constante tensi\u00f3n desde que un grupo armado acompa\u00f1ado con maquinaria pesada intent\u00f3 desalojarlos de sus tierras en el mes de mayo del 2019. Los habitantes de los parajes los Arquitos, el Rebolledo y\u2026","rel":"","context":"En &quot;CINTILLO&quot;","block_context":{"text":"CINTILLO","link":"https:\/\/www.grieta.org.mx\/index.php\/category\/cintillo\/"},"img":{"alt_text":"","src":"https:\/\/i0.wp.com\/www.grieta.org.mx\/wp-content\/uploads\/2020\/07\/1-2.jpg?resize=350%2C200&ssl=1","width":350,"height":200,"srcset":"https:\/\/i0.wp.com\/www.grieta.org.mx\/wp-content\/uploads\/2020\/07\/1-2.jpg?resize=350%2C200&ssl=1 1x, https:\/\/i0.wp.com\/www.grieta.org.mx\/wp-content\/uploads\/2020\/07\/1-2.jpg?resize=525%2C300&ssl=1 1.5x, https:\/\/i0.wp.com\/www.grieta.org.mx\/wp-content\/uploads\/2020\/07\/1-2.jpg?resize=700%2C400&ssl=1 2x"},"classes":[]},{"id":60284,"url":"https:\/\/www.grieta.org.mx\/index.php\/2021\/07\/06\/alerta-un-dia-despues-de-descender-un-helicoptero-en-el-rebollero-oaxaca-personas-armadas-atacan-a-los-comuneros\/","url_meta":{"origin":59657,"position":5},"title":"Alerta: Un d\u00eda despu\u00e9s de descender un helic\u00f3ptero en El Rebollero, Oaxaca, personas armadas atacan a los comuneros","author":"grieta","date":"6 julio, 2021","format":false,"excerpt":"Colectivo Grieta. En comunicado urgente dirigido al Ejercito Zapatista de Liberaci\u00f3n Nacional, al Congreso Nacional Ind\u00edgena-Concejo Ind\u00edgena de Gobierno y a los Medios Libres e Independientes, \"los comuneros de El Rebollero y R\u00edo Minas, perteneciente al municipio de Cuatro Venados, ubicado a menos de 1 hora de la ciudad de\u2026","rel":"","context":"En &quot;CINTILLO&quot;","block_context":{"text":"CINTILLO","link":"https:\/\/www.grieta.org.mx\/index.php\/category\/cintillo\/"},"img":{"alt_text":"","src":"https:\/\/i0.wp.com\/www.grieta.org.mx\/wp-content\/uploads\/2021\/07\/a-1.jpg?resize=350%2C200&ssl=1","width":350,"height":200,"srcset":"https:\/\/i0.wp.com\/www.grieta.org.mx\/wp-content\/uploads\/2021\/07\/a-1.jpg?resize=350%2C200&ssl=1 1x, https:\/\/i0.wp.com\/www.grieta.org.mx\/wp-content\/uploads\/2021\/07\/a-1.jpg?resize=525%2C300&ssl=1 1.5x"},"classes":[]}],"_links":{"self":[{"href":"https:\/\/www.grieta.org.mx\/index.php\/wp-json\/wp\/v2\/posts\/59657","targetHints":{"allow":["GET"]}}],"collection":[{"href":"https:\/\/www.grieta.org.mx\/index.php\/wp-json\/wp\/v2\/posts"}],"about":[{"href":"https:\/\/www.grieta.org.mx\/index.php\/wp-json\/wp\/v2\/types\/post"}],"author":[{"embeddable":true,"href":"https:\/\/www.grieta.org.mx\/index.php\/wp-json\/wp\/v2\/users\/2"}],"replies":[{"embeddable":true,"href":"https:\/\/www.grieta.org.mx\/index.php\/wp-json\/wp\/v2\/comments?post=59657"}],"version-history":[{"count":1,"href":"https:\/\/www.grieta.org.mx\/index.php\/wp-json\/wp\/v2\/posts\/59657\/revisions"}],"predecessor-version":[{"id":59663,"href":"https:\/\/www.grieta.org.mx\/index.php\/wp-json\/wp\/v2\/posts\/59657\/revisions\/59663"}],"wp:featuredmedia":[{"embeddable":true,"href":"https:\/\/www.grieta.org.mx\/index.php\/wp-json\/wp\/v2\/media\/59662"}],"wp:attachment":[{"href":"https:\/\/www.grieta.org.mx\/index.php\/wp-json\/wp\/v2\/media?parent=59657"}],"wp:term":[{"taxonomy":"category","embeddable":true,"href":"https:\/\/www.grieta.org.mx\/index.php\/wp-json\/wp\/v2\/categories?post=59657"},{"taxonomy":"post_tag","embeddable":true,"href":"https:\/\/www.grieta.org.mx\/index.php\/wp-json\/wp\/v2\/tags?post=59657"}],"curies":[{"name":"wp","href":"https:\/\/api.w.org\/{rel}","templated":true}]}}