{"id":59646,"date":"2021-05-24T17:50:18","date_gmt":"2021-05-24T22:50:18","guid":{"rendered":"http:\/\/www.grieta.org.mx\/?p=59646"},"modified":"2021-06-01T01:56:11","modified_gmt":"2021-06-01T06:56:11","slug":"normalistas-de-huajuapan-exigen-al-gobierno-liberacion-de-dos-normalistas-detenidos-por-policias-oaxaca","status":"publish","type":"post","link":"https:\/\/www.grieta.org.mx\/index.php\/2021\/05\/24\/normalistas-de-huajuapan-exigen-al-gobierno-liberacion-de-dos-normalistas-detenidos-por-policias-oaxaca\/","title":{"rendered":"Normalistas de Huajuapan exigen al gobierno liberaci\u00f3n de dos normalistas detenidos por polic\u00edas (Oaxaca)"},"content":{"rendered":"<p>Noticias \/ Lesli Aguilar.<\/p>\n<p><img loading=\"lazy\" decoding=\"async\" data-attachment-id=\"59647\" data-permalink=\"https:\/\/www.grieta.org.mx\/index.php\/2021\/05\/24\/normalistas-de-huajuapan-exigen-al-gobierno-liberacion-de-dos-normalistas-detenidos-por-policias-oaxaca\/a-86\/\" data-orig-file=\"https:\/\/www.grieta.org.mx\/wp-content\/uploads\/2021\/06\/a.jpg\" data-orig-size=\"1144,645\" data-comments-opened=\"0\" data-image-meta=\"{&quot;aperture&quot;:&quot;0&quot;,&quot;credit&quot;:&quot;&quot;,&quot;camera&quot;:&quot;&quot;,&quot;caption&quot;:&quot;&quot;,&quot;created_timestamp&quot;:&quot;0&quot;,&quot;copyright&quot;:&quot;&quot;,&quot;focal_length&quot;:&quot;0&quot;,&quot;iso&quot;:&quot;0&quot;,&quot;shutter_speed&quot;:&quot;0&quot;,&quot;title&quot;:&quot;&quot;,&quot;orientation&quot;:&quot;0&quot;}\" data-image-title=\"a\" data-image-description=\"\" data-image-caption=\"\" data-medium-file=\"https:\/\/www.grieta.org.mx\/wp-content\/uploads\/2021\/06\/a-300x169.jpg\" data-large-file=\"https:\/\/www.grieta.org.mx\/wp-content\/uploads\/2021\/06\/a-1024x577.jpg\" class=\"alignnone wp-image-59647\" src=\"http:\/\/www.grieta.org.mx\/wp-content\/uploads\/2021\/06\/a.jpg\" alt=\"\" width=\"800\" height=\"451\" srcset=\"https:\/\/www.grieta.org.mx\/wp-content\/uploads\/2021\/06\/a.jpg 1144w, https:\/\/www.grieta.org.mx\/wp-content\/uploads\/2021\/06\/a-300x169.jpg 300w, https:\/\/www.grieta.org.mx\/wp-content\/uploads\/2021\/06\/a-1024x577.jpg 1024w, https:\/\/www.grieta.org.mx\/wp-content\/uploads\/2021\/06\/a-768x433.jpg 768w\" sizes=\"auto, (max-width: 800px) 100vw, 800px\" \/><\/p>\n<p>HUAJUAPAN DE LE\u00d3N, Oaxaca.- Integrantes de la Normal Experimental de Huajuapan exigieron al gobierno de Oaxaca la liberaci\u00f3n de dos estudiantes de esta escuela, quienes presuntamente fueron detenidos por polic\u00edas estatales el 21 de mayo pasado, en la ciudad de Oaxaca.<\/p>\n<p>Los estudiantes de la Normal de Huajuapan se\u00f1alaron que los j\u00f3venes fueron detenidos en operativo especial que realiz\u00f3 la polic\u00eda estatal en la ciudad de Oaxaca, donde se recuperaron unidades de motor que ten\u00edan en su posesi\u00f3n.<\/p>\n<p>Agregaron que durante la marcha del 20 de mayo en la ciudad de Oaxaca se infiltraron grupos pol\u00edticos, los cuales no tienen nada que ver con los normalistas, por lo que se deslindaron de los hechos y pidieron a la poblaci\u00f3n y a los medios de comunicaci\u00f3n, no tacharlos de delincuentes.<\/p>\n<p>Expresaron que \u201cnos deslindamos de todos estos actos y culpamos a los partidos pol\u00edticos que hayan infiltrado a las personas, porque todo el tiempo se nos ha estado vinculando con un partido pol\u00edtico, nosotros no tenemos nada que ver con alg\u00fan partido pol\u00edtico\u201d.<\/p>\n<p>Exigieron la liberaci\u00f3n de los 96 estudiantes que fueron detenidos en Mactumatz\u00e1, Chiapas, pues se\u00f1alaron que no saben nada de ellos, por lo que temen que suceda otro caso como el de Ayotzinapa en Guerrero.<\/p>\n<p>Asimismo, explicaron que el gobierno del estado se hab\u00eda comprometido a mantener la paz y a no agredir a los normalistas; sin embargo, esto no se cumpli\u00f3, por lo que piden la liberaci\u00f3n de los dos normalistas de Huajuapan que se encuentran detenidos en la ciudad de Oaxaca; advierten que en caso contrario, proceder\u00e1n a realizar m\u00e1s movilizaciones.<\/p>\n<p>\u201cCuando tocan a una Normal, tocan a las 11 Normales de Oaxaca, pero cuando tocan a una Normal tocan a todas las Normales del pa\u00eds, pedimos alto al hostigamiento a las Normales, alto a la represi\u00f3n, alto a la violencia\u201d, expresaron.<\/p>\n<p>Indicaron que ellos como futuros maestros ir\u00e1n a comunidades marginadas a educar a ni\u00f1os y la \u00fanica demanda que tienen es que el examen de admisi\u00f3n pueda ser de tipo presencial, debido a que los estudiantes son hijos de campesinos y no cuentan con acceso a internet en sus comunidades.<\/p>\n<p><a href=\"https:\/\/www.nvinoticias.com\/nota\/185787\/normalistas-de-huajuapan-exigen-al-gobierno-de-oaxaca-liberacion-de-dos-normalistas\" target=\"_blank\" rel=\"noopener\">https:\/\/www.nvinoticias.com\/nota\/185787\/normalistas-de-huajuapan-exigen-al-gobierno-de-oaxaca-liberacion-de-dos-normalistas<\/a><\/p>\n","protected":false},"excerpt":{"rendered":"<p>Noticias \/ Lesli Aguilar. HUAJUAPAN DE LE\u00d3N, Oaxaca.- Integrantes de la Normal Experimental de Huajuapan exigieron al gobierno de Oaxaca la liberaci\u00f3n de dos estudiantes de esta escuela, quienes presuntamente &hellip; <a href=\"https:\/\/www.grieta.org.mx\/index.php\/2021\/05\/24\/normalistas-de-huajuapan-exigen-al-gobierno-liberacion-de-dos-normalistas-detenidos-por-policias-oaxaca\/\" class=\"more-link\">Leer m\u00e1s<\/a><\/p>\n","protected":false},"author":2,"featured_media":59647,"comment_status":"closed","ping_status":"closed","sticky":false,"template":"","format":"standard","meta":{"ngg_post_thumbnail":0,"_jetpack_newsletter_access":"","_jetpack_dont_email_post_to_subs":false,"_jetpack_newsletter_tier_id":0,"_jetpack_memberships_contains_paywalled_content":false,"_jetpack_memberships_contains_paid_content":false,"footnotes":""},"categories":[80,2439,2,25,1496,2909],"tags":[],"class_list":["post-59646","post","type-post","status-publish","format-standard","has-post-thumbnail","hentry","category-cintillo","category-crisis-de-la-educacion-publica-en-oaxaca","category-noticias-nacionales","category-oaxaca","category-represion-en-oaxaca","category-resistencias-y-rebeldias-en-oaxaca","entry"],"jetpack_featured_media_url":"https:\/\/www.grieta.org.mx\/wp-content\/uploads\/2021\/06\/a.jpg","jetpack_sharing_enabled":true,"jetpack_shortlink":"https:\/\/wp.me\/p7ZJR4-fw2","jetpack_likes_enabled":false,"jetpack-related-posts":[{"id":45170,"url":"https:\/\/www.grieta.org.mx\/index.php\/2020\/02\/26\/realizan-paro-indefinido-normalistas-de-huajuapan-oaxaca\/","url_meta":{"origin":59646,"position":0},"title":"Realizan paro indefinido normalistas de Huajuapan (Oaxaca)","author":"grieta","date":"26 febrero, 2020","format":false,"excerpt":"Notocias \/ Lesli Aguilar. Huajuapan de Le\u00f3n, Oaxaca.- Con la colocaci\u00f3n de banderas rojinegras, alumnos de la Escuela Normal Experimental de Huajuapan se declararon en paro de manera indefinida, para exigir al gobierno del estado mejoras en la malla curricular y detenci\u00f3n de los jefes policiales, quienes participaron en el\u2026","rel":"","context":"En &quot;CINTILLO&quot;","block_context":{"text":"CINTILLO","link":"https:\/\/www.grieta.org.mx\/index.php\/category\/cintillo\/"},"img":{"alt_text":"","src":"https:\/\/i0.wp.com\/www.grieta.org.mx\/wp-content\/uploads\/2020\/02\/copia_de_segunda_13.jpg?resize=350%2C200&ssl=1","width":350,"height":200,"srcset":"https:\/\/i0.wp.com\/www.grieta.org.mx\/wp-content\/uploads\/2020\/02\/copia_de_segunda_13.jpg?resize=350%2C200&ssl=1 1x, https:\/\/i0.wp.com\/www.grieta.org.mx\/wp-content\/uploads\/2020\/02\/copia_de_segunda_13.jpg?resize=525%2C300&ssl=1 1.5x, https:\/\/i0.wp.com\/www.grieta.org.mx\/wp-content\/uploads\/2020\/02\/copia_de_segunda_13.jpg?resize=700%2C400&ssl=1 2x, https:\/\/i0.wp.com\/www.grieta.org.mx\/wp-content\/uploads\/2020\/02\/copia_de_segunda_13.jpg?resize=1050%2C600&ssl=1 3x"},"classes":[]},{"id":26676,"url":"https:\/\/www.grieta.org.mx\/index.php\/2018\/09\/18\/trece-polleros-fueron-detenidos-con-122-indocumentados-en-huajuapan-oaxaca\/","url_meta":{"origin":59646,"position":1},"title":"Trece polleros fueron detenidos con 122 indocumentados en Huajuapan, Oaxaca","author":"grieta","date":"18 septiembre, 2018","format":false,"excerpt":"Noticias. Sa\u00fal Salazar, Huajuapan de Le\u00f3n, Oaxaca.- M\u00e1s de cien indocumentados centroamericanos fueron rescatados por polic\u00edas estatales y Ej\u00e9rcito Mexicano. Durante el operativo fueron aseguradas trece polleros. Los indocumentados viajaban en un cami\u00f3n. El primer veh\u00edculo fue interceptado alrededor de las 19:00 horas, a la altura de la agencia El\u2026","rel":"","context":"En &quot;CINTILLO&quot;","block_context":{"text":"CINTILLO","link":"https:\/\/www.grieta.org.mx\/index.php\/category\/cintillo\/"},"img":{"alt_text":"","src":"https:\/\/i0.wp.com\/www.grieta.org.mx\/wp-content\/uploads\/2018\/09\/image_11_316.jpg?resize=350%2C200&ssl=1","width":350,"height":200,"srcset":"https:\/\/i0.wp.com\/www.grieta.org.mx\/wp-content\/uploads\/2018\/09\/image_11_316.jpg?resize=350%2C200&ssl=1 1x, https:\/\/i0.wp.com\/www.grieta.org.mx\/wp-content\/uploads\/2018\/09\/image_11_316.jpg?resize=525%2C300&ssl=1 1.5x, https:\/\/i0.wp.com\/www.grieta.org.mx\/wp-content\/uploads\/2018\/09\/image_11_316.jpg?resize=700%2C400&ssl=1 2x, https:\/\/i0.wp.com\/www.grieta.org.mx\/wp-content\/uploads\/2018\/09\/image_11_316.jpg?resize=1050%2C600&ssl=1 3x"},"classes":[]},{"id":1946,"url":"https:\/\/www.grieta.org.mx\/index.php\/2015\/12\/11\/alumnos-toman-tres-normales-en-la-mixteca\/","url_meta":{"origin":59646,"position":2},"title":"Alumnos toman tres Normales en la Mixteca","author":"grieta","date":"11 diciembre, 2015","format":false,"excerpt":"Lesli Aguilar, Huajuapan de Le\u00f3n, Oaxaca.- M\u00e1s de 600 alumnos de la regi\u00f3n Mixteca tomaron las Escuelas Normales, para exigir al Instituto Estatal de Educaci\u00f3n P\u00fablica de Oaxaca (IEEPO) la asignaci\u00f3n de plazas de manera autom\u00e1tica, sin presentar ninguna evaluaci\u00f3n y violar la Reforma Educativa en Oaxaca. Desde este jueves,\u2026","rel":"","context":"En &quot;CINTILLO&quot;","block_context":{"text":"CINTILLO","link":"https:\/\/www.grieta.org.mx\/index.php\/category\/cintillo\/"},"img":{"alt_text":"","src":"https:\/\/i0.wp.com\/www.grieta.org.mx\/wp-content\/uploads\/2018\/03\/14524434_1106112876131411_958039263622046936_o.jpg?resize=350%2C200&ssl=1","width":350,"height":200,"srcset":"https:\/\/i0.wp.com\/www.grieta.org.mx\/wp-content\/uploads\/2018\/03\/14524434_1106112876131411_958039263622046936_o.jpg?resize=350%2C200&ssl=1 1x, https:\/\/i0.wp.com\/www.grieta.org.mx\/wp-content\/uploads\/2018\/03\/14524434_1106112876131411_958039263622046936_o.jpg?resize=525%2C300&ssl=1 1.5x, https:\/\/i0.wp.com\/www.grieta.org.mx\/wp-content\/uploads\/2018\/03\/14524434_1106112876131411_958039263622046936_o.jpg?resize=700%2C400&ssl=1 2x"},"classes":[]},{"id":26673,"url":"https:\/\/www.grieta.org.mx\/index.php\/2018\/09\/15\/esconden-a-indocumentados-en-oaxaca\/","url_meta":{"origin":59646,"position":3},"title":"Esconden a indocumentados en Oaxaca","author":"grieta","date":"15 septiembre, 2018","format":false,"excerpt":"Noticias. Sa\u00fal Salazar, Viajaban en una camioneta. Los nueve guatemaltecos fueron entregados a Migraci\u00f3n Huajuapan de Le\u00f3n, Oaxaca.- En una camioneta fueron descubiertos nueve guatemaltecos que pretend\u00edan viajar a Estados Unidos. Los extranjeros fueron vistos alrededor de las 22:00 horas, por elementos de la Polic\u00eda Estatal de Huajuapan, sobre la\u2026","rel":"","context":"En &quot;CINTILLO&quot;","block_context":{"text":"CINTILLO","link":"https:\/\/www.grieta.org.mx\/index.php\/category\/cintillo\/"},"img":{"alt_text":"","src":"https:\/\/i0.wp.com\/www.grieta.org.mx\/wp-content\/uploads\/2018\/09\/indocumentados.jpg?resize=350%2C200&ssl=1","width":350,"height":200,"srcset":"https:\/\/i0.wp.com\/www.grieta.org.mx\/wp-content\/uploads\/2018\/09\/indocumentados.jpg?resize=350%2C200&ssl=1 1x, https:\/\/i0.wp.com\/www.grieta.org.mx\/wp-content\/uploads\/2018\/09\/indocumentados.jpg?resize=525%2C300&ssl=1 1.5x, https:\/\/i0.wp.com\/www.grieta.org.mx\/wp-content\/uploads\/2018\/09\/indocumentados.jpg?resize=700%2C400&ssl=1 2x, https:\/\/i0.wp.com\/www.grieta.org.mx\/wp-content\/uploads\/2018\/09\/indocumentados.jpg?resize=1050%2C600&ssl=1 3x"},"classes":[]},{"id":29611,"url":"https:\/\/www.grieta.org.mx\/index.php\/2019\/02\/23\/toman-oficinas-de-cfe-en-huajuapan-oaxaca\/","url_meta":{"origin":59646,"position":4},"title":"Toman oficinas de CFE en Huajuapan (Oaxaca)","author":"grieta","date":"23 febrero, 2019","format":false,"excerpt":"Noticias. Lesli Aguilar, ANUNCIAN BLOQUEO CARRETERO Las oficinas de CFE estuvieron cerradas por varias horas este viernes. Huajuapan de Le\u00f3n, Oaxaca.- Integrantes del Movimiento Agrario Ind\u00edgena Zapatista (MAIZ) tomaron las oficinas de la Comisi\u00f3n Federal de Electricidad (CFE) para exigir justicia por la muerte de Samir Flores Soberanes, quien fuera\u2026","rel":"","context":"En &quot;CINTILLO&quot;","block_context":{"text":"CINTILLO","link":"https:\/\/www.grieta.org.mx\/index.php\/category\/cintillo\/"},"img":{"alt_text":"","src":"https:\/\/i0.wp.com\/www.grieta.org.mx\/wp-content\/uploads\/2019\/02\/image_22.jpg?resize=350%2C200&ssl=1","width":350,"height":200,"srcset":"https:\/\/i0.wp.com\/www.grieta.org.mx\/wp-content\/uploads\/2019\/02\/image_22.jpg?resize=350%2C200&ssl=1 1x, https:\/\/i0.wp.com\/www.grieta.org.mx\/wp-content\/uploads\/2019\/02\/image_22.jpg?resize=525%2C300&ssl=1 1.5x, https:\/\/i0.wp.com\/www.grieta.org.mx\/wp-content\/uploads\/2019\/02\/image_22.jpg?resize=700%2C400&ssl=1 2x, https:\/\/i0.wp.com\/www.grieta.org.mx\/wp-content\/uploads\/2019\/02\/image_22.jpg?resize=1050%2C600&ssl=1 3x"},"classes":[]},{"id":30110,"url":"https:\/\/www.grieta.org.mx\/index.php\/2019\/02\/26\/marchan-para-exigir-alto-a-la-violencia-en-huajuapan-oaxaca\/","url_meta":{"origin":59646,"position":5},"title":"Marchan para exigir alto a la violencia en Huajuapan, Oaxaca","author":"grieta","date":"26 febrero, 2019","format":false,"excerpt":"Noticias. Lesli Aguilar, Muchas mujeres marcharon para exigir seguridad en Huajuapan. Huajuapan de Le\u00f3n, Oaxaca.- En el marco del D\u00eda Naranja, trabajadoras del ayuntamiento de Huajuapan marcharon para exigir alto a la violencia contra las mujeres y ni\u00f1as en esta regi\u00f3n Mixteca y que las autoridades reaccionen ante este tipo\u2026","rel":"","context":"En &quot;CINTILLO&quot;","block_context":{"text":"CINTILLO","link":"https:\/\/www.grieta.org.mx\/index.php\/category\/cintillo\/"},"img":{"alt_text":"","src":"https:\/\/i0.wp.com\/www.grieta.org.mx\/wp-content\/uploads\/2019\/03\/image_34_296.jpg?resize=350%2C200&ssl=1","width":350,"height":200,"srcset":"https:\/\/i0.wp.com\/www.grieta.org.mx\/wp-content\/uploads\/2019\/03\/image_34_296.jpg?resize=350%2C200&ssl=1 1x, https:\/\/i0.wp.com\/www.grieta.org.mx\/wp-content\/uploads\/2019\/03\/image_34_296.jpg?resize=525%2C300&ssl=1 1.5x, https:\/\/i0.wp.com\/www.grieta.org.mx\/wp-content\/uploads\/2019\/03\/image_34_296.jpg?resize=700%2C400&ssl=1 2x, https:\/\/i0.wp.com\/www.grieta.org.mx\/wp-content\/uploads\/2019\/03\/image_34_296.jpg?resize=1050%2C600&ssl=1 3x"},"classes":[]}],"_links":{"self":[{"href":"https:\/\/www.grieta.org.mx\/index.php\/wp-json\/wp\/v2\/posts\/59646","targetHints":{"allow":["GET"]}}],"collection":[{"href":"https:\/\/www.grieta.org.mx\/index.php\/wp-json\/wp\/v2\/posts"}],"about":[{"href":"https:\/\/www.grieta.org.mx\/index.php\/wp-json\/wp\/v2\/types\/post"}],"author":[{"embeddable":true,"href":"https:\/\/www.grieta.org.mx\/index.php\/wp-json\/wp\/v2\/users\/2"}],"replies":[{"embeddable":true,"href":"https:\/\/www.grieta.org.mx\/index.php\/wp-json\/wp\/v2\/comments?post=59646"}],"version-history":[{"count":1,"href":"https:\/\/www.grieta.org.mx\/index.php\/wp-json\/wp\/v2\/posts\/59646\/revisions"}],"predecessor-version":[{"id":59648,"href":"https:\/\/www.grieta.org.mx\/index.php\/wp-json\/wp\/v2\/posts\/59646\/revisions\/59648"}],"wp:featuredmedia":[{"embeddable":true,"href":"https:\/\/www.grieta.org.mx\/index.php\/wp-json\/wp\/v2\/media\/59647"}],"wp:attachment":[{"href":"https:\/\/www.grieta.org.mx\/index.php\/wp-json\/wp\/v2\/media?parent=59646"}],"wp:term":[{"taxonomy":"category","embeddable":true,"href":"https:\/\/www.grieta.org.mx\/index.php\/wp-json\/wp\/v2\/categories?post=59646"},{"taxonomy":"post_tag","embeddable":true,"href":"https:\/\/www.grieta.org.mx\/index.php\/wp-json\/wp\/v2\/tags?post=59646"}],"curies":[{"name":"wp","href":"https:\/\/api.w.org\/{rel}","templated":true}]}}