{"id":596,"date":"2016-01-18T19:13:56","date_gmt":"2016-01-18T19:13:56","guid":{"rendered":"http:\/\/50.22.11.12\/~grietaor\/?p=596"},"modified":"2016-03-01T19:30:46","modified_gmt":"2016-03-01T19:30:46","slug":"denuncia-spauaz-a-rector-por-peculado","status":"publish","type":"post","link":"https:\/\/www.grieta.org.mx\/index.php\/2016\/01\/18\/denuncia-spauaz-a-rector-por-peculado\/","title":{"rendered":"Denuncia SPAUAZ a rector por peculado"},"content":{"rendered":"<p>Lunes, 18 de enero de 2016<br \/>\nABIGAIL SALINAS<\/p>\n<p>Zacatecas.- El Sindicato de Personal Acad\u00e9mico de la UAZ interpuso ante la Procuradur\u00eda General de Justicia del Estado (PGJE) una denuncia contra el rector de la m\u00e1xima casa de estudios, Armando Silva Ch\u00e1irez, \u201cpor el delito de peculado\u201d, inform\u00f3 Pedro Mart\u00ednez Arteaga, miembro del Comit\u00e9 de Huelga del SPAUAZ.<\/p>\n<p>Denunci\u00f3 que Silva Ch\u00e1irez \u201csustrajo de la cuenta bancaria correspondiente a la seguridad social de los sindicalizados, para pagar la segunda quincena de diciembre y la primera de enero\u201d.<\/p>\n<p>Jos\u00e9 Crescenciano S\u00e1nchez P\u00e9rez, secretario general del sindicato, inform\u00f3 en rueda de prensa que el rector pas\u00f3 por encima del compromiso que hab\u00eda de no tocar el dinero de dicha cuenta.<\/p>\n<p>Por ello, este lunes el SPAUAZ llev\u00f3 a cabo un paro de actividades desde las 7 hasta las 19 horas; se tom\u00f3 la Rector\u00eda universitaria, frente al Jard\u00edn Ju\u00e1rez, y la Torre de Rector\u00eda, ubicada en el Campus UAZ siglo XXI.<\/p>\n<p>S\u00e1nchez P\u00e9rez agreg\u00f3 que exigen la devoluci\u00f3n de ese recurso a la cuenta de seguridad social, ya que corresponde a la aportaci\u00f3n mensual de 7 millones de pesos que hizo gobierno del estado, desde el levantamiento a huelga en marzo del a\u00f1o pasado.<\/p>\n<p>Mart\u00ednez Arteaga detall\u00f3 que en la cuenta de Banorte se contaba con una suma de 88 millones de pesos, de los cuales se tomaron 75 millones; \u201cno tuvieron la delicadeza de decir, podr\u00edamos pedir prestado el dinero. Es un abuso de autoridad, el haberlo hecho es un delito\u201d.<\/p>\n<p>Destacaron que el adeudo que ahora tiene la administraci\u00f3n central con el SPAUAZ es de 150 millones de pesos, debido a las prestaciones vencidas desde el a\u00f1o pasado.<\/p>\n<p>El l\u00edder sindical enfatiz\u00f3 que no ha tenido comunicaci\u00f3n con el rector, por lo que en reuni\u00f3n del Comit\u00e9 de Huelga, la tarde de este lunes se acord\u00f3 que se solicitar\u00e1 a Armando Silva Ch\u00e1irez entregar un documento donde proporcione informaci\u00f3n fidedigna de cu\u00e1l es el monto del adeudo total de la Universidad.<\/p>\n<p>Adem\u00e1s, de no recibir el pago o el oficio, no habr\u00e1 clases este s\u00e1bado en los programas de semiescolarizado y advirti\u00f3 que se acord\u00f3 un paro general en la UAZ este lunes, impidiendo as\u00ed la reanudaci\u00f3n de clases.<\/p>\n<p><a href=\"http:\/\/ntrzacatecas.com\/2016\/01\/18\/denuncia-spauaz-a-rector-por-peculado-2\/\" target=\"_blank\">ntrzacatecas.com\/2016\/01\/18\/denuncia-spauaz-a-rector-por-peculado-2\/<\/a><\/p>\n","protected":false},"excerpt":{"rendered":"<p>Lunes, 18 de enero de 2016 ABIGAIL SALINAS Zacatecas.- El Sindicato de Personal Acad\u00e9mico de la UAZ interpuso ante la Procuradur\u00eda General de Justicia del Estado (PGJE) una denuncia contra &hellip; <a href=\"https:\/\/www.grieta.org.mx\/index.php\/2016\/01\/18\/denuncia-spauaz-a-rector-por-peculado\/\" class=\"more-link\">Leer m\u00e1s<\/a><\/p>\n","protected":false},"author":2,"featured_media":21928,"comment_status":"closed","ping_status":"open","sticky":false,"template":"","format":"standard","meta":{"ngg_post_thumbnail":0,"_jetpack_newsletter_access":"","_jetpack_dont_email_post_to_subs":false,"_jetpack_newsletter_tier_id":0,"_jetpack_memberships_contains_paywalled_content":false,"_jetpack_memberships_contains_paid_content":false,"footnotes":""},"categories":[80,139],"tags":[105,107],"class_list":["post-596","post","type-post","status-publish","format-standard","has-post-thumbnail","hentry","category-cintillo","category-zacatecas","tag-derechos-laborales","tag-educacion","entry"],"jetpack_featured_media_url":"https:\/\/www.grieta.org.mx\/wp-content\/uploads\/2018\/03\/14524434_1106112876131411_958039263622046936_o.jpg","jetpack_sharing_enabled":true,"jetpack_shortlink":"https:\/\/wp.me\/p7ZJR4-9C","jetpack_likes_enabled":false,"jetpack-related-posts":[{"id":631,"url":"https:\/\/www.grieta.org.mx\/index.php\/2015\/03\/13\/ofrece-rector-70-plazas-a-docentes-al-spauaz\/","url_meta":{"origin":596,"position":0},"title":"Ofrece rector 70 plazas a docentes al SPAUAZ","author":"grieta","date":"13 marzo, 2015","format":false,"excerpt":"viernes, 13 de marzo de 2015 a las 10:16pm ABIGAIL SALINAS \/ ntrzacatecas.com Zacatecas.- Armando Silva Ch\u00e1irez, rector de la Universidad Aut\u00f3noma de Zacatecas ofreci\u00f3 al secretario general del SPAUAZ, Jos\u00e9 Crescenciano S\u00e1nchez P\u00e9rez, 70 plazas docentes de las 74 que pidi\u00f3 el sindicato. Tras 23 d\u00edas de huelga, Silva\u2026","rel":"","context":"En &quot;CINTILLO&quot;","block_context":{"text":"CINTILLO","link":"https:\/\/www.grieta.org.mx\/index.php\/category\/cintillo\/"},"img":{"alt_text":"","src":"https:\/\/i0.wp.com\/www.grieta.org.mx\/wp-content\/uploads\/2018\/03\/14524434_1106112876131411_958039263622046936_o.jpg?resize=350%2C200&ssl=1","width":350,"height":200,"srcset":"https:\/\/i0.wp.com\/www.grieta.org.mx\/wp-content\/uploads\/2018\/03\/14524434_1106112876131411_958039263622046936_o.jpg?resize=350%2C200&ssl=1 1x, https:\/\/i0.wp.com\/www.grieta.org.mx\/wp-content\/uploads\/2018\/03\/14524434_1106112876131411_958039263622046936_o.jpg?resize=525%2C300&ssl=1 1.5x, https:\/\/i0.wp.com\/www.grieta.org.mx\/wp-content\/uploads\/2018\/03\/14524434_1106112876131411_958039263622046936_o.jpg?resize=700%2C400&ssl=1 2x"},"classes":[]},{"id":642,"url":"https:\/\/www.grieta.org.mx\/index.php\/2015\/03\/11\/rechaza-spauaz-nueva-propuesta-del-rector\/","url_meta":{"origin":596,"position":1},"title":"Rechaza SPAUAZ nueva propuesta del rector","author":"grieta","date":"11 marzo, 2015","format":false,"excerpt":"Mi\u00e9rcoles, 11 de marzo de 2015 a las 4:25pm ABIGAIL SALINAS Zacatecas.- El Sindicato de Personal Acad\u00e9mico de la Universidad Aut\u00f3noma de Zacatecas (SPAUAZ) rechaz\u00f3 la propuesta del rector de la instituci\u00f3n, Armando Silva Ch\u00e1irez, de mil 200 horas de basificaci\u00f3n y 84 millones de pesos para el pago de\u2026","rel":"","context":"En &quot;CINTILLO&quot;","block_context":{"text":"CINTILLO","link":"https:\/\/www.grieta.org.mx\/index.php\/category\/cintillo\/"},"img":{"alt_text":"","src":"https:\/\/i0.wp.com\/www.grieta.org.mx\/wp-content\/uploads\/2018\/03\/14524434_1106112876131411_958039263622046936_o.jpg?resize=350%2C200&ssl=1","width":350,"height":200,"srcset":"https:\/\/i0.wp.com\/www.grieta.org.mx\/wp-content\/uploads\/2018\/03\/14524434_1106112876131411_958039263622046936_o.jpg?resize=350%2C200&ssl=1 1x, https:\/\/i0.wp.com\/www.grieta.org.mx\/wp-content\/uploads\/2018\/03\/14524434_1106112876131411_958039263622046936_o.jpg?resize=525%2C300&ssl=1 1.5x, https:\/\/i0.wp.com\/www.grieta.org.mx\/wp-content\/uploads\/2018\/03\/14524434_1106112876131411_958039263622046936_o.jpg?resize=700%2C400&ssl=1 2x"},"classes":[]},{"id":651,"url":"https:\/\/www.grieta.org.mx\/index.php\/2015\/03\/11\/no-hay-negociacion-spauaz\/","url_meta":{"origin":596,"position":2},"title":"\u201cNo hay negociaci\u00f3n\u201d: SPAUAZ","author":"grieta","date":"11 marzo, 2015","format":false,"excerpt":"Mi\u00e9rcoles, 11 de marzo de 2015 a las 10:24pm ABIGAIL SALINAS \/ NTRZACATECAS.COM Zacatecas.- Sin conseguir negociaci\u00f3n, la tarde de este mi\u00e9rcoles se llev\u00f3 a cabo una reuni\u00f3n entre el secretario general del Sindicato de Personal Acad\u00e9mico de la Universidad Aut\u00f3noma de Zacatecas (SPAUAZ), el rector Armando Silva Ch\u00e1irez y\u2026","rel":"","context":"En &quot;CINTILLO&quot;","block_context":{"text":"CINTILLO","link":"https:\/\/www.grieta.org.mx\/index.php\/category\/cintillo\/"},"img":{"alt_text":"","src":"https:\/\/i0.wp.com\/www.grieta.org.mx\/wp-content\/uploads\/2018\/03\/14524434_1106112876131411_958039263622046936_o.jpg?resize=350%2C200&ssl=1","width":350,"height":200,"srcset":"https:\/\/i0.wp.com\/www.grieta.org.mx\/wp-content\/uploads\/2018\/03\/14524434_1106112876131411_958039263622046936_o.jpg?resize=350%2C200&ssl=1 1x, https:\/\/i0.wp.com\/www.grieta.org.mx\/wp-content\/uploads\/2018\/03\/14524434_1106112876131411_958039263622046936_o.jpg?resize=525%2C300&ssl=1 1.5x, https:\/\/i0.wp.com\/www.grieta.org.mx\/wp-content\/uploads\/2018\/03\/14524434_1106112876131411_958039263622046936_o.jpg?resize=700%2C400&ssl=1 2x"},"classes":[]},{"id":598,"url":"https:\/\/www.grieta.org.mx\/index.php\/2015\/12\/17\/prestara-spauaz-dinero-a-agremiados-por-pagos-pendientes\/","url_meta":{"origin":596,"position":3},"title":"Prestar\u00e1 SPAUAZ dinero a agremiados por pagos pendientes","author":"grieta","date":"17 diciembre, 2015","format":false,"excerpt":"Jueves, 17 de diciembre de 2015 ABIGAIL SALINAS | Zacatecas.- Debido a que la administraci\u00f3n central de la Universidad Aut\u00f3noma de Zacatecas (UAZ) no cuenta con el recurso para pagar las primas de antig\u00fcedad y la seguridad social, el Sindicato de Personal Acad\u00e9mico de la UAZ (SPAUAZ) prestar\u00e1 el dinero\u2026","rel":"","context":"En &quot;CINTILLO&quot;","block_context":{"text":"CINTILLO","link":"https:\/\/www.grieta.org.mx\/index.php\/category\/cintillo\/"},"img":{"alt_text":"","src":"https:\/\/i0.wp.com\/www.grieta.org.mx\/wp-content\/uploads\/2018\/03\/14524434_1106112876131411_958039263622046936_o.jpg?resize=350%2C200&ssl=1","width":350,"height":200,"srcset":"https:\/\/i0.wp.com\/www.grieta.org.mx\/wp-content\/uploads\/2018\/03\/14524434_1106112876131411_958039263622046936_o.jpg?resize=350%2C200&ssl=1 1x, https:\/\/i0.wp.com\/www.grieta.org.mx\/wp-content\/uploads\/2018\/03\/14524434_1106112876131411_958039263622046936_o.jpg?resize=525%2C300&ssl=1 1.5x, https:\/\/i0.wp.com\/www.grieta.org.mx\/wp-content\/uploads\/2018\/03\/14524434_1106112876131411_958039263622046936_o.jpg?resize=700%2C400&ssl=1 2x"},"classes":[]},{"id":671,"url":"https:\/\/www.grieta.org.mx\/index.php\/2015\/02\/23\/marchan-mil-200-sindicalizados\/","url_meta":{"origin":596,"position":4},"title":"Marchan mil 200 sindicalizados","author":"grieta","date":"23 febrero, 2015","format":false,"excerpt":"Lunes, 23 de febrero de 2015 a las 9:57pm Abigail Salinas \/ ntrzacatecas.com Aproximadamente mil 200 manifestantes marcharon por las principales calles del Centro Hist\u00f3rico de Zacatecas; docentes y alumnos de la Universidad Aut\u00f3noma de Zacatecas (UAZ) participaron en el movimiento convocado por el Sindicato de Personal Acad\u00e9mico (SPAUAZ). En\u2026","rel":"","context":"En &quot;CINTILLO&quot;","block_context":{"text":"CINTILLO","link":"https:\/\/www.grieta.org.mx\/index.php\/category\/cintillo\/"},"img":{"alt_text":"","src":"https:\/\/i0.wp.com\/www.grieta.org.mx\/wp-content\/uploads\/2018\/03\/14524434_1106112876131411_958039263622046936_o.jpg?resize=350%2C200&ssl=1","width":350,"height":200,"srcset":"https:\/\/i0.wp.com\/www.grieta.org.mx\/wp-content\/uploads\/2018\/03\/14524434_1106112876131411_958039263622046936_o.jpg?resize=350%2C200&ssl=1 1x, https:\/\/i0.wp.com\/www.grieta.org.mx\/wp-content\/uploads\/2018\/03\/14524434_1106112876131411_958039263622046936_o.jpg?resize=525%2C300&ssl=1 1.5x, https:\/\/i0.wp.com\/www.grieta.org.mx\/wp-content\/uploads\/2018\/03\/14524434_1106112876131411_958039263622046936_o.jpg?resize=700%2C400&ssl=1 2x"},"classes":[]},{"id":662,"url":"https:\/\/www.grieta.org.mx\/index.php\/2015\/03\/08\/prestamo-del-spauaz-a-docentes-asciende-a-3-mdp\/","url_meta":{"origin":596,"position":5},"title":"Pr\u00e9stamo del SPAUAZ a docentes asciende a 3 mdp","author":"grieta","date":"8 marzo, 2015","format":false,"excerpt":"Domingo, 8 de marzo de 2015 a las 8:00pm Renata Avila \/ ntrzacatecas.com Zacatecas.- Jos\u00e9 Crescenciano S\u00e1nchez P\u00e9rez, secretario general del Sindicato del Personal Acad\u00e9mico de la Universidad Aut\u00f3noma de Zacatecas (SPAUAZ), inform\u00f3 que a casi cuatro semanas de que estallara la huelga, el sindicato ha prestado cerca de 3\u2026","rel":"","context":"En &quot;CINTILLO&quot;","block_context":{"text":"CINTILLO","link":"https:\/\/www.grieta.org.mx\/index.php\/category\/cintillo\/"},"img":{"alt_text":"","src":"https:\/\/i0.wp.com\/www.grieta.org.mx\/wp-content\/uploads\/2018\/03\/14524434_1106112876131411_958039263622046936_o.jpg?resize=350%2C200&ssl=1","width":350,"height":200,"srcset":"https:\/\/i0.wp.com\/www.grieta.org.mx\/wp-content\/uploads\/2018\/03\/14524434_1106112876131411_958039263622046936_o.jpg?resize=350%2C200&ssl=1 1x, https:\/\/i0.wp.com\/www.grieta.org.mx\/wp-content\/uploads\/2018\/03\/14524434_1106112876131411_958039263622046936_o.jpg?resize=525%2C300&ssl=1 1.5x, https:\/\/i0.wp.com\/www.grieta.org.mx\/wp-content\/uploads\/2018\/03\/14524434_1106112876131411_958039263622046936_o.jpg?resize=700%2C400&ssl=1 2x"},"classes":[]}],"_links":{"self":[{"href":"https:\/\/www.grieta.org.mx\/index.php\/wp-json\/wp\/v2\/posts\/596","targetHints":{"allow":["GET"]}}],"collection":[{"href":"https:\/\/www.grieta.org.mx\/index.php\/wp-json\/wp\/v2\/posts"}],"about":[{"href":"https:\/\/www.grieta.org.mx\/index.php\/wp-json\/wp\/v2\/types\/post"}],"author":[{"embeddable":true,"href":"https:\/\/www.grieta.org.mx\/index.php\/wp-json\/wp\/v2\/users\/2"}],"replies":[{"embeddable":true,"href":"https:\/\/www.grieta.org.mx\/index.php\/wp-json\/wp\/v2\/comments?post=596"}],"version-history":[{"count":1,"href":"https:\/\/www.grieta.org.mx\/index.php\/wp-json\/wp\/v2\/posts\/596\/revisions"}],"predecessor-version":[{"id":597,"href":"https:\/\/www.grieta.org.mx\/index.php\/wp-json\/wp\/v2\/posts\/596\/revisions\/597"}],"wp:featuredmedia":[{"embeddable":true,"href":"https:\/\/www.grieta.org.mx\/index.php\/wp-json\/wp\/v2\/media\/21928"}],"wp:attachment":[{"href":"https:\/\/www.grieta.org.mx\/index.php\/wp-json\/wp\/v2\/media?parent=596"}],"wp:term":[{"taxonomy":"category","embeddable":true,"href":"https:\/\/www.grieta.org.mx\/index.php\/wp-json\/wp\/v2\/categories?post=596"},{"taxonomy":"post_tag","embeddable":true,"href":"https:\/\/www.grieta.org.mx\/index.php\/wp-json\/wp\/v2\/tags?post=596"}],"curies":[{"name":"wp","href":"https:\/\/api.w.org\/{rel}","templated":true}]}}