{"id":59505,"date":"2021-05-23T18:04:22","date_gmt":"2021-05-23T23:04:22","guid":{"rendered":"http:\/\/www.grieta.org.mx\/?p=59505"},"modified":"2021-05-23T18:15:05","modified_gmt":"2021-05-23T23:15:05","slug":"contra-la-represion-de-los-malos-gobiernos-apoyo-a-la-escuela-normal-rural-mactumactza-en-chiapas-y-a-los-pueblos-tepehuano-y-wixarika-en-jalisco","status":"publish","type":"post","link":"https:\/\/www.grieta.org.mx\/index.php\/2021\/05\/23\/contra-la-represion-de-los-malos-gobiernos-apoyo-a-la-escuela-normal-rural-mactumactza-en-chiapas-y-a-los-pueblos-tepehuano-y-wixarika-en-jalisco\/","title":{"rendered":"CONTRA LA REPRESI\u00d3N DE LOS MALOS GOBIERNOS. APOYO A LA ESCUELA NORMAL RURAL MACTUMACTZ\u00c1 EN CHIAPAS Y A LOS PUEBLOS TEPEHUANO Y WIX\u00c1RIKA EN JALISCO."},"content":{"rendered":"<p>CONTRA LA REPRESI\u00d3N DE LOS MALOS GOBIERNOS.<br \/>\nAPOYO A LA ESCUELA NORMAL RURAL MACTUMACTZ\u00c1 EN<br \/>\nCHIAPAS Y A LOS PUEBLOS TEPEHUANO Y WIX\u00c1RIKA EN JALISCO.<\/p>\n<p>CNI-CIG Y EZLN.<\/p>\n<p>Mayo del 2021.<\/p>\n<p>A la Escuela Normal Rural Mactumactz\u00e1, Chiapas.<br \/>\nA los pueblos tepehuano y wix\u00e1rika de San Lorenzo de Azquelt\u00e1n, Jalisco.<br \/>\nA las organizaciones y colectivos de derechos humanos.<br \/>\nA la Sexta Nacional e Internacional.<br \/>\nA los medios de comunicaci\u00f3n.<\/p>\n<p>Como pueblos originarios que somos, organizados en el Congreso Nacional Ind\u00edgena-Concejo Ind\u00edgena de Gobierno y el EZLN, declaramos lo siguiente:<\/p>\n<p>PRIMERO.- Expresamos nuestro repudio a las acciones represivas del mal gobierno en contra de nuestros hermanos de la Escuela Normal Rural Mactumactz\u00e1. Una vez m\u00e1s con lujo de violencia se busca acallar las justas demandas de los normalistas. El 18 de mayo el mal gobierno detuvo a 91 normalistas, incluyendo a 74 mujeres estudiantes. \u00c9stas han denunciado que los cuerpos policiacos represivos las vieron como bot\u00edn de guerra y las hostigaron sexualmente desnud\u00e1ndolas y manose\u00e1ndolas. L@s normalistas son acusad@s de querer que los ex\u00e1menes, que les iban a practicar, sean de manera presencial y no por internet. Con esto las autoridades educativas y gubernamentales de Chiapas muestran, una vez m\u00e1s que no tienen la menor idea de la geograf\u00eda y la situaci\u00f3n pol\u00edtica y social en el estado. Con esta acci\u00f3n, los malos gobiernos resumen su plan para la educaci\u00f3n del M\u00e9xico rural: represi\u00f3n, mentiras y simulaci\u00f3n. A nuestr@s herman@s de la Escuela Normal Rural Mactumactz\u00e1 les manifestamos nuestra solidaridad completa y sin reservas; y llamamos a tod@s nuestr@s compa\u00f1er@s de la Sexta Nacional e Internacional a solidarizarse con la lucha de los normalistas de Mactumactz\u00e1. Exigimos la liberaci\u00f3n incondicional de tod@s l@s detenido@s<\/p>\n<p>SEGUNDO.- Como Congreso Nacional Ind\u00edgena-Concejo Ind\u00edgena de Gobierno y EZLN saludamos la Campa\u00f1a Nacional e Internacional por la Justicia y el Territorio en Azquetlt\u00e1n, municipio de Villa Guerrero, en el estado de Jalisco, M\u00e9xico. Ah\u00ed resisten por la vida las hermanas y hermanos de la comunidad ind\u00edgena aut\u00f3noma, wix\u00e1rika y tepehuana.<\/p>\n<p>Nos sumamos a la exigencia de justicia que hace la comunidad ind\u00edgena ante la protecci\u00f3n que los malos gobiernos dan al violento cacique Fabio Flores S\u00e1nchez, alias la polla, que no solo ha robado los terrenos comunales sino cometido numeroso y graves actos de crueldad en contra de la digna y ejemplar organizaci\u00f3n comunitaria con la que han sorprendido al mundo.<\/p>\n<p>Hacemos nuestra la rabia ante la injusticia y la impunidad que buscan afianzar los que tienen por objetivo privatizar la tierra que como ustedes y como nuestros ancestros hemos so\u00f1amos en colectivo. Hacemos nuestro su dolor por el sufrimiento de los abuelos que vieron como los ricos y poderosos fueron meti\u00e9ndose con violencia y enga\u00f1os a los terrenos comunales, y por el dolor de los hijos y nietos que hoy ven la amenaza de acabar no solo con la propiedad colectiva en beneficio de unos pocos terratenientes y empresas, sino de ver amenazada la existencia misma de su pueblo tepecano.<\/p>\n<p>Exigimos que Fabio Flores S\u00e1nchez, alias La Polla, junto con el grupo de choque que lo acompa\u00f1a sean juzgados y castigados por los cr\u00edmenes que ha cometido contra la comunidad, como son las amenazas, ataques armados, intentos de homicidios y despojo de tierras.<\/p>\n<p>Rechazamos las campa\u00f1as de difamaci\u00f3n en contra de la lucha comunal en defensa de la tierra que han emprendido servidores del gobierno municipal de Villa Guerrero y de La Polla, pues como en otras ocasiones tienen el objetivo de sembrar discordia que propicie la represi\u00f3n, por lo que estaremos atentos a lo que ocurra en su territorio y hacemos responsables de dichas campa\u00f1as y de cualquier ataque a la comunidad al cacique Fabio Flores S\u00e1nchez y los funcionarios p\u00fablicos que lo apoyan.<\/p>\n<p>Hacemos un llamado a los colectivos y organizaciones solidarias de derechos humanos, a las y los colectiv@s de la sexta nacional e internacional, a las redes de resistencia y rebeld\u00eda a estar atentos y responder con nuestra palabra, nuestra firma, nuestra conciencia y atenci\u00f3n a la campa\u00f1a que nuestr@s hermanos y hermanas de Azquelt\u00e1n hacen al mundo, llevando al frente la bandera de la esperanza.<\/p>\n<p>\u00a1MACTUMACTZ\u00c1 Y AZQUELT\u00c1N RESISTEN!<\/p>\n<p>Atentamente<\/p>\n<p>Mayo de 2021<br \/>\nPor la Reconstituci\u00f3n Integral de Nuestros Pueblos<br \/>\nNunca Mas un M\u00e9xico sin Nosotros<\/p>\n<p>Congreso Nacional Ind\u00edgena- Concejo Ind\u00edgena de Gobierno.<br \/>\nEj\u00e9rcito Zapatista de Liberaci\u00f3n Nacional.<\/p>\n<p><a href=\"https:\/\/enlacezapatista.ezln.org.mx\/2021\/05\/23\/contra-la-represion-de-los-malos-gobiernos-apoyo-a-la-escuela-normal-rural-mactumactza-en-chiapas-y-a-los-pueblos-tepehuano-y-wixarika-en-jalisco\/\" target=\"_blank\" rel=\"noopener\">https:\/\/enlacezapatista.ezln.org.mx\/2021\/05\/23\/contra-la-represion-de-los-malos-gobiernos-apoyo-a-la-escuela-normal-rural-mactumactza-en-chiapas-y-a-los-pueblos-tepehuano-y-wixarika-en-jalisco\/<\/a><\/p>\n","protected":false},"excerpt":{"rendered":"<p>CONTRA LA REPRESI\u00d3N DE LOS MALOS GOBIERNOS. APOYO A LA ESCUELA NORMAL RURAL MACTUMACTZ\u00c1 EN CHIAPAS Y A LOS PUEBLOS TEPEHUANO Y WIX\u00c1RIKA EN JALISCO. CNI-CIG Y EZLN. Mayo del &hellip; <a href=\"https:\/\/www.grieta.org.mx\/index.php\/2021\/05\/23\/contra-la-represion-de-los-malos-gobiernos-apoyo-a-la-escuela-normal-rural-mactumactza-en-chiapas-y-a-los-pueblos-tepehuano-y-wixarika-en-jalisco\/\" class=\"more-link\">Leer m\u00e1s<\/a><\/p>\n","protected":false},"author":2,"featured_media":59509,"comment_status":"closed","ping_status":"closed","sticky":false,"template":"","format":"standard","meta":{"ngg_post_thumbnail":0,"_jetpack_newsletter_access":"","_jetpack_dont_email_post_to_subs":false,"_jetpack_newsletter_tier_id":0,"_jetpack_memberships_contains_paywalled_content":false,"_jetpack_memberships_contains_paid_content":false,"footnotes":""},"categories":[909,80,79,921,74,907,2],"tags":[95,3237,466],"class_list":["post-59505","post","type-post","status-publish","format-standard","has-post-thumbnail","hentry","category-cig","category-cintillo","category-cni","category-comunicados","category-ezln","category-ezln-2","category-noticias-nacionales","tag-cni","tag-cni-cig","tag-ezln","entry"],"jetpack_featured_media_url":"https:\/\/www.grieta.org.mx\/wp-content\/uploads\/2021\/05\/21841-ezln-ejercito-zapatista_400px-150x1501-1.jpg","jetpack_sharing_enabled":true,"jetpack_shortlink":"https:\/\/wp.me\/p7ZJR4-ftL","jetpack_likes_enabled":false,"jetpack-related-posts":[{"id":27703,"url":"https:\/\/www.grieta.org.mx\/index.php\/2018\/11\/24\/comunicado-del-cni-cig-y-ezln-al-pueblo-mapuche\/","url_meta":{"origin":59505,"position":0},"title":"Comunicado [conjunto del CNI, CIG y EZLN] al pueblo Mapuche","author":"grieta","date":"24 noviembre, 2018","format":false,"excerpt":"Comunicado: Al pueblo mapuche Al pueblo chileno A los pueblos originarios de Am\u00e9rica A la Sexta Internacional Hermanos y hermanas del digno pueblo mapuche, Los pueblos, naciones, tribus y barrios que conformamos el Congreso Nacional Ind\u00edgena, el Concejo Ind\u00edgena de Gobierno y el EZLN abrazamos solidariamente la familia del compa\u00f1ero\u2026","rel":"","context":"En &quot;CINTILLO&quot;","block_context":{"text":"CINTILLO","link":"https:\/\/www.grieta.org.mx\/index.php\/category\/cintillo\/"},"img":{"alt_text":"","src":"","width":0,"height":0},"classes":[]},{"id":31394,"url":"https:\/\/www.grieta.org.mx\/index.php\/2019\/03\/29\/comunicado-del-cni-cig-y-el-ezln-ante-nueva-situacion-de-consulta-para-imponer-mega-proyectos-en-el-istmo-de-tehuantepec\/","url_meta":{"origin":59505,"position":1},"title":"Comunicado del CNI-CIG y el EZLN ante nueva situaci\u00f3n de consulta para imponer mega proyectos en el Istmo de Tehuantepec","author":"grieta","date":"29 marzo, 2019","format":false,"excerpt":"COMUNICADO DEL CONGRESO NACIONAL IND\u00cdGENA Y EL CONCEJO IND\u00cdGENA DE GOBIERNO Y EL EJ\u00c9RCITO ZAPATISTA DE LIBERACI\u00d3N NACIONAL ANTE NUEVA SIMULACI\u00d3N DE CONSULTA PARA IMPONER MEGA PROYECTOS EN EL ISTMO DE TEHUANTEPEC Al pueblo de M\u00e9xico A los pueblos del mundo A las Redes de Apoyo al CIG A las\u2026","rel":"","context":"En &quot;CINTILLO&quot;","block_context":{"text":"CINTILLO","link":"https:\/\/www.grieta.org.mx\/index.php\/category\/cintillo\/"},"img":{"alt_text":"","src":"https:\/\/i0.wp.com\/www.grieta.org.mx\/wp-content\/uploads\/2018\/03\/14524434_1106112876131411_958039263622046936_o.jpg?resize=350%2C200&ssl=1","width":350,"height":200,"srcset":"https:\/\/i0.wp.com\/www.grieta.org.mx\/wp-content\/uploads\/2018\/03\/14524434_1106112876131411_958039263622046936_o.jpg?resize=350%2C200&ssl=1 1x, https:\/\/i0.wp.com\/www.grieta.org.mx\/wp-content\/uploads\/2018\/03\/14524434_1106112876131411_958039263622046936_o.jpg?resize=525%2C300&ssl=1 1.5x, https:\/\/i0.wp.com\/www.grieta.org.mx\/wp-content\/uploads\/2018\/03\/14524434_1106112876131411_958039263622046936_o.jpg?resize=700%2C400&ssl=1 2x"},"classes":[]},{"id":34676,"url":"https:\/\/www.grieta.org.mx\/index.php\/2019\/06\/12\/convocatoria-del-cni-cig-y-el-ezln-a-la-campana-por-la-vida-la-paz-y-la-justicia-en-la-montana-de-guerrero\/","url_meta":{"origin":59505,"position":2},"title":"Convocatoria del CNI-CIG y el EZLN a la CAMPA\u00d1A POR LA VIDA, LA PAZ Y LA JUSTICIA EN LA MONTA\u00d1A DE GUERRERO","author":"grieta","date":"12 junio, 2019","format":false,"excerpt":"Convocatoria del CNI-CIG y el EZLN a la CAMPA\u00d1A POR LA VIDA, LA PAZ Y LA JUSTICIA EN LA MONTA\u00d1A DE GUERRERO Los pueblos, las comunidades, naciones, colectivos, barrios y tribus originarias que somos el Congreso Nacional Ind\u00edgena-Concejo Ind\u00edgena de Gobierno, y el Ej\u00e9rcito Zapatista de Liberaci\u00f3n Nacional, llamamos a\u2026","rel":"","context":"En &quot;CIG&quot;","block_context":{"text":"CIG","link":"https:\/\/www.grieta.org.mx\/index.php\/category\/cig\/"},"img":{"alt_text":"","src":"https:\/\/i0.wp.com\/www.grieta.org.mx\/wp-content\/uploads\/2019\/06\/logo-CNI-T.png?resize=350%2C200&ssl=1","width":350,"height":200,"srcset":"https:\/\/i0.wp.com\/www.grieta.org.mx\/wp-content\/uploads\/2019\/06\/logo-CNI-T.png?resize=350%2C200&ssl=1 1x, https:\/\/i0.wp.com\/www.grieta.org.mx\/wp-content\/uploads\/2019\/06\/logo-CNI-T.png?resize=525%2C300&ssl=1 1.5x"},"classes":[]},{"id":70981,"url":"https:\/\/www.grieta.org.mx\/index.php\/2025\/02\/16\/alto-a-los-ataques-contra-la-ucizoni-pronunciamiento-del-congreso-nacional-indigena-y-el-ezln-en-apoyo-a-quienes-resisten-en-el-istmo\/","url_meta":{"origin":59505,"position":3},"title":"ALTO A LOS ATAQUES CONTRA LA UCIZONI. PRONUNCIAMIENTO DEL CONGRESO NACIONAL IND\u00cdGENA Y EL EZLN EN APOYO A QUIENES RESISTEN EN EL ISTMO","author":"grieta","date":"16 febrero, 2025","format":false,"excerpt":"ALTO A LOS ATAQUES CONTRA LA UCIZONI PRONUNCIAMIENTO DEL CONGRESO NACIONAL IND\u00cdGENA Y EL EZLN EN APOYO A QUIENES RESISTEN EN EL ISTMO. A los pueblos ind\u00edgenas de M\u00e9xico y del mundo A las organizaciones en resistencia A la sociedad civil nacional e internacional Hermanas y hermanos: Desde el Congreso\u2026","rel":"","context":"En &quot;CINTILLO&quot;","block_context":{"text":"CINTILLO","link":"https:\/\/www.grieta.org.mx\/index.php\/category\/cintillo\/"},"img":{"alt_text":"","src":"https:\/\/i0.wp.com\/www.grieta.org.mx\/wp-content\/uploads\/2025\/02\/ucizoni.png?resize=350%2C200&ssl=1","width":350,"height":200,"srcset":"https:\/\/i0.wp.com\/www.grieta.org.mx\/wp-content\/uploads\/2025\/02\/ucizoni.png?resize=350%2C200&ssl=1 1x, https:\/\/i0.wp.com\/www.grieta.org.mx\/wp-content\/uploads\/2025\/02\/ucizoni.png?resize=525%2C300&ssl=1 1.5x, https:\/\/i0.wp.com\/www.grieta.org.mx\/wp-content\/uploads\/2025\/02\/ucizoni.png?resize=700%2C400&ssl=1 2x"},"classes":[]},{"id":55440,"url":"https:\/\/www.grieta.org.mx\/index.php\/2020\/11\/25\/por-la-vida-y-contra-el-dinero-el-cni-cig-y-el-ezln-llaman-a-la-solidaridad-con-el-frente-de-pueblos-en-defensa-de-la-tierra-y-el-agua-de-morelos-puebla-y-tlaxcala\/","url_meta":{"origin":59505,"position":4},"title":"POR LA VIDA Y CONTRA EL DINERO. EL CNI-CIG y el EZLN LLAMAN A LA SOLIDARIDAD CON EL FRENTE DE PUEBLOS EN DEFENSA DE LA TIERRA Y EL AGUA DE MORELOS, PUEBLA Y TLAXCALA.","author":"grieta","date":"25 noviembre, 2020","format":false,"excerpt":"Noviembre del 2020. Al Pueblo de M\u00e9xico A los Pueblos del mundo A la Sexta Nacional e Internacional A los Medios de Comunicaci\u00f3n El Congreso Nacional Ind\u00edgena- Concejo Ind\u00edgena de Gobierno y el EZLN, denunciamos el cobarde desalojo de los compa\u00f1eros del campamento en resistencia en San Pedro Apatlaco, Morelos,\u2026","rel":"","context":"En &quot;CINTILLO&quot;","block_context":{"text":"CINTILLO","link":"https:\/\/www.grieta.org.mx\/index.php\/category\/cintillo\/"},"img":{"alt_text":"","src":"https:\/\/i0.wp.com\/www.grieta.org.mx\/wp-content\/uploads\/2019\/08\/images.png?resize=350%2C200","width":350,"height":200},"classes":[]},{"id":33887,"url":"https:\/\/www.grieta.org.mx\/index.php\/2019\/05\/26\/alto-a-la-guerra-narcoparamilitar-contra-el-cipog-ez-comunicado-urgente-del-cni-cig-y-el-ezln\/","url_meta":{"origin":59505,"position":5},"title":"ALTO A LA GUERRA NARCOPARAMILITAR CONTRA EL CIPOG-EZ Comunicado urgente del CNI-CIG y el EZLN","author":"grieta","date":"26 mayo, 2019","format":false,"excerpt":"ALTO A LA GUERRA NARCOPARAMILITAR CONTRA EL CIPOG-EZ Comunicado urgente del CNI-CIG y el EZLN Hoy, con indignaci\u00f3n y dolor denunciamos un nuevo y artero crimen contra nuestros compa\u00f1eros del Consejo Ind\u00edgena y Popular de Guerrero \u2013 Emiliano Zapata (CIPOG-EZ). Alrededor de las 13:30 horas del d\u00eda 23 de mayo,\u2026","rel":"","context":"En &quot;CIG&quot;","block_context":{"text":"CIG","link":"https:\/\/www.grieta.org.mx\/index.php\/category\/cig\/"},"img":{"alt_text":"","src":"https:\/\/i0.wp.com\/www.grieta.org.mx\/wp-content\/uploads\/2019\/05\/20190525_222118_0000.png?resize=350%2C200&ssl=1","width":350,"height":200,"srcset":"https:\/\/i0.wp.com\/www.grieta.org.mx\/wp-content\/uploads\/2019\/05\/20190525_222118_0000.png?resize=350%2C200&ssl=1 1x, https:\/\/i0.wp.com\/www.grieta.org.mx\/wp-content\/uploads\/2019\/05\/20190525_222118_0000.png?resize=525%2C300&ssl=1 1.5x, https:\/\/i0.wp.com\/www.grieta.org.mx\/wp-content\/uploads\/2019\/05\/20190525_222118_0000.png?resize=700%2C400&ssl=1 2x"},"classes":[]}],"_links":{"self":[{"href":"https:\/\/www.grieta.org.mx\/index.php\/wp-json\/wp\/v2\/posts\/59505","targetHints":{"allow":["GET"]}}],"collection":[{"href":"https:\/\/www.grieta.org.mx\/index.php\/wp-json\/wp\/v2\/posts"}],"about":[{"href":"https:\/\/www.grieta.org.mx\/index.php\/wp-json\/wp\/v2\/types\/post"}],"author":[{"embeddable":true,"href":"https:\/\/www.grieta.org.mx\/index.php\/wp-json\/wp\/v2\/users\/2"}],"replies":[{"embeddable":true,"href":"https:\/\/www.grieta.org.mx\/index.php\/wp-json\/wp\/v2\/comments?post=59505"}],"version-history":[{"count":1,"href":"https:\/\/www.grieta.org.mx\/index.php\/wp-json\/wp\/v2\/posts\/59505\/revisions"}],"predecessor-version":[{"id":59508,"href":"https:\/\/www.grieta.org.mx\/index.php\/wp-json\/wp\/v2\/posts\/59505\/revisions\/59508"}],"wp:featuredmedia":[{"embeddable":true,"href":"https:\/\/www.grieta.org.mx\/index.php\/wp-json\/wp\/v2\/media\/59509"}],"wp:attachment":[{"href":"https:\/\/www.grieta.org.mx\/index.php\/wp-json\/wp\/v2\/media?parent=59505"}],"wp:term":[{"taxonomy":"category","embeddable":true,"href":"https:\/\/www.grieta.org.mx\/index.php\/wp-json\/wp\/v2\/categories?post=59505"},{"taxonomy":"post_tag","embeddable":true,"href":"https:\/\/www.grieta.org.mx\/index.php\/wp-json\/wp\/v2\/tags?post=59505"}],"curies":[{"name":"wp","href":"https:\/\/api.w.org\/{rel}","templated":true}]}}