{"id":59415,"date":"2021-05-17T18:14:12","date_gmt":"2021-05-17T23:14:12","guid":{"rendered":"http:\/\/www.grieta.org.mx\/?p=59415"},"modified":"2021-05-17T18:14:12","modified_gmt":"2021-05-17T23:14:12","slug":"marchan-por-arlette-insisten-que-no-fue-suicidio-yucatan","status":"publish","type":"post","link":"https:\/\/www.grieta.org.mx\/index.php\/2021\/05\/17\/marchan-por-arlette-insisten-que-no-fue-suicidio-yucatan\/","title":{"rendered":"Marchan por Arlette, insisten que no fue suicidio (Yucat\u00e1n)"},"content":{"rendered":"\n<p>Claudia Arriaga \/ Haz Ruido<\/p>\n<blockquote><p>En la protesta exigieron a la Fiscal\u00eda que investigue exhaustivamente la muerte de la joven, pues sospechan que fue v\u00edctima de feminicidio y que el crimen lo cometi\u00f3 el novio. <\/p><\/blockquote>\n<p>M\u00e9rida, Yucat\u00e1n, 16 de mayo del 2021.-\u201c\u00a1No fue suicidio, fue feminicidio!\u201d. Con esta consigna la familia de Arlette Ariadne Heredia Pi\u00f1a y un contingente de casi 60 personas se manifestaron en Paseo de Montejo para exigir a la Fiscal\u00eda General del Estado (FGE) que investigue exhaustivamente su deceso, pues existen indicios de que fue v\u00edctima de feminicidio. <\/p>\n<p>\u201cLo \u00fanico que pido con esta marcha es que se haga justicia y que todas las pruebas que hay salgan a luz, que hagan su investigaci\u00f3n y que lleguen a lo \u00faltimo. Ya tiene m\u00e1s de 15 d\u00edas y en la Fiscal\u00eda nos dicen que falta m\u00e1s tiempo, que la carpeta no est\u00e1\u201d, explic\u00f3 su madre, la se\u00f1ora Arlett Joana Pi\u00f1a Carrillo.<\/p>\n<div class=\"jetpack-video-wrapper\"><iframe loading=\"lazy\" title=\"\u00a1No fue suicidio, fue feminicidio! Marchan por Arlette\" width=\"1170\" height=\"658\" src=\"https:\/\/www.youtube.com\/embed\/Q77wJD5SEUc?feature=oembed\" frameborder=\"0\" allow=\"accelerometer; autoplay; clipboard-write; encrypted-media; gyroscope; picture-in-picture; web-share\" referrerpolicy=\"strict-origin-when-cross-origin\" allowfullscreen><\/iframe><\/div>\n<p>Haz Ruido dio a conocer que en la investigaci\u00f3n hay situaciones contradictorias. La joven de 21 a\u00f1os estaba intercambiando mensajes v\u00eda Whatsapp con su mam\u00e1, pap\u00e1 y hermanito a la misma hora que supuestamente cometi\u00f3 suicidio, al menos eso se asent\u00f3 en el acta de defunci\u00f3n del Servicio M\u00e9dico Forense (Semefo).<\/p>\n<p>El presunto feminicida que responde al nombre de Oscar, era su novio y viv\u00edan juntos en una casa ubicada en Prado Chuburn\u00e1. \u00c9l mismo report\u00f3 los hechos al n\u00famero de emergencias 911. <\/p>\n<p><img loading=\"lazy\" decoding=\"async\" data-attachment-id=\"59417\" data-permalink=\"https:\/\/www.grieta.org.mx\/index.php\/2021\/05\/17\/marchan-por-arlette-insisten-que-no-fue-suicidio-yucatan\/marchafeminicidioarlette2\/\" data-orig-file=\"https:\/\/www.grieta.org.mx\/wp-content\/uploads\/2021\/05\/MarchaFeminicidioArlette2.png\" data-orig-size=\"426,318\" data-comments-opened=\"0\" data-image-meta=\"{&quot;aperture&quot;:&quot;0&quot;,&quot;credit&quot;:&quot;&quot;,&quot;camera&quot;:&quot;&quot;,&quot;caption&quot;:&quot;&quot;,&quot;created_timestamp&quot;:&quot;0&quot;,&quot;copyright&quot;:&quot;&quot;,&quot;focal_length&quot;:&quot;0&quot;,&quot;iso&quot;:&quot;0&quot;,&quot;shutter_speed&quot;:&quot;0&quot;,&quot;title&quot;:&quot;&quot;,&quot;orientation&quot;:&quot;0&quot;}\" data-image-title=\"MarchaFeminicidioArlette2\" data-image-description=\"\" data-image-caption=\"\" data-medium-file=\"https:\/\/www.grieta.org.mx\/wp-content\/uploads\/2021\/05\/MarchaFeminicidioArlette2-300x224.png\" data-large-file=\"https:\/\/www.grieta.org.mx\/wp-content\/uploads\/2021\/05\/MarchaFeminicidioArlette2.png\" src=\"http:\/\/www.grieta.org.mx\/wp-content\/uploads\/2021\/05\/MarchaFeminicidioArlette2.png\" alt=\"\" width=\"426\" height=\"318\" class=\"alignnone size-full wp-image-59417\" srcset=\"https:\/\/www.grieta.org.mx\/wp-content\/uploads\/2021\/05\/MarchaFeminicidioArlette2.png 426w, https:\/\/www.grieta.org.mx\/wp-content\/uploads\/2021\/05\/MarchaFeminicidioArlette2-300x224.png 300w\" sizes=\"auto, (max-width: 426px) 100vw, 426px\" \/><\/p>\n<p>\u201c(Oscar) no se comunic\u00f3 nunca con nosotros y las autoridades tampoco lo han llamado a declarar, porque supuestamente entorpecer\u00eda la investigaci\u00f3n. Igual solicitamos las c\u00e1maras y dijeron (en la Fiscal\u00eda) que est\u00e1n desconectadas. Tienen el celular de mi hija en resguardo, pero tampoco lo han podido desbloquear para cerciorarse de lo que el joven le dijo a la Polic\u00eda cuando encontr\u00f3 a mi hija\u201d, explic\u00f3.<\/p>\n<p>El padre de Arlette, el se\u00f1or Jes\u00fas Orlando Heredia Valencia, reiter\u00f3 que Oscar es sospechoso no s\u00f3lo porque est\u00e1 desaparecido, sino porque tampoco hicieron las pruebas suficientes para descartarlo.<\/p>\n<p>\u201cQueremos que se investigue todo, hay muchas anomal\u00edas, la prueba de las u\u00f1as no se pudo hacer porque estaban cortas y tampoco la de sangre que porque estaba podrida. No pudieron checar las c\u00e1maras para confirmar si efectivamente este joven (Oscar) no sali\u00f3 de la casa. \u00c9l est\u00e1 desaparecido, escondido, quit\u00f3 sus redes y dej\u00f3 de asistir a clases\u201d, se\u00f1al\u00f3.<\/p>\n<p>La marcha sali\u00f3 del Remate de Montejo con rumbo al Monumento a la Patria, trayecto en el que las y los manifestantes cargaron mantas con la imagen de Arlette.<\/p>\n<p><a href=\"https:\/\/www.hazruido.mx\/reportes\/marchan-por-arlette-insisten-que-no-fue-suicidio\/\" rel=\"noopener\" target=\"_blank\">https:\/\/www.hazruido.mx\/reportes\/marchan-por-arlette-insisten-que-no-fue-suicidio\/ <\/a><\/p>\n","protected":false},"excerpt":{"rendered":"<p>Claudia Arriaga \/ Haz Ruido En la protesta exigieron a la Fiscal\u00eda que investigue exhaustivamente la muerte de la joven, pues sospechan que fue v\u00edctima de feminicidio y que el &hellip; <a href=\"https:\/\/www.grieta.org.mx\/index.php\/2021\/05\/17\/marchan-por-arlette-insisten-que-no-fue-suicidio-yucatan\/\" class=\"more-link\">Leer m\u00e1s<\/a><\/p>\n","protected":false},"author":2,"featured_media":59416,"comment_status":"closed","ping_status":"closed","sticky":false,"template":"","format":"standard","meta":{"ngg_post_thumbnail":0,"_jetpack_newsletter_access":"","_jetpack_dont_email_post_to_subs":false,"_jetpack_newsletter_tier_id":0,"_jetpack_memberships_contains_paywalled_content":false,"_jetpack_memberships_contains_paid_content":false,"footnotes":""},"categories":[80,84,1106,3168,2,83,36],"tags":[3069,81],"class_list":["post-59415","post","type-post","status-publish","format-standard","has-post-thumbnail","hentry","category-cintillo","category-feminicidios","category-feminicidios-en-yucatan","category-lucha-de-las-mujeres-en-yucatan","category-noticias-nacionales","category-temas-nacionales","category-yucatan","tag-familiares-de-mujeres-victimas-de-feminicidio","tag-feminicidios","entry"],"jetpack_featured_media_url":"https:\/\/www.grieta.org.mx\/wp-content\/uploads\/2021\/05\/MarchaFeminicidioArlette-e1621292912298.png","jetpack_sharing_enabled":true,"jetpack_shortlink":"https:\/\/wp.me\/p7ZJR4-fsj","jetpack_likes_enabled":false,"jetpack-related-posts":[{"id":54684,"url":"https:\/\/www.grieta.org.mx\/index.php\/2020\/11\/01\/colocan-altar-para-las-victimas-de-feminicidio-en-yucatan\/","url_meta":{"origin":59415,"position":0},"title":"Colocan altar para las v\u00edctimas de feminicidio en Yucat\u00e1n","author":"grieta","date":"1 noviembre, 2020","format":false,"excerpt":"Por Esto! Familiares de las v\u00edctimas de feminicidio en Yucat\u00e1n colocaron un altar para recordar a las mujeres asesinadas por razones de g\u00e9nero en Yucat\u00e1n en las instalaciones del Centro Cultural Olimpo en M\u00e9rida. A esta actividad tambi\u00e9n se sumaron colectivos feministas de la ciudad, quienes apoyaron a los familiares\u2026","rel":"","context":"En &quot;CINTILLO&quot;","block_context":{"text":"CINTILLO","link":"https:\/\/www.grieta.org.mx\/index.php\/category\/cintillo\/"},"img":{"alt_text":"","src":"https:\/\/i0.wp.com\/www.grieta.org.mx\/wp-content\/uploads\/2020\/11\/AltarFeminicidio.png?resize=350%2C200&ssl=1","width":350,"height":200,"srcset":"https:\/\/i0.wp.com\/www.grieta.org.mx\/wp-content\/uploads\/2020\/11\/AltarFeminicidio.png?resize=350%2C200&ssl=1 1x, https:\/\/i0.wp.com\/www.grieta.org.mx\/wp-content\/uploads\/2020\/11\/AltarFeminicidio.png?resize=525%2C300&ssl=1 1.5x"},"classes":[]},{"id":69282,"url":"https:\/\/www.grieta.org.mx\/index.php\/2024\/06\/09\/exigen-justicia-para-violeta-nina-victima-de-feminicidio-yucatan\/","url_meta":{"origin":59415,"position":1},"title":"Exigen justicia para Violeta, ni\u00f1a v\u00edctima de feminicidio (Yucat\u00e1n)","author":"grieta","date":"9 junio, 2024","format":false,"excerpt":"Fotos e informaci\u00f3n de Lorenzo Hern\u00e1ndez \/ Haz Ruido Marcharon en Paseo de Montejo para que los responsables reciban la pena m\u00e1xima y se destituya a una jueza M\u00e9rida, Yucat\u00e1n, 9 de junio de 2024.- Familiares, activistas y feministas marcharon ayer en Paseo de Montejo para exigir justicia por Violeta,\u2026","rel":"","context":"En &quot;CINTILLO&quot;","block_context":{"text":"CINTILLO","link":"https:\/\/www.grieta.org.mx\/index.php\/category\/cintillo\/"},"img":{"alt_text":"","src":"https:\/\/i0.wp.com\/www.grieta.org.mx\/wp-content\/uploads\/2024\/07\/Feminicidio-e1720555313201.jpg?resize=350%2C200&ssl=1","width":350,"height":200,"srcset":"https:\/\/i0.wp.com\/www.grieta.org.mx\/wp-content\/uploads\/2024\/07\/Feminicidio-e1720555313201.jpg?resize=350%2C200&ssl=1 1x, https:\/\/i0.wp.com\/www.grieta.org.mx\/wp-content\/uploads\/2024\/07\/Feminicidio-e1720555313201.jpg?resize=525%2C300&ssl=1 1.5x, https:\/\/i0.wp.com\/www.grieta.org.mx\/wp-content\/uploads\/2024\/07\/Feminicidio-e1720555313201.jpg?resize=700%2C400&ssl=1 2x"},"classes":[]},{"id":56116,"url":"https:\/\/www.grieta.org.mx\/index.php\/2020\/12\/29\/investigan-en-yucatan-29-casos-de-presuntos-suicidios-de-mujeres-que-tienen-indicios-de-feminicidios\/","url_meta":{"origin":59415,"position":2},"title":"Investigan en Yucat\u00e1n 29 casos de presuntos suicidios de mujeres que tienen indicios de feminicidios","author":"grieta","date":"29 diciembre, 2020","format":false,"excerpt":"Itzel Chan \/ Noticaribe M\u00c9RIDA, MX.- Yucat\u00e1n cerrar\u00e1 este a\u00f1o con 12 feminicidios, sin embargo, el Observatorio Ciudadano Nacional de Feminicidio ha iniciado una investigaci\u00f3n en 29 casos de presuntos suicidios de mujeres que tienen indicios de haber sido feminicidios. Adelaida Salas Salazar, representante del Observatorio Ciudadano Nacional de Feminicidio\u2026","rel":"","context":"En &quot;CINTILLO&quot;","block_context":{"text":"CINTILLO","link":"https:\/\/www.grieta.org.mx\/index.php\/category\/cintillo\/"},"img":{"alt_text":"","src":"https:\/\/i0.wp.com\/www.grieta.org.mx\/wp-content\/uploads\/2021\/01\/Femini.png?resize=350%2C200&ssl=1","width":350,"height":200},"classes":[]},{"id":59419,"url":"https:\/\/www.grieta.org.mx\/index.php\/2021\/05\/15\/exigen-que-les-entreguen-el-cuerpo-de-maria-yucatan\/","url_meta":{"origin":59415,"position":3},"title":"Exigen que les entreguen el cuerpo de Mar\u00eda (Yucat\u00e1n)","author":"grieta","date":"15 mayo, 2021","format":false,"excerpt":"Claudia Arriaga \/ Haz Ruido Por cuarta ocasi\u00f3n, su familia y amigas protestaron para que se investigue el presunto feminicidio. M\u00e9rida, Yucat\u00e1n, 15 mayo del 2021.- Por cuarta ocasi\u00f3n, la familia de Mar\u00eda May se manifest\u00f3 para exigir justicia por el feminicidio del que fue v\u00edctima. Este s\u00e1bado, en la\u2026","rel":"","context":"En &quot;CINTILLO&quot;","block_context":{"text":"CINTILLO","link":"https:\/\/www.grieta.org.mx\/index.php\/category\/cintillo\/"},"img":{"alt_text":"","src":"https:\/\/i0.wp.com\/www.grieta.org.mx\/wp-content\/uploads\/2021\/05\/FeminicidioMaria-e1621293926551.png?resize=350%2C200&ssl=1","width":350,"height":200,"srcset":"https:\/\/i0.wp.com\/www.grieta.org.mx\/wp-content\/uploads\/2021\/05\/FeminicidioMaria-e1621293926551.png?resize=350%2C200&ssl=1 1x, https:\/\/i0.wp.com\/www.grieta.org.mx\/wp-content\/uploads\/2021\/05\/FeminicidioMaria-e1621293926551.png?resize=525%2C300&ssl=1 1.5x, https:\/\/i0.wp.com\/www.grieta.org.mx\/wp-content\/uploads\/2021\/05\/FeminicidioMaria-e1621293926551.png?resize=700%2C400&ssl=1 2x"},"classes":[]},{"id":65805,"url":"https:\/\/www.grieta.org.mx\/index.php\/2022\/11\/23\/contra-el-carpetazo-de-la-fiscalia-justicia-para-maria-may-yucatan\/","url_meta":{"origin":59415,"position":4},"title":"Contra el carpetazo de la fiscal\u00eda: justicia para Mar\u00eda May (Yucat\u00e1n)","author":"grieta","date":"23 noviembre, 2022","format":false,"excerpt":"Texto: Claudia Arriaga \/Fotos: Especial \/ Pie de P\u00e1gina Mar\u00eda May fue hallada sin vida en un parque d\u00edas despu\u00e9s de que un hombre pas\u00f3 por ella a su trabajo en M\u00e9rida, Yucat\u00e1n. La Fiscal\u00eda General de la Rep\u00fablica determin\u00f3 que la joven de 20 a\u00f1os muri\u00f3 por asfixia mec\u00e1nica\u2026","rel":"","context":"En &quot;CINTILLO&quot;","block_context":{"text":"CINTILLO","link":"https:\/\/www.grieta.org.mx\/index.php\/category\/cintillo\/"},"img":{"alt_text":"","src":"https:\/\/i0.wp.com\/www.grieta.org.mx\/wp-content\/uploads\/2022\/11\/Carpetazo-e1669566952943.jpg?resize=350%2C200&ssl=1","width":350,"height":200,"srcset":"https:\/\/i0.wp.com\/www.grieta.org.mx\/wp-content\/uploads\/2022\/11\/Carpetazo-e1669566952943.jpg?resize=350%2C200&ssl=1 1x, https:\/\/i0.wp.com\/www.grieta.org.mx\/wp-content\/uploads\/2022\/11\/Carpetazo-e1669566952943.jpg?resize=525%2C300&ssl=1 1.5x, https:\/\/i0.wp.com\/www.grieta.org.mx\/wp-content\/uploads\/2022\/11\/Carpetazo-e1669566952943.jpg?resize=700%2C400&ssl=1 2x"},"classes":[]},{"id":64131,"url":"https:\/\/www.grieta.org.mx\/index.php\/2022\/04\/24\/feministas-yucatecas-protestaron-por-todas-las-mujeres-desaparecidas\/","url_meta":{"origin":59415,"position":5},"title":"Feministas yucatecas protestaron por todas las mujeres desaparecidas","author":"grieta","date":"24 abril, 2022","format":false,"excerpt":"Con informaci\u00f3n y fotograf\u00edas de Lilia Balam. \/ Haz Ruido \u201cNuestras desapariciones no son casos aislados, no es porque est\u00e1bamos solas, ni porque nuestras amigas nos abandonaron, no es por c\u00f3mo \u00edbamos vestidas ni por la hora\u201d. M\u00e9rida, Yucat\u00e1n, 24 de abril de 2022.- Feministas yucatecas se sumaron a la\u2026","rel":"","context":"En &quot;CINTILLO&quot;","block_context":{"text":"CINTILLO","link":"https:\/\/www.grieta.org.mx\/index.php\/category\/cintillo\/"},"img":{"alt_text":"","src":"https:\/\/i0.wp.com\/www.grieta.org.mx\/wp-content\/uploads\/2022\/05\/FeministasYucatecas-e1651657875533.png?resize=350%2C200&ssl=1","width":350,"height":200,"srcset":"https:\/\/i0.wp.com\/www.grieta.org.mx\/wp-content\/uploads\/2022\/05\/FeministasYucatecas-e1651657875533.png?resize=350%2C200&ssl=1 1x, https:\/\/i0.wp.com\/www.grieta.org.mx\/wp-content\/uploads\/2022\/05\/FeministasYucatecas-e1651657875533.png?resize=525%2C300&ssl=1 1.5x, https:\/\/i0.wp.com\/www.grieta.org.mx\/wp-content\/uploads\/2022\/05\/FeministasYucatecas-e1651657875533.png?resize=700%2C400&ssl=1 2x"},"classes":[]}],"_links":{"self":[{"href":"https:\/\/www.grieta.org.mx\/index.php\/wp-json\/wp\/v2\/posts\/59415","targetHints":{"allow":["GET"]}}],"collection":[{"href":"https:\/\/www.grieta.org.mx\/index.php\/wp-json\/wp\/v2\/posts"}],"about":[{"href":"https:\/\/www.grieta.org.mx\/index.php\/wp-json\/wp\/v2\/types\/post"}],"author":[{"embeddable":true,"href":"https:\/\/www.grieta.org.mx\/index.php\/wp-json\/wp\/v2\/users\/2"}],"replies":[{"embeddable":true,"href":"https:\/\/www.grieta.org.mx\/index.php\/wp-json\/wp\/v2\/comments?post=59415"}],"version-history":[{"count":1,"href":"https:\/\/www.grieta.org.mx\/index.php\/wp-json\/wp\/v2\/posts\/59415\/revisions"}],"predecessor-version":[{"id":59418,"href":"https:\/\/www.grieta.org.mx\/index.php\/wp-json\/wp\/v2\/posts\/59415\/revisions\/59418"}],"wp:featuredmedia":[{"embeddable":true,"href":"https:\/\/www.grieta.org.mx\/index.php\/wp-json\/wp\/v2\/media\/59416"}],"wp:attachment":[{"href":"https:\/\/www.grieta.org.mx\/index.php\/wp-json\/wp\/v2\/media?parent=59415"}],"wp:term":[{"taxonomy":"category","embeddable":true,"href":"https:\/\/www.grieta.org.mx\/index.php\/wp-json\/wp\/v2\/categories?post=59415"},{"taxonomy":"post_tag","embeddable":true,"href":"https:\/\/www.grieta.org.mx\/index.php\/wp-json\/wp\/v2\/tags?post=59415"}],"curies":[{"name":"wp","href":"https:\/\/api.w.org\/{rel}","templated":true}]}}