{"id":59407,"date":"2021-05-14T15:25:10","date_gmt":"2021-05-14T20:25:10","guid":{"rendered":"https:\/\/www.grieta.org.mx\/?p=59407"},"modified":"2021-05-17T15:33:26","modified_gmt":"2021-05-17T20:33:26","slug":"vecinos-de-tabachines-suman-30-horas-con-toma-de-pozo-denuncian-altos-cobros-y-desabasto-de-agua-jalisco","status":"publish","type":"post","link":"https:\/\/www.grieta.org.mx\/index.php\/2021\/05\/14\/vecinos-de-tabachines-suman-30-horas-con-toma-de-pozo-denuncian-altos-cobros-y-desabasto-de-agua-jalisco\/","title":{"rendered":"Vecinos de Tabachines suman 30 horas con toma de pozo, denuncian altos cobros y desabasto de agua (Jalisco)"},"content":{"rendered":"<p>Foto: Edgar Flores<\/p>\n<p>Edgar Flores \/ El Diario NTR<\/p>\n<p>Mantienen vecinos de Tabachines, plant\u00f3n en pozo de agua. Ya son casi 30 horas de protesta, y acusan falta de soluciones por parte del director del Sistema Intermunicipal de los Servicios de Agua Potable y Alcantarillado (Siapa), Carlos Enrique Torres Lugo.<\/p>\n<p>Los vecinos se\u00f1alan abusos en cobros y llenado de pipas. Hasta 120 pipas por d\u00eda, mientras que acusan 4 meses sin agua en esta colonia.<\/p>\n<p>Los inconformes advierten que de no tener una soluci\u00f3n, se quedar\u00e1n en el sitio el tiempo que sea necesario, impidiendo el llenado de pipas, hasta que haya una soluci\u00f3n inmediata.<\/p>\n<p>Esta ma\u00f1ana, los colonos que resguardan el pozo, impidieron que una pipa de Bomberos Zapopan, llenaran una pipa de la dependencia.<\/p>\n<p><a href=\"https:\/\/www.ntrguadalajara.com\/post.php?id_nota=166287\">https:\/\/www.ntrguadalajara.com\/post.php?id_nota=166287<\/a><\/p>\n","protected":false},"excerpt":{"rendered":"<p>Foto: Edgar Flores Edgar Flores \/ El Diario NTR Mantienen vecinos de Tabachines, plant\u00f3n en pozo de agua. Ya son casi 30 horas de protesta, y acusan falta de soluciones &hellip; <a href=\"https:\/\/www.grieta.org.mx\/index.php\/2021\/05\/14\/vecinos-de-tabachines-suman-30-horas-con-toma-de-pozo-denuncian-altos-cobros-y-desabasto-de-agua-jalisco\/\" class=\"more-link\">Leer m\u00e1s<\/a><\/p>\n","protected":false},"author":2,"featured_media":59408,"comment_status":"closed","ping_status":"closed","sticky":false,"template":"","format":"standard","meta":{"ngg_post_thumbnail":0,"_jetpack_newsletter_access":"","_jetpack_dont_email_post_to_subs":false,"_jetpack_newsletter_tier_id":0,"_jetpack_memberships_contains_paywalled_content":false,"_jetpack_memberships_contains_paid_content":false,"footnotes":""},"categories":[80,914,20,2,2342,83],"tags":[2403,1558,1120,1638],"class_list":["post-59407","post","type-post","status-publish","format-standard","has-post-thumbnail","hentry","category-cintillo","category-privatizacion-del-agua","category-jalisco","category-noticias-nacionales","category-privatizacion-del-agua-en-jalisco","category-temas-nacionales","tag-crisis-del-agua","tag-desabasto-de-agua","tag-falta-de-agua","tag-prostestas-por-falta-de-agua","entry"],"jetpack_featured_media_url":"https:\/\/www.grieta.org.mx\/wp-content\/uploads\/2021\/05\/2021-05-14_06-05-07___1052-e1621283364314.jpg","jetpack_sharing_enabled":true,"jetpack_shortlink":"https:\/\/wp.me\/p7ZJR4-fsb","jetpack_likes_enabled":false,"jetpack-related-posts":[{"id":58145,"url":"https:\/\/www.grieta.org.mx\/index.php\/2021\/04\/03\/vecinos-de-lomas-de-tabachines-y-agua-fria-ya-presentan-problemas-de-salud-como-diarrea-y-temperatura-por-falta-de-agua-en-zapopan-varias-colonias-mas-afectadas-jalisco\/","url_meta":{"origin":59407,"position":0},"title":"Vecinos de Lomas de Tabachines y Agua Fr\u00eda ya presentan problemas de salud como diarrea y temperatura por falta de agua en Zapopan, varias colonias m\u00e1s afectadas (Jalisco)","author":"grieta","date":"3 abril, 2021","format":false,"excerpt":"Foto: Jorge Alberto Mendoza Jorge Alberto Mendoza \/ El Diario NTR Desde hace m\u00e1s de un mes, habitantes de Lomas de Tabachines, Agua Fr\u00eda y otras colonias del norte de Zapopan padecen un calvario por los cortes de agua potable. Vecinos narraron a NTR Guadalajara que la falta de agua\u2026","rel":"","context":"En &quot;CINTILLO&quot;","block_context":{"text":"CINTILLO","link":"https:\/\/www.grieta.org.mx\/index.php\/category\/cintillo\/"},"img":{"alt_text":"","src":"https:\/\/i0.wp.com\/www.grieta.org.mx\/wp-content\/uploads\/2021\/04\/2021-04-02_09-04-26___3889.jpg?resize=350%2C200&ssl=1","width":350,"height":200,"srcset":"https:\/\/i0.wp.com\/www.grieta.org.mx\/wp-content\/uploads\/2021\/04\/2021-04-02_09-04-26___3889.jpg?resize=350%2C200&ssl=1 1x, https:\/\/i0.wp.com\/www.grieta.org.mx\/wp-content\/uploads\/2021\/04\/2021-04-02_09-04-26___3889.jpg?resize=525%2C300&ssl=1 1.5x, https:\/\/i0.wp.com\/www.grieta.org.mx\/wp-content\/uploads\/2021\/04\/2021-04-02_09-04-26___3889.jpg?resize=700%2C400&ssl=1 2x"},"classes":[]},{"id":50800,"url":"https:\/\/www.grieta.org.mx\/index.php\/2020\/06\/08\/vecinos-de-lomas-del-centinela-cierran-periferico-por-falta-de-agua-jalisco\/","url_meta":{"origin":59407,"position":1},"title":"Vecinos de Lomas del Centinela cierran perif\u00e9rico por falta de agua (Jalisco)","author":"grieta","date":"8 junio, 2020","format":false,"excerpt":"Foto: Julio R\u00edos Julio R\u00edos \/ UDGTV Guadalajara, Jalisco.\u00a0En pleno tiempo de calor y confinamiento,\u00a0en Lomas del Centinela ya no soportan m\u00e1s la falta de agua.\u00a0Por eso cerraron el Perif\u00e9rico en su cruce de Tabachines para exigir que les restablezcan el servicio. Juan Manuel Contreras, consejero del COPLADEMUN en esta\u2026","rel":"","context":"En &quot;CINTILLO&quot;","block_context":{"text":"CINTILLO","link":"https:\/\/www.grieta.org.mx\/index.php\/category\/cintillo\/"},"img":{"alt_text":"","src":"https:\/\/i0.wp.com\/www.grieta.org.mx\/wp-content\/uploads\/2020\/06\/Lomas-del-Centinela-Julio-R%C3%ADos-696x392.jpeg?resize=350%2C200&ssl=1","width":350,"height":200,"srcset":"https:\/\/i0.wp.com\/www.grieta.org.mx\/wp-content\/uploads\/2020\/06\/Lomas-del-Centinela-Julio-R%C3%ADos-696x392.jpeg?resize=350%2C200&ssl=1 1x, https:\/\/i0.wp.com\/www.grieta.org.mx\/wp-content\/uploads\/2020\/06\/Lomas-del-Centinela-Julio-R%C3%ADos-696x392.jpeg?resize=525%2C300&ssl=1 1.5x"},"classes":[]},{"id":59792,"url":"https:\/\/www.grieta.org.mx\/index.php\/2021\/06\/11\/vecinos-de-zapopan-toman-avenida-patria-ante-falta-de-agua-jalisco\/","url_meta":{"origin":59407,"position":2},"title":"Vecinos de Zapopan toman avenida Patria ante falta de agua (Jalisco)","author":"grieta","date":"11 junio, 2021","format":false,"excerpt":"Foto: Cortes\u00eda - An\u00f3nimo V\u00edctor Ch\u00e1vez \/ El Occidental Las pipas gratuitas no llegan, el negocio contin\u00faa y la ausencia del vital l\u00edquido en la tuber\u00eda de sus casas tambi\u00e9n, es por eso que vecinos de la colonia Santa Fe de Zapopan tomaron la avenida Patria a la altura de\u2026","rel":"","context":"En &quot;CINTILLO&quot;","block_context":{"text":"CINTILLO","link":"https:\/\/www.grieta.org.mx\/index.php\/category\/cintillo\/"},"img":{"alt_text":"","src":"https:\/\/i0.wp.com\/www.grieta.org.mx\/wp-content\/uploads\/2021\/06\/Manifestacion-servicio-de-agua-Zapopan.jpg?resize=350%2C200&ssl=1","width":350,"height":200,"srcset":"https:\/\/i0.wp.com\/www.grieta.org.mx\/wp-content\/uploads\/2021\/06\/Manifestacion-servicio-de-agua-Zapopan.jpg?resize=350%2C200&ssl=1 1x, https:\/\/i0.wp.com\/www.grieta.org.mx\/wp-content\/uploads\/2021\/06\/Manifestacion-servicio-de-agua-Zapopan.jpg?resize=525%2C300&ssl=1 1.5x, https:\/\/i0.wp.com\/www.grieta.org.mx\/wp-content\/uploads\/2021\/06\/Manifestacion-servicio-de-agua-Zapopan.jpg?resize=700%2C400&ssl=1 2x"},"classes":[]},{"id":58825,"url":"https:\/\/www.grieta.org.mx\/index.php\/2021\/04\/12\/mas-de-40-dias-sin-agua-en-jardines-vallarta-denuncian-vecinos-jalisco\/","url_meta":{"origin":59407,"position":3},"title":"M\u00e1s de 40 d\u00edas sin agua en Jardines Vallarta, denuncian vecinos (Jalisco)","author":"grieta","date":"12 abril, 2021","format":false,"excerpt":"Foto: Jorge Alberto Mendoza Jorge Alberto Mendoza \/ El Diario NTR Vecinos de la colonia Jardines Vallarta, en Zapopan, tienen m\u00e1s de 40 d\u00edas continuos sin recibir una sola gota de agua en sus hogares, debido al estiaje. Cansados de no contar con agua potable desde hace 40 d\u00edas, advierten\u2026","rel":"","context":"En &quot;Crisis del agua&quot;","block_context":{"text":"Crisis del agua","link":"https:\/\/www.grieta.org.mx\/index.php\/category\/temas-nacionales\/privatizacion-del-agua\/"},"img":{"alt_text":"","src":"https:\/\/i0.wp.com\/www.grieta.org.mx\/wp-content\/uploads\/2021\/04\/2021-04-12_02-04-36___3030.jpg?resize=350%2C200&ssl=1","width":350,"height":200,"srcset":"https:\/\/i0.wp.com\/www.grieta.org.mx\/wp-content\/uploads\/2021\/04\/2021-04-12_02-04-36___3030.jpg?resize=350%2C200&ssl=1 1x, https:\/\/i0.wp.com\/www.grieta.org.mx\/wp-content\/uploads\/2021\/04\/2021-04-12_02-04-36___3030.jpg?resize=525%2C300&ssl=1 1.5x, https:\/\/i0.wp.com\/www.grieta.org.mx\/wp-content\/uploads\/2021\/04\/2021-04-12_02-04-36___3030.jpg?resize=700%2C400&ssl=1 2x"},"classes":[]},{"id":59798,"url":"https:\/\/www.grieta.org.mx\/index.php\/2021\/06\/12\/vecinos-de-tlaquepaque-tienen-meses-que-acarrean-agua-para-sus-hogares-jalisco\/","url_meta":{"origin":59407,"position":4},"title":"Vecinos de Tlaquepaque tienen meses que acarrean agua para sus hogares (Jalisco)","author":"grieta","date":"12 junio, 2021","format":false,"excerpt":"Foto: Georgina Garc\u00eda Georgina Garc\u00eda \/ UDGTV No solo la zona norte de la ciudad carece de agua. En la privada de la Rep\u00fablica de Uruguay, del centro de San Pedro Tlaquepaque, tienen meses con un servicio intermitente. Los vecinos tuvieron que conseguir tinacos que colocaron afuera de sus viviendas\u2026","rel":"","context":"En &quot;CINTILLO&quot;","block_context":{"text":"CINTILLO","link":"https:\/\/www.grieta.org.mx\/index.php\/category\/cintillo\/"},"img":{"alt_text":"","src":"https:\/\/i0.wp.com\/www.grieta.org.mx\/wp-content\/uploads\/2021\/06\/Agua-Georgina-Garci%CC%81a-Soli%CC%81s-560x420-1.jpeg?resize=350%2C200&ssl=1","width":350,"height":200,"srcset":"https:\/\/i0.wp.com\/www.grieta.org.mx\/wp-content\/uploads\/2021\/06\/Agua-Georgina-Garci%CC%81a-Soli%CC%81s-560x420-1.jpeg?resize=350%2C200&ssl=1 1x, https:\/\/i0.wp.com\/www.grieta.org.mx\/wp-content\/uploads\/2021\/06\/Agua-Georgina-Garci%CC%81a-Soli%CC%81s-560x420-1.jpeg?resize=525%2C300&ssl=1 1.5x"},"classes":[]},{"id":58142,"url":"https:\/\/www.grieta.org.mx\/index.php\/2021\/03\/28\/incrementa-hasta-un-70-la-compra-de-pipas-de-agua-en-zmg-jalisco\/","url_meta":{"origin":59407,"position":5},"title":"Incrementa hasta un 70 % la compra de pipas de agua en ZMG (Jalisco)","author":"grieta","date":"28 marzo, 2021","format":false,"excerpt":"Foto: Celia Ni\u00f1o Celia Ni\u00f1o \/ UDGTV Derivado de la actual crisis por\u00a0el desabasto de agua en la Zona Metropolitana de Guadalajara,\u00a0el gremio de los trabajadores de pipas han visto incrementada su actividad hasta en un 70 %. As\u00ed lo se\u00f1al\u00f3 Armando, trabajador de pipas privadas y quien detalla que\u2026","rel":"","context":"En &quot;CINTILLO&quot;","block_context":{"text":"CINTILLO","link":"https:\/\/www.grieta.org.mx\/index.php\/category\/cintillo\/"},"img":{"alt_text":"","src":"https:\/\/i0.wp.com\/www.grieta.org.mx\/wp-content\/uploads\/2021\/04\/Pipas-Celia-Nino-696x522-1.jpeg?resize=350%2C200&ssl=1","width":350,"height":200,"srcset":"https:\/\/i0.wp.com\/www.grieta.org.mx\/wp-content\/uploads\/2021\/04\/Pipas-Celia-Nino-696x522-1.jpeg?resize=350%2C200&ssl=1 1x, https:\/\/i0.wp.com\/www.grieta.org.mx\/wp-content\/uploads\/2021\/04\/Pipas-Celia-Nino-696x522-1.jpeg?resize=525%2C300&ssl=1 1.5x"},"classes":[]}],"_links":{"self":[{"href":"https:\/\/www.grieta.org.mx\/index.php\/wp-json\/wp\/v2\/posts\/59407","targetHints":{"allow":["GET"]}}],"collection":[{"href":"https:\/\/www.grieta.org.mx\/index.php\/wp-json\/wp\/v2\/posts"}],"about":[{"href":"https:\/\/www.grieta.org.mx\/index.php\/wp-json\/wp\/v2\/types\/post"}],"author":[{"embeddable":true,"href":"https:\/\/www.grieta.org.mx\/index.php\/wp-json\/wp\/v2\/users\/2"}],"replies":[{"embeddable":true,"href":"https:\/\/www.grieta.org.mx\/index.php\/wp-json\/wp\/v2\/comments?post=59407"}],"version-history":[{"count":1,"href":"https:\/\/www.grieta.org.mx\/index.php\/wp-json\/wp\/v2\/posts\/59407\/revisions"}],"predecessor-version":[{"id":59409,"href":"https:\/\/www.grieta.org.mx\/index.php\/wp-json\/wp\/v2\/posts\/59407\/revisions\/59409"}],"wp:featuredmedia":[{"embeddable":true,"href":"https:\/\/www.grieta.org.mx\/index.php\/wp-json\/wp\/v2\/media\/59408"}],"wp:attachment":[{"href":"https:\/\/www.grieta.org.mx\/index.php\/wp-json\/wp\/v2\/media?parent=59407"}],"wp:term":[{"taxonomy":"category","embeddable":true,"href":"https:\/\/www.grieta.org.mx\/index.php\/wp-json\/wp\/v2\/categories?post=59407"},{"taxonomy":"post_tag","embeddable":true,"href":"https:\/\/www.grieta.org.mx\/index.php\/wp-json\/wp\/v2\/tags?post=59407"}],"curies":[{"name":"wp","href":"https:\/\/api.w.org\/{rel}","templated":true}]}}