{"id":594,"date":"2016-01-26T19:12:08","date_gmt":"2016-01-26T19:12:08","guid":{"rendered":"http:\/\/50.22.11.12\/~grietaor\/?p=594"},"modified":"2016-03-01T19:30:14","modified_gmt":"2016-03-01T19:30:14","slug":"condicionan-a-alumnos-de-medicina-de-la-uaz","status":"publish","type":"post","link":"https:\/\/www.grieta.org.mx\/index.php\/2016\/01\/26\/condicionan-a-alumnos-de-medicina-de-la-uaz\/","title":{"rendered":"Condicionan a alumnos de medicina de la UAZ"},"content":{"rendered":"<p>Martes, 26 de enero de 2016<br \/>\nGILBERTO CRESPO<\/p>\n<p>Efr\u00e9n Berumen Mart\u00ednez, director de la Unidad de Medicina Humana de Fresnillo, afirm\u00f3 que no cargar las materias ni contratar a los maestros para el semestre que inici\u00f3 este lunes es con el objetivo de presionar a los alumnos para que se vayan a estudiar a Zacatecas capital.<\/p>\n<p>Argument\u00f3 que lo que pretenden hacer con esta medida es que la unidad de Fresnillo se quede sin alumnos paulatinamente y dejar de otorgar un presupuesto a la instituci\u00f3n.<\/p>\n<p>La justificaci\u00f3n de que no se hayan cargado materias ni contratado maestros es que no se tienen los laboratorios que el programa exige; sin embargo, existe el compromiso de que en marzo est\u00e9n listos.<\/p>\n<p>Lo anterior, debido a que la obra lleva un avance de 30 por ciento, aproximadamente, por lo que en pocas semanas la obra estar\u00e1 terminada y los alumnos podr\u00e1n usar los laboratorios sin problema alguno.<\/p>\n<p>Este lunes debieron iniciar las clases los planteles de la Universidad Aut\u00f3noma de Zacatecas (UAZ), pero por esta situaci\u00f3n no lo hicieron en El Mineral.<\/p>\n<p>Eran 90 los estudiantes que empezar\u00edan a cursar el primer semestre y 140 m\u00e1s pertenecen al resto de los semestres.<\/p>\n<p>Precis\u00f3 que 80 por ciento de los estudiantes est\u00e1 inconforme por esta situaci\u00f3n, ya que desean estudiar en Fresnillo, pues no cuentan con los recursos econ\u00f3micos necesarios para trasladarse a la capital.<\/p>\n<p>Frente a ello, Berumen Mart\u00ednez coment\u00f3 que a\u00fan hacen lo posible para que no deje de operar la Unidad Acad\u00e9mica de Medicina en Fresnillo.<\/p>\n<p>\u201cQuieren cerrar la escuela para ser ellos quienes tengan el control de toda la Unidad Acad\u00e9mica de Medicina Humana y no etiquetar recursos para el municipio, pero no lo vamos a permitir\u201d, advirti\u00f3.<\/p>\n<p>Ante esta situaci\u00f3n, iniciaron un paro de labores en el campus UAZ Siglo XXI, donde exigen se les atienda y les den una soluci\u00f3n inmediata.<\/p>\n<p><a href=\"http:\/\/ntrzacatecas.com\/2016\/01\/26\/condicionan-a-alumnos-de-medicina-de-la-uaz\/\" target=\"_blank\">ntrzacatecas.com\/2016\/01\/26\/condicionan-a-alumnos-de-medicina-de-la-uaz\/<\/a><\/p>\n","protected":false},"excerpt":{"rendered":"<p>Martes, 26 de enero de 2016 GILBERTO CRESPO Efr\u00e9n Berumen Mart\u00ednez, director de la Unidad de Medicina Humana de Fresnillo, afirm\u00f3 que no cargar las materias ni contratar a los &hellip; <a href=\"https:\/\/www.grieta.org.mx\/index.php\/2016\/01\/26\/condicionan-a-alumnos-de-medicina-de-la-uaz\/\" class=\"more-link\">Leer m\u00e1s<\/a><\/p>\n","protected":false},"author":2,"featured_media":21928,"comment_status":"closed","ping_status":"open","sticky":false,"template":"","format":"standard","meta":{"ngg_post_thumbnail":0,"_jetpack_newsletter_access":"","_jetpack_dont_email_post_to_subs":false,"_jetpack_newsletter_tier_id":0,"_jetpack_memberships_contains_paywalled_content":false,"_jetpack_memberships_contains_paid_content":false,"footnotes":""},"categories":[80,139],"tags":[102,107],"class_list":["post-594","post","type-post","status-publish","format-standard","has-post-thumbnail","hentry","category-cintillo","category-zacatecas","tag-derecho-a-la-educacion","tag-educacion","entry"],"jetpack_featured_media_url":"https:\/\/www.grieta.org.mx\/wp-content\/uploads\/2018\/03\/14524434_1106112876131411_958039263622046936_o.jpg","jetpack_sharing_enabled":true,"jetpack_shortlink":"https:\/\/wp.me\/p7ZJR4-9A","jetpack_likes_enabled":false,"jetpack-related-posts":[{"id":2880,"url":"https:\/\/www.grieta.org.mx\/index.php\/2015\/11\/15\/evaluacion-magisterial-y-protestas-en-zacatecas\/","url_meta":{"origin":594,"position":0},"title":"Evaluaci\u00f3n magisterial y protestas en Zacatecas","author":"grieta","date":"15 noviembre, 2015","format":false,"excerpt":"El Sol de Zacatecas 15 de noviembre de 2015 Hayde\u00e9 Santill\u00e1n Zacatecas, Zacatecas.- Pese a efectuarse movilizaciones por una parte del magisterio zacatecano en contra de la evaluaci\u00f3n de permanencia a los docentes que fueron convocados para presentar examen durante el fin de semana, no lograron impedir que \u00e9sta se\u2026","rel":"","context":"En &quot;CINTILLO&quot;","block_context":{"text":"CINTILLO","link":"https:\/\/www.grieta.org.mx\/index.php\/category\/cintillo\/"},"img":{"alt_text":"","src":"https:\/\/i0.wp.com\/www.grieta.org.mx\/wp-content\/uploads\/2018\/03\/14524434_1106112876131411_958039263622046936_o.jpg?resize=350%2C200&ssl=1","width":350,"height":200,"srcset":"https:\/\/i0.wp.com\/www.grieta.org.mx\/wp-content\/uploads\/2018\/03\/14524434_1106112876131411_958039263622046936_o.jpg?resize=350%2C200&ssl=1 1x, https:\/\/i0.wp.com\/www.grieta.org.mx\/wp-content\/uploads\/2018\/03\/14524434_1106112876131411_958039263622046936_o.jpg?resize=525%2C300&ssl=1 1.5x, https:\/\/i0.wp.com\/www.grieta.org.mx\/wp-content\/uploads\/2018\/03\/14524434_1106112876131411_958039263622046936_o.jpg?resize=700%2C400&ssl=1 2x"},"classes":[]},{"id":621,"url":"https:\/\/www.grieta.org.mx\/index.php\/2015\/09\/24\/paran-labores-en-campus-siglo-xxi-por-falta-de-pago\/","url_meta":{"origin":594,"position":1},"title":"Paran labores en Campus Siglo XXI por falta de pago","author":"grieta","date":"24 septiembre, 2015","format":false,"excerpt":"ZACATECAS.- Docentes de la Unidad Acad\u00e9mica de Enfermer\u00eda y agremiados del Sindicato de Personal Acad\u00e9mico de la Universidad Aut\u00f3noma de Zacatecas (SPAUAZ) tomaron este jueves el campus Siglo XXI para exigir el pago retenido hasta por seis meses de varios maestros. Guadalupe Lugo, delegada sindical de la carrera explic\u00f3 que\u2026","rel":"","context":"En &quot;CINTILLO&quot;","block_context":{"text":"CINTILLO","link":"https:\/\/www.grieta.org.mx\/index.php\/category\/cintillo\/"},"img":{"alt_text":"","src":"https:\/\/i0.wp.com\/www.grieta.org.mx\/wp-content\/uploads\/2018\/03\/14524434_1106112876131411_958039263622046936_o.jpg?resize=350%2C200&ssl=1","width":350,"height":200,"srcset":"https:\/\/i0.wp.com\/www.grieta.org.mx\/wp-content\/uploads\/2018\/03\/14524434_1106112876131411_958039263622046936_o.jpg?resize=350%2C200&ssl=1 1x, https:\/\/i0.wp.com\/www.grieta.org.mx\/wp-content\/uploads\/2018\/03\/14524434_1106112876131411_958039263622046936_o.jpg?resize=525%2C300&ssl=1 1.5x, https:\/\/i0.wp.com\/www.grieta.org.mx\/wp-content\/uploads\/2018\/03\/14524434_1106112876131411_958039263622046936_o.jpg?resize=700%2C400&ssl=1 2x"},"classes":[]},{"id":55408,"url":"https:\/\/www.grieta.org.mx\/index.php\/2020\/11\/23\/justiciaparasofia-cientos-de-personas-incendian-ayuntamiento-de-fresnillo-por-asesinato-de-nina-zacatecas\/","url_meta":{"origin":594,"position":2},"title":"#JusticiaParaSof\u00eda: Cientos de personas incendian Ayuntamiento de Fresnillo por asesinato de ni\u00f1a (Zacatecas)","author":"grieta","date":"23 noviembre, 2020","format":false,"excerpt":"Sof\u00eda, de 12 a\u00f1os, desapareci\u00f3 el pasado 11 de noviembre. El hallazgo de su cuerpo provoc\u00f3 la ira de los habitantes de Fresnillo. Por Redacci\u00f3n Animal Pol\u00edtico, 23 de noviembre de 2020 Cientos de habitantes de Fresnillo, Zacatecas, se manifestaron la noche de este domingo en el Ayuntamiento local para\u2026","rel":"","context":"En &quot;CINTILLO&quot;","block_context":{"text":"CINTILLO","link":"https:\/\/www.grieta.org.mx\/index.php\/category\/cintillo\/"},"img":{"alt_text":"","src":"https:\/\/i0.wp.com\/www.grieta.org.mx\/wp-content\/uploads\/2020\/11\/sofia-e1606145283379.png?resize=350%2C200&ssl=1","width":350,"height":200,"srcset":"https:\/\/i0.wp.com\/www.grieta.org.mx\/wp-content\/uploads\/2020\/11\/sofia-e1606145283379.png?resize=350%2C200&ssl=1 1x, https:\/\/i0.wp.com\/www.grieta.org.mx\/wp-content\/uploads\/2020\/11\/sofia-e1606145283379.png?resize=525%2C300&ssl=1 1.5x, https:\/\/i0.wp.com\/www.grieta.org.mx\/wp-content\/uploads\/2020\/11\/sofia-e1606145283379.png?resize=700%2C400&ssl=1 2x, https:\/\/i0.wp.com\/www.grieta.org.mx\/wp-content\/uploads\/2020\/11\/sofia-e1606145283379.png?resize=1050%2C600&ssl=1 3x"},"classes":[]},{"id":611,"url":"https:\/\/www.grieta.org.mx\/index.php\/2015\/11\/11\/maestros-toman-rectoria-de-universidad-autonoma-de-zacatecas\/","url_meta":{"origin":594,"position":3},"title":"Maestros toman rector\u00eda de Universidad Aut\u00f3noma de Zacatecas","author":"grieta","date":"11 noviembre, 2015","format":false,"excerpt":"Omar Hern\u00e1ndez y Karla M\u00e9ndez \/ Corresponsales 11\/11\/2015 La rector\u00eda de la Universidad Aut\u00f3noma de Zacatecas fue tomada por docentes ante la falta de pago y adeudos millonarios; el paro que inicialmente contemplaba la par\u00e1lisis de clases finalmente no afect\u00f3 a cerca de 40 mil alumnos. Algunos de los docentes\u2026","rel":"","context":"En &quot;CINTILLO&quot;","block_context":{"text":"CINTILLO","link":"https:\/\/www.grieta.org.mx\/index.php\/category\/cintillo\/"},"img":{"alt_text":"","src":"https:\/\/i0.wp.com\/www.grieta.org.mx\/wp-content\/uploads\/2018\/03\/14524434_1106112876131411_958039263622046936_o.jpg?resize=350%2C200&ssl=1","width":350,"height":200,"srcset":"https:\/\/i0.wp.com\/www.grieta.org.mx\/wp-content\/uploads\/2018\/03\/14524434_1106112876131411_958039263622046936_o.jpg?resize=350%2C200&ssl=1 1x, https:\/\/i0.wp.com\/www.grieta.org.mx\/wp-content\/uploads\/2018\/03\/14524434_1106112876131411_958039263622046936_o.jpg?resize=525%2C300&ssl=1 1.5x, https:\/\/i0.wp.com\/www.grieta.org.mx\/wp-content\/uploads\/2018\/03\/14524434_1106112876131411_958039263622046936_o.jpg?resize=700%2C400&ssl=1 2x"},"classes":[]},{"id":2883,"url":"https:\/\/www.grieta.org.mx\/index.php\/2015\/11\/15\/profesores-disidentes-impiden-evaluacion\/","url_meta":{"origin":594,"position":4},"title":"Profesores disidentes impiden evaluaci\u00f3n","author":"grieta","date":"15 noviembre, 2015","format":false,"excerpt":"ABIGAIL SALINAS | NTRZACATECAS.COM Domingo, 15 de noviembre de 2015 Zacatecas.- Alrededor de 100 profesores del Movimiento Democr\u00e1tico Magisterial de Zacatecas (MDMZ)impidieron la evaluaci\u00f3n de permanencia en el Servicio Profesional Docente (SPD), que se program\u00f3 durante este s\u00e1bado en distintas sedes de los municipios de Guadalupe, Fresnillo y Jerez. En\u2026","rel":"","context":"En &quot;CINTILLO&quot;","block_context":{"text":"CINTILLO","link":"https:\/\/www.grieta.org.mx\/index.php\/category\/cintillo\/"},"img":{"alt_text":"","src":"https:\/\/i0.wp.com\/www.grieta.org.mx\/wp-content\/uploads\/2018\/03\/14524434_1106112876131411_958039263622046936_o.jpg?resize=350%2C200&ssl=1","width":350,"height":200,"srcset":"https:\/\/i0.wp.com\/www.grieta.org.mx\/wp-content\/uploads\/2018\/03\/14524434_1106112876131411_958039263622046936_o.jpg?resize=350%2C200&ssl=1 1x, https:\/\/i0.wp.com\/www.grieta.org.mx\/wp-content\/uploads\/2018\/03\/14524434_1106112876131411_958039263622046936_o.jpg?resize=525%2C300&ssl=1 1.5x, https:\/\/i0.wp.com\/www.grieta.org.mx\/wp-content\/uploads\/2018\/03\/14524434_1106112876131411_958039263622046936_o.jpg?resize=700%2C400&ssl=1 2x"},"classes":[]},{"id":45003,"url":"https:\/\/www.grieta.org.mx\/index.php\/2020\/02\/23\/galeria-de-fotos-de-accion-dislocada-en-fresnillo-zacatecas-jornadas-samir-somos-todas-y-todos\/","url_meta":{"origin":594,"position":5},"title":"Galer\u00eda de fotos de acci\u00f3n dislocada en Fresnillo, Zacatecas. Jornadas \u201cSamir Somos Todas y Todos\u201d","author":"Admin","date":"23 febrero, 2020","format":false,"excerpt":"Colectivo Grieta En el marco de las jornadas \"Samir Somos Todas y Todos\" se realiz\u00f3 una acci\u00f3n dislocada de pegas en Fresnillo, Zacatecas. Galer\u00eda de fotos:","rel":"","context":"En &quot;CINTILLO&quot;","block_context":{"text":"CINTILLO","link":"https:\/\/www.grieta.org.mx\/index.php\/category\/cintillo\/"},"img":{"alt_text":"","src":"https:\/\/i0.wp.com\/www.grieta.org.mx\/wp-content\/uploads\/2020\/02\/20200222_183307-e1582565376445.jpg?resize=350%2C200&ssl=1","width":350,"height":200,"srcset":"https:\/\/i0.wp.com\/www.grieta.org.mx\/wp-content\/uploads\/2020\/02\/20200222_183307-e1582565376445.jpg?resize=350%2C200&ssl=1 1x, https:\/\/i0.wp.com\/www.grieta.org.mx\/wp-content\/uploads\/2020\/02\/20200222_183307-e1582565376445.jpg?resize=525%2C300&ssl=1 1.5x, https:\/\/i0.wp.com\/www.grieta.org.mx\/wp-content\/uploads\/2020\/02\/20200222_183307-e1582565376445.jpg?resize=700%2C400&ssl=1 2x, https:\/\/i0.wp.com\/www.grieta.org.mx\/wp-content\/uploads\/2020\/02\/20200222_183307-e1582565376445.jpg?resize=1050%2C600&ssl=1 3x, https:\/\/i0.wp.com\/www.grieta.org.mx\/wp-content\/uploads\/2020\/02\/20200222_183307-e1582565376445.jpg?resize=1400%2C800&ssl=1 4x"},"classes":[]}],"_links":{"self":[{"href":"https:\/\/www.grieta.org.mx\/index.php\/wp-json\/wp\/v2\/posts\/594","targetHints":{"allow":["GET"]}}],"collection":[{"href":"https:\/\/www.grieta.org.mx\/index.php\/wp-json\/wp\/v2\/posts"}],"about":[{"href":"https:\/\/www.grieta.org.mx\/index.php\/wp-json\/wp\/v2\/types\/post"}],"author":[{"embeddable":true,"href":"https:\/\/www.grieta.org.mx\/index.php\/wp-json\/wp\/v2\/users\/2"}],"replies":[{"embeddable":true,"href":"https:\/\/www.grieta.org.mx\/index.php\/wp-json\/wp\/v2\/comments?post=594"}],"version-history":[{"count":1,"href":"https:\/\/www.grieta.org.mx\/index.php\/wp-json\/wp\/v2\/posts\/594\/revisions"}],"predecessor-version":[{"id":595,"href":"https:\/\/www.grieta.org.mx\/index.php\/wp-json\/wp\/v2\/posts\/594\/revisions\/595"}],"wp:featuredmedia":[{"embeddable":true,"href":"https:\/\/www.grieta.org.mx\/index.php\/wp-json\/wp\/v2\/media\/21928"}],"wp:attachment":[{"href":"https:\/\/www.grieta.org.mx\/index.php\/wp-json\/wp\/v2\/media?parent=594"}],"wp:term":[{"taxonomy":"category","embeddable":true,"href":"https:\/\/www.grieta.org.mx\/index.php\/wp-json\/wp\/v2\/categories?post=594"},{"taxonomy":"post_tag","embeddable":true,"href":"https:\/\/www.grieta.org.mx\/index.php\/wp-json\/wp\/v2\/tags?post=594"}],"curies":[{"name":"wp","href":"https:\/\/api.w.org\/{rel}","templated":true}]}}