{"id":59386,"date":"2021-05-11T12:41:07","date_gmt":"2021-05-11T17:41:07","guid":{"rendered":"https:\/\/www.grieta.org.mx\/?p=59386"},"modified":"2021-05-17T12:52:37","modified_gmt":"2021-05-17T17:52:37","slug":"no-fue-accidente-fue-un-feminicidio-exigen-justicia-para-julissa-colima","status":"publish","type":"post","link":"https:\/\/www.grieta.org.mx\/index.php\/2021\/05\/11\/no-fue-accidente-fue-un-feminicidio-exigen-justicia-para-julissa-colima\/","title":{"rendered":"\u201cNo fue accidente, fue un feminicidio\u201d; exigen justicia para Julissa (Colima)"},"content":{"rendered":"<p>Foto: Diario Avanzada<\/p>\n<p>Heidi de Le\u00f3n Guti\u00e9rrez \/ Diario Avanzada<\/p>\n<p>Colima, M\u00e9xico, Avanzada (11\/05\/2021).- Julissa ten\u00eda 15 a\u00f1os de edad y el pasado jueves se inform\u00f3 que hab\u00eda fallecido a consecuencia de las quemaduras que sufri\u00f3 en el incendio de una casa, sin embargo, tres d\u00edas despu\u00e9s del hecho, amigos y conocidos de la menor de edad exigen justicia y aseguran que fue asesinada.<\/p>\n<p>Este fin de semana a trav\u00e9s de la red social de Facebook, amigos y conocidos de Julissa denunciaron que la menor de edad no muri\u00f3 calcinada, sino asesinada por un menor de edad que al parecer, se encuentra pr\u00f3fugo de la justicia.<\/p>\n<p>As\u00ed tambi\u00e9n, los conocidos de Julissa convocaron a una marcha este 10 de mayo, la cual parti\u00f3 del Jard\u00edn de San Francisco de As\u00eds en Villa de \u00c1lvarez.<\/p>\n<p>AVANZADA se comunic\u00f3 a la Fiscal\u00eda de Justicia del Estado en donde nos informaron que no se puede dar detalles sobre el caso por la etapa de investigaci\u00f3n.<\/p>\n<p>No obstante, la dependencia estatal tiene abierta una carpeta de investigaci\u00f3n por homicidio en contra de la menor de edad, de acuerdo a informaci\u00f3n extraoficial recabada por este medio impreso.<\/p>\n<p>A trav\u00e9s de las redes sociales, los conocidos de Julissa demandaron justicia para la menor de edad y expusieron que la persona que la atac\u00f3 tiene 16 a\u00f1os de edad.<\/p>\n<p>El pasado jueves, los medios de comunicaci\u00f3n reportaron que al interior de una cada ubicada en la calle Estado de M\u00e9xico de la colonia Alta Villa en Villa de \u00c1lvarez fue localizado el cuerpo calcinado de una menor de 15 a\u00f1os de edad.<\/p>\n<p>De acuerdo a esa primera informaci\u00f3n, la menor se encontraba en el ba\u00f1o hasta donde corri\u00f3 para refugiarse del fuego.<\/p>\n<p>Este domingo, a trav\u00e9s de diversas publicaciones de amigos y familiares de Julissa se expres\u00f3 que la menor fue asesinada y su agresor provoc\u00f3 el incendio para tratar de ocultar el hecho.<\/p>\n<p><a href=\"https:\/\/www.diarioavanzada.com.mx\/?p=22695\">https:\/\/www.diarioavanzada.com.mx\/?p=22695<\/a><\/p>\n","protected":false},"excerpt":{"rendered":"<p>Foto: Diario Avanzada Heidi de Le\u00f3n Guti\u00e9rrez \/ Diario Avanzada Colima, M\u00e9xico, Avanzada (11\/05\/2021).- Julissa ten\u00eda 15 a\u00f1os de edad y el pasado jueves se inform\u00f3 que hab\u00eda fallecido a &hellip; <a href=\"https:\/\/www.grieta.org.mx\/index.php\/2021\/05\/11\/no-fue-accidente-fue-un-feminicidio-exigen-justicia-para-julissa-colima\/\" class=\"more-link\">Leer m\u00e1s<\/a><\/p>\n","protected":false},"author":2,"featured_media":59387,"comment_status":"closed","ping_status":"closed","sticky":false,"template":"","format":"standard","meta":{"ngg_post_thumbnail":0,"_jetpack_newsletter_access":"","_jetpack_dont_email_post_to_subs":false,"_jetpack_newsletter_tier_id":0,"_jetpack_memberships_contains_paywalled_content":false,"_jetpack_memberships_contains_paid_content":false,"footnotes":""},"categories":[80,13,84,1016,1827,3112,2,83],"tags":[3069,81,3776,2193,3065],"class_list":["post-59386","post","type-post","status-publish","format-standard","has-post-thumbnail","hentry","category-cintillo","category-colima","category-feminicidios","category-feminicidios-en-colima","category-la-ninez-en-la-tormenta-capitalista","category-la-ninez-en-la-tormenta-en-colima","category-noticias-nacionales","category-temas-nacionales","tag-familiares-de-mujeres-victimas-de-feminicidio","tag-feminicidios","tag-la-ninez-en-la-tormenta-capitalista","tag-ninas-asesinadas","tag-violencia-contra-la-ninez","entry"],"jetpack_featured_media_url":"https:\/\/www.grieta.org.mx\/wp-content\/uploads\/2021\/05\/Julissa.png","jetpack_sharing_enabled":true,"jetpack_shortlink":"https:\/\/wp.me\/p7ZJR4-frQ","jetpack_likes_enabled":false,"jetpack-related-posts":[{"id":65945,"url":"https:\/\/www.grieta.org.mx\/index.php\/2022\/12\/04\/colima-entre-los-estados-mas-inseguros-para-ninas-y-adolescentes\/","url_meta":{"origin":59386,"position":0},"title":"Colima, entre los estados m\u00e1s inseguros para ni\u00f1as y adolescentes","author":"grieta","date":"4 diciembre, 2022","format":false,"excerpt":"Imagen: Diario Avanzada Heidi de Le\u00f3n Guti\u00e9rrez \/ Diario Avanzada Colima, M\u00e9xico, Avanzada (04\/12\/2022).- Colima se encuentra entre los 14 estados m\u00e1s inseguros para las ni\u00f1as y adolescentes, de acuerdo al monitoreo que realiz\u00f3 la organizaci\u00f3n: Aqu\u00ed estamos: feminicidio infantil en M\u00e9xico. El reporte fue elaborado por un grupo de\u2026","rel":"","context":"En &quot;CINTILLO&quot;","block_context":{"text":"CINTILLO","link":"https:\/\/www.grieta.org.mx\/index.php\/category\/cintillo\/"},"img":{"alt_text":"","src":"https:\/\/i0.wp.com\/www.grieta.org.mx\/wp-content\/uploads\/2022\/12\/image-25-1.png?resize=350%2C200&ssl=1","width":350,"height":200,"srcset":"https:\/\/i0.wp.com\/www.grieta.org.mx\/wp-content\/uploads\/2022\/12\/image-25-1.png?resize=350%2C200&ssl=1 1x, https:\/\/i0.wp.com\/www.grieta.org.mx\/wp-content\/uploads\/2022\/12\/image-25-1.png?resize=525%2C300&ssl=1 1.5x"},"classes":[]},{"id":65521,"url":"https:\/\/www.grieta.org.mx\/index.php\/2022\/10\/13\/despues-de-70-asesinatos-de-mujeres-fiscalia-crea-unidad-para-perseguir-y-sancionar-a-feminicidas-colima\/","url_meta":{"origin":59386,"position":1},"title":"Despu\u00e9s de 70 asesinatos de mujeres, Fiscal\u00eda crea unidad para perseguir y sancionar a feminicidas (Colima)","author":"grieta","date":"13 octubre, 2022","format":false,"excerpt":"Imagen: Diario Avanzada Heidi de Le\u00f3n Guti\u00e9rrez \/ Diario Avanzada Colima, M\u00e9xico, Avanzada (15\/10\/2022).- Despu\u00e9s de 70 asesinatos de mujeres en lo que va del a\u00f1o, entre ellas ni\u00f1as de entre 12 y 15 a\u00f1os de edad, la Fiscal\u00eda General del Estado instaur\u00f3 la Unidad Especializada para la investigaci\u00f3n y\u2026","rel":"","context":"En &quot;CINTILLO&quot;","block_context":{"text":"CINTILLO","link":"https:\/\/www.grieta.org.mx\/index.php\/category\/cintillo\/"},"img":{"alt_text":"","src":"https:\/\/i0.wp.com\/www.grieta.org.mx\/wp-content\/uploads\/2022\/10\/01-27-feminicidios.png?resize=350%2C200&ssl=1","width":350,"height":200,"srcset":"https:\/\/i0.wp.com\/www.grieta.org.mx\/wp-content\/uploads\/2022\/10\/01-27-feminicidios.png?resize=350%2C200&ssl=1 1x, https:\/\/i0.wp.com\/www.grieta.org.mx\/wp-content\/uploads\/2022\/10\/01-27-feminicidios.png?resize=525%2C300&ssl=1 1.5x, https:\/\/i0.wp.com\/www.grieta.org.mx\/wp-content\/uploads\/2022\/10\/01-27-feminicidios.png?resize=700%2C400&ssl=1 2x"},"classes":[]},{"id":60519,"url":"https:\/\/www.grieta.org.mx\/index.php\/2021\/07\/11\/marchan-en-tecoman-para-que-se-haga-justicia-a-tita-colima\/","url_meta":{"origin":59386,"position":2},"title":"Marchan en Tecom\u00e1n para que se haga justicia a \u201cTita\u201d (Colima)","author":"grieta","date":"11 julio, 2021","format":false,"excerpt":"Foto: El Comentario Yesuni L\u00f3pez Aldape \/ El Comentario Un numeroso contingente de personas exigiendo que se aplique la\u00a0justicia\u00a0en el caso del asesinato de la menor de 16 a\u00f1os\u00a0Martha Leticia,\u00a0Tita, quien falleciera el pasado domingo 4 de julio en su domicilio tras ser ahorcada, march\u00f3 por calles de Tecom\u00e1n. Los\u2026","rel":"","context":"En &quot;CINTILLO&quot;","block_context":{"text":"CINTILLO","link":"https:\/\/www.grieta.org.mx\/index.php\/category\/cintillo\/"},"img":{"alt_text":"","src":"https:\/\/i0.wp.com\/www.grieta.org.mx\/wp-content\/uploads\/2021\/07\/415290769594460e2e485922904f345d.jpg?resize=350%2C200&ssl=1","width":350,"height":200,"srcset":"https:\/\/i0.wp.com\/www.grieta.org.mx\/wp-content\/uploads\/2021\/07\/415290769594460e2e485922904f345d.jpg?resize=350%2C200&ssl=1 1x, https:\/\/i0.wp.com\/www.grieta.org.mx\/wp-content\/uploads\/2021\/07\/415290769594460e2e485922904f345d.jpg?resize=525%2C300&ssl=1 1.5x, https:\/\/i0.wp.com\/www.grieta.org.mx\/wp-content\/uploads\/2021\/07\/415290769594460e2e485922904f345d.jpg?resize=700%2C400&ssl=1 2x"},"classes":[]},{"id":67839,"url":"https:\/\/www.grieta.org.mx\/index.php\/2023\/09\/26\/colima-no-garantiza-la-reparacion-del-dano-a-familiares-de-las-victimas-de-feminicidio\/","url_meta":{"origin":59386,"position":3},"title":"Colima no garantiza la reparaci\u00f3n del da\u00f1o a familiares de las v\u00edctimas de feminicidio","author":"grieta","date":"26 septiembre, 2023","format":false,"excerpt":"Imagen: Tomada de la Red Heidi de Le\u00f3n Guti\u00e9rrez \/ Diario Avanzada Colima, M\u00e9xico, Avanzada (26\/09\/2023).- Para la Comisi\u00f3n Nacional de Derechos Humanos, el Gobierno de Colima tiene pendiente\u00a0garantizar la reparaci\u00f3n del da\u00f1o a las v\u00edctimas indirectas menores de edad del delito de feminicidio. El organismo destaca que en 14\u2026","rel":"","context":"En &quot;CINTILLO&quot;","block_context":{"text":"CINTILLO","link":"https:\/\/www.grieta.org.mx\/index.php\/category\/cintillo\/"},"img":{"alt_text":"","src":"https:\/\/i0.wp.com\/www.grieta.org.mx\/wp-content\/uploads\/2023\/10\/feminicidio-mexico.webp?resize=350%2C200&ssl=1","width":350,"height":200,"srcset":"https:\/\/i0.wp.com\/www.grieta.org.mx\/wp-content\/uploads\/2023\/10\/feminicidio-mexico.webp?resize=350%2C200&ssl=1 1x, https:\/\/i0.wp.com\/www.grieta.org.mx\/wp-content\/uploads\/2023\/10\/feminicidio-mexico.webp?resize=525%2C300&ssl=1 1.5x, https:\/\/i0.wp.com\/www.grieta.org.mx\/wp-content\/uploads\/2023\/10\/feminicidio-mexico.webp?resize=700%2C400&ssl=1 2x"},"classes":[]},{"id":60516,"url":"https:\/\/www.grieta.org.mx\/index.php\/2021\/07\/12\/fiscalia-maquilla-cifras-del-feminicidio-en-colima\/","url_meta":{"origin":59386,"position":4},"title":"Fiscal\u00eda \u201cmaquilla\u201d cifras del feminicidio en Colima","author":"grieta","date":"12 julio, 2021","format":false,"excerpt":"Foto: Diario Avanzada Heidi de Le\u00f3n Guti\u00e9rrez \/ Diario Avanzada Colima, M\u00e9xico, Avanzada (12\/07\/2021).- Pese al incremento de la violencia en contra de las mujeres, la Fiscal\u00eda General del Estado s\u00f3lo report\u00f3 tres feminicidios entre enero y junio de este a\u00f1o al Sistema Nacional de Seguridad P\u00fablica (SNSP). Con las\u2026","rel":"","context":"En &quot;CINTILLO&quot;","block_context":{"text":"CINTILLO","link":"https:\/\/www.grieta.org.mx\/index.php\/category\/cintillo\/"},"img":{"alt_text":"","src":"https:\/\/i0.wp.com\/www.grieta.org.mx\/wp-content\/uploads\/2021\/07\/Fiscali%CC%81a-1024x682-1.jpg?resize=350%2C200&ssl=1","width":350,"height":200,"srcset":"https:\/\/i0.wp.com\/www.grieta.org.mx\/wp-content\/uploads\/2021\/07\/Fiscali%CC%81a-1024x682-1.jpg?resize=350%2C200&ssl=1 1x, https:\/\/i0.wp.com\/www.grieta.org.mx\/wp-content\/uploads\/2021\/07\/Fiscali%CC%81a-1024x682-1.jpg?resize=525%2C300&ssl=1 1.5x, https:\/\/i0.wp.com\/www.grieta.org.mx\/wp-content\/uploads\/2021\/07\/Fiscali%CC%81a-1024x682-1.jpg?resize=700%2C400&ssl=1 2x"},"classes":[]},{"id":69557,"url":"https:\/\/www.grieta.org.mx\/index.php\/2024\/08\/28\/colima-ocupa-el-sexto-lugar-en-corrupcion-de-menores\/","url_meta":{"origin":59386,"position":5},"title":"Colima ocupa el sexto lugar en corrupci\u00f3n de menores","author":"grieta","date":"28 agosto, 2024","format":false,"excerpt":"Imagen: Diario Avanzada Heidi de Le\u00f3n Guti\u00e9rrez \/ Diario Avanzada Colima, M\u00e9xico, Avanzada (28\/08\/2024).- Colima se encuentra en el sexto lugar a nivel nacional en casos de corrupci\u00f3n de menores, un delito que ha cobrado relevancia en la entidad. Este a\u00f1o, se han registrado 13 casos, lo que coloca a\u2026","rel":"","context":"En &quot;CINTILLO&quot;","block_context":{"text":"CINTILLO","link":"https:\/\/www.grieta.org.mx\/index.php\/category\/cintillo\/"},"img":{"alt_text":"","src":"https:\/\/i0.wp.com\/www.grieta.org.mx\/wp-content\/uploads\/2024\/09\/aaa-21.jpg?resize=350%2C200&ssl=1","width":350,"height":200,"srcset":"https:\/\/i0.wp.com\/www.grieta.org.mx\/wp-content\/uploads\/2024\/09\/aaa-21.jpg?resize=350%2C200&ssl=1 1x, https:\/\/i0.wp.com\/www.grieta.org.mx\/wp-content\/uploads\/2024\/09\/aaa-21.jpg?resize=525%2C300&ssl=1 1.5x, https:\/\/i0.wp.com\/www.grieta.org.mx\/wp-content\/uploads\/2024\/09\/aaa-21.jpg?resize=700%2C400&ssl=1 2x"},"classes":[]}],"_links":{"self":[{"href":"https:\/\/www.grieta.org.mx\/index.php\/wp-json\/wp\/v2\/posts\/59386","targetHints":{"allow":["GET"]}}],"collection":[{"href":"https:\/\/www.grieta.org.mx\/index.php\/wp-json\/wp\/v2\/posts"}],"about":[{"href":"https:\/\/www.grieta.org.mx\/index.php\/wp-json\/wp\/v2\/types\/post"}],"author":[{"embeddable":true,"href":"https:\/\/www.grieta.org.mx\/index.php\/wp-json\/wp\/v2\/users\/2"}],"replies":[{"embeddable":true,"href":"https:\/\/www.grieta.org.mx\/index.php\/wp-json\/wp\/v2\/comments?post=59386"}],"version-history":[{"count":1,"href":"https:\/\/www.grieta.org.mx\/index.php\/wp-json\/wp\/v2\/posts\/59386\/revisions"}],"predecessor-version":[{"id":59388,"href":"https:\/\/www.grieta.org.mx\/index.php\/wp-json\/wp\/v2\/posts\/59386\/revisions\/59388"}],"wp:featuredmedia":[{"embeddable":true,"href":"https:\/\/www.grieta.org.mx\/index.php\/wp-json\/wp\/v2\/media\/59387"}],"wp:attachment":[{"href":"https:\/\/www.grieta.org.mx\/index.php\/wp-json\/wp\/v2\/media?parent=59386"}],"wp:term":[{"taxonomy":"category","embeddable":true,"href":"https:\/\/www.grieta.org.mx\/index.php\/wp-json\/wp\/v2\/categories?post=59386"},{"taxonomy":"post_tag","embeddable":true,"href":"https:\/\/www.grieta.org.mx\/index.php\/wp-json\/wp\/v2\/tags?post=59386"}],"curies":[{"name":"wp","href":"https:\/\/api.w.org\/{rel}","templated":true}]}}