{"id":59382,"date":"2021-05-11T12:29:48","date_gmt":"2021-05-11T17:29:48","guid":{"rendered":"https:\/\/www.grieta.org.mx\/?p=59382"},"modified":"2021-05-17T12:39:58","modified_gmt":"2021-05-17T17:39:58","slug":"el-gobierno-nos-abandono-y-niega-justicia-a-nuestros-hijos-madres-de-desaparecidos-colima","status":"publish","type":"post","link":"https:\/\/www.grieta.org.mx\/index.php\/2021\/05\/11\/el-gobierno-nos-abandono-y-niega-justicia-a-nuestros-hijos-madres-de-desaparecidos-colima\/","title":{"rendered":"El gobierno \u201cnos abandon\u00f3 y niega justicia a nuestros hijos\u201d: Madres de desaparecidos (Colima)"},"content":{"rendered":"<p>Foto: www.tlanesi.com.mx<\/p>\n<p>Redacci\u00f3n \/ Diario Avanzada<\/p>\n<p>Colima, M\u00e9xico, Avanzada (11\/05\/2021).- Durante la marcha realizada este lunes con motivo del D\u00eda de las Madres, la Red Desaparecidos en Colima A.C. present\u00f3 un pronunciamiento en el que expres\u00f3 al gobierno, que \u201cnos ha abandonado\u201d, sus exigencias de \u201cla justicia que les ha negado a nuestros hijos y a nosotras mismas\u201d.<\/p>\n<p>Frente a la Casa de Gobierno, el documento fue le\u00eddo por una representante de la organizaci\u00f3n este 10 de Mayo, \u201cun d\u00eda que deber\u00eda ser de alegr\u00eda\u201d, pero que \u201ca nosotras nos llena de dolor, de impotencia y de soledad\u201d.<\/p>\n<p>A\u00f1adi\u00f3 que \u201ccomo gran regalo, este gobierno modific\u00f3 la ley de v\u00edctimas y de paso nos ha vuelto a negar el derecho a la justicia para nuestros hijos desaparecidos; ahora en las b\u00fasquedas estaremos solos ante los delincuentes que dominan nuestros estados ante la complacencia de las autoridades de todos los niveles del gobierno\u201d.<\/p>\n<p>En el contexto electoral, la Red hizo alusi\u00f3n al hecho de que en estos tiempos unas autoridades dejan el cargo y otras llegan prometiendo \u201cel oro y el moro\u201d y ahora todo es promesa a cambio del voto.<\/p>\n<p>\u201c\u00a1Tengan verg\u00fcenza! \u00a1Estamos aqu\u00ed buscando justicia! Queremos hacerles sentir nuestro cansancio y hartazgo de escuchar justificaciones a su p\u00e9simo trabajo, a su falta de resultados, pero sobre todo al desprecio por nuestros familiares. Un gobierno que desprecia a sus ciudadanos no merece estar en el poder y los ciudadanos no merecemos esos gobernantes\u201d.<\/p>\n<p>Dijo: \u201cVenimos hablando fuerte porque nuestros hijos ausentes nos alientan, porque nuestros hermanos y familiares desaparecidos nos exigen justicia para ellos.<\/p>\n<p>Las madres de personas desaparecidas indicaron que este 10 de mayo de 2021 se unieron \u201cpara lanzar un grito que sale desde lo m\u00e1s profundo del coraz\u00f3n y con la fuerza que da el amor por nuestros hijos, que reclama a un gobierno ausente la falta de resultados y su indolencia ante tanta violencia en todo el pa\u00eds\u201d.<\/p>\n<p>El colectivo denunci\u00f3: \u201cLas autoridades de este pa\u00eds parecen c\u00f3mplices de los delincuentes, los dejan operar ante sus ojos y con su completa complacencia y a los ciudadanos nos obstaculizan para abrir una carpeta de investigaci\u00f3n; nos niegan informaci\u00f3n y desaparecen pruebas, no siguen el debido proceso y con el mismo argumento no colaboran entre las fiscal\u00edas estatales. Est\u00e1n rebasados por negligentes e incapaces\u201d.<br \/>\n<a href=\"https:\/\/www.diarioavanzada.com.mx\/?p=22678\">https:\/\/www.diarioavanzada.com.mx\/?p=22678<\/a><\/p>\n","protected":false},"excerpt":{"rendered":"<p>Foto: www.tlanesi.com.mx Redacci\u00f3n \/ Diario Avanzada Colima, M\u00e9xico, Avanzada (11\/05\/2021).- Durante la marcha realizada este lunes con motivo del D\u00eda de las Madres, la Red Desaparecidos en Colima A.C. present\u00f3 &hellip; <a href=\"https:\/\/www.grieta.org.mx\/index.php\/2021\/05\/11\/el-gobierno-nos-abandono-y-niega-justicia-a-nuestros-hijos-madres-de-desaparecidos-colima\/\" class=\"more-link\">Leer m\u00e1s<\/a><\/p>\n","protected":false},"author":2,"featured_media":59383,"comment_status":"closed","ping_status":"closed","sticky":false,"template":"","format":"standard","meta":{"ngg_post_thumbnail":0,"_jetpack_newsletter_access":"","_jetpack_dont_email_post_to_subs":false,"_jetpack_newsletter_tier_id":0,"_jetpack_memberships_contains_paywalled_content":false,"_jetpack_memberships_contains_paid_content":false,"footnotes":""},"categories":[80,13,87,1829,2,83],"tags":[1828,121,1668,1228,3509],"class_list":["post-59382","post","type-post","status-publish","format-standard","has-post-thumbnail","hentry","category-cintillo","category-colima","category-desaparecidos","category-desaparecidos-en-colima","category-noticias-nacionales","category-temas-nacionales","tag-busqueda-de-desaparecidos","tag-desaparecidos","tag-familiares-de-desaparecidos","tag-protestas-por-desaparecidos","tag-red-de-desaparecidos","entry"],"jetpack_featured_media_url":"https:\/\/www.grieta.org.mx\/wp-content\/uploads\/2021\/05\/image-16.png","jetpack_sharing_enabled":true,"jetpack_shortlink":"https:\/\/wp.me\/p7ZJR4-frM","jetpack_likes_enabled":false,"jetpack-related-posts":[{"id":66937,"url":"https:\/\/www.grieta.org.mx\/index.php\/2023\/05\/09\/hay-amenazas-en-colima-contra-madres-buscadoras-red-de-desaparecidos\/","url_meta":{"origin":59382,"position":0},"title":"Hay amenazas en Colima contra madres buscadoras: Red de Desaparecidos","author":"grieta","date":"9 mayo, 2023","format":false,"excerpt":"Imagen: El Comentario de Colima C\u00e9sar Barrera V\u00e1zquez \/ El Comentario de Colima Yo no voy a dejar de buscar a mi hijo, expres\u00f3 categ\u00f3ricamente\u00a0Mar\u00eda del Carmen Sep\u00falveda G\u00f3mez, presidenta de la\u00a0Red Desaparecidos en Colima, quien confirm\u00f3 que madres buscadoras en Colima han sido amenazadas por buscar a sus \u201ccorazones\u201d.\u2026","rel":"","context":"En &quot;CINTILLO&quot;","block_context":{"text":"CINTILLO","link":"https:\/\/www.grieta.org.mx\/index.php\/category\/cintillo\/"},"img":{"alt_text":"","src":"https:\/\/i0.wp.com\/www.grieta.org.mx\/wp-content\/uploads\/2023\/05\/LOCAL-1-3-780x470-1.jpeg?resize=350%2C200&ssl=1","width":350,"height":200,"srcset":"https:\/\/i0.wp.com\/www.grieta.org.mx\/wp-content\/uploads\/2023\/05\/LOCAL-1-3-780x470-1.jpeg?resize=350%2C200&ssl=1 1x, https:\/\/i0.wp.com\/www.grieta.org.mx\/wp-content\/uploads\/2023\/05\/LOCAL-1-3-780x470-1.jpeg?resize=525%2C300&ssl=1 1.5x, https:\/\/i0.wp.com\/www.grieta.org.mx\/wp-content\/uploads\/2023\/05\/LOCAL-1-3-780x470-1.jpeg?resize=700%2C400&ssl=1 2x"},"classes":[]},{"id":66990,"url":"https:\/\/www.grieta.org.mx\/index.php\/2023\/05\/23\/colima-esta-hundido-en-corrupcion-es-una-porqueria-dice-eva-fundadora-de-la-red-desaparecidos-en-colima\/","url_meta":{"origin":59382,"position":1},"title":"\u201cColima est\u00e1 hundido en corrupci\u00f3n, es una porquer\u00eda\u201d, dice Eva, fundadora de la \u201cRed Desaparecidos En Colima&#8221;","author":"grieta","date":"23 mayo, 2023","format":false,"excerpt":"Imagen; Diario Avanzada Heidi de Le\u00f3n Guti\u00e9rrez \/ Diario Avanzada Colima, M\u00e9xico, Avanzada (23\/05\/2023).-\u00bfQu\u00e9 le dir\u00edas al gobierno de Colima?, se le pregunt\u00f3 a Eva, fundadora de la Red de los Desaparecidos En Colima y quien tuvo que abandonar el estado por diversas circunstancias, \u201cque dejen de hacerse tontos. Colima\u2026","rel":"","context":"En &quot;CINTILLO&quot;","block_context":{"text":"CINTILLO","link":"https:\/\/www.grieta.org.mx\/index.php\/category\/cintillo\/"},"img":{"alt_text":"","src":"https:\/\/i0.wp.com\/www.grieta.org.mx\/wp-content\/uploads\/2023\/06\/image-276.webp?resize=350%2C200&ssl=1","width":350,"height":200,"srcset":"https:\/\/i0.wp.com\/www.grieta.org.mx\/wp-content\/uploads\/2023\/06\/image-276.webp?resize=350%2C200&ssl=1 1x, https:\/\/i0.wp.com\/www.grieta.org.mx\/wp-content\/uploads\/2023\/06\/image-276.webp?resize=525%2C300&ssl=1 1.5x"},"classes":[]},{"id":68687,"url":"https:\/\/www.grieta.org.mx\/index.php\/2024\/03\/27\/justicia-discrecional-solo-cuando-desaparece-un-familiar-de-politico-se-movilizan-colima\/","url_meta":{"origin":59382,"position":2},"title":"Justicia discrecional: Solo cuando desaparece un familiar de pol\u00edtico se movilizan (Colima)","author":"grieta","date":"27 marzo, 2024","format":false,"excerpt":"Imagen: Diario avanzada Heidi de Le\u00f3n Guti\u00e9rrez \/ Diario Avanzada Colima, M\u00e9xico, Avanzada (27\/03\/2024).- Los familiares de las personas desaparecidas en Colima pidieron a la sociedad no dejarlos solos en la b\u00fasqueda de sus hijos, padres, hermanos o sobrinos y tampoco en la exigencia para que la autoridad realice el\u2026","rel":"","context":"En &quot;CINTILLO&quot;","block_context":{"text":"CINTILLO","link":"https:\/\/www.grieta.org.mx\/index.php\/category\/cintillo\/"},"img":{"alt_text":"","src":"https:\/\/i0.wp.com\/www.grieta.org.mx\/wp-content\/uploads\/2024\/03\/aaa-95-1000x600-1.webp?resize=350%2C200&ssl=1","width":350,"height":200,"srcset":"https:\/\/i0.wp.com\/www.grieta.org.mx\/wp-content\/uploads\/2024\/03\/aaa-95-1000x600-1.webp?resize=350%2C200&ssl=1 1x, https:\/\/i0.wp.com\/www.grieta.org.mx\/wp-content\/uploads\/2024\/03\/aaa-95-1000x600-1.webp?resize=525%2C300&ssl=1 1.5x, https:\/\/i0.wp.com\/www.grieta.org.mx\/wp-content\/uploads\/2024\/03\/aaa-95-1000x600-1.webp?resize=700%2C400&ssl=1 2x"},"classes":[]},{"id":59389,"url":"https:\/\/www.grieta.org.mx\/index.php\/2021\/05\/10\/maldito-gobernador-te-vas-y-nos-dejas-1600-desaparecidos-colima\/","url_meta":{"origin":59382,"position":3},"title":"\u201cMaldito gobernador\u201d, \u201cte vas y nos dejas 1600 desaparecidos\u201d  (Colima)","author":"grieta","date":"10 mayo, 2021","format":false,"excerpt":"Foto: Tlanesi.com.mx Heidi de Le\u00f3n Guti\u00e9rrez \/ Diario Avanzada Colima, M\u00e9xico, Avanzada (10\/05\/2021).- \u201cMaldito gobernador\u201d, \u201cte vas y nos dejas 1600 desaparecidos\u201d, \u201c\u00bfen alg\u00fan momento antes de su partida tendr\u00e1 la decencia de recibirnos?\u201d, fueron algunas de las consignas que los familiares de personas desaparecidos exclamaron afuera de Casa de\u2026","rel":"","context":"En &quot;CINTILLO&quot;","block_context":{"text":"CINTILLO","link":"https:\/\/www.grieta.org.mx\/index.php\/category\/cintillo\/"},"img":{"alt_text":"","src":"https:\/\/i0.wp.com\/www.grieta.org.mx\/wp-content\/uploads\/2021\/05\/image-11.png?resize=350%2C200&ssl=1","width":350,"height":200,"srcset":"https:\/\/i0.wp.com\/www.grieta.org.mx\/wp-content\/uploads\/2021\/05\/image-11.png?resize=350%2C200&ssl=1 1x, https:\/\/i0.wp.com\/www.grieta.org.mx\/wp-content\/uploads\/2021\/05\/image-11.png?resize=525%2C300&ssl=1 1.5x"},"classes":[]},{"id":55906,"url":"https:\/\/www.grieta.org.mx\/index.php\/2020\/12\/17\/por-que-no-nos-recibe-el-gobernador-a-que-le-teme-red-desaparecidos-en-colima\/","url_meta":{"origin":59382,"position":4},"title":"\u201c\u00bfPor qu\u00e9 no nos recibe el gobernador; a qu\u00e9 le teme?\u201d: Red Desaparecidos en Colima","author":"grieta","date":"17 diciembre, 2020","format":false,"excerpt":"Foto: Diario Avanzada Redacci\u00f3n \/ Diario Avanzada Colima, M\u00e9xico, Avanzada (17\/12\/2020).- \u201c\u00bfPor qu\u00e9 el gobernador de Colima no puede hacer una reuni\u00f3n con nosotros? \u00bfPor qu\u00e9 no nos la da (la audiencia)? \u00bfA qu\u00e9 le teme? \u00bfQu\u00e9 es lo que pasa con \u00e9l? Queremos que nos acepte una reuni\u00f3n. Ya\u2026","rel":"","context":"En &quot;CINTILLO&quot;","block_context":{"text":"CINTILLO","link":"https:\/\/www.grieta.org.mx\/index.php\/category\/cintillo\/"},"img":{"alt_text":"","src":"https:\/\/i0.wp.com\/www.grieta.org.mx\/wp-content\/uploads\/2020\/12\/image-85.png?resize=350%2C200&ssl=1","width":350,"height":200,"srcset":"https:\/\/i0.wp.com\/www.grieta.org.mx\/wp-content\/uploads\/2020\/12\/image-85.png?resize=350%2C200&ssl=1 1x, https:\/\/i0.wp.com\/www.grieta.org.mx\/wp-content\/uploads\/2020\/12\/image-85.png?resize=525%2C300&ssl=1 1.5x"},"classes":[]},{"id":4238,"url":"https:\/\/www.grieta.org.mx\/index.php\/2016\/09\/12\/desaparecidos-en-colima-2\/","url_meta":{"origin":59382,"position":5},"title":"Desaparecidos en Colima","author":"grieta","date":"12 septiembre, 2016","format":false,"excerpt":"12\/09\/16. Colima reporta 48 personas desaparecidas de enero a julio de este a\u00f1oDiario Avanzada 21\/07\/16. Madres de desaparecidos en Colima se unen a protesta en la CDMX y anuncian huelga de hambreDiario Avanzada 21\/03\/16. Colima tercer lugar nacional con mayor n\u00famero de desapariciones forzadas: PGRDiario Avanzada 06\/10\/15. Colima registra 140\u2026","rel":"","context":"En &quot;Colima&quot;","block_context":{"text":"Colima","link":"https:\/\/www.grieta.org.mx\/index.php\/category\/noticias-nacionales\/colima\/"},"img":{"alt_text":"","src":"https:\/\/i0.wp.com\/www.grieta.org.mx\/wp-content\/uploads\/2018\/03\/14524434_1106112876131411_958039263622046936_o.jpg?resize=350%2C200&ssl=1","width":350,"height":200,"srcset":"https:\/\/i0.wp.com\/www.grieta.org.mx\/wp-content\/uploads\/2018\/03\/14524434_1106112876131411_958039263622046936_o.jpg?resize=350%2C200&ssl=1 1x, https:\/\/i0.wp.com\/www.grieta.org.mx\/wp-content\/uploads\/2018\/03\/14524434_1106112876131411_958039263622046936_o.jpg?resize=525%2C300&ssl=1 1.5x, https:\/\/i0.wp.com\/www.grieta.org.mx\/wp-content\/uploads\/2018\/03\/14524434_1106112876131411_958039263622046936_o.jpg?resize=700%2C400&ssl=1 2x"},"classes":[]}],"_links":{"self":[{"href":"https:\/\/www.grieta.org.mx\/index.php\/wp-json\/wp\/v2\/posts\/59382","targetHints":{"allow":["GET"]}}],"collection":[{"href":"https:\/\/www.grieta.org.mx\/index.php\/wp-json\/wp\/v2\/posts"}],"about":[{"href":"https:\/\/www.grieta.org.mx\/index.php\/wp-json\/wp\/v2\/types\/post"}],"author":[{"embeddable":true,"href":"https:\/\/www.grieta.org.mx\/index.php\/wp-json\/wp\/v2\/users\/2"}],"replies":[{"embeddable":true,"href":"https:\/\/www.grieta.org.mx\/index.php\/wp-json\/wp\/v2\/comments?post=59382"}],"version-history":[{"count":1,"href":"https:\/\/www.grieta.org.mx\/index.php\/wp-json\/wp\/v2\/posts\/59382\/revisions"}],"predecessor-version":[{"id":59385,"href":"https:\/\/www.grieta.org.mx\/index.php\/wp-json\/wp\/v2\/posts\/59382\/revisions\/59385"}],"wp:featuredmedia":[{"embeddable":true,"href":"https:\/\/www.grieta.org.mx\/index.php\/wp-json\/wp\/v2\/media\/59383"}],"wp:attachment":[{"href":"https:\/\/www.grieta.org.mx\/index.php\/wp-json\/wp\/v2\/media?parent=59382"}],"wp:term":[{"taxonomy":"category","embeddable":true,"href":"https:\/\/www.grieta.org.mx\/index.php\/wp-json\/wp\/v2\/categories?post=59382"},{"taxonomy":"post_tag","embeddable":true,"href":"https:\/\/www.grieta.org.mx\/index.php\/wp-json\/wp\/v2\/tags?post=59382"}],"curies":[{"name":"wp","href":"https:\/\/api.w.org\/{rel}","templated":true}]}}