{"id":59379,"date":"2021-02-08T12:09:45","date_gmt":"2021-02-08T18:09:45","guid":{"rendered":"http:\/\/www.grieta.org.mx\/?p=59379"},"modified":"2021-05-15T12:24:43","modified_gmt":"2021-05-15T17:24:43","slug":"maestros-de-michoacan-realizan-caravana-hacia-cdmx","status":"publish","type":"post","link":"https:\/\/www.grieta.org.mx\/index.php\/2021\/02\/08\/maestros-de-michoacan-realizan-caravana-hacia-cdmx\/","title":{"rendered":"Maestros de Michoac\u00e1n realizan caravana hacia CdMx"},"content":{"rendered":"<p>Alma Paola Wong y Jocelyn Estrada<br \/>\nMilenio<br \/>\nMichoac\u00e1n \/ 08.02.2021 16:01:52<\/p>\n<p>Maestros de Michoac\u00e1n iniciaron una caravana vehicular con rumbo a la Ciudad de M\u00e9xico para pedir al gobierno federal intervenga para que la administraci\u00f3n estatal cumpla el pago de adeudos econ\u00f3micos y la entrega de mil 200 plazas a normalistas.<\/p>\n<p>Los organizadores de la movilizaci\u00f3n estimaron que los profesores llegar\u00e1n durante la ma\u00f1ana del pr\u00f3ximo martes al Z\u00f3calo capitalino.<\/p>\n<p>Ya en la Ciudad de M\u00e9xico, los maestros michoacanos buscar\u00e1n una audiencia con el presidente Andr\u00e9s Manuel L\u00f3pez Obrador, con la finalidad de que los ayude en la soluci\u00f3n de los problemas magisteriales. Sin embargo, los maestros de la secci\u00f3n 18 de la Coordinadora Nacional de Trabajadores de la Educaci\u00f3n (CNTE) advirtieron que si no tienen respuesta positiva mantendr\u00e1n el plant\u00f3n en el Z\u00f3calo capitalino por tiempo indefinido.<\/p>\n<p>Los profesores provenientes de varios municipios marcharon en el centro hist\u00f3rico de Morelia, y emprendieron despu\u00e9s la caravana vehicular Seg\u00fan la polic\u00eda local, el n\u00famero de manifestantes no rebasan los 500 docentes, mientras que los organizadores de la protesta consideran que son mil 200. Uno de los dirigentes de la CNTE, Gamaliel Guzm\u00e1n Cruz, estim\u00f3 que la deuda que el gobierno tiene con los maestros de Michoac\u00e1n supera los 500 millones de pesos.<\/p>\n<p>En este contexto, este lunes en videoconferencia, l\u00edderes de la CNTE demandaron la creaci\u00f3n de un centro nacional de monitoreo para atender los casos del coronavirus en el magisterio. Tras insistir que no existen las condiciones para regresar a clases presenciales, tambi\u00e9n pidieron que el gobierno federal garantice atenci\u00f3n domiciliaria pronta y expedita para maestros contagiados por covid-19. Adem\u00e1s, se debe ampliar la vacunaci\u00f3n a todo el magisterio previo al regreso a clases. La denominada \u201cCaravana por la Estabilidad Laboral y Salarial\u201d de la CNTE, que parti\u00f3 desde el pasado 6 de febrero del puerto de L\u00e1zaro C\u00e1rdenas, Michoac\u00e1n, y recorri\u00f3 Uruapan as\u00ed como P\u00e1tzcuaro, llegar\u00e1 este martes a la capital del pa\u00eds con dichas demandas.<\/p>\n<p><em><br \/>\n\u201cRechazamos el regreso a clases presenciales mientras contin\u00faa la pandemia. Para el regreso seguro el Estado debe garantizar la salud y la vida de toda la comunidad educativa\u201d, expres\u00f3 Fredy Guti\u00e9rrez, de la secci\u00f3n 14 de Guerrero.&#8221;<\/em><\/p>\n<p><a href=\"https:\/\/www.milenio.com\/estados\/maestros-de-michoacan-realizan-caravana-hacia-cdmx\">https:\/\/www.milenio.com\/estados\/maestros-de-michoacan-realizan-caravana-hacia-cdmx<\/a><\/p>\n","protected":false},"excerpt":{"rendered":"<p>Alma Paola Wong y Jocelyn Estrada Milenio Michoac\u00e1n \/ 08.02.2021 16:01:52 Maestros de Michoac\u00e1n iniciaron una caravana vehicular con rumbo a la Ciudad de M\u00e9xico para pedir al gobierno federal &hellip; <a href=\"https:\/\/www.grieta.org.mx\/index.php\/2021\/02\/08\/maestros-de-michoacan-realizan-caravana-hacia-cdmx\/\" class=\"more-link\">Leer m\u00e1s<\/a><\/p>\n","protected":false},"author":2,"featured_media":59380,"comment_status":"closed","ping_status":"closed","sticky":false,"template":"","format":"standard","meta":{"ngg_post_thumbnail":0,"_jetpack_newsletter_access":"","_jetpack_dont_email_post_to_subs":false,"_jetpack_newsletter_tier_id":0,"_jetpack_memberships_contains_paywalled_content":false,"_jetpack_memberships_contains_paid_content":false,"footnotes":""},"categories":[999,2210,21,1007],"tags":[1690,2841,3217,2114,2453,1550,1679],"class_list":["post-59379","post","type-post","status-publish","format-standard","has-post-thumbnail","hentry","category-conflictos-laborales-en-michoacan","category-crisis-en-el-sistema-educativo-de-michoacan","category-michoacan","category-movilizaciones-del-magisterio-en-michoacan","tag-adeudo-de-salarios","tag-explotacion-y-precariedad-laboral","tag-falta-de-pagos-a-maestros","tag-lucha-por-salarios","tag-manifestacion-de-maestros","tag-precariedad-presupuestal","tag-protestas-magisteriales","entry"],"jetpack_featured_media_url":"https:\/\/www.grieta.org.mx\/wp-content\/uploads\/2021\/05\/maestros-marcharon-morelia-cdmx-jocelyn_0_65_1024_638.jpeg","jetpack_sharing_enabled":true,"jetpack_shortlink":"https:\/\/wp.me\/p7ZJR4-frJ","jetpack_likes_enabled":false,"jetpack-related-posts":[{"id":67606,"url":"https:\/\/www.grieta.org.mx\/index.php\/2023\/05\/15\/insuficiente-el-incremento-salarial-a-los-maestros-cnte-michoacan\/","url_meta":{"origin":59379,"position":0},"title":"Insuficiente, el incremento salarial a los maestros: CNTE (Michoac\u00e1n)","author":"grieta","date":"15 mayo, 2023","format":false,"excerpt":"Dirigente de fracci\u00f3n magisterial se\u00f1ala que el aumento debe superar al 10 por ciento, dado que los aumentos no se aplican directa a ingresos","rel":"","context":"En &quot;CINTILLO&quot;","block_context":{"text":"CINTILLO","link":"https:\/\/www.grieta.org.mx\/index.php\/category\/cintillo\/"},"img":{"alt_text":"","src":"https:\/\/i0.wp.com\/www.grieta.org.mx\/wp-content\/uploads\/2023\/09\/CNTE-2-marcha-acg.jpg?resize=350%2C200&ssl=1","width":350,"height":200,"srcset":"https:\/\/i0.wp.com\/www.grieta.org.mx\/wp-content\/uploads\/2023\/09\/CNTE-2-marcha-acg.jpg?resize=350%2C200&ssl=1 1x, https:\/\/i0.wp.com\/www.grieta.org.mx\/wp-content\/uploads\/2023\/09\/CNTE-2-marcha-acg.jpg?resize=525%2C300&ssl=1 1.5x, https:\/\/i0.wp.com\/www.grieta.org.mx\/wp-content\/uploads\/2023\/09\/CNTE-2-marcha-acg.jpg?resize=700%2C400&ssl=1 2x, https:\/\/i0.wp.com\/www.grieta.org.mx\/wp-content\/uploads\/2023\/09\/CNTE-2-marcha-acg.jpg?resize=1050%2C600&ssl=1 3x, https:\/\/i0.wp.com\/www.grieta.org.mx\/wp-content\/uploads\/2023\/09\/CNTE-2-marcha-acg.jpg?resize=1400%2C800&ssl=1 4x"},"classes":[]},{"id":57153,"url":"https:\/\/www.grieta.org.mx\/index.php\/2021\/02\/17\/maestros-reclaman-pago-de-salarios-instalan-planton-michoacan\/","url_meta":{"origin":59379,"position":1},"title":"Maestros reclaman pago de salarios; instalan plant\u00f3n (Michoac\u00e1n)","author":"grieta","date":"17 febrero, 2021","format":false,"excerpt":"Maestros de la secci\u00f3n 18 de Michoac\u00e1n instalaron un campamento a un costado de Palacio Nacional para demandar, entre otras cosas, que les paguen los seis meses de adeudo salarial. Exigen al gobernador Silvano Aureoles el pago de 651 millones de pesos Pie de P\u00e1gina, 17 de Febrero de 2020.\u2026","rel":"","context":"En &quot;CINTILLO&quot;","block_context":{"text":"CINTILLO","link":"https:\/\/www.grieta.org.mx\/index.php\/category\/cintillo\/"},"img":{"alt_text":"","src":"https:\/\/i0.wp.com\/www.grieta.org.mx\/wp-content\/uploads\/2021\/02\/cnte1-1.jpg?resize=350%2C200&ssl=1","width":350,"height":200,"srcset":"https:\/\/i0.wp.com\/www.grieta.org.mx\/wp-content\/uploads\/2021\/02\/cnte1-1.jpg?resize=350%2C200&ssl=1 1x, https:\/\/i0.wp.com\/www.grieta.org.mx\/wp-content\/uploads\/2021\/02\/cnte1-1.jpg?resize=525%2C300&ssl=1 1.5x, https:\/\/i0.wp.com\/www.grieta.org.mx\/wp-content\/uploads\/2021\/02\/cnte1-1.jpg?resize=700%2C400&ssl=1 2x"},"classes":[]},{"id":40715,"url":"https:\/\/www.grieta.org.mx\/index.php\/2019\/10\/30\/protestan-maestros-de-michoacan-en-palacio-nacional\/","url_meta":{"origin":59379,"position":2},"title":"Protestan maestros de Michoac\u00e1n en Palacio Nacional","author":"grieta","date":"30 octubre, 2019","format":false,"excerpt":"De manera pac\u00edfica, los profesores del Centro de Capacitaci\u00f3n y Desarrollo para la Juventud CECADEJ-1 de Tac\u00e1mbaro denuncian la falta de recursos para continuar trabajando. C\u00e9sar Vel\u00e1zquez Ciudad de M\u00e9xico \/ Milenio, 30 de octubre de 2019 Maestros y personal en general del internado para alumnos del Centro de Capacitaci\u00f3n\u2026","rel":"","context":"En &quot;CINTILLO&quot;","block_context":{"text":"CINTILLO","link":"https:\/\/www.grieta.org.mx\/index.php\/category\/cintillo\/"},"img":{"alt_text":"","src":"https:\/\/i0.wp.com\/www.grieta.org.mx\/wp-content\/uploads\/2019\/10\/maestros-cecadej-600x400.jpg?resize=350%2C200&ssl=1","width":350,"height":200,"srcset":"https:\/\/i0.wp.com\/www.grieta.org.mx\/wp-content\/uploads\/2019\/10\/maestros-cecadej-600x400.jpg?resize=350%2C200&ssl=1 1x, https:\/\/i0.wp.com\/www.grieta.org.mx\/wp-content\/uploads\/2019\/10\/maestros-cecadej-600x400.jpg?resize=525%2C300&ssl=1 1.5x"},"classes":[]},{"id":61021,"url":"https:\/\/www.grieta.org.mx\/index.php\/2021\/07\/17\/exigen-docentes-pago-de-adeudos-pendientes-michoacan\/","url_meta":{"origin":59379,"position":3},"title":"Exigen docentes pago de adeudos pendientes (Michoac\u00e1n)","author":"grieta","date":"17 julio, 2021","format":false,"excerpt":"\ufeff Uriel Morales P\u00e9rez\/ Quadrat\u00edn, 17 de julio de 2021 MORELIA, Mich., 17 de julio de 2021.- Debido a la persistencia de los atrasos en los pagos, docentes del Sindicato Nacional de Trabajadores de la Educaci\u00f3n (SNTE) salieron este s\u00e1bado a exigir sus salarios. Al reciente modo de protesta que\u2026","rel":"","context":"En &quot;CINTILLO&quot;","block_context":{"text":"CINTILLO","link":"https:\/\/www.grieta.org.mx\/index.php\/category\/cintillo\/"},"img":{"alt_text":"","src":"https:\/\/i0.wp.com\/www.grieta.org.mx\/wp-content\/uploads\/2018\/03\/14524434_1106112876131411_958039263622046936_o.jpg?resize=350%2C200&ssl=1","width":350,"height":200,"srcset":"https:\/\/i0.wp.com\/www.grieta.org.mx\/wp-content\/uploads\/2018\/03\/14524434_1106112876131411_958039263622046936_o.jpg?resize=350%2C200&ssl=1 1x, https:\/\/i0.wp.com\/www.grieta.org.mx\/wp-content\/uploads\/2018\/03\/14524434_1106112876131411_958039263622046936_o.jpg?resize=525%2C300&ssl=1 1.5x, https:\/\/i0.wp.com\/www.grieta.org.mx\/wp-content\/uploads\/2018\/03\/14524434_1106112876131411_958039263622046936_o.jpg?resize=700%2C400&ssl=1 2x"},"classes":[]},{"id":12919,"url":"https:\/\/www.grieta.org.mx\/index.php\/2016\/05\/23\/no-hay-condiciones-en-michoacan-para-despedir-a-maestros-dice-la-cnte\/","url_meta":{"origin":59379,"position":4},"title":"No hay condiciones en Michoac\u00e1n para despedir a maestros, dice la CNTE","author":"grieta","date":"23 mayo, 2016","format":false,"excerpt":"El gobierno de Muchoac\u00e1n no podr\u00e1 despedir a los maestros de la entidad porque no cuenta con el respaldo social para ello, afirm\u00f3 el dirigente de la CNTE, V\u00edctor Manuel Zavala, quien afirm\u00f3 tomar\u00e1n acciones contra quienes sancionen a estos docentes. Arturo Estrada El dirigente de la Coordinadora Nacional de\u2026","rel":"","context":"En &quot;CINTILLO&quot;","block_context":{"text":"CINTILLO","link":"https:\/\/www.grieta.org.mx\/index.php\/category\/cintillo\/"},"img":{"alt_text":"","src":"https:\/\/i0.wp.com\/www.grieta.org.mx\/wp-content\/uploads\/2018\/03\/14524434_1106112876131411_958039263622046936_o.jpg?resize=350%2C200&ssl=1","width":350,"height":200,"srcset":"https:\/\/i0.wp.com\/www.grieta.org.mx\/wp-content\/uploads\/2018\/03\/14524434_1106112876131411_958039263622046936_o.jpg?resize=350%2C200&ssl=1 1x, https:\/\/i0.wp.com\/www.grieta.org.mx\/wp-content\/uploads\/2018\/03\/14524434_1106112876131411_958039263622046936_o.jpg?resize=525%2C300&ssl=1 1.5x, https:\/\/i0.wp.com\/www.grieta.org.mx\/wp-content\/uploads\/2018\/03\/14524434_1106112876131411_958039263622046936_o.jpg?resize=700%2C400&ssl=1 2x"},"classes":[]},{"id":62598,"url":"https:\/\/www.grieta.org.mx\/index.php\/2021\/10\/21\/con-protesta-en-uruapan-exigen-maestros-al-gobernador-pagos-quincenales-michoacan\/","url_meta":{"origin":59379,"position":5},"title":"Con protesta en Uruapan exigen maestros al Gobernador pagos quincenales (Michoac\u00e1n)","author":"grieta","date":"21 octubre, 2021","format":false,"excerpt":"Uriel Morales \/Quadat\u00edn, 21 de octubre de 2021 MORELIA, Mich., 21 de octubre de 2021.- \u201c\u00a1Si los m\u00e1rtires vivieran, con nosotros andar\u00edan!\u201d, con este grito, integrantes del magisterio michoacano recibieron al gobernador Alfredo Ram\u00edrez Bedolla a su llegada a Uruapan. Son docentes de la Secci\u00f3n XVIII de la Coordinadora Nacional\u2026","rel":"","context":"En &quot;Conflictos laborales en Michoac\u00e1n&quot;","block_context":{"text":"Conflictos laborales en Michoac\u00e1n","link":"https:\/\/www.grieta.org.mx\/index.php\/category\/noticias-nacionales\/michoacan\/conflictos-laborales-en-michoacan\/"},"img":{"alt_text":"","src":"https:\/\/i0.wp.com\/www.grieta.org.mx\/wp-content\/uploads\/2021\/11\/Con-protesta-en-Uruapan-exigen-maestros-al-Gobernador-pagos-quincenales-1160x700-1.jpg?resize=350%2C200&ssl=1","width":350,"height":200,"srcset":"https:\/\/i0.wp.com\/www.grieta.org.mx\/wp-content\/uploads\/2021\/11\/Con-protesta-en-Uruapan-exigen-maestros-al-Gobernador-pagos-quincenales-1160x700-1.jpg?resize=350%2C200&ssl=1 1x, https:\/\/i0.wp.com\/www.grieta.org.mx\/wp-content\/uploads\/2021\/11\/Con-protesta-en-Uruapan-exigen-maestros-al-Gobernador-pagos-quincenales-1160x700-1.jpg?resize=525%2C300&ssl=1 1.5x, https:\/\/i0.wp.com\/www.grieta.org.mx\/wp-content\/uploads\/2021\/11\/Con-protesta-en-Uruapan-exigen-maestros-al-Gobernador-pagos-quincenales-1160x700-1.jpg?resize=700%2C400&ssl=1 2x, https:\/\/i0.wp.com\/www.grieta.org.mx\/wp-content\/uploads\/2021\/11\/Con-protesta-en-Uruapan-exigen-maestros-al-Gobernador-pagos-quincenales-1160x700-1.jpg?resize=1050%2C600&ssl=1 3x"},"classes":[]}],"_links":{"self":[{"href":"https:\/\/www.grieta.org.mx\/index.php\/wp-json\/wp\/v2\/posts\/59379","targetHints":{"allow":["GET"]}}],"collection":[{"href":"https:\/\/www.grieta.org.mx\/index.php\/wp-json\/wp\/v2\/posts"}],"about":[{"href":"https:\/\/www.grieta.org.mx\/index.php\/wp-json\/wp\/v2\/types\/post"}],"author":[{"embeddable":true,"href":"https:\/\/www.grieta.org.mx\/index.php\/wp-json\/wp\/v2\/users\/2"}],"replies":[{"embeddable":true,"href":"https:\/\/www.grieta.org.mx\/index.php\/wp-json\/wp\/v2\/comments?post=59379"}],"version-history":[{"count":1,"href":"https:\/\/www.grieta.org.mx\/index.php\/wp-json\/wp\/v2\/posts\/59379\/revisions"}],"predecessor-version":[{"id":59381,"href":"https:\/\/www.grieta.org.mx\/index.php\/wp-json\/wp\/v2\/posts\/59379\/revisions\/59381"}],"wp:featuredmedia":[{"embeddable":true,"href":"https:\/\/www.grieta.org.mx\/index.php\/wp-json\/wp\/v2\/media\/59380"}],"wp:attachment":[{"href":"https:\/\/www.grieta.org.mx\/index.php\/wp-json\/wp\/v2\/media?parent=59379"}],"wp:term":[{"taxonomy":"category","embeddable":true,"href":"https:\/\/www.grieta.org.mx\/index.php\/wp-json\/wp\/v2\/categories?post=59379"},{"taxonomy":"post_tag","embeddable":true,"href":"https:\/\/www.grieta.org.mx\/index.php\/wp-json\/wp\/v2\/tags?post=59379"}],"curies":[{"name":"wp","href":"https:\/\/api.w.org\/{rel}","templated":true}]}}