{"id":59298,"date":"2021-05-22T23:29:39","date_gmt":"2021-05-23T04:29:39","guid":{"rendered":"http:\/\/www.grieta.org.mx\/?p=59298"},"modified":"2021-05-24T00:38:21","modified_gmt":"2021-05-24T05:38:21","slug":"el-muro-en-el-istmo-primera-parte-el-tren-transitsmico","status":"publish","type":"post","link":"https:\/\/www.grieta.org.mx\/index.php\/2021\/05\/22\/el-muro-en-el-istmo-primera-parte-el-tren-transitsmico\/","title":{"rendered":"El Muro en el Istmo. Primera parte: El Tren Trans\u00edtsmico"},"content":{"rendered":"<p>COLECTIVO GRIETA.- El anhelado plan de un Corredor Interoce\u00e1nico en el Istmo de Tehuantepec hoy es uno de los proyectos insignia del se\u00f1or L\u00f3pez Obrador y su autodenominada 4T. Se trata de conquistar esta regi\u00f3n estrat\u00e9gica del pa\u00eds y entregarla al capital para acelerar el tr\u00e1nsito de mercanc\u00edas a nivel mundial. Se trata, dicen, de volverlo un corredor capaz de competir en ese sentido con el Canal de Panam\u00e1.<\/p>\n<p>Pero no solamente se trata de un tren. All\u00e1 arriba los mandones buscan la conquista del sureste mexicano, partiendo de la cintura del pa\u00eds para dividir el sur del norte, como un muro que sirva solamente para el tr\u00e1nsito de mercanc\u00edas. En este compendio de informaci\u00f3n buscaremos develar algunos de los ladrillos de este muro.<\/p>\n<p>Seg\u00fan el \u201cPlan Maestro\u201d de este megaproyecto, lo que busca es conectar de forma r\u00e1pida y sin impuestos el Golfo de M\u00e9xico con el Oc\u00e9ano Pac\u00edfico, crear puertos multimodales, empezando con la modernizaci\u00f3n de Coatzacoalcos, en Veracruz y Salina Cruz, en Oaxaca y conectividad para la extracci\u00f3n petrolera de los que Petr\u00f3leos Mexicanos llama la \u201cCuenca del Sureste\u201d. Facilitando tambi\u00e9n otras actividades extractivas como la miner\u00eda, y el desarrollo de otros sectores industriales. Se planea tener una franja libre de impuestos federales, estatales y municipales, donde habr\u00e1n \u201cZonas Libres\u201d.<\/p>\n<p>Se habla de la instalaci\u00f3n de diez parques industriales para la <a href=\"https:\/\/www.opportimes.com\/el-objetivo-del-corredor-interoceanico-es-crear-10-parques-industriales\/\" target=\"_blank\" rel=\"noopener\">industria manufacturera<\/a>; adem\u00e1s de seguir con m\u00e1s <a href=\"https:\/\/www.grieta.org.mx\/index.php\/parques-eolicos\/corredor-eolico-del-istmo-de-tehuantepec\/\" target=\"_blank\" rel=\"noopener\">parques e\u00f3licos<\/a> que ya llevan m\u00e1s de una d\u00e9cada siendo impuestos principalmente por empresas europeas que, rentando tierras ejidales y comunales, han contaminado la tierra, alterado la vida y transformado el paisaje con estos molinos gigantes.<\/p>\n<p>Las administraciones pasadas se esforzaron para poner en marcha algunos de los componentes de este plan, como queda constancia en los permisos, concesiones y decretos que han implicado el despojo y la renta de estos territorios. Sin embargo, la actual administraci\u00f3n busca imponer este megaproyecto con la fuerza, con trampas, con enga\u00f1os y con violaciones a los derechos de los pueblos. Es decir, cueste lo que cueste, se pretende entregar la cintura de este pa\u00eds que todav\u00eda se llama M\u00e9xico: al estilo del se\u00f1or L\u00f3pez (de Santa Ana).<\/p>\n<p><strong>El tren como punta del Corredor Trans\u00edstmico<\/strong><\/p>\n<p>Seg\u00fan el documento publicado por la C\u00e1mara de Diputados titulado &#8220;El proyecto del tren trans\u00edstmico&#8221; (<a href=\"http:\/\/www.grieta.org.mx\/wp-content\/uploads\/2021\/05\/CESOP-IL-72-14-TrenTransistmico-180719.pdf\">CESOP-IL-72-14-TrenTrans\u00edstmico-180719<\/a>), \u00e9ste contempla la renovaci\u00f3n de la antigua ruta ferroviaria y su prolongaci\u00f3n; pero esta vez con la implementaci\u00f3n de un tren el\u00e9ctrico de doble v\u00eda en 300 kil\u00f3metros, equipado con tecnolog\u00eda de \u00faltima generaci\u00f3n y capaz de transportar 300 mil toneladas al d\u00eda, adem\u00e1s de pasajeros.<\/p>\n<p>En dicho plan pretenden que tenga las caracter\u00edsticas de un Tren de Alta Velocidad, es decir que pueda circular entre 250 y 350 km por hora. Para hacer esto t\u00e9cnicamente posible, el trazo de las v\u00edas del tren debe ser lo m\u00e1s recto posible, evitando curvas y pendientes. El tren deber\u00eda unir los puertos de Coatzacoalcos y Salina Cruz en tan s\u00f3lo 3 horas, a efecto de que las empresas navieras tengan ahorros de tiempo y dinero. Los barcos de \u00faltima generaci\u00f3n, en el canal de Panam\u00e1, tardan entre 8 horas y 15 d\u00edas de espera para poder cruzar.<\/p>\n<p>Seg\u00fan este plan, y contemplando s\u00f3lo la ruta del Tren Trans\u00edstmico, \u00e9ste atravesar\u00eda 79 municipios (33 de Veracruz y 46 de Oaxaca), incluyendo los territorios de <a href=\"http:\/\/www.nacionmulticultural.unam.mx\/100preguntas\/pregunta.php?c_pre=72&amp;tema=11\" target=\"_blank\" rel=\"noopener\">12 pueblos originarios<\/a> (zoque, zapoteco, tzotzil, mixe, chinanteco, mixteco, mazateco, chocholteco, nahua, popoloca, chontal de Oaxaca y huave) y en ellos una gran variedad de ecosistemas. Las m\u00e1s de tres millones y medio de hect\u00e1reas del Istmo mexicano, que est\u00e1n contempladas en este plan de destrucci\u00f3n-despoblamiento \/ reconstrucci\u00f3n-reordenamiento, son propiedad social de aproximadamente 1,230 n\u00facleos agrarios, de los cuales el 95 por ciento son ejidos y el 5 por ciento comunidades. Es decir, se trata de tierra que pertenece a pueblos ind\u00edgenas y campesinos. Desde su primer &#8220;proyecto alternativo de naci\u00f3n&#8221;, en 2006, el Sr. L\u00f3pez (Obrador) se plante\u00f3 convertir a esos pueblos en migrantes o en mano de obra barata.<\/p>\n<p>El calendario y la geograf\u00eda de arriba sigue chocando cada vez con m\u00e1s fuerza con el abajo. Los pueblos del Istmo se encuentran frente a una disyuntiva cada vez m\u00e1s cercana: la vida o la muerte. Y no pocos han decidido ser guardianas y guardianes del Istmo de Tehuantepec y, junto con los del Sureste Mexicano, y con el EZLN, hoy llaman al pueblo de M\u00e9xico y a la humanidad a sumarnos a esta la lucha por la vida.<\/p>\n<p><strong>Trampas e ilegalidad para imponer el Megaproyecto<\/strong><\/p>\n<p>En esta ofensiva contra la soberan\u00eda nacional y contra los derechos los pueblos originarios afectados, las autoridades ambientales apresuraron el aval del Manifiesto de Impacto Ambiental (MIA) para que el se\u00f1or L\u00f3pez (Obrador) pudiera dar <a href=\"https:\/\/www.gob.mx\/semarnat\/prensa\/la-secretaria-de-medio-ambiente-cumple-puntualmente-los-plazos-para-el-desarrollo-del-proyecto-del-corredor-transistmico\" target=\"_blank\" rel=\"noopener\">el banderazo de arranque de las obras<\/a>.<\/p>\n<p><img loading=\"lazy\" decoding=\"async\" data-attachment-id=\"59460\" data-permalink=\"https:\/\/www.grieta.org.mx\/index.php\/2021\/05\/22\/el-muro-en-el-istmo-primera-parte-el-tren-transitsmico\/banderazo-tren-maya-amlo-sedena-072020-2\/\" data-orig-file=\"https:\/\/www.grieta.org.mx\/wp-content\/uploads\/2021\/05\/Banderazo-Tren-Maya-amlo-sedena-072020.jpeg\" data-orig-size=\"650,480\" data-comments-opened=\"0\" data-image-meta=\"{&quot;aperture&quot;:&quot;0&quot;,&quot;credit&quot;:&quot;&quot;,&quot;camera&quot;:&quot;&quot;,&quot;caption&quot;:&quot;&quot;,&quot;created_timestamp&quot;:&quot;0&quot;,&quot;copyright&quot;:&quot;&quot;,&quot;focal_length&quot;:&quot;0&quot;,&quot;iso&quot;:&quot;0&quot;,&quot;shutter_speed&quot;:&quot;0&quot;,&quot;title&quot;:&quot;&quot;,&quot;orientation&quot;:&quot;0&quot;}\" data-image-title=\"Banderazo Tren Maya amlo-sedena 072020\" data-image-description=\"\" data-image-caption=\"\" data-medium-file=\"https:\/\/www.grieta.org.mx\/wp-content\/uploads\/2021\/05\/Banderazo-Tren-Maya-amlo-sedena-072020-300x222.jpeg\" data-large-file=\"https:\/\/www.grieta.org.mx\/wp-content\/uploads\/2021\/05\/Banderazo-Tren-Maya-amlo-sedena-072020.jpeg\" class=\"alignnone wp-image-59460 size-full\" src=\"http:\/\/www.grieta.org.mx\/wp-content\/uploads\/2021\/05\/Banderazo-Tren-Maya-amlo-sedena-072020.jpeg\" alt=\"\" width=\"650\" height=\"480\" srcset=\"https:\/\/www.grieta.org.mx\/wp-content\/uploads\/2021\/05\/Banderazo-Tren-Maya-amlo-sedena-072020.jpeg 650w, https:\/\/www.grieta.org.mx\/wp-content\/uploads\/2021\/05\/Banderazo-Tren-Maya-amlo-sedena-072020-300x222.jpeg 300w\" sizes=\"auto, (max-width: 650px) 100vw, 650px\" \/><\/p>\n<p>En junio de 2020 en Medias Aguas, Veracruz, el gobernador de esa entidad, Cuitl\u00e1huac Garc\u00eda (perteneciente a Morena), y el cachorro Murat, gobernador pri\u00edsta de Oaxaca, llegaron \u201c<a href=\"https:\/\/www.grieta.org.mx\/index.php\/2020\/06\/12\/amlo-revive-proyecto-del-istmo-sin-estudio-ambiental-y-con-hank-rhon-como-contratista-estelar\/\" target=\"_blank\" rel=\"noopener\">para supervisar junto al presidente el inicio de las obras<\/a>\u201d. El banderazo se dio en plena emergencia sanitaria causada por la enfermedad covid-19, sin importar la tragedia humanitaria, ni las recomendaciones y alertas de la Organizaci\u00f3n Mundial de la Salud y de <a href=\"https:\/\/www.grieta.org.mx\/index.php\/2020\/06\/04\/amlo-aprovecha-confinamiento-para-imponer-de-manera-autoritaria-el-corredor-interoceanico-ong-oaxaca\/\" target=\"_blank\" rel=\"noopener\">las propias autoridades de salud mexicanas<\/a>.<\/p>\n<p>El 6 de abril de 2020, ya hab\u00eda sido publicado en el Diario Oficial de la Federaci\u00f3n, el \u201c<a href=\"https:\/\/www.dof.gob.mx\/nota_detalle.php?codigo=5591234&amp;fecha=06\/04\/2020\" target=\"_blank\" rel=\"noopener\">Acuerdo<\/a> por el que [\u2026] empresas de producci\u00f3n de acero, cemento y vidrio que tengan contratos vigentes con el Gobierno Federal, continuar\u00e1n las actividades que les permitan cumplir con los compromisos de corto plazo exclusivamente para los proyectos de Dos Bocas, Tren Maya, Aeropuerto Felipe \u00c1ngeles, Corredor Trans\u00edstmico; as\u00ed como los contratos existentes considerados como indispensables para Petr\u00f3leos Mexicanos y la Comisi\u00f3n Federal de Electricidad\u201d. Es decir, con plena coherencia program\u00e1tica, la autoproclamada 4T plante\u00f3 que la acumulaci\u00f3n de capital, a trav\u00e9s del despojo, era una &#8220;actividad esencial&#8221; en medio de la pandemia.<\/p>\n<p><img loading=\"lazy\" decoding=\"async\" data-attachment-id=\"59465\" data-permalink=\"https:\/\/www.grieta.org.mx\/index.php\/2021\/05\/22\/el-muro-en-el-istmo-primera-parte-el-tren-transitsmico\/istmo-obras-noticias-271221-2\/\" data-orig-file=\"https:\/\/www.grieta.org.mx\/wp-content\/uploads\/2021\/05\/Istmo-obras-Noticias-271221.png\" data-orig-size=\"1144,645\" data-comments-opened=\"0\" data-image-meta=\"{&quot;aperture&quot;:&quot;0&quot;,&quot;credit&quot;:&quot;&quot;,&quot;camera&quot;:&quot;&quot;,&quot;caption&quot;:&quot;&quot;,&quot;created_timestamp&quot;:&quot;0&quot;,&quot;copyright&quot;:&quot;&quot;,&quot;focal_length&quot;:&quot;0&quot;,&quot;iso&quot;:&quot;0&quot;,&quot;shutter_speed&quot;:&quot;0&quot;,&quot;title&quot;:&quot;&quot;,&quot;orientation&quot;:&quot;0&quot;}\" data-image-title=\"Istmo obras Noticias 271221\" data-image-description=\"\" data-image-caption=\"\" data-medium-file=\"https:\/\/www.grieta.org.mx\/wp-content\/uploads\/2021\/05\/Istmo-obras-Noticias-271221-300x169.png\" data-large-file=\"https:\/\/www.grieta.org.mx\/wp-content\/uploads\/2021\/05\/Istmo-obras-Noticias-271221-1024x577.png\" class=\"alignnone wp-image-59465\" src=\"http:\/\/www.grieta.org.mx\/wp-content\/uploads\/2021\/05\/Istmo-obras-Noticias-271221-300x169.png\" alt=\"\" width=\"650\" height=\"366\" srcset=\"https:\/\/www.grieta.org.mx\/wp-content\/uploads\/2021\/05\/Istmo-obras-Noticias-271221-300x169.png 300w, https:\/\/www.grieta.org.mx\/wp-content\/uploads\/2021\/05\/Istmo-obras-Noticias-271221-1024x577.png 1024w, https:\/\/www.grieta.org.mx\/wp-content\/uploads\/2021\/05\/Istmo-obras-Noticias-271221-768x433.png 768w, https:\/\/www.grieta.org.mx\/wp-content\/uploads\/2021\/05\/Istmo-obras-Noticias-271221.png 1144w\" sizes=\"auto, (max-width: 650px) 100vw, 650px\" \/><\/p>\n<p>Para iniciar las obras, la empresa de nombre Ferrocarril del Istmo de Tehuantepec (FIT), present\u00f3 el 17 de enero de 2020 su MIA para la rehabilitaci\u00f3n y modernizaci\u00f3n de cerca de 132 kil\u00f3metros de v\u00edas ante la Secretar\u00eda del Medio Ambiente y Recursos Naturales (<a href=\"https:\/\/www.gob.mx\/semarnat\/prensa\/la-secretaria-de-medio-ambiente-cumple-puntualmente-los-plazos-para-el-desarrollo-del-proyecto-del-corredor-transistmico\" target=\"_blank\" rel=\"noopener\">Semarnat<\/a>), misma que el 21 de mayo de 2020, encabezada por el secretario V\u00edctor M. Toledo, autoriz\u00f3, indicando \u00fanicamente medidas de mitigaci\u00f3n y compensaci\u00f3n cuando la situaci\u00f3n as\u00ed lo requiera.<\/p>\n<p>La Semarnat se\u00f1ala que es \u00e1mbito de la empresa beneficiada poner en pr\u00e1ctica programas de rescate y reubicaci\u00f3n de flora y fauna silvestre. Para garantizar estos requisitos, el FIT tiene la recomendaci\u00f3n de la Semarnat de crear comit\u00e9s de vigilancia involucrando a presuntos representantes de las comunidades afectadas.<\/p>\n<p>Sin embargo, autoridades ejidales y municipales de los municipios de San Juan Guichicovi y Mat\u00edas Romero han denunciado que los empleados de las compa\u00f1\u00edas contratadas por dicha empresa comenzaron los trabajos sin cumplir dichos requisitos. Por otro lado, existen denuncias de miles de familias de Salina Cruz, Tagolaba, La Noria, El Jord\u00e1n Tehuantepec, Comitancillo, Ixtepec, Mogo\u00f1e Estaci\u00f3n, Rinc\u00f3n viejo, La Libertad, Tolosita, Palomares y ejido Nuevo Progreso que estar\u00edan siendo amenazadas con ser desalojadas por vivir en la ruta planeada para las v\u00edas del tren. <a href=\"https:\/\/avispa.org\/se-fortalece-frente-de-resistencia-indigena-contra-construccion-de-tren-transistmico\/\" target=\"_blank\" rel=\"noopener\">Las comunidades afectadas<\/a> han denunciado que empleados del FIT est\u00e1n ofreciendo el pago de una renta a cambio de que las familias acepten ser reubicadas.<\/p>\n<p><img loading=\"lazy\" decoding=\"async\" data-attachment-id=\"59466\" data-permalink=\"https:\/\/www.grieta.org.mx\/index.php\/2021\/05\/22\/el-muro-en-el-istmo-primera-parte-el-tren-transitsmico\/tren-la-cooperacha\/\" data-orig-file=\"https:\/\/www.grieta.org.mx\/wp-content\/uploads\/2021\/05\/Tren-La-Cooperacha.jpg\" data-orig-size=\"1200,660\" data-comments-opened=\"0\" data-image-meta=\"{&quot;aperture&quot;:&quot;0&quot;,&quot;credit&quot;:&quot;&quot;,&quot;camera&quot;:&quot;&quot;,&quot;caption&quot;:&quot;&quot;,&quot;created_timestamp&quot;:&quot;0&quot;,&quot;copyright&quot;:&quot;&quot;,&quot;focal_length&quot;:&quot;0&quot;,&quot;iso&quot;:&quot;0&quot;,&quot;shutter_speed&quot;:&quot;0&quot;,&quot;title&quot;:&quot;&quot;,&quot;orientation&quot;:&quot;0&quot;}\" data-image-title=\"Tren, La Cooperacha\" data-image-description=\"\" data-image-caption=\"\" data-medium-file=\"https:\/\/www.grieta.org.mx\/wp-content\/uploads\/2021\/05\/Tren-La-Cooperacha-300x165.jpg\" data-large-file=\"https:\/\/www.grieta.org.mx\/wp-content\/uploads\/2021\/05\/Tren-La-Cooperacha-1024x563.jpg\" class=\"alignnone wp-image-59466\" src=\"http:\/\/www.grieta.org.mx\/wp-content\/uploads\/2021\/05\/Tren-La-Cooperacha-300x165.jpg\" alt=\"\" width=\"650\" height=\"358\" srcset=\"https:\/\/www.grieta.org.mx\/wp-content\/uploads\/2021\/05\/Tren-La-Cooperacha-300x165.jpg 300w, https:\/\/www.grieta.org.mx\/wp-content\/uploads\/2021\/05\/Tren-La-Cooperacha-1024x563.jpg 1024w, https:\/\/www.grieta.org.mx\/wp-content\/uploads\/2021\/05\/Tren-La-Cooperacha-768x422.jpg 768w, https:\/\/www.grieta.org.mx\/wp-content\/uploads\/2021\/05\/Tren-La-Cooperacha.jpg 1200w\" sizes=\"auto, (max-width: 650px) 100vw, 650px\" \/><\/p>\n<p>Tambi\u00e9n denunciaron la ilegalidad del resolutivo de la Semarnat que dej\u00f3 en manos de la empresa concesionada tanto la auditor\u00eda ambiental como la consulta ind\u00edgena. La consulta nunca se realiz\u00f3 por la pandemia por lo que todos los procedimientos de gobiernos federal, estatal y municipales han sido totalmente ilegales.<\/p>\n<p><strong>\u00bfTren Trans\u00edstmico o Corredor Interoce\u00e1nico?<\/strong><\/p>\n<p>El tren trans\u00edstmico pretende ser la punta del megaproyecto del Corredor Interoce\u00e1nico, que ahora redefine e impone la administraci\u00f3n de AMLO. El capital y sus poderes siguen buscando transformar el Istmo de Tehuantepec en un Canal Interoce\u00e1nico y en un corredor industrial y energ\u00e9tico. Esto se demuestra por la privatizaci\u00f3n del manejo de las presas de agua, los parques e\u00f3licos ya instalados por empresas transnacionales, las concesiones mineras y de agua ya otorgadas a empresas extranjeras y la industria petrolera ya instalada o concesionada a empresas extranjeras son s\u00f3lo algunas de las piezas del rompecabezas.<\/p>\n<p>Para llegar al actual proyecto de Corredor Interoce\u00e1nico, la administraci\u00f3n de Pe\u00f1a Nieto, decret\u00f3 esta regi\u00f3n como Zona Econ\u00f3mica Especial (ZEE). Bajo la actual administraci\u00f3n, se public\u00f3 un nuevo <a href=\"https:\/\/www.dof.gob.mx\/nota_detalle.php?codigo=5583071&amp;fecha=30\/12\/2019\" target=\"_blank\" rel=\"noopener\">decreto el 30 de diciembre de 2019<\/a>, en el que se precisaba en el QUINTO TRANSITORIO que \u201clos recursos humanos, materiales y financieros de la Autoridad Federal para el Desarrollo de las ZEE, ser\u00e1n reasignados o, en su caso, donados, al organismo p\u00fablico descentralizado denominado Corredor Interoce\u00e1nico del Istmo de Tehuantepec, de conformidad con la Secretar\u00eda de Hacienda y Cr\u00e9dito P\u00fablico (SHCP)\u201d.<\/p>\n<p>Para el desarrollo de las zonas industriales, ya se defini\u00f3 una zona ahora llamada \u201cZona Libre del Istmo de Tehuantepec\u201d. Aunque los documentos oficiales a\u00fan no dicen con claridad en qu\u00e9 consistir\u00e1, se sabe que ser\u00e1 una franja de 20 kil\u00f3metros a cada lado de los 300 kil\u00f3metros de largo del ferrocarril, \u00e1rea que invade los territorios de los due\u00f1os ancestrales de esa propiedad social. Seg\u00fan SHCP, se tratar\u00eda de una zona con exenciones de impuestos y atractivos fiscales para las empresas.<\/p>\n<p>Adem\u00e1s de esta zona libre, el eje manufacturero del megaproyecto considera el desarrollo de diez \u201cPol\u00edgonos de Desarrollo e Innovaci\u00f3n (PDI)\u201d, as\u00ed como un n\u00famero incierto de parques industriales. El proyecto pretende intensificar la producci\u00f3n de energ\u00eda y articular los centros de producci\u00f3n energ\u00e9tica con diferentes mercados a escala regional e internacional para crear una regi\u00f3n industrial que mejore la integraci\u00f3n manufacturera, el potencial exportador y el extractivismo principalmente la miner\u00eda.<\/p>\n<p>El Istmo de Tehuantepec es hoy la regi\u00f3n con mayor generaci\u00f3n de energ\u00eda e\u00f3lica de M\u00e9xico: concentra la mitad de todos los parques operando a nivel nacional y el 46% de la capacidad instalada. Al noreste colinda con la zona de mayor extracci\u00f3n y reservas probadas de hidrocarburos en el pa\u00eds, sin dejar de lado que tambi\u00e9n es el paso terrestre obligado de cualquier conexi\u00f3n para el transporte de energ\u00eda entre el centro y norte del territorio nacional con el sureste mexicano y la pen\u00ednsula de Yucat\u00e1n.<\/p>\n<p>En la regi\u00f3n m\u00e1s ampliada del Istmo de Tehuantepec, se encuentra tambi\u00e9n en construcci\u00f3n la Refiner\u00eda de Dos Bocas, en el estado de Tabasco y muy relacionada con el desarrollo que se pretende en la regi\u00f3n, respecto a la producci\u00f3n, circulaci\u00f3n y consumo de petr\u00f3leo para industria. Se pretende generar una red de gasoductos y conexiones adem\u00e1s de construir y modernizar las refiner\u00edas del Golfo de M\u00e9xico y la Pen\u00ednsula de Yucat\u00e1n; y finalmente modernizar la refiner\u00eda y el puerto de Salina Cruz para tener una red de puertos multimodales que se conecten con puertos en Chiapas, Michoac\u00e1n y Colima. Es decir, tambi\u00e9n se contempla el desarrollo de gasoductos y la modernizaci\u00f3n de puertos multimodales en el Sur-Sureste del pa\u00eds.<\/p>\n<p><strong>Resistencias y contrainsurgencia 4T<\/strong><\/p>\n<p>En pleno \u201cbanderazo\u201d de AMLO para comenzar la construcci\u00f3n del tren, en junio de 2020, autoridades municipales y agrarias de 14 comunidades pertenecientes a los municipios de Santa Mar\u00eda Petapa, Mat\u00edas Romero, San Juan Guichicovi y Barrio de la Soledad en el norte del Istmo de Tehuantepec, en Oaxaca, as\u00ed como representantes de grupos de mujeres, comit\u00e9s comunitarios de salud y, militantes del movimiento ferrocarrilero Demetrio Vallejo Vive, se manifestaron mostrando su lucha contra el corredor trans\u00edstmico.<\/p>\n<p>En esta zona del Istmo tambi\u00e9n se ha manifestado contra el corredor del gobierno federal la Uni\u00f3n de Comunidades Ind\u00edgenas de la Zona Norte del Istmo de Oaxaca (UCIZONI). Desde este frente se denunci\u00f3 la ilegalidad de las mal llamadas \u201cconsultas\u201d, la falsa MIA y la consecuente violaci\u00f3n a los derechos de los pueblos respecto al inicio de las obras del megaproyecto interoce\u00e1nico, y en particular, la construcci\u00f3n del tren.<\/p>\n<p><img loading=\"lazy\" decoding=\"async\" data-attachment-id=\"59526\" data-permalink=\"https:\/\/www.grieta.org.mx\/index.php\/2021\/05\/22\/el-muro-en-el-istmo-primera-parte-el-tren-transitsmico\/x-19\/\" data-orig-file=\"https:\/\/www.grieta.org.mx\/wp-content\/uploads\/2021\/05\/x-1.jpg\" data-orig-size=\"820,462\" data-comments-opened=\"0\" data-image-meta=\"{&quot;aperture&quot;:&quot;0&quot;,&quot;credit&quot;:&quot;&quot;,&quot;camera&quot;:&quot;&quot;,&quot;caption&quot;:&quot;&quot;,&quot;created_timestamp&quot;:&quot;0&quot;,&quot;copyright&quot;:&quot;&quot;,&quot;focal_length&quot;:&quot;0&quot;,&quot;iso&quot;:&quot;0&quot;,&quot;shutter_speed&quot;:&quot;0&quot;,&quot;title&quot;:&quot;&quot;,&quot;orientation&quot;:&quot;0&quot;}\" data-image-title=\"x\" data-image-description=\"\" data-image-caption=\"\" data-medium-file=\"https:\/\/www.grieta.org.mx\/wp-content\/uploads\/2021\/05\/x-1-300x169.jpg\" data-large-file=\"https:\/\/www.grieta.org.mx\/wp-content\/uploads\/2021\/05\/x-1.jpg\" class=\"alignnone wp-image-59526\" src=\"http:\/\/www.grieta.org.mx\/wp-content\/uploads\/2021\/05\/x-1.jpg\" alt=\"\" width=\"800\" height=\"451\" srcset=\"https:\/\/www.grieta.org.mx\/wp-content\/uploads\/2021\/05\/x-1.jpg 820w, https:\/\/www.grieta.org.mx\/wp-content\/uploads\/2021\/05\/x-1-300x169.jpg 300w, https:\/\/www.grieta.org.mx\/wp-content\/uploads\/2021\/05\/x-1-768x433.jpg 768w\" sizes=\"auto, (max-width: 800px) 100vw, 800px\" \/><br \/>\nFoto: Ucizoni<\/p>\n<p>La devastaci\u00f3n ya ha empezado desde hace varios a\u00f1os en el Istmo: en el sur de Veracruz la extracci\u00f3n petrolera o la ganader\u00eda empresarial han despojado, desmontado y contaminado la regi\u00f3n por d\u00e9cadas. En Oaxaca, la refiner\u00eda de Salina Cruz tambi\u00e9n ha tenido derrames de ars\u00e9nico, crudo y otros qu\u00edmicos. Los parques e\u00f3licos ya dejaron su huella de deforestaci\u00f3n, sequ\u00eda, muerte de aves y desechos industriales. En las monta\u00f1as del Istmo oaxaque\u00f1o se han entregado concesiones mineras en grandes extensiones, y tambi\u00e9n de agua en grandes cantidades. La presa de Xalapa del Marqu\u00e9s es un ejemplo de c\u00f3mo est\u00e1 en juego el agua que se cosecha en territorios zapotecos y que amenaza con agudizar la problem\u00e1tica del agua en la parte baja. Los pueblos lo han denunciado y no pocos est\u00e1n en resistencia.<\/p>\n<p><img loading=\"lazy\" decoding=\"async\" data-attachment-id=\"59524\" data-permalink=\"https:\/\/www.grieta.org.mx\/index.php\/2021\/05\/22\/el-muro-en-el-istmo-primera-parte-el-tren-transitsmico\/foto-avispa-midia\/\" data-orig-file=\"https:\/\/www.grieta.org.mx\/wp-content\/uploads\/2021\/05\/Foto-Avispa-Midia.jpg\" data-orig-size=\"800,600\" data-comments-opened=\"0\" data-image-meta=\"{&quot;aperture&quot;:&quot;0&quot;,&quot;credit&quot;:&quot;&quot;,&quot;camera&quot;:&quot;&quot;,&quot;caption&quot;:&quot;&quot;,&quot;created_timestamp&quot;:&quot;0&quot;,&quot;copyright&quot;:&quot;&quot;,&quot;focal_length&quot;:&quot;0&quot;,&quot;iso&quot;:&quot;0&quot;,&quot;shutter_speed&quot;:&quot;0&quot;,&quot;title&quot;:&quot;&quot;,&quot;orientation&quot;:&quot;0&quot;}\" data-image-title=\"Foto Avispa Midia\" data-image-description=\"\" data-image-caption=\"\" data-medium-file=\"https:\/\/www.grieta.org.mx\/wp-content\/uploads\/2021\/05\/Foto-Avispa-Midia-300x225.jpg\" data-large-file=\"https:\/\/www.grieta.org.mx\/wp-content\/uploads\/2021\/05\/Foto-Avispa-Midia.jpg\" class=\"alignnone wp-image-59524 size-full\" src=\"http:\/\/www.grieta.org.mx\/wp-content\/uploads\/2021\/05\/Foto-Avispa-Midia.jpg\" alt=\"\" width=\"800\" height=\"600\" srcset=\"https:\/\/www.grieta.org.mx\/wp-content\/uploads\/2021\/05\/Foto-Avispa-Midia.jpg 800w, https:\/\/www.grieta.org.mx\/wp-content\/uploads\/2021\/05\/Foto-Avispa-Midia-300x225.jpg 300w, https:\/\/www.grieta.org.mx\/wp-content\/uploads\/2021\/05\/Foto-Avispa-Midia-768x576.jpg 768w\" sizes=\"auto, (max-width: 800px) 100vw, 800px\" \/><br \/>\nFoto: Avispa Midia<\/p>\n<p>Para asegurar el desarrollo del megaproyecto, ya han sido implementadas estrategias para regar el miedo dentro de la poblaci\u00f3n de la toda la regi\u00f3n y frenar los procesos de resistencia que se fortalecen en cada pueblo. Se han hecho m\u00faltiples denuncias de los ataques, y amenazas han sufrido autoridades, representantes; as\u00ed como las acciones para dividir a las comunidades para la \u201crenta de tierras\u201d, entre otras.<\/p>\n<p>La reciente masacre que dej\u00f3 al menos 15 muertos en la comunidad ikoots (huaves) de <a href=\"https:\/\/www.grieta.org.mx\/index.php\/2020\/07\/21\/nos-quieren-asesinar-para-no-dejar-ni-un-testigo-familiares-de-masacrados-en-san-mateo-del-mar-oaxaca\/\" target=\"_blank\" rel=\"noopener\">San Mateo del Mar<\/a> los d\u00edas 21 y 22 de junio de 2020, permite dimensionar la conflictividad y las pol\u00edticas de contrainsurgencia contra los pueblos y organizaciones que se oponen; as\u00ed como el papel del crimen organizado como brazo armado de gobiernos locales, estatales y federales y de las empresas que los financian para debilitar las resistencias en la regi\u00f3n.<\/p>\n<p>As\u00ed como Felipe Calder\u00f3n, de la mano de Sabines, lanzaba planes planes tur\u00edsticos para Palenque y carreteros para la explotaci\u00f3n petrolera y de agrocombustibles, para desarrollar lo que Petr\u00f3leos Mexicanos llama la \u201cCuenca del Sureste\u201d. Se reviv\u00edan los grupos paramilitares para atacar a las comunidades en resistencia, liderados por los neofinqueros y secretarios del gobierno estatal, y ah\u00ed estaban los Albores (hoy est\u00e1n los <a href=\"https:\/\/www.chiapasparalelo.com\/noticias\/chiapas\/2021\/03\/constantino-kanter-de-cazador-de-indigenas-y-campesinos-a-candidato-de-morena\/\" target=\"_blank\" rel=\"noopener\">Kanter reconvertidos en militantes de Morena<\/a>), liderando estos ataques siempre con el apoyo de sus polic\u00edas estatales y guardias blancas.<\/p>\n<p><img loading=\"lazy\" decoding=\"async\" data-attachment-id=\"59468\" data-permalink=\"https:\/\/www.grieta.org.mx\/index.php\/2021\/05\/22\/el-muro-en-el-istmo-primera-parte-el-tren-transitsmico\/tren-2-gobierno\/\" data-orig-file=\"https:\/\/www.grieta.org.mx\/wp-content\/uploads\/2021\/05\/Tren-2-Gobierno.jpg\" data-orig-size=\"1391,1000\" data-comments-opened=\"0\" data-image-meta=\"{&quot;aperture&quot;:&quot;0&quot;,&quot;credit&quot;:&quot;&quot;,&quot;camera&quot;:&quot;&quot;,&quot;caption&quot;:&quot;&quot;,&quot;created_timestamp&quot;:&quot;0&quot;,&quot;copyright&quot;:&quot;&quot;,&quot;focal_length&quot;:&quot;0&quot;,&quot;iso&quot;:&quot;0&quot;,&quot;shutter_speed&quot;:&quot;0&quot;,&quot;title&quot;:&quot;&quot;,&quot;orientation&quot;:&quot;0&quot;}\" data-image-title=\"Tren 2, Gobierno\" data-image-description=\"\" data-image-caption=\"\" data-medium-file=\"https:\/\/www.grieta.org.mx\/wp-content\/uploads\/2021\/05\/Tren-2-Gobierno-300x216.jpg\" data-large-file=\"https:\/\/www.grieta.org.mx\/wp-content\/uploads\/2021\/05\/Tren-2-Gobierno-1024x736.jpg\" class=\"alignnone wp-image-59468\" src=\"http:\/\/www.grieta.org.mx\/wp-content\/uploads\/2021\/05\/Tren-2-Gobierno-300x216.jpg\" alt=\"\" width=\"650\" height=\"467\" srcset=\"https:\/\/www.grieta.org.mx\/wp-content\/uploads\/2021\/05\/Tren-2-Gobierno-300x216.jpg 300w, https:\/\/www.grieta.org.mx\/wp-content\/uploads\/2021\/05\/Tren-2-Gobierno-1024x736.jpg 1024w, https:\/\/www.grieta.org.mx\/wp-content\/uploads\/2021\/05\/Tren-2-Gobierno-768x552.jpg 768w, https:\/\/www.grieta.org.mx\/wp-content\/uploads\/2021\/05\/Tren-2-Gobierno.jpg 1391w\" sizes=\"auto, (max-width: 650px) 100vw, 650px\" \/><\/p>\n<p>Finalmente, el pasado 18 de marzo de 2021, el se\u00f1or L\u00f3pez anunci\u00f3 que el Tren Trans\u00edstmico y sus \u201cbeneficios\u201d ser\u00e1n <a href=\"https:\/\/www.elfinanciero.com.mx\/nacional\/tren-del-istmo-sera-entregado-a-la-marina-anuncia-lopez-obrador\/\" target=\"_blank\" rel=\"noopener\">entregados a la Secretar\u00eda de la Marina<\/a>. Aprovech\u00f3 para declarar que al menos otros dos proyectos f\u00e9rreos ser\u00edan entregados a las Fuerzas Armadas junto a los capataces neofeudales de Chiapas, Oaxaca, Tabasco y Veracruz.<\/p>\n<p>Una militante de abajo y a la izquierda escribi\u00f3 en 1913 que el militarismo es en s\u00ed mismo &#8220;una provincia de la acumulaci\u00f3n&#8221;. La actual administraci\u00f3n corrobora la tesis. En 2007, los ind\u00edgenas zapatistas del sureste mexicano <a href=\"http:\/\/enlacezapatista.ezln.org.mx\/2007\/07\/18\/mesa-redonda-frente-al-despojo-capitalista-la-defensa-de-la-tierra-y-el-territorio-17-de-julio-de-2007\/\" target=\"_blank\" rel=\"noopener\">advirtieron con tiempo de anticipaci\u00f3n<\/a>:<\/p>\n<blockquote><p>&#8220;Si antes el Estado Nacional era el aval de la producci\u00f3n nacional de los campesinos, ahora se abre un gran mercado para la acci\u00f3n del capital en sus diferentes formas; desde el industrial, el financiero, el comercial, el bancario, el inmobiliario, etc.&#8221;<\/p><\/blockquote>\n<p>Y se\u00f1alaron tambi\u00e9n:<\/p>\n<blockquote><p>&#8220;Nosotros pensamos que ya no es basta con s\u00f3lo resistir, y esperar uno y otro ataque del mand\u00f3n y del dinero. Creemos que la fuerza que ahora se necesita para sobrevivir, es tambi\u00e9n suficiente para terminar con las amenazas. Es la hora.&#8221;<\/p><\/blockquote>\n","protected":false},"excerpt":{"rendered":"<p>COLECTIVO GRIETA.- El anhelado plan de un Corredor Interoce\u00e1nico en el Istmo de Tehuantepec hoy es uno de los proyectos insignia del se\u00f1or L\u00f3pez Obrador y su autodenominada 4T. Se &hellip; <a href=\"https:\/\/www.grieta.org.mx\/index.php\/2021\/05\/22\/el-muro-en-el-istmo-primera-parte-el-tren-transitsmico\/\" class=\"more-link\">Leer m\u00e1s<\/a><\/p>\n","protected":false},"author":2,"featured_media":59470,"comment_status":"closed","ping_status":"closed","sticky":false,"template":"","format":"standard","meta":{"ngg_post_thumbnail":0,"_jetpack_newsletter_access":"","_jetpack_dont_email_post_to_subs":false,"_jetpack_newsletter_tier_id":0,"_jetpack_memberships_contains_paywalled_content":false,"_jetpack_memberships_contains_paid_content":false,"footnotes":""},"categories":[80,1775,1708,1948,3,922,941,951,2,25,2909],"tags":[3614,3056],"class_list":["post-59298","post","type-post","status-publish","format-standard","has-post-thumbnail","hentry","category-cintillo","category-colectivo-grieta","category-corredor-del-istmo-de-tehuantepec","category-corredor-transistmico","category-megaproyectos","category-megaproyectos-estados","category-mp-oaxaca","category-mp-veracruz","category-noticias-nacionales","category-oaxaca","category-resistencias-y-rebeldias-en-oaxaca","tag-corredor-interoceanico","tag-transistmico","entry"],"jetpack_featured_media_url":"https:\/\/www.grieta.org.mx\/wp-content\/uploads\/2021\/05\/Mapa-Geocomunes.jpg","jetpack_sharing_enabled":true,"jetpack_shortlink":"https:\/\/wp.me\/p7ZJR4-fqq","jetpack_likes_enabled":false,"jetpack-related-posts":[{"id":65676,"url":"https:\/\/www.grieta.org.mx\/index.php\/2022\/10\/28\/matan-a-comunero-y-atentan-contra-dirigente-del-colectivo-sol-rojo-en-el-istmo-oaxaqueno-ambos-opositores-del-corredor-interoceanico-oaxaca\/","url_meta":{"origin":59298,"position":0},"title":"Matan a comunero y atentan contra dirigente del colectivo \u201cSol Rojo\u201d en el Istmo oaxaque\u00f1o ; ambos opositores del corredor interoce\u00e1nico (Oaxaca)","author":"grieta","date":"28 octubre, 2022","format":false,"excerpt":"Imagen: Especial Diana Manzo \/ Agencia de Noticias IstmoPress #Tehuantepec 28 Oct (#Istmopress) \u2013 Ayer por la noche, Jes\u00fas Manuel Garc\u00eda Mart\u00ednez, comunero zapoteca de la comunidad agraria de Santa Cruz Tagolaba conocido tambi\u00e9n como \u201cChu Pau\u201d, fue asesinado por un grupo de personas armadas, quienes interrumpieron su domicilio en\u2026","rel":"","context":"En &quot;CINTILLO&quot;","block_context":{"text":"CINTILLO","link":"https:\/\/www.grieta.org.mx\/index.php\/category\/cintillo\/"},"img":{"alt_text":"","src":"https:\/\/i0.wp.com\/www.grieta.org.mx\/wp-content\/uploads\/2022\/11\/BSZASRZZ5NG2DO2KEHU5OFYRNI.webp?resize=350%2C200&ssl=1","width":350,"height":200,"srcset":"https:\/\/i0.wp.com\/www.grieta.org.mx\/wp-content\/uploads\/2022\/11\/BSZASRZZ5NG2DO2KEHU5OFYRNI.webp?resize=350%2C200&ssl=1 1x, https:\/\/i0.wp.com\/www.grieta.org.mx\/wp-content\/uploads\/2022\/11\/BSZASRZZ5NG2DO2KEHU5OFYRNI.webp?resize=525%2C300&ssl=1 1.5x, https:\/\/i0.wp.com\/www.grieta.org.mx\/wp-content\/uploads\/2022\/11\/BSZASRZZ5NG2DO2KEHU5OFYRNI.webp?resize=700%2C400&ssl=1 2x"},"classes":[]},{"id":44028,"url":"https:\/\/www.grieta.org.mx\/index.php\/2020\/01\/19\/revela-semarnat-tramo-4-del-corredor-interoceanico-del-istmo-de-tehuantepec-veracruz\/","url_meta":{"origin":59298,"position":1},"title":"Revela SEMARNAT \u201ctramo 4\u201d del corredor interoce\u00e1nico del Istmo de Tehuantepec (Veracruz)","author":"grieta","date":"19 enero, 2020","format":false,"excerpt":"Redacci\u00f3n \/ Regeneraci\u00f3n Radio La Secretar\u00eda del Medio Ambiente y Recursos Naturales (SEMARNAT) hizo p\u00fablico -el que podr\u00eda ser- el tramo n\u00famero 4, de la v\u00eda del tren que forma parte del Proyecto Interoce\u00e1nico. La empresa Ferrocarril del Istmo de Tehuantepec, S.A. DE C.V, present\u00f3 un documento que eval\u00faa el\u2026","rel":"","context":"En &quot;CINTILLO&quot;","block_context":{"text":"CINTILLO","link":"https:\/\/www.grieta.org.mx\/index.php\/category\/cintillo\/"},"img":{"alt_text":"","src":"https:\/\/i0.wp.com\/www.grieta.org.mx\/wp-content\/uploads\/2020\/02\/Corredor-Interoceanico.jpg?resize=350%2C200&ssl=1","width":350,"height":200,"srcset":"https:\/\/i0.wp.com\/www.grieta.org.mx\/wp-content\/uploads\/2020\/02\/Corredor-Interoceanico.jpg?resize=350%2C200&ssl=1 1x, https:\/\/i0.wp.com\/www.grieta.org.mx\/wp-content\/uploads\/2020\/02\/Corredor-Interoceanico.jpg?resize=525%2C300&ssl=1 1.5x, https:\/\/i0.wp.com\/www.grieta.org.mx\/wp-content\/uploads\/2020\/02\/Corredor-Interoceanico.jpg?resize=700%2C400&ssl=1 2x, https:\/\/i0.wp.com\/www.grieta.org.mx\/wp-content\/uploads\/2020\/02\/Corredor-Interoceanico.jpg?resize=1050%2C600&ssl=1 3x"},"classes":[]},{"id":65997,"url":"https:\/\/www.grieta.org.mx\/index.php\/2022\/12\/14\/ven-en-el-interoceanico-proyecto-de-saqueo-y-despojo-apiidtt-15-anos-de-lucha-y-resistencia-por-la-vida-oaxaca\/","url_meta":{"origin":59298,"position":2},"title":"Ven en el Interoce\u00e1nico proyecto de saqueo y despojo, APIIDTT 15 a\u00f1os de lucha y resistencia por la vida (Oaxaca)","author":"grieta","date":"14 diciembre, 2022","format":false,"excerpt":"Imagen: Cortes\u00eda Gerardo Valdivieso Parada \/ NVINoticias SAN BLAS ATEMPA, Oaxaca.- Integrantes de la Asamblea de los Pueblos Ind\u00edgenas del Istmo en Defensa de la Tierra y el Territorio (APIIDTT) conmemoraron 15 a\u00f1os \u201cen este caminar de lucha y resistencia por la defensa de la vida, tierra y territorio\u201d. En\u2026","rel":"","context":"En &quot;5. Istmo&quot;","block_context":{"text":"5. Istmo","link":"https:\/\/www.grieta.org.mx\/index.php\/category\/espejos-de-la-resistencia\/5-istmo\/"},"img":{"alt_text":"","src":"https:\/\/i0.wp.com\/www.grieta.org.mx\/wp-content\/uploads\/2022\/12\/proyecto_interoceanico.webp?resize=350%2C200&ssl=1","width":350,"height":200,"srcset":"https:\/\/i0.wp.com\/www.grieta.org.mx\/wp-content\/uploads\/2022\/12\/proyecto_interoceanico.webp?resize=350%2C200&ssl=1 1x, https:\/\/i0.wp.com\/www.grieta.org.mx\/wp-content\/uploads\/2022\/12\/proyecto_interoceanico.webp?resize=525%2C300&ssl=1 1.5x, https:\/\/i0.wp.com\/www.grieta.org.mx\/wp-content\/uploads\/2022\/12\/proyecto_interoceanico.webp?resize=700%2C400&ssl=1 2x"},"classes":[]},{"id":67357,"url":"https:\/\/www.grieta.org.mx\/index.php\/2023\/07\/23\/derribaran-200-arboles-para-construir-obra-de-corredor-interoceanico-oaxaca\/","url_meta":{"origin":59298,"position":3},"title":"Derribar\u00e1n 200 \u00e1rboles para construir obra de Corredor Interoce\u00e1nico (Oaxaca)","author":"grieta","date":"23 julio, 2023","format":false,"excerpt":"Imagen: cortes\u00eda de Edwin Meneses Sin un anuncio oficial, trabajadores de la empresa que construyen en un tramo del Corredor Interoc\u00e9anico anunciaron a habitantes del Istmo de Tehuantepec que derribar\u00e1n 200 \u00e1rboles, a cambio prometen construir un parque Diana Manzo \/ Istmo Press \/ P\u00ede de P\u00e1gina OAXACA. \u2013 Sin\u2026","rel":"","context":"En &quot;CINTILLO&quot;","block_context":{"text":"CINTILLO","link":"https:\/\/www.grieta.org.mx\/index.php\/category\/cintillo\/"},"img":{"alt_text":"","src":"https:\/\/i0.wp.com\/www.grieta.org.mx\/wp-content\/uploads\/2023\/08\/IstmoPressarboles_Istmo_Edwin_Meneses.jpg?resize=350%2C200&ssl=1","width":350,"height":200,"srcset":"https:\/\/i0.wp.com\/www.grieta.org.mx\/wp-content\/uploads\/2023\/08\/IstmoPressarboles_Istmo_Edwin_Meneses.jpg?resize=350%2C200&ssl=1 1x, https:\/\/i0.wp.com\/www.grieta.org.mx\/wp-content\/uploads\/2023\/08\/IstmoPressarboles_Istmo_Edwin_Meneses.jpg?resize=525%2C300&ssl=1 1.5x, https:\/\/i0.wp.com\/www.grieta.org.mx\/wp-content\/uploads\/2023\/08\/IstmoPressarboles_Istmo_Edwin_Meneses.jpg?resize=700%2C400&ssl=1 2x"},"classes":[]},{"id":66394,"url":"https:\/\/www.grieta.org.mx\/index.php\/2023\/02\/15\/marinos-desalojan-con-violencia-a-ejidatarios-de-palomares-opositores-al-corredor-interoceanico\/","url_meta":{"origin":59298,"position":4},"title":"Marinos desalojan con violencia a ejidatarios de Palomares opositores al Corredor Interoc\u00e9anico","author":"grieta","date":"15 febrero, 2023","format":false,"excerpt":"Pedro Mac\u00edas \/ Proceso OAXACA, Oax. (apro).\u2013 Elementos de la Secretar\u00eda de Marina \u201cdesalojaron\u201d a ejidatarios de Palomares que suspendieron moment\u00e1neamente los trabajos de modernizaci\u00f3n del ferrocarril del Istmo de Tehuantepec, en el lugar denominado Puente La Esperanza, denunci\u00f3 la Uni\u00f3n de Comunidades Ind\u00edgenas de la Zona Norte del Istmo\u2026","rel":"","context":"En &quot;CINTILLO&quot;","block_context":{"text":"CINTILLO","link":"https:\/\/www.grieta.org.mx\/index.php\/category\/cintillo\/"},"img":{"alt_text":"","src":"https:\/\/i0.wp.com\/www.grieta.org.mx\/wp-content\/uploads\/2023\/03\/Screenshot-2023-03-05-at-09-28-48-Marinos-desalojan-con-violencia-a-ejidatarios-de-Palomares-opositores-al-Corredor-Interoceanico.png?resize=350%2C200&ssl=1","width":350,"height":200,"srcset":"https:\/\/i0.wp.com\/www.grieta.org.mx\/wp-content\/uploads\/2023\/03\/Screenshot-2023-03-05-at-09-28-48-Marinos-desalojan-con-violencia-a-ejidatarios-de-Palomares-opositores-al-Corredor-Interoceanico.png?resize=350%2C200&ssl=1 1x, https:\/\/i0.wp.com\/www.grieta.org.mx\/wp-content\/uploads\/2023\/03\/Screenshot-2023-03-05-at-09-28-48-Marinos-desalojan-con-violencia-a-ejidatarios-de-Palomares-opositores-al-Corredor-Interoceanico.png?resize=525%2C300&ssl=1 1.5x, https:\/\/i0.wp.com\/www.grieta.org.mx\/wp-content\/uploads\/2023\/03\/Screenshot-2023-03-05-at-09-28-48-Marinos-desalojan-con-violencia-a-ejidatarios-de-Palomares-opositores-al-Corredor-Interoceanico.png?resize=700%2C400&ssl=1 2x"},"classes":[]},{"id":67158,"url":"https:\/\/www.grieta.org.mx\/index.php\/2023\/07\/05\/localizan-sin-vida-al-activista-que-cuestionaba-pago-de-tierras-del-corredor-interoceanico-en-mixtequilla-oaxaca\/","url_meta":{"origin":59298,"position":5},"title":"Localizan sin vida al activista que cuestionaba pago de tierras del Corredor Interoce\u00e1nico en Mixtequilla, Oaxaca","author":"grieta","date":"5 julio, 2023","format":false,"excerpt":"Imagen: Ficha de b\u00fasqueda emitida para encontrar a Noel L\u00f3pez Gallegos - Pagina 3 Diana Manzo \/ P\u00e1gina 3 Mixtequilla, Oax.- Noel L\u00f3pez Gallegos, activista zapoteca de 52 a\u00f1os de edad, fue localizado sin vida la tarde de este martes, confirmaron las autoridades locales de este municipio asentado en el\u2026","rel":"","context":"En &quot;CINTILLO&quot;","block_context":{"text":"CINTILLO","link":"https:\/\/www.grieta.org.mx\/index.php\/category\/cintillo\/"},"img":{"alt_text":"","src":"https:\/\/i0.wp.com\/www.grieta.org.mx\/wp-content\/uploads\/2023\/07\/Acivista-Noel-Lopez-Gallegos.webp?resize=350%2C200&ssl=1","width":350,"height":200,"srcset":"https:\/\/i0.wp.com\/www.grieta.org.mx\/wp-content\/uploads\/2023\/07\/Acivista-Noel-Lopez-Gallegos.webp?resize=350%2C200&ssl=1 1x, https:\/\/i0.wp.com\/www.grieta.org.mx\/wp-content\/uploads\/2023\/07\/Acivista-Noel-Lopez-Gallegos.webp?resize=525%2C300&ssl=1 1.5x"},"classes":[]}],"_links":{"self":[{"href":"https:\/\/www.grieta.org.mx\/index.php\/wp-json\/wp\/v2\/posts\/59298","targetHints":{"allow":["GET"]}}],"collection":[{"href":"https:\/\/www.grieta.org.mx\/index.php\/wp-json\/wp\/v2\/posts"}],"about":[{"href":"https:\/\/www.grieta.org.mx\/index.php\/wp-json\/wp\/v2\/types\/post"}],"author":[{"embeddable":true,"href":"https:\/\/www.grieta.org.mx\/index.php\/wp-json\/wp\/v2\/users\/2"}],"replies":[{"embeddable":true,"href":"https:\/\/www.grieta.org.mx\/index.php\/wp-json\/wp\/v2\/comments?post=59298"}],"version-history":[{"count":1,"href":"https:\/\/www.grieta.org.mx\/index.php\/wp-json\/wp\/v2\/posts\/59298\/revisions"}],"predecessor-version":[{"id":59527,"href":"https:\/\/www.grieta.org.mx\/index.php\/wp-json\/wp\/v2\/posts\/59298\/revisions\/59527"}],"wp:featuredmedia":[{"embeddable":true,"href":"https:\/\/www.grieta.org.mx\/index.php\/wp-json\/wp\/v2\/media\/59470"}],"wp:attachment":[{"href":"https:\/\/www.grieta.org.mx\/index.php\/wp-json\/wp\/v2\/media?parent=59298"}],"wp:term":[{"taxonomy":"category","embeddable":true,"href":"https:\/\/www.grieta.org.mx\/index.php\/wp-json\/wp\/v2\/categories?post=59298"},{"taxonomy":"post_tag","embeddable":true,"href":"https:\/\/www.grieta.org.mx\/index.php\/wp-json\/wp\/v2\/tags?post=59298"}],"curies":[{"name":"wp","href":"https:\/\/api.w.org\/{rel}","templated":true}]}}