{"id":59288,"date":"2021-05-01T23:53:19","date_gmt":"2021-05-02T04:53:19","guid":{"rendered":"https:\/\/www.grieta.org.mx\/?p=59288"},"modified":"2021-05-09T00:03:52","modified_gmt":"2021-05-09T05:03:52","slug":"ritual-de-la-vida-por-angelica-y-karla-victimas-de-feminicidio-en-ecatepec-estado-de-mexico","status":"publish","type":"post","link":"https:\/\/www.grieta.org.mx\/index.php\/2021\/05\/01\/ritual-de-la-vida-por-angelica-y-karla-victimas-de-feminicidio-en-ecatepec-estado-de-mexico\/","title":{"rendered":"Ritual de la vida por Ang\u00e9lica y Karla, v\u00edctimas de feminicidio en Ecatepec (Estado de M\u00e9xico)"},"content":{"rendered":"<p>Fotograf\u00edas: Paco Dorado<br \/>\nManuel Amador y Paco Dorado \/ Somos el Medio<\/p>\n<p><strong><span style=\"line-height: 1.7;\">Cr\u00f3nica \/ Memoria de un ritual de dignidad, visibilidad y exigencia de justicia a dos a\u00f1os del feminicidio de Ang\u00e9lica Ram\u00edrez y Karla Esteves en Ecatepec, Estado de M\u00e9xico<\/span><\/strong><\/p>\n<p>Ecatepec, Estado de M\u00e9xico, a 1 de mayo de 2021<\/p>\n<p>El 20 de abril se cumplieron dos a\u00f1os del feminicidio de <strong>Ang\u00e9lica Ram\u00edrez<\/strong> y <strong>Karla Esteves<\/strong>, madre e hija de 41 y 16 a\u00f1os respectivamente, que fueron asesinadas mientras salieron a bailar a unas calles de su casa, en la colonia <strong>Jardines de Morelos<\/strong>, en <strong>Ecatepec<\/strong>, <strong>Estado de M\u00e9xico<\/strong>. Para conmemorarlo, su familia realiz\u00f3 una jornada art\u00edstica, pol\u00edtica y perform\u00e1tica, recorriendo los lugares que fueron importantes para ambas: <strong><em>Ritual de la vida por Ang\u00e9lica y Karla (agua, aire, tierra y fuego)<\/em><\/strong>, donde fueron acompa\u00f1adas por organizaciones de la sociedad civil en pro de los derechos de las mujeres como la <strong>Red Denuncia Feminicidios Estado de M\u00e9xico<\/strong> y las colectivas <strong>Furia Perif\u00e9rica<\/strong> y <strong>Mujeres de la Periferia para la Periferia<\/strong>.<\/p>\n<p>Aquel s\u00e1bado 20 de abril de 2019 Ang\u00e9lica y su hija Karla salieron de su casa para ir a bailar a una tardeada y divertirse en un baile <em>sonidero<\/em> en el <strong>Parque del Triangulo<\/strong>, en la <strong>secci\u00f3n Montes<\/strong> de la colonia Jardines de Morelos, durante la fiesta la joven realiz\u00f3 una transmisi\u00f3n en vivo en su perfil de <strong>Facebook<\/strong> para mostrar lo bien que se la estaban pasando, su madre bailaba feliz mientras ella le ped\u00eda que volteara a la c\u00e1mara para saludar.<\/p>\n<p>De acuerdo a algunas vecinas del lugar que estuvieron en la misma fiesta y quienes posteriormente las reconocieron en los peri\u00f3dicos, testificaron a diversos medios de comunicaci\u00f3n la felicidad que se les ve\u00eda ese d\u00eda, adem\u00e1s que le hab\u00edan pedido al<em>DJ<\/em> una cumbia peruana con titulo \u201c<strong><em>Mi Triste Despedida<\/em><\/strong>\u201d, mientras ellas continuaban bailando; sin embargo al siguiente d\u00eda sus cuerpos fueron localizados en un predio bald\u00edo de <strong>Chiconautla<\/strong>, colindante con Jardines de Morelos. Las hab\u00edan abandonado ah\u00ed, las golpearon, las torturaron, las degollaron y las asesinaron apu\u00f1al\u00e1ndolas; adem\u00e1s ambas ten\u00edan signos de violencia sexual.<\/p>\n<figure id=\"attachment_20376\" class=\"wp-caption alignnone\" aria-describedby=\"caption-attachment-20376\"><img loading=\"lazy\" decoding=\"async\" data-attachment-id=\"20376\" data-permalink=\"https:\/\/www.grieta.org.mx\/index.php\/2016\/08\/16\/delegado-de-semarnat-en-bcs-dice-que-no-tiene-mucho-que-decir-en-el-tema-de-la-pitalla\/casares-oiug-semarnat\/\" data-orig-file=\"https:\/\/www.grieta.org.mx\/wp-content\/uploads\/2016\/08\/C\u00e1sares-oiug-semarnat.jpg\" data-orig-size=\"1500,1000\" data-comments-opened=\"0\" data-image-meta=\"{&quot;aperture&quot;:&quot;0&quot;,&quot;credit&quot;:&quot;&quot;,&quot;camera&quot;:&quot;&quot;,&quot;caption&quot;:&quot;&quot;,&quot;created_timestamp&quot;:&quot;0&quot;,&quot;copyright&quot;:&quot;&quot;,&quot;focal_length&quot;:&quot;0&quot;,&quot;iso&quot;:&quot;0&quot;,&quot;shutter_speed&quot;:&quot;0&quot;,&quot;title&quot;:&quot;&quot;,&quot;orientation&quot;:&quot;0&quot;}\" data-image-title=\"C\u00e1sares-oiug-semarnat\" data-image-description=\"\" data-image-caption=\"\" data-medium-file=\"https:\/\/www.grieta.org.mx\/wp-content\/uploads\/2016\/08\/C\u00e1sares-oiug-semarnat-300x200.jpg\" data-large-file=\"https:\/\/www.grieta.org.mx\/wp-content\/uploads\/2016\/08\/C\u00e1sares-oiug-semarnat-1024x683.jpg\" class=\"size-full wp-image-20376 lazy-loaded\" src=\"https:\/\/cdn.shortpixel.ai\/client\/q_glossy,ret_img,w_1300,h_975\/https:\/\/www.somoselmedio.com\/wp-content\/uploads\/2021\/05\/IMG_3313-scaled.jpg\" sizes=\"auto, (max-width: 1300px) 100vw, 1300px\" srcset=\"https:\/\/cdn.shortpixel.ai\/client\/q_glossy,ret_img,w_1300\/https:\/\/www.somoselmedio.com\/wp-content\/uploads\/2021\/05\/IMG_3313-scaled.jpg 1300w, https:\/\/cdn.shortpixel.ai\/client\/q_glossy,ret_img,w_300\/https:\/\/www.somoselmedio.com\/wp-content\/uploads\/2021\/05\/IMG_3313-300x225.jpg 300w, https:\/\/cdn.shortpixel.ai\/client\/q_glossy,ret_img,w_1024\/https:\/\/www.somoselmedio.com\/wp-content\/uploads\/2021\/05\/IMG_3313-1024x768.jpg 1024w, https:\/\/cdn.shortpixel.ai\/client\/q_glossy,ret_img,w_768\/https:\/\/www.somoselmedio.com\/wp-content\/uploads\/2021\/05\/IMG_3313-768x576.jpg 768w, https:\/\/cdn.shortpixel.ai\/client\/q_glossy,ret_img,w_1536\/https:\/\/www.somoselmedio.com\/wp-content\/uploads\/2021\/05\/IMG_3313-1536x1152.jpg 1536w, https:\/\/cdn.shortpixel.ai\/client\/q_glossy,ret_img,w_2048\/https:\/\/www.somoselmedio.com\/wp-content\/uploads\/2021\/05\/IMG_3313-2048x1536.jpg 2048w, https:\/\/cdn.shortpixel.ai\/client\/q_glossy,ret_img,w_80\/https:\/\/www.somoselmedio.com\/wp-content\/uploads\/2021\/05\/IMG_3313-80x60.jpg 80w, https:\/\/cdn.shortpixel.ai\/client\/q_glossy,ret_img,w_265\/https:\/\/www.somoselmedio.com\/wp-content\/uploads\/2021\/05\/IMG_3313-265x198.jpg 265w, https:\/\/cdn.shortpixel.ai\/client\/q_glossy,ret_img,w_696\/https:\/\/www.somoselmedio.com\/wp-content\/uploads\/2021\/05\/IMG_3313-696x522.jpg 696w, https:\/\/cdn.shortpixel.ai\/client\/q_glossy,ret_img,w_1068\/https:\/\/www.somoselmedio.com\/wp-content\/uploads\/2021\/05\/IMG_3313-1068x801.jpg 1068w, https:\/\/cdn.shortpixel.ai\/client\/q_glossy,ret_img,w_560\/https:\/\/www.somoselmedio.com\/wp-content\/uploads\/2021\/05\/IMG_3313-560x420.jpg 560w\" alt=\"\" width=\"1300\" height=\"975\" data-lazy-type=\"image\" data-src=\"https:\/\/cdn.shortpixel.ai\/client\/q_glossy,ret_img,w_1300,h_975\/https:\/\/www.somoselmedio.com\/wp-content\/uploads\/2021\/05\/IMG_3313-scaled.jpg\" data-srcset=\"\" \/><figcaption id=\"caption-attachment-20376\" class=\"wp-caption-text\">Fotograf\u00eda: Paco Dorado\/Somoselmedio.com<\/figcaption><\/figure>\n<p>Una semana despu\u00e9s, el 29 de abril, la <strong>Fiscal\u00eda General de Justicia del Estado de M\u00e9xico<\/strong> inform\u00f3 sobre la detenci\u00f3n de tres individuos como presuntos responsables: <strong>Cristian Yair \u201cN\u201d<\/strong>, alias \u201c<strong><em>el charly<\/em><\/strong>\u201d, de 18 a\u00f1os; <strong>Braian \u201cN\u201d<\/strong>, alias \u201c<strong><em>el crush<\/em><\/strong>\u201d y <strong>Cristian Omar \u201cN\u201d<\/strong>, ambos de 26 a\u00f1os; ellos hab\u00edan convivido con Ang\u00e9lica y Karla durante la noche del baile. En sus testimonios, Brian, \u201c<em>el crush<\/em>\u201d, confes\u00f3 el feminicidio y refiri\u00f3 que conoc\u00eda con anterioridad a Ang\u00e9lica y que ten\u00edan una relaci\u00f3n sentimental por Facebook y v\u00eda telef\u00f3nica, que hab\u00eda descubierto que lo enga\u00f1aba y que hab\u00eda decidido encararla junto con sus amigos para asesinarla, esta confesi\u00f3n caus\u00f3 indignaci\u00f3n tanto a la familia de ellas, como a la opini\u00f3n p\u00fablica, \u00bfc\u00f3mo es posible que un supuesto hecho as\u00ed, provoque el deseo de una persona por asesinar a otra?, \u00bfpor qu\u00e9 filtrar ese tipo de informaci\u00f3n por parte de las autoridades, que incurren en una revictimizaci\u00f3n flagrante?<\/p>\n<p>A dos a\u00f1os de los hechos, el proceso penal sigue su curso en la Fiscal\u00eda, sin embargo las autoridades no lo han tipificado como feminicidio, sin importar que existan al menos tres causales que el <strong>C\u00f3digo Penal del Estado de M\u00e9xico<\/strong>identifica como <strong>Razones de G\u00e9nero<\/strong> para acreditar el asesinato de una mujer como feminicidio, de acuerdo a su art\u00edculo 242 Bis. El proceso se est\u00e1 llevando a cabo por homicidio doloso.<\/p>\n<p>El mes de noviembre de ese mismo a\u00f1o Cristian Yair Garc\u00eda, de 18 a\u00f1os, fue sentenciado a 4 a\u00f1os y 22 d\u00edas de prisi\u00f3n por su participaci\u00f3n en el homicidio de la joven madre y su hija, pues al momento de los hechos \u00e9l era menor de edad. La sentencia fue dictada por una juez estatal adscrita al <strong>Distrito Judicial de Ecatepec<\/strong>, \u00e9l se encuentra en el Tutelar de Menores de Zinacantepec, en Toluca, Estado de M\u00e9xico.<\/p>\n<figure id=\"attachment_20377\" class=\"wp-caption alignnone\" aria-describedby=\"caption-attachment-20377\"><img loading=\"lazy\" decoding=\"async\" class=\"size-full wp-image-20377 lazy-loaded\" src=\"https:\/\/cdn.shortpixel.ai\/client\/q_glossy,ret_img,w_1300,h_975\/https:\/\/www.somoselmedio.com\/wp-content\/uploads\/2021\/05\/IMG_3508-scaled.jpg\" sizes=\"auto, (max-width: 1300px) 100vw, 1300px\" srcset=\"https:\/\/cdn.shortpixel.ai\/client\/q_glossy,ret_img,w_1300\/https:\/\/www.somoselmedio.com\/wp-content\/uploads\/2021\/05\/IMG_3508-scaled.jpg 1300w, https:\/\/cdn.shortpixel.ai\/client\/q_glossy,ret_img,w_300\/https:\/\/www.somoselmedio.com\/wp-content\/uploads\/2021\/05\/IMG_3508-300x225.jpg 300w, https:\/\/cdn.shortpixel.ai\/client\/q_glossy,ret_img,w_1024\/https:\/\/www.somoselmedio.com\/wp-content\/uploads\/2021\/05\/IMG_3508-1024x768.jpg 1024w, https:\/\/cdn.shortpixel.ai\/client\/q_glossy,ret_img,w_768\/https:\/\/www.somoselmedio.com\/wp-content\/uploads\/2021\/05\/IMG_3508-768x576.jpg 768w, https:\/\/cdn.shortpixel.ai\/client\/q_glossy,ret_img,w_80\/https:\/\/www.somoselmedio.com\/wp-content\/uploads\/2021\/05\/IMG_3508-80x60.jpg 80w, https:\/\/cdn.shortpixel.ai\/client\/q_glossy,ret_img,w_265\/https:\/\/www.somoselmedio.com\/wp-content\/uploads\/2021\/05\/IMG_3508-265x198.jpg 265w, https:\/\/cdn.shortpixel.ai\/client\/q_glossy,ret_img,w_696\/https:\/\/www.somoselmedio.com\/wp-content\/uploads\/2021\/05\/IMG_3508-696x522.jpg 696w, https:\/\/cdn.shortpixel.ai\/client\/q_glossy,ret_img,w_1068\/https:\/\/www.somoselmedio.com\/wp-content\/uploads\/2021\/05\/IMG_3508-1068x801.jpg 1068w, https:\/\/cdn.shortpixel.ai\/client\/q_glossy,ret_img,w_560\/https:\/\/www.somoselmedio.com\/wp-content\/uploads\/2021\/05\/IMG_3508-560x420.jpg 560w\" alt=\"\" width=\"1300\" height=\"975\" data-lazy-type=\"image\" data-src=\"https:\/\/cdn.shortpixel.ai\/client\/q_glossy,ret_img,w_1300,h_975\/https:\/\/www.somoselmedio.com\/wp-content\/uploads\/2021\/05\/IMG_3508-scaled.jpg\" data-srcset=\"\" \/><figcaption id=\"caption-attachment-20377\" class=\"wp-caption-text\">Fotograf\u00eda: Paco Dorado\/Somoselmedio.com<\/figcaption><\/figure>\n<p>Ecatepec es uno de los municipios con mayor incidencia feminicida a nivel nacional, de acuerdo a informaci\u00f3n oficial de la Fiscal\u00eda General de Justicia del Estado de M\u00e9xico, de los 514 feminicidios ocurridos durante 2015 y 2020 en el Estado de M\u00e9xico, 52 corresponden a esa entidad que supera el 12 por ciento de los 125 municipios conformantes del estado.<\/p>\n<p>Al d\u00eda de hoy la familia de Ang\u00e9lica y Karla no ha contado con ning\u00fan tipo de apoyo por parte de las autoridades del municipio y temen que el caso quede manchado con la impunidad que ha caracterizado al municipio y a todo el Estado de M\u00e9xico en la historia reciente de la impartici\u00f3n de justicia en la entidad, siendo que el presidente municipal, <strong>Fernando Vilchis<\/strong>, se hab\u00eda comprometido con los familiares junto con la titular del <strong>Instituto Municipal de las Mujeres e Igualdad Ecatepec<\/strong>para ejercer todo el peso de la ley.<\/p>\n<figure id=\"attachment_20378\" class=\"wp-caption alignnone\" aria-describedby=\"caption-attachment-20378\"><img loading=\"lazy\" decoding=\"async\" class=\"size-full wp-image-20378 lazy-loaded\" src=\"https:\/\/cdn.shortpixel.ai\/client\/q_glossy,ret_img,w_1300,h_975\/https:\/\/www.somoselmedio.com\/wp-content\/uploads\/2021\/05\/IMG_3609-scaled.jpg\" sizes=\"auto, (max-width: 1300px) 100vw, 1300px\" srcset=\"https:\/\/cdn.shortpixel.ai\/client\/q_glossy,ret_img,w_1300\/https:\/\/www.somoselmedio.com\/wp-content\/uploads\/2021\/05\/IMG_3609-scaled.jpg 1300w, https:\/\/cdn.shortpixel.ai\/client\/q_glossy,ret_img,w_300\/https:\/\/www.somoselmedio.com\/wp-content\/uploads\/2021\/05\/IMG_3609-300x225.jpg 300w, https:\/\/cdn.shortpixel.ai\/client\/q_glossy,ret_img,w_1024\/https:\/\/www.somoselmedio.com\/wp-content\/uploads\/2021\/05\/IMG_3609-1024x768.jpg 1024w, https:\/\/cdn.shortpixel.ai\/client\/q_glossy,ret_img,w_768\/https:\/\/www.somoselmedio.com\/wp-content\/uploads\/2021\/05\/IMG_3609-768x576.jpg 768w, https:\/\/cdn.shortpixel.ai\/client\/q_glossy,ret_img,w_80\/https:\/\/www.somoselmedio.com\/wp-content\/uploads\/2021\/05\/IMG_3609-80x60.jpg 80w, https:\/\/cdn.shortpixel.ai\/client\/q_glossy,ret_img,w_265\/https:\/\/www.somoselmedio.com\/wp-content\/uploads\/2021\/05\/IMG_3609-265x198.jpg 265w, https:\/\/cdn.shortpixel.ai\/client\/q_glossy,ret_img,w_696\/https:\/\/www.somoselmedio.com\/wp-content\/uploads\/2021\/05\/IMG_3609-696x522.jpg 696w, https:\/\/cdn.shortpixel.ai\/client\/q_glossy,ret_img,w_1068\/https:\/\/www.somoselmedio.com\/wp-content\/uploads\/2021\/05\/IMG_3609-1068x801.jpg 1068w, https:\/\/cdn.shortpixel.ai\/client\/q_glossy,ret_img,w_560\/https:\/\/www.somoselmedio.com\/wp-content\/uploads\/2021\/05\/IMG_3609-560x420.jpg 560w\" alt=\"\" width=\"1300\" height=\"975\" data-lazy-type=\"image\" data-src=\"https:\/\/cdn.shortpixel.ai\/client\/q_glossy,ret_img,w_1300,h_975\/https:\/\/www.somoselmedio.com\/wp-content\/uploads\/2021\/05\/IMG_3609-scaled.jpg\" data-srcset=\"\" \/><figcaption id=\"caption-attachment-20378\" class=\"wp-caption-text\">Fotograf\u00eda: Paco Dorado\/Somoselmedio.com<\/figcaption><\/figure>\n<p><strong>Punto Inicial: Ritual de la vida por Ang\u00e9lica y Karla (agua, viento, tierra, fuego)<\/strong><strong>\u00a0<\/strong><\/p>\n<p>A dos a\u00f1os del feminicidio de Ang\u00e9lica y Karla, el pasado 24 de abril, su familia camin\u00f3 por calles que fueron importantes para ellas, de la colonia Jardines de Morelos para rememorar la vida de ambas; conmemoraron dos a\u00f1os de su ausencia y la exigencia de justicia por medio de una jornada art\u00edstica, pol\u00edtica y perform\u00e1tica. Un ritual para celebrar la vida desde la presencia, tomando como referencia los cuatro elementos de la naturaleza: agua, aire, tierra y fuego; conformando un solo evento que apela a la esperanza y el amor: el <strong><em>Ritual por la vida de Ang\u00e9lica y Karla (agua, aire, tierra y fuego)<\/em><\/strong>. Fueron acompa\u00f1adas por la Red Denuncia Feminicidios Estado de M\u00e9xico quienes impulsaron la jornada junto con las colectivas Furia Perif\u00e9rica y Mujeres de la Periferia para la Periferia.<\/p>\n<p>Como primer punto, alrededor de las 9 de la ma\u00f1ana, la familia celebr\u00f3 una misa religiosa en memoria de Ang\u00e9lica y Karla en la Iglesia de Todos los Santos, de la secci\u00f3n Montes de la colonia. Posteriormente realizaron una caminata al Parque del Tri\u00e1ngulo, lugar donde Ang\u00e9lica y Karla pasaran sus \u00faltimos momentos en felicidad. Al frente de la comitiva se encontraba Ang\u00e9lica Esteves, hija de Ang\u00e9lica y hermanda de Karla; la acompa\u00f1a Rita Ram\u00edrez, hermana de Ang\u00e9lica y t\u00eda de Karla; ellas no han parado en acciones en la exigencia de justicia. Atr\u00e1s vienen sus familiares y las personas integrantes de las organizaciones de la sociedad civil.<\/p>\n<figure id=\"attachment_20379\" class=\"wp-caption alignnone\" aria-describedby=\"caption-attachment-20379\"><img loading=\"lazy\" decoding=\"async\" class=\"size-full wp-image-20379 lazy-loaded\" src=\"https:\/\/cdn.shortpixel.ai\/client\/q_glossy,ret_img,w_1300,h_975\/https:\/\/www.somoselmedio.com\/wp-content\/uploads\/2021\/05\/IMG_3585-scaled.jpg\" sizes=\"auto, (max-width: 1300px) 100vw, 1300px\" srcset=\"https:\/\/cdn.shortpixel.ai\/client\/q_glossy,ret_img,w_1300\/https:\/\/www.somoselmedio.com\/wp-content\/uploads\/2021\/05\/IMG_3585-scaled.jpg 1300w, https:\/\/cdn.shortpixel.ai\/client\/q_glossy,ret_img,w_300\/https:\/\/www.somoselmedio.com\/wp-content\/uploads\/2021\/05\/IMG_3585-300x225.jpg 300w, https:\/\/cdn.shortpixel.ai\/client\/q_glossy,ret_img,w_1024\/https:\/\/www.somoselmedio.com\/wp-content\/uploads\/2021\/05\/IMG_3585-1024x768.jpg 1024w, https:\/\/cdn.shortpixel.ai\/client\/q_glossy,ret_img,w_768\/https:\/\/www.somoselmedio.com\/wp-content\/uploads\/2021\/05\/IMG_3585-768x576.jpg 768w, https:\/\/cdn.shortpixel.ai\/client\/q_glossy,ret_img,w_80\/https:\/\/www.somoselmedio.com\/wp-content\/uploads\/2021\/05\/IMG_3585-80x60.jpg 80w, https:\/\/cdn.shortpixel.ai\/client\/q_glossy,ret_img,w_265\/https:\/\/www.somoselmedio.com\/wp-content\/uploads\/2021\/05\/IMG_3585-265x198.jpg 265w, https:\/\/cdn.shortpixel.ai\/client\/q_glossy,ret_img,w_696\/https:\/\/www.somoselmedio.com\/wp-content\/uploads\/2021\/05\/IMG_3585-696x522.jpg 696w, https:\/\/cdn.shortpixel.ai\/client\/q_glossy,ret_img,w_1068\/https:\/\/www.somoselmedio.com\/wp-content\/uploads\/2021\/05\/IMG_3585-1068x801.jpg 1068w, https:\/\/cdn.shortpixel.ai\/client\/q_glossy,ret_img,w_560\/https:\/\/www.somoselmedio.com\/wp-content\/uploads\/2021\/05\/IMG_3585-560x420.jpg 560w\" alt=\"\" width=\"1300\" height=\"975\" data-lazy-type=\"image\" data-src=\"https:\/\/cdn.shortpixel.ai\/client\/q_glossy,ret_img,w_1300,h_975\/https:\/\/www.somoselmedio.com\/wp-content\/uploads\/2021\/05\/IMG_3585-scaled.jpg\" data-srcset=\"\" \/><figcaption id=\"caption-attachment-20379\" class=\"wp-caption-text\">Fotograf\u00eda: Paco Dorado\/Somoselmedio.com<\/figcaption><\/figure>\n<p><strong>Primer Punto: Agua<\/strong><\/p>\n<p>\u00a1<em>Justicia para Karla y Ang\u00e9lica<\/em>!, \u00a1<em>Vilchis, escucha, las mujeres no se callan, eres un feminicida y te lo decimos en tu cara<\/em>!, fueron las palabras que al unison\u00f3 corearon y gritaron los asistentes entre los silencios de las calles y la sorpresa de los vecinos que miraban irrumpir su cotidianidad. La llegada apenas atrajo la atenci\u00f3n de algunos vecinos que se asomaron mientras un sonido del romper de las olas sale desde una bocina, B\u00e1rbara, Carolina, Magda, Karla y Berenice, de las colectivas Mujeres de la Periferia para la Periferia y Furia Perif\u00e9rica empezaron el primer performance: <em>Agua<\/em>.<\/p>\n<p><strong>Carolina Aguilar<\/strong>, de Furia Perif\u00e9rica comenta en entrevista: \u201c<em>Los movimientos en cada uno de los cuatro performances estuvieron inspirados en los sentires de cada una, en imaginarnos siendo cada uno de los elementos<\/em>\u201d. Sus cuerpos se mueven como agua, nadando al comp\u00e1s de la m\u00fasica, se mueven l\u00edquidamente, se entrelazan, giran y se encuentran. Es el paso de la b\u00fasqueda en el agua, el paso de la b\u00fasqueda de justicia, la b\u00fasqueda de s\u00ed mismas. \u201c<em>El paso de la b\u00fasqueda en el agua hasta encontrarnos a nosotras mismas<\/em>\u201d, concluye.<\/p>\n<figure id=\"attachment_20381\" class=\"wp-caption alignnone\" aria-describedby=\"caption-attachment-20381\"><img loading=\"lazy\" decoding=\"async\" class=\"size-full wp-image-20381 lazy-loaded\" src=\"https:\/\/cdn.shortpixel.ai\/client\/q_glossy,ret_img,w_1300,h_731\/https:\/\/www.somoselmedio.com\/wp-content\/uploads\/2021\/05\/IMG_3268-scaled.jpg\" sizes=\"auto, (max-width: 1300px) 100vw, 1300px\" srcset=\"https:\/\/cdn.shortpixel.ai\/client\/q_glossy,ret_img,w_1300\/https:\/\/www.somoselmedio.com\/wp-content\/uploads\/2021\/05\/IMG_3268-scaled.jpg 1300w, https:\/\/cdn.shortpixel.ai\/client\/q_glossy,ret_img,w_300\/https:\/\/www.somoselmedio.com\/wp-content\/uploads\/2021\/05\/IMG_3268-300x169.jpg 300w, https:\/\/cdn.shortpixel.ai\/client\/q_glossy,ret_img,w_1024\/https:\/\/www.somoselmedio.com\/wp-content\/uploads\/2021\/05\/IMG_3268-1024x576.jpg 1024w, https:\/\/cdn.shortpixel.ai\/client\/q_glossy,ret_img,w_768\/https:\/\/www.somoselmedio.com\/wp-content\/uploads\/2021\/05\/IMG_3268-768x432.jpg 768w, https:\/\/cdn.shortpixel.ai\/client\/q_glossy,ret_img,w_1536\/https:\/\/www.somoselmedio.com\/wp-content\/uploads\/2021\/05\/IMG_3268-1536x864.jpg 1536w, https:\/\/cdn.shortpixel.ai\/client\/q_glossy,ret_img,w_2048\/https:\/\/www.somoselmedio.com\/wp-content\/uploads\/2021\/05\/IMG_3268-2048x1152.jpg 2048w, https:\/\/cdn.shortpixel.ai\/client\/q_glossy,ret_img,w_696\/https:\/\/www.somoselmedio.com\/wp-content\/uploads\/2021\/05\/IMG_3268-696x391.jpg 696w, https:\/\/cdn.shortpixel.ai\/client\/q_glossy,ret_img,w_1068\/https:\/\/www.somoselmedio.com\/wp-content\/uploads\/2021\/05\/IMG_3268-1068x601.jpg 1068w, https:\/\/cdn.shortpixel.ai\/client\/q_glossy,ret_img,w_747\/https:\/\/www.somoselmedio.com\/wp-content\/uploads\/2021\/05\/IMG_3268-747x420.jpg 747w\" alt=\"\" width=\"1300\" height=\"731\" data-lazy-type=\"image\" data-src=\"https:\/\/cdn.shortpixel.ai\/client\/q_glossy,ret_img,w_1300,h_731\/https:\/\/www.somoselmedio.com\/wp-content\/uploads\/2021\/05\/IMG_3268-scaled.jpg\" data-srcset=\"\" \/><figcaption id=\"caption-attachment-20381\" class=\"wp-caption-text\">Fotograf\u00eda: Paco Dorado\/Somoselmedio.com<\/figcaption><\/figure>\n<p>Finalizado el performance Ang\u00e9lica T\u00e9llez toma la palabra para recordar a su madre y hermana, exige castigo a los asesinos. Exige justicia. \u201c<em>Pero una justicia bien, porque al menor de edad le dieron 4 a\u00f1os y 22 d\u00edas<\/em> (de prisi\u00f3n), <em>y no se me hace justo, porque cuatro a\u00f1os no vale la vida de mi mam\u00e1, ni de mi hermana; y que lo manejen como feminicidio, no como homicidio, porque \u00a1fue feminicidio! \u00a1Pido justicia por ellas<\/em>!\u201d<\/p>\n<p><em>\u201c\u00a1Ap\u00farate hija! Se nos hace tarde para ir al baile<\/em><\/p>\n<p><em>Ven, vamos a bailar otra vez nuestras manos como agua\u2026<\/em><\/p>\n<p><em>Aqu\u00ed estamos las que tenemos mariposas entre nuestra risa<\/em><\/p>\n<p><em>y cantos de aves entre nuestros vientres<\/em><\/p>\n<p><em>Las que seguimos bailando entre el azul profundo de la vida como agua<\/em><\/p>\n<p><em>No temas hija, no temas hermana,<\/em><\/p>\n<p><em>estamos surgiendo otra vez para que nunca nos atrapen,<\/em><\/p>\n<p><em>para que nunca nos alcancen,<\/em><\/p>\n<p><em>bailemos juntas otra vez\u2026\u201d<\/em><\/p>\n<p>(Fragmento de poema <em>El Baile del Agua<\/em>, escrito por <strong>Manuel Amador<\/strong>, de la Red Denuncia Feminicidios Estado de M\u00e9xico y le\u00eddo por <strong>Magda Soberanes<\/strong> de Mujeres de la Periferia para la Periferia, para Ang\u00e9lica y Karla)<\/p>\n<figure id=\"attachment_20403\" class=\"wp-caption alignnone\" aria-describedby=\"caption-attachment-20403\"><img loading=\"lazy\" decoding=\"async\" class=\"size-full wp-image-20403 lazy-loaded\" src=\"https:\/\/cdn.shortpixel.ai\/client\/q_glossy,ret_img,w_1277,h_958\/https:\/\/www.somoselmedio.com\/wp-content\/uploads\/2021\/05\/EC417A2C-AA69-433C-BBAD-68EEE3DB2158.jpeg\" sizes=\"auto, (max-width: 1277px) 100vw, 1277px\" srcset=\"https:\/\/cdn.shortpixel.ai\/client\/q_glossy,ret_img,w_1277\/https:\/\/www.somoselmedio.com\/wp-content\/uploads\/2021\/05\/EC417A2C-AA69-433C-BBAD-68EEE3DB2158.jpeg 1277w, https:\/\/cdn.shortpixel.ai\/client\/q_glossy,ret_img,w_300\/https:\/\/www.somoselmedio.com\/wp-content\/uploads\/2021\/05\/EC417A2C-AA69-433C-BBAD-68EEE3DB2158-300x225.jpeg 300w, https:\/\/cdn.shortpixel.ai\/client\/q_glossy,ret_img,w_1024\/https:\/\/www.somoselmedio.com\/wp-content\/uploads\/2021\/05\/EC417A2C-AA69-433C-BBAD-68EEE3DB2158-1024x768.jpeg 1024w, https:\/\/cdn.shortpixel.ai\/client\/q_glossy,ret_img,w_768\/https:\/\/www.somoselmedio.com\/wp-content\/uploads\/2021\/05\/EC417A2C-AA69-433C-BBAD-68EEE3DB2158-768x576.jpeg 768w, https:\/\/cdn.shortpixel.ai\/client\/q_glossy,ret_img,w_80\/https:\/\/www.somoselmedio.com\/wp-content\/uploads\/2021\/05\/EC417A2C-AA69-433C-BBAD-68EEE3DB2158-80x60.jpeg 80w, https:\/\/cdn.shortpixel.ai\/client\/q_glossy,ret_img,w_265\/https:\/\/www.somoselmedio.com\/wp-content\/uploads\/2021\/05\/EC417A2C-AA69-433C-BBAD-68EEE3DB2158-265x198.jpeg 265w, https:\/\/cdn.shortpixel.ai\/client\/q_glossy,ret_img,w_696\/https:\/\/www.somoselmedio.com\/wp-content\/uploads\/2021\/05\/EC417A2C-AA69-433C-BBAD-68EEE3DB2158-696x522.jpeg 696w, https:\/\/cdn.shortpixel.ai\/client\/q_glossy,ret_img,w_1068\/https:\/\/www.somoselmedio.com\/wp-content\/uploads\/2021\/05\/EC417A2C-AA69-433C-BBAD-68EEE3DB2158-1068x801.jpeg 1068w, https:\/\/cdn.shortpixel.ai\/client\/q_glossy,ret_img,w_560\/https:\/\/www.somoselmedio.com\/wp-content\/uploads\/2021\/05\/EC417A2C-AA69-433C-BBAD-68EEE3DB2158-560x420.jpeg 560w\" alt=\"\" width=\"1277\" height=\"958\" data-lazy-type=\"image\" data-src=\"https:\/\/cdn.shortpixel.ai\/client\/q_glossy,ret_img,w_1277,h_958\/https:\/\/www.somoselmedio.com\/wp-content\/uploads\/2021\/05\/EC417A2C-AA69-433C-BBAD-68EEE3DB2158.jpeg\" data-srcset=\"\" \/><figcaption id=\"caption-attachment-20403\" class=\"wp-caption-text\">Fotograf\u00eda: Paco Dorado\/Somoselmedio.com<\/figcaption><\/figure>\n<p>Carolina tambi\u00e9n recita un poema para exigir justicia y reconstruir esperanza, es una poes\u00eda que escribi\u00f3 inspirada en Ang\u00e9lica y Karla y lo que vivieron:<\/p>\n<p>\u201c<em>Contemplo la gran belleza e inmensidad del mar,<\/em><\/p>\n<p><em>mareas saladas vienen y van, as\u00ed como la vida,<\/em><\/p>\n<p><em>una ola se acerca a mi, me cubre los pies, el agua se siente tibia,<\/em><\/p>\n<p><em>cierro los ojos y decido imaginar que Karla y Ang\u00e9lica fueron como esas olas,<\/em><\/p>\n<p><em>tan libres, tan fuertes e intensas a la vida.<\/em><\/p>\n<p><em>Hoy ellas ya no est\u00e1n aqu\u00ed, pero les escribo estas palabras sobre el agua del mar,<\/em><\/p>\n<p><em>Intentando recuperar lo que fueron, lo que so\u00f1aron, lo que vivieron y lo que sintieron,<\/em><\/p>\n<p><em>\u00a1Justicia para Karla y para Ang\u00e9lica!<\/em>\u201d<\/p>\n<p>(Fragmento de poema escrito por Carolina Aguilar para Ang\u00e9lica y Karla)<\/p>\n<figure id=\"attachment_20383\" class=\"wp-caption alignnone\" aria-describedby=\"caption-attachment-20383\"><img loading=\"lazy\" decoding=\"async\" data-attachment-id=\"20383\" data-permalink=\"https:\/\/www.grieta.org.mx\/index.php\/2016\/08\/01\/logra-amparo-minera-canadiense\/sanantonio-570x259\/\" data-orig-file=\"https:\/\/www.grieta.org.mx\/wp-content\/uploads\/2016\/08\/sanantonio-570x259.jpg\" data-orig-size=\"570,259\" data-comments-opened=\"0\" data-image-meta=\"{&quot;aperture&quot;:&quot;0&quot;,&quot;credit&quot;:&quot;&quot;,&quot;camera&quot;:&quot;&quot;,&quot;caption&quot;:&quot;&quot;,&quot;created_timestamp&quot;:&quot;0&quot;,&quot;copyright&quot;:&quot;&quot;,&quot;focal_length&quot;:&quot;0&quot;,&quot;iso&quot;:&quot;0&quot;,&quot;shutter_speed&quot;:&quot;0&quot;,&quot;title&quot;:&quot;&quot;,&quot;orientation&quot;:&quot;0&quot;}\" data-image-title=\"sanantonio-570&amp;#215;259\" data-image-description=\"\" data-image-caption=\"\" data-medium-file=\"https:\/\/www.grieta.org.mx\/wp-content\/uploads\/2016\/08\/sanantonio-570x259-300x136.jpg\" data-large-file=\"https:\/\/www.grieta.org.mx\/wp-content\/uploads\/2016\/08\/sanantonio-570x259.jpg\" class=\"size-full wp-image-20383 lazy-loaded\" src=\"https:\/\/cdn.shortpixel.ai\/client\/q_glossy,ret_img,w_1300,h_975\/https:\/\/www.somoselmedio.com\/wp-content\/uploads\/2021\/05\/IMG_3566-scaled.jpg\" sizes=\"auto, (max-width: 1300px) 100vw, 1300px\" srcset=\"https:\/\/cdn.shortpixel.ai\/client\/q_glossy,ret_img,w_1300\/https:\/\/www.somoselmedio.com\/wp-content\/uploads\/2021\/05\/IMG_3566-scaled.jpg 1300w, https:\/\/cdn.shortpixel.ai\/client\/q_glossy,ret_img,w_300\/https:\/\/www.somoselmedio.com\/wp-content\/uploads\/2021\/05\/IMG_3566-300x225.jpg 300w, https:\/\/cdn.shortpixel.ai\/client\/q_glossy,ret_img,w_1024\/https:\/\/www.somoselmedio.com\/wp-content\/uploads\/2021\/05\/IMG_3566-1024x768.jpg 1024w, https:\/\/cdn.shortpixel.ai\/client\/q_glossy,ret_img,w_768\/https:\/\/www.somoselmedio.com\/wp-content\/uploads\/2021\/05\/IMG_3566-768x576.jpg 768w, https:\/\/cdn.shortpixel.ai\/client\/q_glossy,ret_img,w_80\/https:\/\/www.somoselmedio.com\/wp-content\/uploads\/2021\/05\/IMG_3566-80x60.jpg 80w, https:\/\/cdn.shortpixel.ai\/client\/q_glossy,ret_img,w_265\/https:\/\/www.somoselmedio.com\/wp-content\/uploads\/2021\/05\/IMG_3566-265x198.jpg 265w, https:\/\/cdn.shortpixel.ai\/client\/q_glossy,ret_img,w_696\/https:\/\/www.somoselmedio.com\/wp-content\/uploads\/2021\/05\/IMG_3566-696x522.jpg 696w, https:\/\/cdn.shortpixel.ai\/client\/q_glossy,ret_img,w_1068\/https:\/\/www.somoselmedio.com\/wp-content\/uploads\/2021\/05\/IMG_3566-1068x801.jpg 1068w, https:\/\/cdn.shortpixel.ai\/client\/q_glossy,ret_img,w_560\/https:\/\/www.somoselmedio.com\/wp-content\/uploads\/2021\/05\/IMG_3566-560x420.jpg 560w\" alt=\"\" width=\"1300\" height=\"975\" data-lazy-type=\"image\" data-src=\"https:\/\/cdn.shortpixel.ai\/client\/q_glossy,ret_img,w_1300,h_975\/https:\/\/www.somoselmedio.com\/wp-content\/uploads\/2021\/05\/IMG_3566-scaled.jpg\" data-srcset=\"\" \/><figcaption id=\"caption-attachment-20383\" class=\"wp-caption-text\">Fotograf\u00eda: Paco Dorado\/Somoselmedio.com<\/figcaption><\/figure>\n<p>Para finalizar el acto en este lugar mientras se escucha la canci\u00f3n \u201c<em>Remamos\u201d<\/em> de la cantautora Kany Garc\u00eda, interpretada junto a Natalia Lafourcade, reparten flores azules a los familiares y a los pocos vecinos que se han acercado, van dejando sus p\u00e9talos en ese lugar como una forma de comunicarse con ellas; al ir deshojando los p\u00e9talos de las flores decidieron formar un coraz\u00f3n que se qued\u00f3 como testimonio de presencia. Una sensaci\u00f3n de profundidad y viento suave acompa\u00f1a la comitiva \u00a1Justicia para Ang\u00e9lica y Karla!<\/p>\n<p><strong>Segundo Punto: Aire<\/strong><\/p>\n<p>Otra caminata para llegar a la segunda parada y realizar el siguiente performance:<em>Aire<\/em>, son las calles para llegar a la casa de Ang\u00e9lica Esteves, esta vez las integrantes de las colectivas se vistieron en alusi\u00f3n al vuelo y al aire con flores de nube blancas y azules que llevaban en las manos al aire. Una r\u00e1faga de aire llego y acompa\u00f1o la danza perform\u00e1tica con movimientos que hacen imaginar ese viento que roza los cuerpos o el vaiv\u00e9n del aire que mueve las ramas de un \u00e1rbol.<\/p>\n<figure id=\"attachment_20384\" class=\"wp-caption alignnone\" aria-describedby=\"caption-attachment-20384\"><img loading=\"lazy\" decoding=\"async\" class=\"size-full wp-image-20384 lazy-loaded\" src=\"https:\/\/cdn.shortpixel.ai\/client\/q_glossy,ret_img,w_1300,h_975\/https:\/\/www.somoselmedio.com\/wp-content\/uploads\/2021\/05\/IMG_3295-scaled.jpg\" sizes=\"auto, (max-width: 1300px) 100vw, 1300px\" srcset=\"https:\/\/cdn.shortpixel.ai\/client\/q_glossy,ret_img,w_1300\/https:\/\/www.somoselmedio.com\/wp-content\/uploads\/2021\/05\/IMG_3295-scaled.jpg 1300w, https:\/\/cdn.shortpixel.ai\/client\/q_glossy,ret_img,w_300\/https:\/\/www.somoselmedio.com\/wp-content\/uploads\/2021\/05\/IMG_3295-300x225.jpg 300w, https:\/\/cdn.shortpixel.ai\/client\/q_glossy,ret_img,w_1024\/https:\/\/www.somoselmedio.com\/wp-content\/uploads\/2021\/05\/IMG_3295-1024x768.jpg 1024w, https:\/\/cdn.shortpixel.ai\/client\/q_glossy,ret_img,w_768\/https:\/\/www.somoselmedio.com\/wp-content\/uploads\/2021\/05\/IMG_3295-768x576.jpg 768w, https:\/\/cdn.shortpixel.ai\/client\/q_glossy,ret_img,w_1536\/https:\/\/www.somoselmedio.com\/wp-content\/uploads\/2021\/05\/IMG_3295-1536x1152.jpg 1536w, https:\/\/cdn.shortpixel.ai\/client\/q_glossy,ret_img,w_2048\/https:\/\/www.somoselmedio.com\/wp-content\/uploads\/2021\/05\/IMG_3295-2048x1536.jpg 2048w, https:\/\/cdn.shortpixel.ai\/client\/q_glossy,ret_img,w_80\/https:\/\/www.somoselmedio.com\/wp-content\/uploads\/2021\/05\/IMG_3295-80x60.jpg 80w, https:\/\/cdn.shortpixel.ai\/client\/q_glossy,ret_img,w_265\/https:\/\/www.somoselmedio.com\/wp-content\/uploads\/2021\/05\/IMG_3295-265x198.jpg 265w, https:\/\/cdn.shortpixel.ai\/client\/q_glossy,ret_img,w_696\/https:\/\/www.somoselmedio.com\/wp-content\/uploads\/2021\/05\/IMG_3295-696x522.jpg 696w, https:\/\/cdn.shortpixel.ai\/client\/q_glossy,ret_img,w_1068\/https:\/\/www.somoselmedio.com\/wp-content\/uploads\/2021\/05\/IMG_3295-1068x801.jpg 1068w, https:\/\/cdn.shortpixel.ai\/client\/q_glossy,ret_img,w_560\/https:\/\/www.somoselmedio.com\/wp-content\/uploads\/2021\/05\/IMG_3295-560x420.jpg 560w\" alt=\"\" width=\"1300\" height=\"975\" data-lazy-type=\"image\" data-src=\"https:\/\/cdn.shortpixel.ai\/client\/q_glossy,ret_img,w_1300,h_975\/https:\/\/www.somoselmedio.com\/wp-content\/uploads\/2021\/05\/IMG_3295-scaled.jpg\" data-srcset=\"\" \/><figcaption id=\"caption-attachment-20384\" class=\"wp-caption-text\">Fotograf\u00eda: Paco Dorado\/Somoselmedio.com<\/figcaption><\/figure>\n<p><strong>Berenice Toriz<\/strong>, integrante de Furia Perif\u00e9rica comenta que realizaron el evento y en espec\u00edfico el momento de Aire \u201c<em>con la esperanza de traer nuevos aires a nuestro municipio que ha sido tan sangriento, con la esperanza de que ese viento se lleve la impunidad y traiga justicia para Karla y Ang\u00e9lica, as\u00ed como a su familia<\/em>\u201d.<\/p>\n<p>\u201c<em>El viento inquieto roz\u00f3 mi rostro, tra\u00eda un mensaje para m\u00ed,<\/em><\/p>\n<p><em>me dijo que la fortaleza est\u00e1 en quien no olvida,<\/em><\/p>\n<p><em>en quien se posa fuerte sobre la tierra para gritar sus nombres\u2026<\/em><\/p>\n<p><em>Grit\u00e9 a los cuatro vientos que ninguna mujer ser\u00eda olvidada,<\/em><\/p>\n<p><em>que las nombrar\u00eda las veces que fueran necesarias, hasta lograr justicia,<\/em><\/p>\n<p><em>Ahora sus nombres resonar\u00e1n en el viento, cruzar\u00e1n fronteras,<\/em><\/p>\n<p><em>Y se hablar\u00e1 de ellas como mujeres fuertes, atrevidas, rebeldes, valientes e insurgentes,<\/em><\/p>\n<p><em>\u00a1Justicia para Ang\u00e9lica! \u00a1Justicia para Karla!<\/em>\u201d<\/p>\n<p>(Fragmento de poema escrito por Carolina Aguilar para Ang\u00e9lica y Karla)<\/p>\n<figure id=\"attachment_20385\" class=\"wp-caption alignnone\" aria-describedby=\"caption-attachment-20385\"><img loading=\"lazy\" decoding=\"async\" class=\"size-full wp-image-20385 lazy-loaded\" src=\"https:\/\/cdn.shortpixel.ai\/client\/q_glossy,ret_img,w_1300,h_975\/https:\/\/www.somoselmedio.com\/wp-content\/uploads\/2021\/05\/IMG_3306-scaled.jpg\" sizes=\"auto, (max-width: 1300px) 100vw, 1300px\" srcset=\"https:\/\/cdn.shortpixel.ai\/client\/q_glossy,ret_img,w_1300\/https:\/\/www.somoselmedio.com\/wp-content\/uploads\/2021\/05\/IMG_3306-scaled.jpg 1300w, https:\/\/cdn.shortpixel.ai\/client\/q_glossy,ret_img,w_300\/https:\/\/www.somoselmedio.com\/wp-content\/uploads\/2021\/05\/IMG_3306-300x225.jpg 300w, https:\/\/cdn.shortpixel.ai\/client\/q_glossy,ret_img,w_1024\/https:\/\/www.somoselmedio.com\/wp-content\/uploads\/2021\/05\/IMG_3306-1024x768.jpg 1024w, https:\/\/cdn.shortpixel.ai\/client\/q_glossy,ret_img,w_768\/https:\/\/www.somoselmedio.com\/wp-content\/uploads\/2021\/05\/IMG_3306-768x576.jpg 768w, https:\/\/cdn.shortpixel.ai\/client\/q_glossy,ret_img,w_1536\/https:\/\/www.somoselmedio.com\/wp-content\/uploads\/2021\/05\/IMG_3306-1536x1152.jpg 1536w, https:\/\/cdn.shortpixel.ai\/client\/q_glossy,ret_img,w_2048\/https:\/\/www.somoselmedio.com\/wp-content\/uploads\/2021\/05\/IMG_3306-2048x1536.jpg 2048w, https:\/\/cdn.shortpixel.ai\/client\/q_glossy,ret_img,w_80\/https:\/\/www.somoselmedio.com\/wp-content\/uploads\/2021\/05\/IMG_3306-80x60.jpg 80w, https:\/\/cdn.shortpixel.ai\/client\/q_glossy,ret_img,w_265\/https:\/\/www.somoselmedio.com\/wp-content\/uploads\/2021\/05\/IMG_3306-265x198.jpg 265w, https:\/\/cdn.shortpixel.ai\/client\/q_glossy,ret_img,w_696\/https:\/\/www.somoselmedio.com\/wp-content\/uploads\/2021\/05\/IMG_3306-696x522.jpg 696w, https:\/\/cdn.shortpixel.ai\/client\/q_glossy,ret_img,w_1068\/https:\/\/www.somoselmedio.com\/wp-content\/uploads\/2021\/05\/IMG_3306-1068x801.jpg 1068w, https:\/\/cdn.shortpixel.ai\/client\/q_glossy,ret_img,w_560\/https:\/\/www.somoselmedio.com\/wp-content\/uploads\/2021\/05\/IMG_3306-560x420.jpg 560w\" alt=\"\" width=\"1300\" height=\"975\" data-lazy-type=\"image\" data-src=\"https:\/\/cdn.shortpixel.ai\/client\/q_glossy,ret_img,w_1300,h_975\/https:\/\/www.somoselmedio.com\/wp-content\/uploads\/2021\/05\/IMG_3306-scaled.jpg\" data-srcset=\"\" \/><figcaption id=\"caption-attachment-20385\" class=\"wp-caption-text\">Fotograf\u00eda: Paco Dorado\/Somoselmedio.com<\/figcaption><\/figure>\n<p>\u201c<em>Somos la quietud fresca despu\u00e9s de la lluvia cuando contemplas tus caminos por donde s\u00ed quieres caminar,<\/em><\/p>\n<p><em>somos aleteos p\u00e1jaros al viento cuando sales a la calle a luchar,<\/em><\/p>\n<p><em>colibr\u00ed entre tu pecho cuando enfrentas a los cobardes y asesinos,<\/em><\/p>\n<p><em>aqu\u00ed estamos cerca contigo entre el desierto como aires de esperanza,<\/em><\/p>\n<p><em>como cuando corremos juntas sobre los aires de la tarde<\/em>\u201d<\/p>\n<p>(Fragmento de poema <em>Aires por la Vida<\/em>, escrito por Manuel Amador, coordinador de la Red Denuncia Feminicidios Estado de M\u00e9xico, para Ang\u00e9lica y Karla)<\/p>\n<p>&nbsp;<\/p>\n<figure id=\"attachment_20404\" class=\"wp-caption alignright\" aria-describedby=\"caption-attachment-20404\"><img loading=\"lazy\" decoding=\"async\" class=\"size-full wp-image-20404\" src=\"https:\/\/cdn.shortpixel.ai\/client\/q_glossy,ret_img,w_1300,h_975\/https:\/\/www.somoselmedio.com\/wp-content\/uploads\/2021\/05\/0EE1B07D-5E03-4EA6-880D-E45675E8BB6C-scaled.jpeg\" sizes=\"auto, (max-width: 1300px) 100vw, 1300px\" srcset=\"https:\/\/cdn.shortpixel.ai\/client\/q_glossy,ret_img,w_1300\/https:\/\/www.somoselmedio.com\/wp-content\/uploads\/2021\/05\/0EE1B07D-5E03-4EA6-880D-E45675E8BB6C-scaled.jpeg 1300w, https:\/\/cdn.shortpixel.ai\/client\/q_glossy,ret_img,w_300\/https:\/\/www.somoselmedio.com\/wp-content\/uploads\/2021\/05\/0EE1B07D-5E03-4EA6-880D-E45675E8BB6C-300x225.jpeg 300w, https:\/\/cdn.shortpixel.ai\/client\/q_glossy,ret_img,w_1024\/https:\/\/www.somoselmedio.com\/wp-content\/uploads\/2021\/05\/0EE1B07D-5E03-4EA6-880D-E45675E8BB6C-1024x768.jpeg 1024w, https:\/\/cdn.shortpixel.ai\/client\/q_glossy,ret_img,w_768\/https:\/\/www.somoselmedio.com\/wp-content\/uploads\/2021\/05\/0EE1B07D-5E03-4EA6-880D-E45675E8BB6C-768x576.jpeg 768w, https:\/\/cdn.shortpixel.ai\/client\/q_glossy,ret_img,w_80\/https:\/\/www.somoselmedio.com\/wp-content\/uploads\/2021\/05\/0EE1B07D-5E03-4EA6-880D-E45675E8BB6C-80x60.jpeg 80w, https:\/\/cdn.shortpixel.ai\/client\/q_glossy,ret_img,w_265\/https:\/\/www.somoselmedio.com\/wp-content\/uploads\/2021\/05\/0EE1B07D-5E03-4EA6-880D-E45675E8BB6C-265x198.jpeg 265w, https:\/\/cdn.shortpixel.ai\/client\/q_glossy,ret_img,w_696\/https:\/\/www.somoselmedio.com\/wp-content\/uploads\/2021\/05\/0EE1B07D-5E03-4EA6-880D-E45675E8BB6C-696x522.jpeg 696w, https:\/\/cdn.shortpixel.ai\/client\/q_glossy,ret_img,w_1068\/https:\/\/www.somoselmedio.com\/wp-content\/uploads\/2021\/05\/0EE1B07D-5E03-4EA6-880D-E45675E8BB6C-1068x801.jpeg 1068w, https:\/\/cdn.shortpixel.ai\/client\/q_glossy,ret_img,w_560\/https:\/\/www.somoselmedio.com\/wp-content\/uploads\/2021\/05\/0EE1B07D-5E03-4EA6-880D-E45675E8BB6C-560x420.jpeg 560w\" alt=\"\" width=\"1300\" height=\"975\" data-lazy-type=\"image\" data-src=\"https:\/\/cdn.shortpixel.ai\/client\/q_glossy,ret_img,w_1300,h_975\/https:\/\/www.somoselmedio.com\/wp-content\/uploads\/2021\/05\/0EE1B07D-5E03-4EA6-880D-E45675E8BB6C-scaled.jpeg\" data-srcset=\"\" \/><figcaption id=\"caption-attachment-20404\" class=\"wp-caption-text\">Fotograf\u00eda: Paco Dorado\/Somoselmedio.com<\/figcaption><\/figure>\n<p><strong>Tercer punto: Tierra<\/strong><\/p>\n<p>El siguiente performance fue <em>Tierra<\/em><strong>, <\/strong>en la entrada del predio donde fueron abandonadas Ang\u00e9lica y Karla el d\u00eda que los asesinos decidieron arrebatarle su vida y sus sue\u00f1os, las mujeres de las colectivas visten con faldas y guirnaldas hechas de hojas de ma\u00edz, flores verdes y rojas en alusi\u00f3n al verde de la tierra.<\/p>\n<figure id=\"attachment_20386\" class=\"wp-caption alignnone\" aria-describedby=\"caption-attachment-20386\"><img loading=\"lazy\" decoding=\"async\" class=\"size-full wp-image-20386 lazy-loaded\" src=\"https:\/\/cdn.shortpixel.ai\/client\/q_glossy,ret_img,w_1300,h_975\/https:\/\/www.somoselmedio.com\/wp-content\/uploads\/2021\/05\/IMG_3456-scaled.jpg\" sizes=\"auto, (max-width: 1300px) 100vw, 1300px\" srcset=\"https:\/\/cdn.shortpixel.ai\/client\/q_glossy,ret_img,w_1300\/https:\/\/www.somoselmedio.com\/wp-content\/uploads\/2021\/05\/IMG_3456-scaled.jpg 1300w, https:\/\/cdn.shortpixel.ai\/client\/q_glossy,ret_img,w_300\/https:\/\/www.somoselmedio.com\/wp-content\/uploads\/2021\/05\/IMG_3456-300x225.jpg 300w, https:\/\/cdn.shortpixel.ai\/client\/q_glossy,ret_img,w_1024\/https:\/\/www.somoselmedio.com\/wp-content\/uploads\/2021\/05\/IMG_3456-1024x768.jpg 1024w, https:\/\/cdn.shortpixel.ai\/client\/q_glossy,ret_img,w_768\/https:\/\/www.somoselmedio.com\/wp-content\/uploads\/2021\/05\/IMG_3456-768x576.jpg 768w, https:\/\/cdn.shortpixel.ai\/client\/q_glossy,ret_img,w_80\/https:\/\/www.somoselmedio.com\/wp-content\/uploads\/2021\/05\/IMG_3456-80x60.jpg 80w, https:\/\/cdn.shortpixel.ai\/client\/q_glossy,ret_img,w_265\/https:\/\/www.somoselmedio.com\/wp-content\/uploads\/2021\/05\/IMG_3456-265x198.jpg 265w, https:\/\/cdn.shortpixel.ai\/client\/q_glossy,ret_img,w_696\/https:\/\/www.somoselmedio.com\/wp-content\/uploads\/2021\/05\/IMG_3456-696x522.jpg 696w, https:\/\/cdn.shortpixel.ai\/client\/q_glossy,ret_img,w_1068\/https:\/\/www.somoselmedio.com\/wp-content\/uploads\/2021\/05\/IMG_3456-1068x801.jpg 1068w, https:\/\/cdn.shortpixel.ai\/client\/q_glossy,ret_img,w_560\/https:\/\/www.somoselmedio.com\/wp-content\/uploads\/2021\/05\/IMG_3456-560x420.jpg 560w\" alt=\"\" width=\"1300\" height=\"975\" data-lazy-type=\"image\" data-src=\"https:\/\/cdn.shortpixel.ai\/client\/q_glossy,ret_img,w_1300,h_975\/https:\/\/www.somoselmedio.com\/wp-content\/uploads\/2021\/05\/IMG_3456-scaled.jpg\" data-srcset=\"\" \/><figcaption id=\"caption-attachment-20386\" class=\"wp-caption-text\">Fotograf\u00eda: Paco Dorado\/Somoselmedio.com<\/figcaption><\/figure>\n<p><em>\u201cNos detuvimos ah\u00ed y al fondo vimos un c\u00edrculo marcado en la tierra, no supimos porqu\u00e9, pero decidimos que ah\u00ed era el lugar ideal para continuar el ritual por la vida de Karla y Ang\u00e9lica, pues el performance hab\u00eda sido ideado en forma circular\u201d<\/em>, comenta Amador. Un remolino de viento y polvo apareci\u00f3 junto a la escena. Desde ese circulo aparecieron los cuerpos, como semillas, tallos, plantas al viento, movimientos de animales y fieras al acecho en busca de los victimarios asesinos, en la b\u00fasqueda de las autoridades negligentes que niegan el acceso a la justicia de las v\u00edctimas. Las manos y brazos enlazados, cuerpos emitiendo un lenguaje a favor de la fuerza de la dignidad desde lo femenino, un canto a la vida desde los cuerpos.<\/p>\n<figure id=\"attachment_20387\" class=\"wp-caption alignnone\" aria-describedby=\"caption-attachment-20387\"><img loading=\"lazy\" decoding=\"async\" class=\"size-full wp-image-20387 lazy-loaded\" src=\"https:\/\/cdn.shortpixel.ai\/client\/q_glossy,ret_img,w_1300,h_975\/https:\/\/www.somoselmedio.com\/wp-content\/uploads\/2021\/05\/IMG_3498-scaled.jpg\" sizes=\"auto, (max-width: 1300px) 100vw, 1300px\" srcset=\"https:\/\/cdn.shortpixel.ai\/client\/q_glossy,ret_img,w_1300\/https:\/\/www.somoselmedio.com\/wp-content\/uploads\/2021\/05\/IMG_3498-scaled.jpg 1300w, https:\/\/cdn.shortpixel.ai\/client\/q_glossy,ret_img,w_300\/https:\/\/www.somoselmedio.com\/wp-content\/uploads\/2021\/05\/IMG_3498-300x225.jpg 300w, https:\/\/cdn.shortpixel.ai\/client\/q_glossy,ret_img,w_1024\/https:\/\/www.somoselmedio.com\/wp-content\/uploads\/2021\/05\/IMG_3498-1024x768.jpg 1024w, https:\/\/cdn.shortpixel.ai\/client\/q_glossy,ret_img,w_768\/https:\/\/www.somoselmedio.com\/wp-content\/uploads\/2021\/05\/IMG_3498-768x576.jpg 768w, https:\/\/cdn.shortpixel.ai\/client\/q_glossy,ret_img,w_80\/https:\/\/www.somoselmedio.com\/wp-content\/uploads\/2021\/05\/IMG_3498-80x60.jpg 80w, https:\/\/cdn.shortpixel.ai\/client\/q_glossy,ret_img,w_265\/https:\/\/www.somoselmedio.com\/wp-content\/uploads\/2021\/05\/IMG_3498-265x198.jpg 265w, https:\/\/cdn.shortpixel.ai\/client\/q_glossy,ret_img,w_696\/https:\/\/www.somoselmedio.com\/wp-content\/uploads\/2021\/05\/IMG_3498-696x522.jpg 696w, https:\/\/cdn.shortpixel.ai\/client\/q_glossy,ret_img,w_1068\/https:\/\/www.somoselmedio.com\/wp-content\/uploads\/2021\/05\/IMG_3498-1068x801.jpg 1068w, https:\/\/cdn.shortpixel.ai\/client\/q_glossy,ret_img,w_560\/https:\/\/www.somoselmedio.com\/wp-content\/uploads\/2021\/05\/IMG_3498-560x420.jpg 560w\" alt=\"\" width=\"1300\" height=\"975\" data-lazy-type=\"image\" data-src=\"https:\/\/cdn.shortpixel.ai\/client\/q_glossy,ret_img,w_1300,h_975\/https:\/\/www.somoselmedio.com\/wp-content\/uploads\/2021\/05\/IMG_3498-scaled.jpg\" data-srcset=\"\" \/><figcaption id=\"caption-attachment-20387\" class=\"wp-caption-text\">Fotograf\u00eda: Paco Dorado\/Somoselmedio.com<\/figcaption><\/figure>\n<p>\u201c<em>En esta tierra fuiste libre, caminaste, so\u00f1aste,<\/em><\/p>\n<p><em>bailaste como todos lo hicieron con canciones que todos dicen que no se bailan,<\/em><\/p>\n<p><em>tus movimientos siempre fueron libres y con cada giro abr\u00e1zate la vida,<\/em><\/p>\n<p><em>fuiste alegr\u00eda, fuiste furia danzante,<\/em><\/p>\n<p><em>En esta tierra tambi\u00e9n arrebataron cada uno de tus p\u00e9talos hasta dejarte sin rastro,<\/em><\/p>\n<p><em>mi coraz\u00f3n llor\u00f3 cuando no te vio florecer como todas las ma\u00f1anas,<\/em><\/p>\n<p><em>no puedes imaginar ese dolor tan inmenso,<\/em><\/p>\n<p><em>ten\u00eda tantas preguntas y tantas respuestas,<\/em><\/p>\n<p><em>A dos a\u00f1os de tu partida, en esta tierra, proclamo que vuelvas a florecer,<\/em><\/p>\n<p><em>a danzar la vida y a dejar huella con tu inmensa alegr\u00eda,<\/em><\/p>\n<p><em>\u00a1Justicia para Ang\u00e9lica y para Karla!<\/em>\u201d<\/p>\n<p>(Fragmento de poema escrito por Carolina Aguilar y le\u00eddo por <strong>B\u00e1rbara Tor\u00edz<\/strong> para Ang\u00e9lica y Karla)<\/p>\n<figure id=\"attachment_20388\" class=\"wp-caption alignnone\" aria-describedby=\"caption-attachment-20388\"><img loading=\"lazy\" decoding=\"async\" class=\"size-full wp-image-20388 lazy-loaded\" src=\"https:\/\/cdn.shortpixel.ai\/client\/q_glossy,ret_img,w_1300,h_975\/https:\/\/www.somoselmedio.com\/wp-content\/uploads\/2021\/05\/IMG_3465-scaled.jpg\" sizes=\"auto, (max-width: 1300px) 100vw, 1300px\" srcset=\"https:\/\/cdn.shortpixel.ai\/client\/q_glossy,ret_img,w_1300\/https:\/\/www.somoselmedio.com\/wp-content\/uploads\/2021\/05\/IMG_3465-scaled.jpg 1300w, https:\/\/cdn.shortpixel.ai\/client\/q_glossy,ret_img,w_300\/https:\/\/www.somoselmedio.com\/wp-content\/uploads\/2021\/05\/IMG_3465-300x225.jpg 300w, https:\/\/cdn.shortpixel.ai\/client\/q_glossy,ret_img,w_1024\/https:\/\/www.somoselmedio.com\/wp-content\/uploads\/2021\/05\/IMG_3465-1024x768.jpg 1024w, https:\/\/cdn.shortpixel.ai\/client\/q_glossy,ret_img,w_768\/https:\/\/www.somoselmedio.com\/wp-content\/uploads\/2021\/05\/IMG_3465-768x576.jpg 768w, https:\/\/cdn.shortpixel.ai\/client\/q_glossy,ret_img,w_80\/https:\/\/www.somoselmedio.com\/wp-content\/uploads\/2021\/05\/IMG_3465-80x60.jpg 80w, https:\/\/cdn.shortpixel.ai\/client\/q_glossy,ret_img,w_265\/https:\/\/www.somoselmedio.com\/wp-content\/uploads\/2021\/05\/IMG_3465-265x198.jpg 265w, https:\/\/cdn.shortpixel.ai\/client\/q_glossy,ret_img,w_696\/https:\/\/www.somoselmedio.com\/wp-content\/uploads\/2021\/05\/IMG_3465-696x522.jpg 696w, https:\/\/cdn.shortpixel.ai\/client\/q_glossy,ret_img,w_1068\/https:\/\/www.somoselmedio.com\/wp-content\/uploads\/2021\/05\/IMG_3465-1068x801.jpg 1068w, https:\/\/cdn.shortpixel.ai\/client\/q_glossy,ret_img,w_560\/https:\/\/www.somoselmedio.com\/wp-content\/uploads\/2021\/05\/IMG_3465-560x420.jpg 560w\" alt=\"\" width=\"1300\" height=\"975\" data-lazy-type=\"image\" data-src=\"https:\/\/cdn.shortpixel.ai\/client\/q_glossy,ret_img,w_1300,h_975\/https:\/\/www.somoselmedio.com\/wp-content\/uploads\/2021\/05\/IMG_3465-scaled.jpg\" data-srcset=\"\" \/><figcaption id=\"caption-attachment-20388\" class=\"wp-caption-text\">Fotograf\u00eda: Paco Dorado\/Somoselmedio.com<\/figcaption><\/figure>\n<figure id=\"attachment_20405\" class=\"wp-caption alignnone\" aria-describedby=\"caption-attachment-20405\"><img loading=\"lazy\" decoding=\"async\" data-attachment-id=\"20405\" data-permalink=\"https:\/\/www.grieta.org.mx\/index.php\/2016\/07\/21\/bloquean-la-minera-de-san-felipe-empleados-inconformes\/mina-sanfelipe-foto-ivan-castaneira-20-1200-725x483-2\/\" data-orig-file=\"https:\/\/www.grieta.org.mx\/wp-content\/uploads\/2016\/08\/mina-sanfelipe-foto-ivan-castaneira-20-1200-725x483-1.jpg\" data-orig-size=\"725,483\" data-comments-opened=\"0\" data-image-meta=\"{&quot;aperture&quot;:&quot;0&quot;,&quot;credit&quot;:&quot;&quot;,&quot;camera&quot;:&quot;&quot;,&quot;caption&quot;:&quot;&quot;,&quot;created_timestamp&quot;:&quot;0&quot;,&quot;copyright&quot;:&quot;&quot;,&quot;focal_length&quot;:&quot;0&quot;,&quot;iso&quot;:&quot;0&quot;,&quot;shutter_speed&quot;:&quot;0&quot;,&quot;title&quot;:&quot;&quot;,&quot;orientation&quot;:&quot;0&quot;}\" data-image-title=\"mina-sanfelipe-foto-ivan-castaneira-20-1200-725&amp;#215;483\" data-image-description=\"\" data-image-caption=\"\" data-medium-file=\"https:\/\/www.grieta.org.mx\/wp-content\/uploads\/2016\/08\/mina-sanfelipe-foto-ivan-castaneira-20-1200-725x483-1-300x200.jpg\" data-large-file=\"https:\/\/www.grieta.org.mx\/wp-content\/uploads\/2016\/08\/mina-sanfelipe-foto-ivan-castaneira-20-1200-725x483-1.jpg\" class=\"size-full wp-image-20405 lazy-loaded\" src=\"https:\/\/cdn.shortpixel.ai\/client\/q_glossy,ret_img,w_1300,h_975\/https:\/\/www.somoselmedio.com\/wp-content\/uploads\/2021\/05\/CB727355-577F-41F0-9C4B-192A897F1A26-scaled.jpeg\" sizes=\"auto, (max-width: 1300px) 100vw, 1300px\" srcset=\"https:\/\/cdn.shortpixel.ai\/client\/q_glossy,ret_img,w_1300\/https:\/\/www.somoselmedio.com\/wp-content\/uploads\/2021\/05\/CB727355-577F-41F0-9C4B-192A897F1A26-scaled.jpeg 1300w, https:\/\/cdn.shortpixel.ai\/client\/q_glossy,ret_img,w_300\/https:\/\/www.somoselmedio.com\/wp-content\/uploads\/2021\/05\/CB727355-577F-41F0-9C4B-192A897F1A26-300x225.jpeg 300w, https:\/\/cdn.shortpixel.ai\/client\/q_glossy,ret_img,w_1024\/https:\/\/www.somoselmedio.com\/wp-content\/uploads\/2021\/05\/CB727355-577F-41F0-9C4B-192A897F1A26-1024x768.jpeg 1024w, https:\/\/cdn.shortpixel.ai\/client\/q_glossy,ret_img,w_768\/https:\/\/www.somoselmedio.com\/wp-content\/uploads\/2021\/05\/CB727355-577F-41F0-9C4B-192A897F1A26-768x576.jpeg 768w, https:\/\/cdn.shortpixel.ai\/client\/q_glossy,ret_img,w_80\/https:\/\/www.somoselmedio.com\/wp-content\/uploads\/2021\/05\/CB727355-577F-41F0-9C4B-192A897F1A26-80x60.jpeg 80w, https:\/\/cdn.shortpixel.ai\/client\/q_glossy,ret_img,w_265\/https:\/\/www.somoselmedio.com\/wp-content\/uploads\/2021\/05\/CB727355-577F-41F0-9C4B-192A897F1A26-265x198.jpeg 265w, https:\/\/cdn.shortpixel.ai\/client\/q_glossy,ret_img,w_696\/https:\/\/www.somoselmedio.com\/wp-content\/uploads\/2021\/05\/CB727355-577F-41F0-9C4B-192A897F1A26-696x522.jpeg 696w, https:\/\/cdn.shortpixel.ai\/client\/q_glossy,ret_img,w_1068\/https:\/\/www.somoselmedio.com\/wp-content\/uploads\/2021\/05\/CB727355-577F-41F0-9C4B-192A897F1A26-1068x801.jpeg 1068w, https:\/\/cdn.shortpixel.ai\/client\/q_glossy,ret_img,w_560\/https:\/\/www.somoselmedio.com\/wp-content\/uploads\/2021\/05\/CB727355-577F-41F0-9C4B-192A897F1A26-560x420.jpeg 560w\" alt=\"\" width=\"1300\" height=\"975\" data-lazy-type=\"image\" data-src=\"https:\/\/cdn.shortpixel.ai\/client\/q_glossy,ret_img,w_1300,h_975\/https:\/\/www.somoselmedio.com\/wp-content\/uploads\/2021\/05\/CB727355-577F-41F0-9C4B-192A897F1A26-scaled.jpeg\" data-srcset=\"\" \/><figcaption id=\"caption-attachment-20405\" class=\"wp-caption-text\">Fotograf\u00eda: Paco Dorado\/Somoselmedio.com<\/figcaption><\/figure>\n<p><strong><img loading=\"lazy\" decoding=\"async\" data-attachment-id=\"20406\" data-permalink=\"https:\/\/www.grieta.org.mx\/index.php\/2016\/07\/21\/bloquean-la-minera-de-san-felipe-empleados-inconformes\/tumblr_oan7qugpha1r3n1bbo1_500\/\" data-orig-file=\"https:\/\/www.grieta.org.mx\/wp-content\/uploads\/2016\/08\/tumblr_oan7qugpha1r3n1bbo1_500.jpg\" data-orig-size=\"500,281\" data-comments-opened=\"0\" data-image-meta=\"{&quot;aperture&quot;:&quot;0&quot;,&quot;credit&quot;:&quot;&quot;,&quot;camera&quot;:&quot;&quot;,&quot;caption&quot;:&quot;&quot;,&quot;created_timestamp&quot;:&quot;0&quot;,&quot;copyright&quot;:&quot;&quot;,&quot;focal_length&quot;:&quot;0&quot;,&quot;iso&quot;:&quot;0&quot;,&quot;shutter_speed&quot;:&quot;0&quot;,&quot;title&quot;:&quot;&quot;,&quot;orientation&quot;:&quot;0&quot;}\" data-image-title=\"tumblr_oan7qugpha1r3n1bbo1_500\" data-image-description=\"\" data-image-caption=\"\" data-medium-file=\"https:\/\/www.grieta.org.mx\/wp-content\/uploads\/2016\/08\/tumblr_oan7qugpha1r3n1bbo1_500-300x169.jpg\" data-large-file=\"https:\/\/www.grieta.org.mx\/wp-content\/uploads\/2016\/08\/tumblr_oan7qugpha1r3n1bbo1_500.jpg\" class=\"alignnone size-full wp-image-20406 lazy-loaded\" src=\"https:\/\/cdn.shortpixel.ai\/client\/q_glossy,ret_img,w_768,h_1024\/https:\/\/www.somoselmedio.com\/wp-content\/uploads\/2021\/05\/AFB42544-C62C-4520-8252-A6D65741E71E-scaled.jpeg\" sizes=\"auto, (max-width: 768px) 100vw, 768px\" srcset=\"https:\/\/cdn.shortpixel.ai\/client\/q_glossy,ret_img,w_768\/https:\/\/www.somoselmedio.com\/wp-content\/uploads\/2021\/05\/AFB42544-C62C-4520-8252-A6D65741E71E-scaled.jpeg 768w, https:\/\/cdn.shortpixel.ai\/client\/q_glossy,ret_img,w_225\/https:\/\/www.somoselmedio.com\/wp-content\/uploads\/2021\/05\/AFB42544-C62C-4520-8252-A6D65741E71E-225x300.jpeg 225w, https:\/\/cdn.shortpixel.ai\/client\/q_glossy,ret_img,w_696\/https:\/\/www.somoselmedio.com\/wp-content\/uploads\/2021\/05\/AFB42544-C62C-4520-8252-A6D65741E71E-696x928.jpeg 696w, https:\/\/cdn.shortpixel.ai\/client\/q_glossy,ret_img,w_1068\/https:\/\/www.somoselmedio.com\/wp-content\/uploads\/2021\/05\/AFB42544-C62C-4520-8252-A6D65741E71E-1068x1424.jpeg 1068w, https:\/\/cdn.shortpixel.ai\/client\/q_glossy,ret_img,w_315\/https:\/\/www.somoselmedio.com\/wp-content\/uploads\/2021\/05\/AFB42544-C62C-4520-8252-A6D65741E71E-315x420.jpeg 315w\" alt=\"\" width=\"768\" height=\"1024\" data-lazy-type=\"image\" data-src=\"https:\/\/cdn.shortpixel.ai\/client\/q_glossy,ret_img,w_768,h_1024\/https:\/\/www.somoselmedio.com\/wp-content\/uploads\/2021\/05\/AFB42544-C62C-4520-8252-A6D65741E71E-scaled.jpeg\" data-srcset=\"\" \/><\/strong><\/p>\n<p><strong>Cuarto y \u00faltimo punto: Fuego<\/strong><\/p>\n<p>Al adentrarse al mismo lote bald\u00edo, al fondo, se realiza la \u00faltima parada que correspond\u00eda a <em>Fuego<\/em><strong>. <\/strong>En el lugar justo donde el 21 de abril del 2019 se encontraron los cuerpos de Ang\u00e9lica y Karla ahora hay dos cruces juntas con sus nombres. Dos antorchas fueron prendidas por los familiares, simbolizando la presencia de ellas, las j\u00f3venes que realizan el \u00faltimo performance visten con colores alusivos al fuego: naranja, rojo, y amarillo, con flores de esos mismos colores.<\/p>\n<figure id=\"attachment_20389\" class=\"wp-caption alignnone\" aria-describedby=\"caption-attachment-20389\"><img loading=\"lazy\" decoding=\"async\" class=\"size-full wp-image-20389 lazy-loaded\" src=\"https:\/\/cdn.shortpixel.ai\/client\/q_glossy,ret_img,w_1300,h_975\/https:\/\/www.somoselmedio.com\/wp-content\/uploads\/2021\/05\/IMG_3395-scaled.jpg\" sizes=\"auto, (max-width: 1300px) 100vw, 1300px\" srcset=\"https:\/\/cdn.shortpixel.ai\/client\/q_glossy,ret_img,w_1300\/https:\/\/www.somoselmedio.com\/wp-content\/uploads\/2021\/05\/IMG_3395-scaled.jpg 1300w, https:\/\/cdn.shortpixel.ai\/client\/q_glossy,ret_img,w_300\/https:\/\/www.somoselmedio.com\/wp-content\/uploads\/2021\/05\/IMG_3395-300x225.jpg 300w, https:\/\/cdn.shortpixel.ai\/client\/q_glossy,ret_img,w_1024\/https:\/\/www.somoselmedio.com\/wp-content\/uploads\/2021\/05\/IMG_3395-1024x768.jpg 1024w, https:\/\/cdn.shortpixel.ai\/client\/q_glossy,ret_img,w_768\/https:\/\/www.somoselmedio.com\/wp-content\/uploads\/2021\/05\/IMG_3395-768x576.jpg 768w, https:\/\/cdn.shortpixel.ai\/client\/q_glossy,ret_img,w_80\/https:\/\/www.somoselmedio.com\/wp-content\/uploads\/2021\/05\/IMG_3395-80x60.jpg 80w, https:\/\/cdn.shortpixel.ai\/client\/q_glossy,ret_img,w_265\/https:\/\/www.somoselmedio.com\/wp-content\/uploads\/2021\/05\/IMG_3395-265x198.jpg 265w, https:\/\/cdn.shortpixel.ai\/client\/q_glossy,ret_img,w_696\/https:\/\/www.somoselmedio.com\/wp-content\/uploads\/2021\/05\/IMG_3395-696x522.jpg 696w, https:\/\/cdn.shortpixel.ai\/client\/q_glossy,ret_img,w_1068\/https:\/\/www.somoselmedio.com\/wp-content\/uploads\/2021\/05\/IMG_3395-1068x801.jpg 1068w, https:\/\/cdn.shortpixel.ai\/client\/q_glossy,ret_img,w_560\/https:\/\/www.somoselmedio.com\/wp-content\/uploads\/2021\/05\/IMG_3395-560x420.jpg 560w\" alt=\"\" width=\"1300\" height=\"975\" data-lazy-type=\"image\" data-src=\"https:\/\/cdn.shortpixel.ai\/client\/q_glossy,ret_img,w_1300,h_975\/https:\/\/www.somoselmedio.com\/wp-content\/uploads\/2021\/05\/IMG_3395-scaled.jpg\" data-srcset=\"\" \/><figcaption id=\"caption-attachment-20389\" class=\"wp-caption-text\">Fotograf\u00eda: Paco Dorado\/Somoselmedio.com<\/figcaption><\/figure>\n<p>En el acto aparecieron los cuerpos y danzaron alrededor de las cruces, movimientos de manos, giros y vaivenes para construir memoria y esperanza. \u201c<em>Recuerdo que el d\u00eda del ensayo dec\u00edamos que deb\u00edamos sentirnos ese fuego libre, peligroso, que domina y paraliza o sentirnos como quien resurge de las cenizas despu\u00e9s de apagar el fuego<\/em>\u201d, comenta Carolina en entrevista.<\/p>\n<p>\u201c<em>Las asesinaste con cada palabra que sale de tus labios,<\/em><\/p>\n<p><em>las asesinaste con cada golpe,<\/em><\/p>\n<p><em>las dejaste sin sue\u00f1os, las pisoteaste, las humillaste,<\/em><\/p>\n<p><em>las destruiste porque pensabas que eran de tu propiedad<\/em><\/p>\n<p><em>y ahora, sin cuerpo y sin vida ya no les podr\u00e1s hacer m\u00e1s da\u00f1o,<\/em><\/p>\n<p><em>pero en el momento indicado saldr\u00e1n del suelo<\/em><\/p>\n<p><em>y con mi cuerpo y mi vos que les he prestado<\/em><\/p>\n<p><em>haremos que lentamente te pierdas en el mismo fuego que les hiciste sufrir<\/em><\/p>\n<p><em>desde lo alto de la monta\u00f1a veremos consumirte<\/em><\/p>\n<p><em>te escucharemos gritar,<\/em><\/p>\n<p><em>y tras verte consumido comenzar\u00e1 nuestra revoluci\u00f3n<\/em><\/p>\n<p><em>\u00a1Fuego! \u00a1Fuego! \u00a1Fuego!<\/em><\/p>\n<p><em>Nos reapropiaremos de ese fuego, las llamas crecer\u00e1n,<\/em><\/p>\n<p><em>se extender\u00e1n por miles de kil\u00f3metros,<\/em><\/p>\n<p><em>y nadie, absolutamente nadie podr\u00e1 apagarlo<\/em><\/p>\n<p><em>porque ahora ese fuego sanar\u00e1 las heridas<\/em><\/p>\n<p><em>y dar\u00e1 vida a esas a las mujeres que haz asesinado,<\/em><\/p>\n<p><em>\u00a1Justicia para Ang\u00e9lica y Karla!<\/em>\u201d<\/p>\n<p>(Poema escrito por Carolina Aguilar y le\u00eddo por Berenice Tor\u00edz para Ang\u00e9lica y Karla)<\/p>\n<figure id=\"attachment_20390\" class=\"wp-caption alignnone\" aria-describedby=\"caption-attachment-20390\"><img loading=\"lazy\" decoding=\"async\" data-attachment-id=\"20390\" data-permalink=\"https:\/\/www.grieta.org.mx\/index.php\/2016\/08\/21\/slim-el-voraz\/c1-sanfelipe-ivan-castaneira01\/\" data-orig-file=\"https:\/\/www.grieta.org.mx\/wp-content\/uploads\/2016\/08\/c1-sanfelipe-ivan-castaneira01.jpg\" data-orig-size=\"1200,659\" data-comments-opened=\"0\" data-image-meta=\"{&quot;aperture&quot;:&quot;0&quot;,&quot;credit&quot;:&quot;&quot;,&quot;camera&quot;:&quot;&quot;,&quot;caption&quot;:&quot;&quot;,&quot;created_timestamp&quot;:&quot;0&quot;,&quot;copyright&quot;:&quot;Ivan Castaneira&quot;,&quot;focal_length&quot;:&quot;0&quot;,&quot;iso&quot;:&quot;0&quot;,&quot;shutter_speed&quot;:&quot;0&quot;,&quot;title&quot;:&quot;&quot;,&quot;orientation&quot;:&quot;0&quot;}\" data-image-title=\"c1-sanfelipe-ivan-castaneira01\" data-image-description=\"\" data-image-caption=\"\" data-medium-file=\"https:\/\/www.grieta.org.mx\/wp-content\/uploads\/2016\/08\/c1-sanfelipe-ivan-castaneira01-300x165.jpg\" data-large-file=\"https:\/\/www.grieta.org.mx\/wp-content\/uploads\/2016\/08\/c1-sanfelipe-ivan-castaneira01-1024x562.jpg\" class=\"size-full wp-image-20390 lazy-loaded\" src=\"https:\/\/cdn.shortpixel.ai\/client\/q_glossy,ret_img,w_1300,h_975\/https:\/\/www.somoselmedio.com\/wp-content\/uploads\/2021\/05\/IMG_3415-scaled.jpg\" sizes=\"auto, (max-width: 1300px) 100vw, 1300px\" srcset=\"https:\/\/cdn.shortpixel.ai\/client\/q_glossy,ret_img,w_1300\/https:\/\/www.somoselmedio.com\/wp-content\/uploads\/2021\/05\/IMG_3415-scaled.jpg 1300w, https:\/\/cdn.shortpixel.ai\/client\/q_glossy,ret_img,w_300\/https:\/\/www.somoselmedio.com\/wp-content\/uploads\/2021\/05\/IMG_3415-300x225.jpg 300w, https:\/\/cdn.shortpixel.ai\/client\/q_glossy,ret_img,w_1024\/https:\/\/www.somoselmedio.com\/wp-content\/uploads\/2021\/05\/IMG_3415-1024x768.jpg 1024w, https:\/\/cdn.shortpixel.ai\/client\/q_glossy,ret_img,w_768\/https:\/\/www.somoselmedio.com\/wp-content\/uploads\/2021\/05\/IMG_3415-768x576.jpg 768w, https:\/\/cdn.shortpixel.ai\/client\/q_glossy,ret_img,w_80\/https:\/\/www.somoselmedio.com\/wp-content\/uploads\/2021\/05\/IMG_3415-80x60.jpg 80w, https:\/\/cdn.shortpixel.ai\/client\/q_glossy,ret_img,w_265\/https:\/\/www.somoselmedio.com\/wp-content\/uploads\/2021\/05\/IMG_3415-265x198.jpg 265w, https:\/\/cdn.shortpixel.ai\/client\/q_glossy,ret_img,w_696\/https:\/\/www.somoselmedio.com\/wp-content\/uploads\/2021\/05\/IMG_3415-696x522.jpg 696w, https:\/\/cdn.shortpixel.ai\/client\/q_glossy,ret_img,w_1068\/https:\/\/www.somoselmedio.com\/wp-content\/uploads\/2021\/05\/IMG_3415-1068x801.jpg 1068w, https:\/\/cdn.shortpixel.ai\/client\/q_glossy,ret_img,w_560\/https:\/\/www.somoselmedio.com\/wp-content\/uploads\/2021\/05\/IMG_3415-560x420.jpg 560w\" alt=\"\" width=\"1300\" height=\"975\" data-lazy-type=\"image\" data-src=\"https:\/\/cdn.shortpixel.ai\/client\/q_glossy,ret_img,w_1300,h_975\/https:\/\/www.somoselmedio.com\/wp-content\/uploads\/2021\/05\/IMG_3415-scaled.jpg\" data-srcset=\"\" \/><figcaption id=\"caption-attachment-20390\" class=\"wp-caption-text\">Fotograf\u00eda: Paco Dorado\/Somoselmedio.com<\/figcaption><\/figure>\n<p>Finalmente Ang\u00e9lica ley\u00f3 una carta que le escribi\u00f3 a su madre:<\/p>\n<p>\u201c<em>Te fuiste de mi lado, en silencio fue tu partida, mi coraz\u00f3n se ha desangrado por tan s\u00fabita despedida.<\/em><\/p>\n<p><em>Tu esp\u00edritu luchador a la vida se aferraba, m\u00e1s Dios desesperado a su lado te llamaba, en \u00e1ngel te has convertido, velando por nosotros est\u00e1s, aguardando a que se cumplan las citas de reuniones en la eternidad, sin embargo me parece tan lejos, quisiera ahora poderte abrazar\u2026<\/em><\/p>\n<p><em>Te busco, te llamo, no te encuentro.<\/em><\/p>\n<p><em>Dime c\u00f3mo ha de consolar tu amor incalculable de una madre, no tiene comparaci\u00f3n.<\/em><\/p>\n<p><em>S\u00e9 que en el cielo habitas, a lado de Dios has de estar, aguardar\u00e9 pacientemente el d\u00eda en que nos volvamos a encontrar, entonces ser\u00e1 para siempre nada ni nadie nos podr\u00e1 separar, no temer\u00e9 cuando llegue mi momento, pues tu presencia me confortar\u00e1, me esforzar\u00e9 para ganarme el cielo, para no perderte nunca m\u00e1s, mientras tanto gu\u00eda mis pasos, ilumina mis senda, ens\u00e9\u00f1ame el camino, que tu presencia me rode\u00e9 siempre hasta que se cumpla mi destino.<\/em><\/p>\n<p><em>\u00a1Te amo mam\u00e1!<\/em>\u201d<\/p>\n<p>Aplausos y gritos de justicia, mientras les dedicaron a la familia la canci\u00f3n <strong><em>Hasta la Ra\u00edz<\/em><\/strong>, de Natalia Lafourcade, interpretada por <strong>Susana Baca<\/strong>. Los cuerpos de los asistentes exhalaban silencio, lagrimas entre abrazos<strong>. <\/strong>Las antorchas poco a poco se apagaron. Una vez mas aplausos, vivas, aplausos y porras para Karla y Ang\u00e9lica.<\/p>\n<figure id=\"attachment_20402\" class=\"wp-caption alignright\" aria-describedby=\"caption-attachment-20402\"><img loading=\"lazy\" decoding=\"async\" class=\"size-full wp-image-20402 lazy-loaded\" src=\"https:\/\/cdn.shortpixel.ai\/client\/q_glossy,ret_img,w_1300,h_975\/https:\/\/www.somoselmedio.com\/wp-content\/uploads\/2021\/05\/2D1C4456-A4DF-45FC-AEB0-263CC4134568-scaled.jpeg\" sizes=\"auto, (max-width: 1300px) 100vw, 1300px\" srcset=\"https:\/\/cdn.shortpixel.ai\/client\/q_glossy,ret_img,w_1300\/https:\/\/www.somoselmedio.com\/wp-content\/uploads\/2021\/05\/2D1C4456-A4DF-45FC-AEB0-263CC4134568-scaled.jpeg 1300w, https:\/\/cdn.shortpixel.ai\/client\/q_glossy,ret_img,w_300\/https:\/\/www.somoselmedio.com\/wp-content\/uploads\/2021\/05\/2D1C4456-A4DF-45FC-AEB0-263CC4134568-300x225.jpeg 300w, https:\/\/cdn.shortpixel.ai\/client\/q_glossy,ret_img,w_1024\/https:\/\/www.somoselmedio.com\/wp-content\/uploads\/2021\/05\/2D1C4456-A4DF-45FC-AEB0-263CC4134568-1024x768.jpeg 1024w, https:\/\/cdn.shortpixel.ai\/client\/q_glossy,ret_img,w_768\/https:\/\/www.somoselmedio.com\/wp-content\/uploads\/2021\/05\/2D1C4456-A4DF-45FC-AEB0-263CC4134568-768x576.jpeg 768w, https:\/\/cdn.shortpixel.ai\/client\/q_glossy,ret_img,w_80\/https:\/\/www.somoselmedio.com\/wp-content\/uploads\/2021\/05\/2D1C4456-A4DF-45FC-AEB0-263CC4134568-80x60.jpeg 80w, https:\/\/cdn.shortpixel.ai\/client\/q_glossy,ret_img,w_265\/https:\/\/www.somoselmedio.com\/wp-content\/uploads\/2021\/05\/2D1C4456-A4DF-45FC-AEB0-263CC4134568-265x198.jpeg 265w, https:\/\/cdn.shortpixel.ai\/client\/q_glossy,ret_img,w_696\/https:\/\/www.somoselmedio.com\/wp-content\/uploads\/2021\/05\/2D1C4456-A4DF-45FC-AEB0-263CC4134568-696x522.jpeg 696w, https:\/\/cdn.shortpixel.ai\/client\/q_glossy,ret_img,w_1068\/https:\/\/www.somoselmedio.com\/wp-content\/uploads\/2021\/05\/2D1C4456-A4DF-45FC-AEB0-263CC4134568-1068x801.jpeg 1068w, https:\/\/cdn.shortpixel.ai\/client\/q_glossy,ret_img,w_560\/https:\/\/www.somoselmedio.com\/wp-content\/uploads\/2021\/05\/2D1C4456-A4DF-45FC-AEB0-263CC4134568-560x420.jpeg 560w\" alt=\"\" width=\"1300\" height=\"975\" data-lazy-type=\"image\" data-src=\"https:\/\/cdn.shortpixel.ai\/client\/q_glossy,ret_img,w_1300,h_975\/https:\/\/www.somoselmedio.com\/wp-content\/uploads\/2021\/05\/2D1C4456-A4DF-45FC-AEB0-263CC4134568-scaled.jpeg\" data-srcset=\"\" \/><figcaption id=\"caption-attachment-20402\" class=\"wp-caption-text\">Fotograf\u00eda: Paco Dorado\/Somoselmedio.com<\/figcaption><\/figure>\n<p>\u201c<em>Este tipo de acciones son importantes porque nos permiten visibilizar las violencias y la impunidad patriarcal que existen en el Estado de M\u00e9xico<\/em>\u201d. comenta en entrevista Carolina; en ese mismo sentido Magda Soberanes, integrante de las Mujeres de la Periferia para la Periferia comenta que tambi\u00e9n \u201c<em>es importante visibilizar, nombrar, rememorar la vida de todas aquellas mujeres que nos han arrebatado, accionando desde la rabia, pero tambi\u00e9n desde el amor, las ganas de cambiar el espacio para las que est\u00e1n y las que vienen<\/em>\u201d. <strong>B\u00e1rbara Toriz<\/strong>, de Furia Perif\u00e9rica putualiza sobre la importancia de \u201c<em>acuerpar a la familia y seres queridos de las v\u00edctimas; dar voz con todo el cuerpo a quienes han silenciado principalmente para exigir justicia. Todo a trav\u00e9s del arte ya que, como forma de expresi\u00f3n y manifestaci\u00f3n art\u00edstica, atraviesa y va m\u00e1s all\u00e1 de la protesta. Tambi\u00e9n conecta con quienes lo realizan y quienes lo presencian, permitiendo quiz\u00e1 la catarsis del enojo, la tristeza, el temor o desamparo, y el cobijo del amor, la esperanza, la compa\u00f1\u00eda y resistencia para seguir en pie de lucha<\/em>\u201d.<\/p>\n<figure id=\"attachment_20392\" class=\"wp-caption alignnone\" aria-describedby=\"caption-attachment-20392\"><img loading=\"lazy\" decoding=\"async\" data-attachment-id=\"20392\" data-permalink=\"https:\/\/www.grieta.org.mx\/index.php\/2016\/08\/21\/slim-el-voraz\/mina-sanfelipe-foto-ivan-castaneira-17-1200-725x483\/\" data-orig-file=\"https:\/\/www.grieta.org.mx\/wp-content\/uploads\/2016\/08\/mina-sanfelipe-foto-ivan-castaneira-17-1200-725x483.jpg\" data-orig-size=\"725,483\" data-comments-opened=\"0\" data-image-meta=\"{&quot;aperture&quot;:&quot;0&quot;,&quot;credit&quot;:&quot;&quot;,&quot;camera&quot;:&quot;&quot;,&quot;caption&quot;:&quot;&quot;,&quot;created_timestamp&quot;:&quot;0&quot;,&quot;copyright&quot;:&quot;&quot;,&quot;focal_length&quot;:&quot;0&quot;,&quot;iso&quot;:&quot;0&quot;,&quot;shutter_speed&quot;:&quot;0&quot;,&quot;title&quot;:&quot;&quot;,&quot;orientation&quot;:&quot;0&quot;}\" data-image-title=\"mina-sanfelipe-foto-ivan-castaneira-17-1200-725&amp;#215;483\" data-image-description=\"\" data-image-caption=\"\" data-medium-file=\"https:\/\/www.grieta.org.mx\/wp-content\/uploads\/2016\/08\/mina-sanfelipe-foto-ivan-castaneira-17-1200-725x483-300x200.jpg\" data-large-file=\"https:\/\/www.grieta.org.mx\/wp-content\/uploads\/2016\/08\/mina-sanfelipe-foto-ivan-castaneira-17-1200-725x483.jpg\" class=\"size-full wp-image-20392 lazy-loaded\" src=\"https:\/\/cdn.shortpixel.ai\/client\/q_glossy,ret_img,w_1300,h_975\/https:\/\/www.somoselmedio.com\/wp-content\/uploads\/2021\/05\/IMG_3437-scaled.jpg\" sizes=\"auto, (max-width: 1300px) 100vw, 1300px\" srcset=\"https:\/\/cdn.shortpixel.ai\/client\/q_glossy,ret_img,w_1300\/https:\/\/www.somoselmedio.com\/wp-content\/uploads\/2021\/05\/IMG_3437-scaled.jpg 1300w, https:\/\/cdn.shortpixel.ai\/client\/q_glossy,ret_img,w_300\/https:\/\/www.somoselmedio.com\/wp-content\/uploads\/2021\/05\/IMG_3437-300x225.jpg 300w, https:\/\/cdn.shortpixel.ai\/client\/q_glossy,ret_img,w_1024\/https:\/\/www.somoselmedio.com\/wp-content\/uploads\/2021\/05\/IMG_3437-1024x768.jpg 1024w, https:\/\/cdn.shortpixel.ai\/client\/q_glossy,ret_img,w_768\/https:\/\/www.somoselmedio.com\/wp-content\/uploads\/2021\/05\/IMG_3437-768x576.jpg 768w, https:\/\/cdn.shortpixel.ai\/client\/q_glossy,ret_img,w_80\/https:\/\/www.somoselmedio.com\/wp-content\/uploads\/2021\/05\/IMG_3437-80x60.jpg 80w, https:\/\/cdn.shortpixel.ai\/client\/q_glossy,ret_img,w_265\/https:\/\/www.somoselmedio.com\/wp-content\/uploads\/2021\/05\/IMG_3437-265x198.jpg 265w, https:\/\/cdn.shortpixel.ai\/client\/q_glossy,ret_img,w_696\/https:\/\/www.somoselmedio.com\/wp-content\/uploads\/2021\/05\/IMG_3437-696x522.jpg 696w, https:\/\/cdn.shortpixel.ai\/client\/q_glossy,ret_img,w_1068\/https:\/\/www.somoselmedio.com\/wp-content\/uploads\/2021\/05\/IMG_3437-1068x801.jpg 1068w, https:\/\/cdn.shortpixel.ai\/client\/q_glossy,ret_img,w_560\/https:\/\/www.somoselmedio.com\/wp-content\/uploads\/2021\/05\/IMG_3437-560x420.jpg 560w\" alt=\"\" width=\"1300\" height=\"975\" data-lazy-type=\"image\" data-src=\"https:\/\/cdn.shortpixel.ai\/client\/q_glossy,ret_img,w_1300,h_975\/https:\/\/www.somoselmedio.com\/wp-content\/uploads\/2021\/05\/IMG_3437-scaled.jpg\" data-srcset=\"\" \/><figcaption id=\"caption-attachment-20392\" class=\"wp-caption-text\">Fotograf\u00eda: Paco Dorado\/Somoselmedio.com<\/figcaption><\/figure>\n<p>\u201c<em>En lo personal, el participar en este tipo de acciones me deja la satisfacci\u00f3n de salir de m\u00ed, de mi zona de confort, de sentir que puedo hacer algo m\u00e1s que quejarme en soledad. Me hace sentir acompa\u00f1ada y le da sentido a mi existencia<\/em>\u201d, dice Berenice. A su vez <b>Karla Soberanes<\/b> de Furia Perif\u00e9rica expresa: \u201ce<em>l performance para m\u00ed ha sido una manera de sanar conmigo misma, al dar voz a mujeres que han sido cruelmente asesinadas nombro y denuncio a todo un sistema patriarcal ,clasista, discriminatorio, indolente, neoliberal con nosotras. El poner el cuerpo y prestar la voz es un grito colectivo de rabia y sed de justicia \u00a1AQUI ESTAMOS ! \u00a1YA BASTA! !QUEREMOS VIVIR LIBRES Y SEGURAS!\u201d<\/em><\/p>\n<p>Con la canci\u00f3n <em>Mi Triste Despedida<\/em> los familiares y activistas bailaron sobre ese lugar, \u201c<em>hab\u00edamos transmutado a otro lugar, el plano de la esperanza en colectivo, la posibilidad de la justicia reconstruyendo la vida ante la crueldad y la impunidad machista\u201d<\/em>, comenta Amador. Despu\u00e9s de casi 3 horas del caminar el <em>Ritual de la Vida por Ang\u00e9lica y Karla<\/em> cerraba su ciclo dando tambi\u00e9n cuerpo y rostro a la dignidad. \u201c<em>Despu\u00e9s del acto Rita y Angelica nos invitaron a su casa comer unas tostadas y conversamos, re\u00edmos, bailamos y otra vez sentimos que la esperanza fue posible\u201d, <\/em>concluye.<\/p>\n<p id=\"attachment_20393\" class=\"wp-caption alignleft\" aria-describedby=\"caption-attachment-20393\"><img loading=\"lazy\" decoding=\"async\" data-attachment-id=\"20393\" data-permalink=\"https:\/\/www.grieta.org.mx\/index.php\/2016\/08\/21\/slim-el-voraz\/mina-sanfelipe-foto-ivan-castaneira-15-1200-725x483\/\" data-orig-file=\"https:\/\/www.grieta.org.mx\/wp-content\/uploads\/2016\/08\/mina-sanfelipe-foto-ivan-castaneira-15-1200-725x483.jpg\" data-orig-size=\"725,483\" data-comments-opened=\"0\" data-image-meta=\"{&quot;aperture&quot;:&quot;0&quot;,&quot;credit&quot;:&quot;&quot;,&quot;camera&quot;:&quot;&quot;,&quot;caption&quot;:&quot;&quot;,&quot;created_timestamp&quot;:&quot;0&quot;,&quot;copyright&quot;:&quot;&quot;,&quot;focal_length&quot;:&quot;0&quot;,&quot;iso&quot;:&quot;0&quot;,&quot;shutter_speed&quot;:&quot;0&quot;,&quot;title&quot;:&quot;&quot;,&quot;orientation&quot;:&quot;0&quot;}\" data-image-title=\"mina-sanfelipe-foto-ivan-castaneira-15-1200-725&amp;#215;483\" data-image-description=\"\" data-image-caption=\"\" data-medium-file=\"https:\/\/www.grieta.org.mx\/wp-content\/uploads\/2016\/08\/mina-sanfelipe-foto-ivan-castaneira-15-1200-725x483-300x200.jpg\" data-large-file=\"https:\/\/www.grieta.org.mx\/wp-content\/uploads\/2016\/08\/mina-sanfelipe-foto-ivan-castaneira-15-1200-725x483.jpg\" class=\"size-full wp-image-20393 lazy-loaded\" src=\"https:\/\/cdn.shortpixel.ai\/client\/q_glossy,ret_img,w_1300,h_975\/https:\/\/www.somoselmedio.com\/wp-content\/uploads\/2021\/05\/IMG_3404-scaled.jpg\" sizes=\"auto, (max-width: 1300px) 100vw, 1300px\" srcset=\"https:\/\/cdn.shortpixel.ai\/client\/q_glossy,ret_img,w_1300\/https:\/\/www.somoselmedio.com\/wp-content\/uploads\/2021\/05\/IMG_3404-scaled.jpg 1300w, https:\/\/cdn.shortpixel.ai\/client\/q_glossy,ret_img,w_300\/https:\/\/www.somoselmedio.com\/wp-content\/uploads\/2021\/05\/IMG_3404-300x225.jpg 300w, https:\/\/cdn.shortpixel.ai\/client\/q_glossy,ret_img,w_1024\/https:\/\/www.somoselmedio.com\/wp-content\/uploads\/2021\/05\/IMG_3404-1024x768.jpg 1024w, https:\/\/cdn.shortpixel.ai\/client\/q_glossy,ret_img,w_768\/https:\/\/www.somoselmedio.com\/wp-content\/uploads\/2021\/05\/IMG_3404-768x576.jpg 768w, https:\/\/cdn.shortpixel.ai\/client\/q_glossy,ret_img,w_80\/https:\/\/www.somoselmedio.com\/wp-content\/uploads\/2021\/05\/IMG_3404-80x60.jpg 80w, https:\/\/cdn.shortpixel.ai\/client\/q_glossy,ret_img,w_265\/https:\/\/www.somoselmedio.com\/wp-content\/uploads\/2021\/05\/IMG_3404-265x198.jpg 265w, https:\/\/cdn.shortpixel.ai\/client\/q_glossy,ret_img,w_696\/https:\/\/www.somoselmedio.com\/wp-content\/uploads\/2021\/05\/IMG_3404-696x522.jpg 696w, https:\/\/cdn.shortpixel.ai\/client\/q_glossy,ret_img,w_1068\/https:\/\/www.somoselmedio.com\/wp-content\/uploads\/2021\/05\/IMG_3404-1068x801.jpg 1068w, https:\/\/cdn.shortpixel.ai\/client\/q_glossy,ret_img,w_560\/https:\/\/www.somoselmedio.com\/wp-content\/uploads\/2021\/05\/IMG_3404-560x420.jpg 560w\" alt=\"\" width=\"1300\" height=\"975\" data-lazy-type=\"image\" data-src=\"https:\/\/cdn.shortpixel.ai\/client\/q_glossy,ret_img,w_1300,h_975\/https:\/\/www.somoselmedio.com\/wp-content\/uploads\/2021\/05\/IMG_3404-scaled.jpg\" data-srcset=\"\" \/>Fotograf\u00eda: Paco Dorado\/Somoselmedio.com<\/p>\n<p><a href=\"https:\/\/www.somoselmedio.com\/2021\/05\/01\/ritual-de-la-vida-por-angelica-y-karla-victimas-de-feminicidio-en-ecatepec\/\" target=\"_blank\" rel=\"noopener\">https:\/\/www.somoselmedio.com\/2021\/05\/01\/ritual-de-la-vida-por-angelica-y-karla-victimas-de-feminicidio-en-ecatepec\/<\/a><\/p>\n","protected":false},"excerpt":{"rendered":"<p>Fotograf\u00edas: Paco Dorado Manuel Amador y Paco Dorado \/ Somos el Medio Cr\u00f3nica \/ Memoria de un ritual de dignidad, visibilidad y exigencia de justicia a dos a\u00f1os del feminicidio &hellip; <a href=\"https:\/\/www.grieta.org.mx\/index.php\/2021\/05\/01\/ritual-de-la-vida-por-angelica-y-karla-victimas-de-feminicidio-en-ecatepec-estado-de-mexico\/\" class=\"more-link\">Leer m\u00e1s<\/a><\/p>\n","protected":false},"author":2,"featured_media":59289,"comment_status":"closed","ping_status":"closed","sticky":false,"template":"","format":"standard","meta":{"ngg_post_thumbnail":0,"_jetpack_newsletter_access":"","_jetpack_dont_email_post_to_subs":false,"_jetpack_newsletter_tier_id":0,"_jetpack_memberships_contains_paywalled_content":false,"_jetpack_memberships_contains_paid_content":false,"footnotes":""},"categories":[2798,80,16,84,1013,2315,1729,3840,3035,2,3165,83,2720],"tags":[81,2248],"class_list":["post-59288","post","type-post","status-publish","format-standard","has-post-thumbnail","hentry","category-abuso-policiaco-y-tortura-en-el-estado-de-mexico","category-cintillo","category-estado-de-mexico","category-feminicidios","category-feminicios-en-el-estado-de-mexico","category-la-ninez-bajo-la-tormenta-capitalista-en-el-estado-de-mexico","category-lucha-y-resistencia-del-pueblo-en-el-estado-de-mexico","category-lucha-como-mujeres-que-somos","category-movilizaciones-y-protestas-de-habitantes-en-el-estado-de-mexico","category-noticias-nacionales","category-resistencias","category-temas-nacionales","category-violencia-contra-las-mujeres-en-el-estado-de-mexico","tag-feminicidios","tag-luchas-de-las-mujeres","entry"],"jetpack_featured_media_url":"https:\/\/www.grieta.org.mx\/wp-content\/uploads\/2021\/05\/Ritual-de-la-vida-por-Angelica-y-Karla-victimas-de-feminicidio-en-Ecatepec-edomex-may.jpg","jetpack_sharing_enabled":true,"jetpack_shortlink":"https:\/\/wp.me\/p7ZJR4-fqg","jetpack_likes_enabled":false,"jetpack-related-posts":[{"id":45793,"url":"https:\/\/www.grieta.org.mx\/index.php\/2020\/03\/06\/con-cacerolazo-protestan-contra-los-feminicidios-en-ecatepec-estado-de-mexico\/","url_meta":{"origin":59288,"position":0},"title":"Con cacerolazo, protestan contra los feminicidios en Ecatepec (Estado de M\u00e9xico)","author":"grieta","date":"6 marzo, 2020","format":false,"excerpt":"Foto: Cortes\u00eda de @abismada_ Karina Almaraz T\u00e9llez \/ La Raz\u00f3n de M\u00e9xico Colectivos feministas protestaron en las afueras del metro R\u00edo de los Remedios, punto emblem\u00e1tico de la violencia que padecen las mujeres en ese municipio. Colectivos feministas protestaron con un cacerolazo en las afueras del metro R\u00edo de los\u2026","rel":"","context":"En &quot;CINTILLO&quot;","block_context":{"text":"CINTILLO","link":"https:\/\/www.grieta.org.mx\/index.php\/category\/cintillo\/"},"img":{"alt_text":"","src":"https:\/\/i0.wp.com\/www.grieta.org.mx\/wp-content\/uploads\/2020\/03\/Con-cacerolazo-protestan-contra-los-feminicidios-en-Ecatepec-edomex-mzo.jpeg?resize=350%2C200&ssl=1","width":350,"height":200,"srcset":"https:\/\/i0.wp.com\/www.grieta.org.mx\/wp-content\/uploads\/2020\/03\/Con-cacerolazo-protestan-contra-los-feminicidios-en-Ecatepec-edomex-mzo.jpeg?resize=350%2C200&ssl=1 1x, https:\/\/i0.wp.com\/www.grieta.org.mx\/wp-content\/uploads\/2020\/03\/Con-cacerolazo-protestan-contra-los-feminicidios-en-Ecatepec-edomex-mzo.jpeg?resize=525%2C300&ssl=1 1.5x"},"classes":[]},{"id":55449,"url":"https:\/\/www.grieta.org.mx\/index.php\/2020\/11\/21\/feministas-toman-simbolicamente-puentes-peatonales-en-ecatepec-y-coacalco-estado-de-mexico\/","url_meta":{"origin":59288,"position":1},"title":"Feministas toman simb\u00f3licamente puentes peatonales en Ecatepec y Coacalco (Estado de M\u00e9xico)","author":"grieta","date":"21 noviembre, 2020","format":false,"excerpt":"Fotos: cortes\u00eda Antonio M. Fernando Sol\u00eds \/ El Sol de Toluca Colgaron mantas alusivas a los feminicidios en estos municipios y en la entidad La tarde de este s\u00e1bado, grupos de colectivos feministas tomaron puentes peatonales en los municipios de Ecatepec y Coacalco donde colgaron mantas alusivas a losfeminicidios en\u2026","rel":"","context":"En &quot;CINTILLO&quot;","block_context":{"text":"CINTILLO","link":"https:\/\/www.grieta.org.mx\/index.php\/category\/cintillo\/"},"img":{"alt_text":"","src":"https:\/\/i0.wp.com\/www.grieta.org.mx\/wp-content\/uploads\/2020\/11\/Feministas-toman-simbolicamente-puentes-peatonales-en-Ecatepec-y-Coacalco-edomex-nov.jpeg?resize=350%2C200&ssl=1","width":350,"height":200,"srcset":"https:\/\/i0.wp.com\/www.grieta.org.mx\/wp-content\/uploads\/2020\/11\/Feministas-toman-simbolicamente-puentes-peatonales-en-Ecatepec-y-Coacalco-edomex-nov.jpeg?resize=350%2C200&ssl=1 1x, https:\/\/i0.wp.com\/www.grieta.org.mx\/wp-content\/uploads\/2020\/11\/Feministas-toman-simbolicamente-puentes-peatonales-en-Ecatepec-y-Coacalco-edomex-nov.jpeg?resize=525%2C300&ssl=1 1.5x, https:\/\/i0.wp.com\/www.grieta.org.mx\/wp-content\/uploads\/2020\/11\/Feministas-toman-simbolicamente-puentes-peatonales-en-Ecatepec-y-Coacalco-edomex-nov.jpeg?resize=700%2C400&ssl=1 2x"},"classes":[]},{"id":25292,"url":"https:\/\/www.grieta.org.mx\/index.php\/2018\/08\/01\/hallan-a-mujer-estrangulada-en-ecatepec-van-100-feminicidios-en-edomex-en-los-ultimos-2-anos\/","url_meta":{"origin":59288,"position":2},"title":"Hallan a mujer estrangulada en Ecatepec; van 100 feminicidios en Edomex en los \u00faltimos 2 a\u00f1os","author":"grieta","date":"1 agosto, 2018","format":false,"excerpt":"Animal Pol\u00edtico La madrugada de este mi\u00e9rcoles, el cuerpo de una mujer fue hallado en la v\u00eda p\u00fablica, en la colonia Solidaridad del municipio de Ecatepec, Estado de M\u00e9xico. De acuerdo con reportes del diario Reforma, vecinos de la colonia reportaron el hallazgo del cuerpo \u2013 que ten\u00eda un cable\u2026","rel":"","context":"En &quot;CINTILLO&quot;","block_context":{"text":"CINTILLO","link":"https:\/\/www.grieta.org.mx\/index.php\/category\/cintillo\/"},"img":{"alt_text":"","src":"https:\/\/i0.wp.com\/www.grieta.org.mx\/wp-content\/uploads\/2018\/08\/Puebla_Marcha_Feminicidios-1-e1533144300176-960x500.jpg?resize=350%2C200&ssl=1","width":350,"height":200,"srcset":"https:\/\/i0.wp.com\/www.grieta.org.mx\/wp-content\/uploads\/2018\/08\/Puebla_Marcha_Feminicidios-1-e1533144300176-960x500.jpg?resize=350%2C200&ssl=1 1x, https:\/\/i0.wp.com\/www.grieta.org.mx\/wp-content\/uploads\/2018\/08\/Puebla_Marcha_Feminicidios-1-e1533144300176-960x500.jpg?resize=525%2C300&ssl=1 1.5x, https:\/\/i0.wp.com\/www.grieta.org.mx\/wp-content\/uploads\/2018\/08\/Puebla_Marcha_Feminicidios-1-e1533144300176-960x500.jpg?resize=700%2C400&ssl=1 2x"},"classes":[]},{"id":32190,"url":"https:\/\/www.grieta.org.mx\/index.php\/2019\/02\/25\/zumpango-tiene-la-tasa-de-feminicidios-mas-alta-del-estado-de-mexico-5-9-casos-por-cada-100-mil-habitantes\/","url_meta":{"origin":59288,"position":3},"title":"Zumpango tiene la tasa de feminicidios m\u00e1s alta del Estado de M\u00e9xico; 5.9 casos por cada 100 mil habitantes","author":"grieta","date":"25 febrero, 2019","format":false,"excerpt":"Zumpango entre los 21 municipios m\u00e1s peligrosos para las mujeres en el pa\u00eds Zumpango Estado de M\u00e9xico 25 febrero 2019. Dos mil 417 mujeres han sido asesinadas en el estado de M\u00e9xico desde marzo de 2011, cuando se tipific\u00f3 el feminicidio en el Estado de M\u00e9xico, pero s\u00f3lo una quinta\u2026","rel":"","context":"En &quot;CINTILLO&quot;","block_context":{"text":"CINTILLO","link":"https:\/\/www.grieta.org.mx\/index.php\/category\/cintillo\/"},"img":{"alt_text":"","src":"https:\/\/i0.wp.com\/www.grieta.org.mx\/wp-content\/uploads\/2019\/04\/edomex_feminicidios.jpg?resize=350%2C200&ssl=1","width":350,"height":200,"srcset":"https:\/\/i0.wp.com\/www.grieta.org.mx\/wp-content\/uploads\/2019\/04\/edomex_feminicidios.jpg?resize=350%2C200&ssl=1 1x, https:\/\/i0.wp.com\/www.grieta.org.mx\/wp-content\/uploads\/2019\/04\/edomex_feminicidios.jpg?resize=525%2C300&ssl=1 1.5x"},"classes":[]},{"id":53727,"url":"https:\/\/www.grieta.org.mx\/index.php\/2020\/09\/11\/incendian-sede-de-codhem-en-ecatepec-tras-detencion-de-feministas-estado-de-mexico\/","url_meta":{"origin":59288,"position":4},"title":"Incendian sede de CODHEM en Ecatepec tras detenci\u00f3n de feministas (Estado de M\u00e9xico)","author":"grieta","date":"11 septiembre, 2020","format":false,"excerpt":"Foto: Twiter \/ @Andalalucha Carlos Guevara \/ El Sol de M\u00e9xico Un grupo de aproximadamente 50 mujeres llegaron al recinto ubicado en o en la Avenida Morelos para manifestarse en contra de la violencia policial y feminicidios Mujeres feministas incendiaron este viernes las instalaciones de la visitadur\u00eda general de la\u2026","rel":"","context":"En &quot;Abuso policiaco y tortura en el Estado de M\u00e9xico&quot;","block_context":{"text":"Abuso policiaco y tortura en el Estado de M\u00e9xico","link":"https:\/\/www.grieta.org.mx\/index.php\/category\/noticias-nacionales\/estado-de-mexico\/abuso-policiaco-y-tortura-en-el-estado-de-mexico\/"},"img":{"alt_text":"","src":"https:\/\/i0.wp.com\/www.grieta.org.mx\/wp-content\/uploads\/2020\/09\/Incendian-sede-de-CODHEM-en-Ecatepec-tras-detencion-de-feministas-edomex-sept.jpg?resize=350%2C200&ssl=1","width":350,"height":200,"srcset":"https:\/\/i0.wp.com\/www.grieta.org.mx\/wp-content\/uploads\/2020\/09\/Incendian-sede-de-CODHEM-en-Ecatepec-tras-detencion-de-feministas-edomex-sept.jpg?resize=350%2C200&ssl=1 1x, https:\/\/i0.wp.com\/www.grieta.org.mx\/wp-content\/uploads\/2020\/09\/Incendian-sede-de-CODHEM-en-Ecatepec-tras-detencion-de-feministas-edomex-sept.jpg?resize=525%2C300&ssl=1 1.5x, https:\/\/i0.wp.com\/www.grieta.org.mx\/wp-content\/uploads\/2020\/09\/Incendian-sede-de-CODHEM-en-Ecatepec-tras-detencion-de-feministas-edomex-sept.jpg?resize=700%2C400&ssl=1 2x"},"classes":[]},{"id":30458,"url":"https:\/\/www.grieta.org.mx\/index.php\/2019\/03\/09\/mujeres-de-ecatepec-se-manifiestan-contra-la-violencia-feminicida-estado-de-mexico\/","url_meta":{"origin":59288,"position":5},"title":"Mujeres de Ecatepec se manifiestan contra la violencia feminicida (Estado de M\u00e9xico)","author":"grieta","date":"9 marzo, 2019","format":false,"excerpt":"Elisa Mart\u00ednez\/somoselmedio Este 8 de marzo, feministas del Estado de M\u00e9xico marcharon del puente de fierro al Palacio Municipal en Ecatepec para exigir un alto a los feminicidios, desapariciones y a la violencia contra las mujeres. Para dar comienzo a la marcha se realiz\u00f3 un ritual prehisp\u00e1nico a los dioses\u2026","rel":"","context":"En &quot;CINTILLO&quot;","block_context":{"text":"CINTILLO","link":"https:\/\/www.grieta.org.mx\/index.php\/category\/cintillo\/"},"img":{"alt_text":"","src":"https:\/\/i0.wp.com\/www.grieta.org.mx\/wp-content\/uploads\/2019\/03\/WhatsApp-Image-2019-03-09-at-00.19.21-696x464.jpeg?resize=350%2C200&ssl=1","width":350,"height":200,"srcset":"https:\/\/i0.wp.com\/www.grieta.org.mx\/wp-content\/uploads\/2019\/03\/WhatsApp-Image-2019-03-09-at-00.19.21-696x464.jpeg?resize=350%2C200&ssl=1 1x, https:\/\/i0.wp.com\/www.grieta.org.mx\/wp-content\/uploads\/2019\/03\/WhatsApp-Image-2019-03-09-at-00.19.21-696x464.jpeg?resize=525%2C300&ssl=1 1.5x"},"classes":[]}],"_links":{"self":[{"href":"https:\/\/www.grieta.org.mx\/index.php\/wp-json\/wp\/v2\/posts\/59288","targetHints":{"allow":["GET"]}}],"collection":[{"href":"https:\/\/www.grieta.org.mx\/index.php\/wp-json\/wp\/v2\/posts"}],"about":[{"href":"https:\/\/www.grieta.org.mx\/index.php\/wp-json\/wp\/v2\/types\/post"}],"author":[{"embeddable":true,"href":"https:\/\/www.grieta.org.mx\/index.php\/wp-json\/wp\/v2\/users\/2"}],"replies":[{"embeddable":true,"href":"https:\/\/www.grieta.org.mx\/index.php\/wp-json\/wp\/v2\/comments?post=59288"}],"version-history":[{"count":1,"href":"https:\/\/www.grieta.org.mx\/index.php\/wp-json\/wp\/v2\/posts\/59288\/revisions"}],"predecessor-version":[{"id":59290,"href":"https:\/\/www.grieta.org.mx\/index.php\/wp-json\/wp\/v2\/posts\/59288\/revisions\/59290"}],"wp:featuredmedia":[{"embeddable":true,"href":"https:\/\/www.grieta.org.mx\/index.php\/wp-json\/wp\/v2\/media\/59289"}],"wp:attachment":[{"href":"https:\/\/www.grieta.org.mx\/index.php\/wp-json\/wp\/v2\/media?parent=59288"}],"wp:term":[{"taxonomy":"category","embeddable":true,"href":"https:\/\/www.grieta.org.mx\/index.php\/wp-json\/wp\/v2\/categories?post=59288"},{"taxonomy":"post_tag","embeddable":true,"href":"https:\/\/www.grieta.org.mx\/index.php\/wp-json\/wp\/v2\/tags?post=59288"}],"curies":[{"name":"wp","href":"https:\/\/api.w.org\/{rel}","templated":true}]}}