{"id":59269,"date":"2021-05-03T12:19:47","date_gmt":"2021-05-03T17:19:47","guid":{"rendered":"https:\/\/www.grieta.org.mx\/?p=59269"},"modified":"2021-05-07T12:36:49","modified_gmt":"2021-05-07T17:36:49","slug":"ante-lentitud-de-autoridades-familia-de-maria-may-vuelve-a-protestar-yucatan","status":"publish","type":"post","link":"https:\/\/www.grieta.org.mx\/index.php\/2021\/05\/03\/ante-lentitud-de-autoridades-familia-de-maria-may-vuelve-a-protestar-yucatan\/","title":{"rendered":"Ante lentitud de autoridades, familia de Mar\u00eda May vuelve a protestar (Yucat\u00e1n)"},"content":{"rendered":"<p>Claudia Arriaga \/ Haz Ruido<\/p>\n<blockquote><p>En Palacio de Gobierno, su hermana Edith pidi\u00f3 nuevamente que la Fiscal\u00eda General del Estado haga su trabajo.<\/p><\/blockquote>\n<p>M\u00e9rida, Yucat\u00e1n, 3 de mayo del 2021.- Por cuarta ocasi\u00f3n, la familia y amistades de Mar\u00eda May protestaron para exigir justicia por ella y todas las mujeres v\u00edctimas de violencia. En esta ocasi\u00f3n, su hermana Edith acudi\u00f3 a los bajos del Palacio de Gobierno para exhortar, de nueva cuenta, a que la Fiscal\u00eda General del Estado (FGE) haga su trabajo.<\/p>\n<p>La joven inform\u00f3 que apenas est\u00e1n empezando a mover la carpeta de investigaci\u00f3n del feminicidio de su hermana, adem\u00e1s de que a\u00fan no hay una fecha definida para que les informen sobre la causa de la muerte.<\/p>\n<p>\u201cResulta que la FGE no nos quedar\u00eda dar informaci\u00f3n hasta ahorita que contratamos un abogado, apenas se est\u00e1n empezando a mover, ya sabemos que solo trabajan con presi\u00f3n y dinero. Son unos corruptos que no nos quer\u00edan dar informaci\u00f3n hasta que el abogado puso presi\u00f3n, sabemos que quer\u00edan darnos datos que no son\u201d, explic\u00f3.<\/p>\n<p>Entre las anomal\u00edas que denunci\u00f3, se\u00f1al\u00f3 que la FGE les visit\u00f3 la semana pasada a las 11 de la noche para tomarles otra declaraci\u00f3n. \u201cLes pedimos que fueran al d\u00eda siguiente, pero no regresaron, as\u00ed que no nos tomaron de nueva cuenta la declaraci\u00f3n\u201d, abund\u00f3.<\/p>\n<p><img loading=\"lazy\" decoding=\"async\" data-attachment-id=\"59271\" data-permalink=\"https:\/\/www.grieta.org.mx\/index.php\/2021\/05\/03\/ante-lentitud-de-autoridades-familia-de-maria-may-vuelve-a-protestar-yucatan\/feminicidiomariamay2\/\" data-orig-file=\"https:\/\/www.grieta.org.mx\/wp-content\/uploads\/2021\/05\/FeminicidioMariaMay2.png\" data-orig-size=\"711,560\" data-comments-opened=\"0\" data-image-meta=\"{&quot;aperture&quot;:&quot;0&quot;,&quot;credit&quot;:&quot;&quot;,&quot;camera&quot;:&quot;&quot;,&quot;caption&quot;:&quot;&quot;,&quot;created_timestamp&quot;:&quot;0&quot;,&quot;copyright&quot;:&quot;&quot;,&quot;focal_length&quot;:&quot;0&quot;,&quot;iso&quot;:&quot;0&quot;,&quot;shutter_speed&quot;:&quot;0&quot;,&quot;title&quot;:&quot;&quot;,&quot;orientation&quot;:&quot;0&quot;}\" data-image-title=\"FeminicidioMariaMay2\" data-image-description=\"\" data-image-caption=\"\" data-medium-file=\"https:\/\/www.grieta.org.mx\/wp-content\/uploads\/2021\/05\/FeminicidioMariaMay2-300x236.png\" data-large-file=\"https:\/\/www.grieta.org.mx\/wp-content\/uploads\/2021\/05\/FeminicidioMariaMay2.png\" src=\"http:\/\/www.grieta.org.mx\/wp-content\/uploads\/2021\/05\/FeminicidioMariaMay2.png\" alt=\"\" width=\"711\" height=\"560\" class=\"alignnone size-full wp-image-59271\" srcset=\"https:\/\/www.grieta.org.mx\/wp-content\/uploads\/2021\/05\/FeminicidioMariaMay2.png 711w, https:\/\/www.grieta.org.mx\/wp-content\/uploads\/2021\/05\/FeminicidioMariaMay2-300x236.png 300w\" sizes=\"auto, (max-width: 711px) 100vw, 711px\" \/><\/p>\n<p>En lo que refiere a las c\u00e1maras de vigilancia, tambi\u00e9n podr\u00e1n tener acceso a las grabaciones gracias a que el abogado que contrataron lo solicit\u00f3.<\/p>\n<p>A la protesta tambi\u00e9n acudieron j\u00f3venes para visibilizar la violencia que viven las mujeres en Um\u00e1n. Tal es el caso de una adolescente que fue v\u00edctima de abuso sexual en los ba\u00f1os del Palacio Municipal, el pasado s\u00e1bado 17 de abril. Por fortuna, el agresor fue detenido y ya se encuentra vinculado a proceso. <\/p>\n<p>Llama la atenci\u00f3n que esa misma tarde, Edith y su familia acudieron a pedir la ayuda del alcalde de Um\u00e1n, Freddy Ruz, quien no las recibi\u00f3.<\/p>\n<p><img loading=\"lazy\" decoding=\"async\" data-attachment-id=\"59272\" data-permalink=\"https:\/\/www.grieta.org.mx\/index.php\/2021\/05\/03\/ante-lentitud-de-autoridades-familia-de-maria-may-vuelve-a-protestar-yucatan\/feminicidiomariamay3\/\" data-orig-file=\"https:\/\/www.grieta.org.mx\/wp-content\/uploads\/2021\/05\/FeminicidioMariaMay3.png\" data-orig-size=\"726,472\" data-comments-opened=\"0\" data-image-meta=\"{&quot;aperture&quot;:&quot;0&quot;,&quot;credit&quot;:&quot;&quot;,&quot;camera&quot;:&quot;&quot;,&quot;caption&quot;:&quot;&quot;,&quot;created_timestamp&quot;:&quot;0&quot;,&quot;copyright&quot;:&quot;&quot;,&quot;focal_length&quot;:&quot;0&quot;,&quot;iso&quot;:&quot;0&quot;,&quot;shutter_speed&quot;:&quot;0&quot;,&quot;title&quot;:&quot;&quot;,&quot;orientation&quot;:&quot;0&quot;}\" data-image-title=\"FeminicidioMariaMay3\" data-image-description=\"\" data-image-caption=\"\" data-medium-file=\"https:\/\/www.grieta.org.mx\/wp-content\/uploads\/2021\/05\/FeminicidioMariaMay3-300x195.png\" data-large-file=\"https:\/\/www.grieta.org.mx\/wp-content\/uploads\/2021\/05\/FeminicidioMariaMay3.png\" src=\"http:\/\/www.grieta.org.mx\/wp-content\/uploads\/2021\/05\/FeminicidioMariaMay3.png\" alt=\"\" width=\"726\" height=\"472\" class=\"alignnone size-full wp-image-59272\" srcset=\"https:\/\/www.grieta.org.mx\/wp-content\/uploads\/2021\/05\/FeminicidioMariaMay3.png 726w, https:\/\/www.grieta.org.mx\/wp-content\/uploads\/2021\/05\/FeminicidioMariaMay3-300x195.png 300w\" sizes=\"auto, (max-width: 726px) 100vw, 726px\" \/><\/p>\n<p><a href=\"https:\/\/www.hazruido.mx\/reportes\/ante-lentitud-de-autoridades-familia-de-maria-may-vuelve-a-protestar\/\" rel=\"noopener\" target=\"_blank\">https:\/\/www.hazruido.mx\/reportes\/ante-lentitud-de-autoridades-familia-de-maria-may-vuelve-a-protestar\/<\/a><\/p>\n","protected":false},"excerpt":{"rendered":"<p>Claudia Arriaga \/ Haz Ruido En Palacio de Gobierno, su hermana Edith pidi\u00f3 nuevamente que la Fiscal\u00eda General del Estado haga su trabajo. M\u00e9rida, Yucat\u00e1n, 3 de mayo del 2021.- &hellip; <a href=\"https:\/\/www.grieta.org.mx\/index.php\/2021\/05\/03\/ante-lentitud-de-autoridades-familia-de-maria-may-vuelve-a-protestar-yucatan\/\" class=\"more-link\">Leer m\u00e1s<\/a><\/p>\n","protected":false},"author":2,"featured_media":59270,"comment_status":"closed","ping_status":"closed","sticky":false,"template":"","format":"standard","meta":{"ngg_post_thumbnail":0,"_jetpack_newsletter_access":"","_jetpack_dont_email_post_to_subs":false,"_jetpack_newsletter_tier_id":0,"_jetpack_memberships_contains_paywalled_content":false,"_jetpack_memberships_contains_paid_content":false,"footnotes":""},"categories":[80,84,1106,2,83,36],"tags":[3069,2999],"class_list":["post-59269","post","type-post","status-publish","format-standard","has-post-thumbnail","hentry","category-cintillo","category-feminicidios","category-feminicidios-en-yucatan","category-noticias-nacionales","category-temas-nacionales","category-yucatan","tag-familiares-de-mujeres-victimas-de-feminicidio","tag-feminicidio-violencia-contra-las-mujeres","entry"],"jetpack_featured_media_url":"https:\/\/www.grieta.org.mx\/wp-content\/uploads\/2021\/05\/FeminicidioMariaMay.png","jetpack_sharing_enabled":true,"jetpack_shortlink":"https:\/\/wp.me\/p7ZJR4-fpX","jetpack_likes_enabled":false,"jetpack-related-posts":[{"id":59419,"url":"https:\/\/www.grieta.org.mx\/index.php\/2021\/05\/15\/exigen-que-les-entreguen-el-cuerpo-de-maria-yucatan\/","url_meta":{"origin":59269,"position":0},"title":"Exigen que les entreguen el cuerpo de Mar\u00eda (Yucat\u00e1n)","author":"grieta","date":"15 mayo, 2021","format":false,"excerpt":"Claudia Arriaga \/ Haz Ruido Por cuarta ocasi\u00f3n, su familia y amigas protestaron para que se investigue el presunto feminicidio. M\u00e9rida, Yucat\u00e1n, 15 mayo del 2021.- Por cuarta ocasi\u00f3n, la familia de Mar\u00eda May se manifest\u00f3 para exigir justicia por el feminicidio del que fue v\u00edctima. Este s\u00e1bado, en la\u2026","rel":"","context":"En &quot;CINTILLO&quot;","block_context":{"text":"CINTILLO","link":"https:\/\/www.grieta.org.mx\/index.php\/category\/cintillo\/"},"img":{"alt_text":"","src":"https:\/\/i0.wp.com\/www.grieta.org.mx\/wp-content\/uploads\/2021\/05\/FeminicidioMaria-e1621293926551.png?resize=350%2C200&ssl=1","width":350,"height":200,"srcset":"https:\/\/i0.wp.com\/www.grieta.org.mx\/wp-content\/uploads\/2021\/05\/FeminicidioMaria-e1621293926551.png?resize=350%2C200&ssl=1 1x, https:\/\/i0.wp.com\/www.grieta.org.mx\/wp-content\/uploads\/2021\/05\/FeminicidioMaria-e1621293926551.png?resize=525%2C300&ssl=1 1.5x, https:\/\/i0.wp.com\/www.grieta.org.mx\/wp-content\/uploads\/2021\/05\/FeminicidioMaria-e1621293926551.png?resize=700%2C400&ssl=1 2x"},"classes":[]},{"id":65805,"url":"https:\/\/www.grieta.org.mx\/index.php\/2022\/11\/23\/contra-el-carpetazo-de-la-fiscalia-justicia-para-maria-may-yucatan\/","url_meta":{"origin":59269,"position":1},"title":"Contra el carpetazo de la fiscal\u00eda: justicia para Mar\u00eda May (Yucat\u00e1n)","author":"grieta","date":"23 noviembre, 2022","format":false,"excerpt":"Texto: Claudia Arriaga \/Fotos: Especial \/ Pie de P\u00e1gina Mar\u00eda May fue hallada sin vida en un parque d\u00edas despu\u00e9s de que un hombre pas\u00f3 por ella a su trabajo en M\u00e9rida, Yucat\u00e1n. La Fiscal\u00eda General de la Rep\u00fablica determin\u00f3 que la joven de 20 a\u00f1os muri\u00f3 por asfixia mec\u00e1nica\u2026","rel":"","context":"En &quot;CINTILLO&quot;","block_context":{"text":"CINTILLO","link":"https:\/\/www.grieta.org.mx\/index.php\/category\/cintillo\/"},"img":{"alt_text":"","src":"https:\/\/i0.wp.com\/www.grieta.org.mx\/wp-content\/uploads\/2022\/11\/Carpetazo-e1669566952943.jpg?resize=350%2C200&ssl=1","width":350,"height":200,"srcset":"https:\/\/i0.wp.com\/www.grieta.org.mx\/wp-content\/uploads\/2022\/11\/Carpetazo-e1669566952943.jpg?resize=350%2C200&ssl=1 1x, https:\/\/i0.wp.com\/www.grieta.org.mx\/wp-content\/uploads\/2022\/11\/Carpetazo-e1669566952943.jpg?resize=525%2C300&ssl=1 1.5x, https:\/\/i0.wp.com\/www.grieta.org.mx\/wp-content\/uploads\/2022\/11\/Carpetazo-e1669566952943.jpg?resize=700%2C400&ssl=1 2x"},"classes":[]},{"id":54684,"url":"https:\/\/www.grieta.org.mx\/index.php\/2020\/11\/01\/colocan-altar-para-las-victimas-de-feminicidio-en-yucatan\/","url_meta":{"origin":59269,"position":2},"title":"Colocan altar para las v\u00edctimas de feminicidio en Yucat\u00e1n","author":"grieta","date":"1 noviembre, 2020","format":false,"excerpt":"Por Esto! Familiares de las v\u00edctimas de feminicidio en Yucat\u00e1n colocaron un altar para recordar a las mujeres asesinadas por razones de g\u00e9nero en Yucat\u00e1n en las instalaciones del Centro Cultural Olimpo en M\u00e9rida. A esta actividad tambi\u00e9n se sumaron colectivos feministas de la ciudad, quienes apoyaron a los familiares\u2026","rel":"","context":"En &quot;CINTILLO&quot;","block_context":{"text":"CINTILLO","link":"https:\/\/www.grieta.org.mx\/index.php\/category\/cintillo\/"},"img":{"alt_text":"","src":"https:\/\/i0.wp.com\/www.grieta.org.mx\/wp-content\/uploads\/2020\/11\/AltarFeminicidio.png?resize=350%2C200&ssl=1","width":350,"height":200,"srcset":"https:\/\/i0.wp.com\/www.grieta.org.mx\/wp-content\/uploads\/2020\/11\/AltarFeminicidio.png?resize=350%2C200&ssl=1 1x, https:\/\/i0.wp.com\/www.grieta.org.mx\/wp-content\/uploads\/2020\/11\/AltarFeminicidio.png?resize=525%2C300&ssl=1 1.5x"},"classes":[]},{"id":52966,"url":"https:\/\/www.grieta.org.mx\/index.php\/2020\/08\/30\/alzan-la-voz-por-fernanda-y-todas-las-victimas-de-feminicidios-yucatan\/","url_meta":{"origin":59269,"position":3},"title":"Alzan la voz por Fernanda y todas las v\u00edctimas de feminicidios (Yucat\u00e1n)","author":"grieta","date":"30 agosto, 2020","format":false,"excerpt":"Herbeth Escalante y Claudia Arriaga \/ Haz Ruido Cientos de personas protestaron para exigir a las autoridades que no sean omisas ni guarden silencio ante estos cr\u00edmenes, pero sobre todo, que adopten un plan para la erradicaci\u00f3n de la violencia contra las mujeres. M\u00e9rida, Yucat\u00e1n, 30 de agosto de 2020.-\u2026","rel":"","context":"En &quot;CINTILLO&quot;","block_context":{"text":"CINTILLO","link":"https:\/\/www.grieta.org.mx\/index.php\/category\/cintillo\/"},"img":{"alt_text":"","src":"https:\/\/i0.wp.com\/www.grieta.org.mx\/wp-content\/uploads\/2020\/09\/feminicidiosMerida.jpg?resize=350%2C200&ssl=1","width":350,"height":200,"srcset":"https:\/\/i0.wp.com\/www.grieta.org.mx\/wp-content\/uploads\/2020\/09\/feminicidiosMerida.jpg?resize=350%2C200&ssl=1 1x, https:\/\/i0.wp.com\/www.grieta.org.mx\/wp-content\/uploads\/2020\/09\/feminicidiosMerida.jpg?resize=525%2C300&ssl=1 1.5x"},"classes":[]},{"id":69282,"url":"https:\/\/www.grieta.org.mx\/index.php\/2024\/06\/09\/exigen-justicia-para-violeta-nina-victima-de-feminicidio-yucatan\/","url_meta":{"origin":59269,"position":4},"title":"Exigen justicia para Violeta, ni\u00f1a v\u00edctima de feminicidio (Yucat\u00e1n)","author":"grieta","date":"9 junio, 2024","format":false,"excerpt":"Fotos e informaci\u00f3n de Lorenzo Hern\u00e1ndez \/ Haz Ruido Marcharon en Paseo de Montejo para que los responsables reciban la pena m\u00e1xima y se destituya a una jueza M\u00e9rida, Yucat\u00e1n, 9 de junio de 2024.- Familiares, activistas y feministas marcharon ayer en Paseo de Montejo para exigir justicia por Violeta,\u2026","rel":"","context":"En &quot;CINTILLO&quot;","block_context":{"text":"CINTILLO","link":"https:\/\/www.grieta.org.mx\/index.php\/category\/cintillo\/"},"img":{"alt_text":"","src":"https:\/\/i0.wp.com\/www.grieta.org.mx\/wp-content\/uploads\/2024\/07\/Feminicidio-e1720555313201.jpg?resize=350%2C200&ssl=1","width":350,"height":200,"srcset":"https:\/\/i0.wp.com\/www.grieta.org.mx\/wp-content\/uploads\/2024\/07\/Feminicidio-e1720555313201.jpg?resize=350%2C200&ssl=1 1x, https:\/\/i0.wp.com\/www.grieta.org.mx\/wp-content\/uploads\/2024\/07\/Feminicidio-e1720555313201.jpg?resize=525%2C300&ssl=1 1.5x, https:\/\/i0.wp.com\/www.grieta.org.mx\/wp-content\/uploads\/2024\/07\/Feminicidio-e1720555313201.jpg?resize=700%2C400&ssl=1 2x"},"classes":[]},{"id":53375,"url":"https:\/\/www.grieta.org.mx\/index.php\/2020\/09\/15\/feministas-yucatecas-toman-la-codhey\/","url_meta":{"origin":59269,"position":5},"title":"Feministas yucatecas toman la CODHEY","author":"grieta","date":"15 septiembre, 2020","format":false,"excerpt":"Por Esto! Agrupaciones feministas de Yucat\u00e1n tomaron de manera simb\u00f3lica las instalaciones de la Comisi\u00f3n de Derechos Humanos de Yucat\u00e1n (CODHEY) como protesta por la violencia de g\u00e9nero que se viven en la entidad. Criticaron que las autoridades no han tomado acciones para evitar que se cometan asesinatos de mujeres.\u2026","rel":"","context":"En &quot;CINTILLO&quot;","block_context":{"text":"CINTILLO","link":"https:\/\/www.grieta.org.mx\/index.php\/category\/cintillo\/"},"img":{"alt_text":"","src":"https:\/\/i0.wp.com\/www.grieta.org.mx\/wp-content\/uploads\/2020\/09\/TomaCodehy1.png?resize=350%2C200&ssl=1","width":350,"height":200,"srcset":"https:\/\/i0.wp.com\/www.grieta.org.mx\/wp-content\/uploads\/2020\/09\/TomaCodehy1.png?resize=350%2C200&ssl=1 1x, https:\/\/i0.wp.com\/www.grieta.org.mx\/wp-content\/uploads\/2020\/09\/TomaCodehy1.png?resize=525%2C300&ssl=1 1.5x"},"classes":[]}],"_links":{"self":[{"href":"https:\/\/www.grieta.org.mx\/index.php\/wp-json\/wp\/v2\/posts\/59269","targetHints":{"allow":["GET"]}}],"collection":[{"href":"https:\/\/www.grieta.org.mx\/index.php\/wp-json\/wp\/v2\/posts"}],"about":[{"href":"https:\/\/www.grieta.org.mx\/index.php\/wp-json\/wp\/v2\/types\/post"}],"author":[{"embeddable":true,"href":"https:\/\/www.grieta.org.mx\/index.php\/wp-json\/wp\/v2\/users\/2"}],"replies":[{"embeddable":true,"href":"https:\/\/www.grieta.org.mx\/index.php\/wp-json\/wp\/v2\/comments?post=59269"}],"version-history":[{"count":1,"href":"https:\/\/www.grieta.org.mx\/index.php\/wp-json\/wp\/v2\/posts\/59269\/revisions"}],"predecessor-version":[{"id":59273,"href":"https:\/\/www.grieta.org.mx\/index.php\/wp-json\/wp\/v2\/posts\/59269\/revisions\/59273"}],"wp:featuredmedia":[{"embeddable":true,"href":"https:\/\/www.grieta.org.mx\/index.php\/wp-json\/wp\/v2\/media\/59270"}],"wp:attachment":[{"href":"https:\/\/www.grieta.org.mx\/index.php\/wp-json\/wp\/v2\/media?parent=59269"}],"wp:term":[{"taxonomy":"category","embeddable":true,"href":"https:\/\/www.grieta.org.mx\/index.php\/wp-json\/wp\/v2\/categories?post=59269"},{"taxonomy":"post_tag","embeddable":true,"href":"https:\/\/www.grieta.org.mx\/index.php\/wp-json\/wp\/v2\/tags?post=59269"}],"curies":[{"name":"wp","href":"https:\/\/api.w.org\/{rel}","templated":true}]}}