{"id":59245,"date":"2021-04-28T20:06:03","date_gmt":"2021-04-29T01:06:03","guid":{"rendered":"http:\/\/www.grieta.org.mx\/?p=59245"},"modified":"2021-05-06T00:09:49","modified_gmt":"2021-05-06T05:09:49","slug":"oaxaca-primer-lugar-en-agresiones-a-defensores-por-imposicion-de-parques-eolicos-prodesc","status":"publish","type":"post","link":"https:\/\/www.grieta.org.mx\/index.php\/2021\/04\/28\/oaxaca-primer-lugar-en-agresiones-a-defensores-por-imposicion-de-parques-eolicos-prodesc\/","title":{"rendered":"Oaxaca, primer lugar en agresiones a defensores por imposici\u00f3n de parques e\u00f3licos: ProDESC"},"content":{"rendered":"<p>P\u00e1gina 3 \/ Pedro Mat\u00edas.<\/p>\n<p><img loading=\"lazy\" decoding=\"async\" data-attachment-id=\"59246\" data-permalink=\"https:\/\/www.grieta.org.mx\/index.php\/2021\/04\/28\/oaxaca-primer-lugar-en-agresiones-a-defensores-por-imposicion-de-parques-eolicos-prodesc\/1-163\/\" data-orig-file=\"https:\/\/www.grieta.org.mx\/wp-content\/uploads\/2021\/05\/1.jpeg\" data-orig-size=\"950,485\" data-comments-opened=\"0\" data-image-meta=\"{&quot;aperture&quot;:&quot;0&quot;,&quot;credit&quot;:&quot;&quot;,&quot;camera&quot;:&quot;&quot;,&quot;caption&quot;:&quot;&quot;,&quot;created_timestamp&quot;:&quot;0&quot;,&quot;copyright&quot;:&quot;&quot;,&quot;focal_length&quot;:&quot;0&quot;,&quot;iso&quot;:&quot;0&quot;,&quot;shutter_speed&quot;:&quot;0&quot;,&quot;title&quot;:&quot;&quot;,&quot;orientation&quot;:&quot;1&quot;}\" data-image-title=\"1\" data-image-description=\"\" data-image-caption=\"\" data-medium-file=\"https:\/\/www.grieta.org.mx\/wp-content\/uploads\/2021\/05\/1-300x153.jpeg\" data-large-file=\"https:\/\/www.grieta.org.mx\/wp-content\/uploads\/2021\/05\/1.jpeg\" class=\"alignnone wp-image-59246\" src=\"http:\/\/www.grieta.org.mx\/wp-content\/uploads\/2021\/05\/1.jpeg\" alt=\"\" width=\"800\" height=\"408\" srcset=\"https:\/\/www.grieta.org.mx\/wp-content\/uploads\/2021\/05\/1.jpeg 950w, https:\/\/www.grieta.org.mx\/wp-content\/uploads\/2021\/05\/1-300x153.jpeg 300w, https:\/\/www.grieta.org.mx\/wp-content\/uploads\/2021\/05\/1-768x392.jpeg 768w\" sizes=\"auto, (max-width: 800px) 100vw, 800px\" \/><\/p>\n<p>OAXACA, Oax.- La asociaci\u00f3n civil Proyecto de Derechos Econ\u00f3micos, Sociales y Culturales (ProDESC) afirm\u00f3 que Oaxaca ocupa el primer lugar de agresiones contra defensoras y defensores de la tierra y el territorio en M\u00e9xico, mismos que se dieron en un contexto de imposici\u00f3n de parque e\u00f3licos.<\/p>\n<p>La subdirectora de ProDESC, Ver\u00f3nica Vidal Degiorgis, asegur\u00f3 que existe una correlaci\u00f3n directa entre las agresiones a personas defensoras y el desarrollo de proyectos de energ\u00eda e\u00f3lica en el Istmo de Tehuantepec, Oaxaca.<\/p>\n<p>Destac\u00f3 que de acuerdo con el Centro Mexicano de Derecho Ambiental, \u201cde 2012 a 2018, Oaxaca fue la entidad que registr\u00f3 mayores agresiones a personas defensoras (79 del pa\u00eds).<\/p>\n<p>\u201cY los ataques se concentraron en la zona de Juchit\u00e1n\u201d, mismos que se dieron en un contexto de imposici\u00f3n de parques e\u00f3licos\u201d.<\/p>\n<p>Durante su participaci\u00f3n en el evento \u201cHacia la erradicaci\u00f3n de asesinatos y amenazas contra personas defensoras de derechos humanos en M\u00e9xico\u201d, en el marco del 46\u00ba periodo de sesiones del Consejo de Derechos Humanos de la ONU, mencion\u00f3 el caso de Uni\u00f3n Hidalgo donde \u00c9lectricit\u00e9 de France (EDF) pretende imponer un parque e\u00f3lico y por ello se han incrementado las amenazas a personas defensoras del territorio.<\/p>\n<p>\u201cEn el caso de la Comunidad zapoteca de Uni\u00f3n Hidalgo, Oaxaca, la defensa de su territorio contra la instalaci\u00f3n de parques e\u00f3licos con capital transnacional espa\u00f1ol y franc\u00e9s, ha desencadenado violencia y agresiones, incluidas amenazas de muerte hacia las personas defensoras, sobre todo en el marco de las consultas ind\u00edgenas en donde no se respetan los lineamientos del convenio 169 de la OIT\u201d, asegur\u00f3 Vidal Degiorgis.<\/p>\n<p>Es por ello que desde 2011 personas defensoras de Uni\u00f3n Hidalgo son beneficiarias de medidas cautelares comunitarias, mismas que se ampliaron en 2012 con la entrada de \u00c9lectricit\u00e9 de France (EDF) a la comunidad y el incremento exponencial de las amenazas y agresiones en su contra.<\/p>\n<p>Y \u201cen junio del 2018 la Defensor\u00eda de Derechos Humanos del Pueblo de Oaxaca emiti\u00f3 una alerta temprana por la situaci\u00f3n de riesgo de las y los defensores tras haber iniciado procesos legales contra la empresa y contra la Secretar\u00eda de Energ\u00eda en M\u00e9xico\u201d, concluy\u00f3.<\/p>\n<p>Un a\u00f1o despu\u00e9s, en junio de 2019, la Organizaci\u00f3n Mundial Contra la Tortura y la Federaci\u00f3n Internacional para los Derechos Humanos emitieron un llamado urgente.<\/p>\n<p>Debido al incremento de las agresiones y amenazas en el contexto del proceso de consulta sobre el proyecto Gunna Sicar\u00fa de Electricit\u00e9 de France\u201d, en Uni\u00f3n Hidalgo.<\/p>\n<p>\u201cHacia la erradicaci\u00f3n de asesinatos y amenazas contra personas defensoras en M\u00e9xico\u201d, fue un evento convocado por las organizaciones:<\/p>\n<p>Brigadas Internacionales de Paz (PBI)<br \/>\nConsorcio para el Di\u00e1logo Parlamentario y la Equidad Oaxaca<br \/>\nCoordinaci\u00f3n Alemana por los Derechos Humanos en M\u00e9xico<br \/>\nCentro de Derechos Humanos de la Monta\u00f1a Tlachinollan<br \/>\nFront Line Defenders<br \/>\nOrganizaci\u00f3n Mundial Contra la Tortura<br \/>\nPan Para el Mundo<br \/>\nRed Nacional de Mujeres Defensoras de Derechos Humanos en M\u00e9xico<br \/>\nServicio Internacional por los Derechos Humanos. y ProDESC.<\/p>\n<p><a href=\"https:\/\/pagina3.mx\/2021\/04\/oaxaca-primer-lugar-en-agresiones-a-defensores-por-imposicion-de-parques-eolicos-prodesc\/\" target=\"_blank\" rel=\"noopener\">https:\/\/pagina3.mx\/2021\/04\/oaxaca-primer-lugar-en-agresiones-a-defensores-por-imposicion-de-parques-eolicos-prodesc\/<\/a><\/p>\n","protected":false},"excerpt":{"rendered":"<p>P\u00e1gina 3 \/ Pedro Mat\u00edas. OAXACA, Oax.- La asociaci\u00f3n civil Proyecto de Derechos Econ\u00f3micos, Sociales y Culturales (ProDESC) afirm\u00f3 que Oaxaca ocupa el primer lugar de agresiones contra defensoras y &hellip; <a href=\"https:\/\/www.grieta.org.mx\/index.php\/2021\/04\/28\/oaxaca-primer-lugar-en-agresiones-a-defensores-por-imposicion-de-parques-eolicos-prodesc\/\" class=\"more-link\">Leer m\u00e1s<\/a><\/p>\n","protected":false},"author":2,"featured_media":59246,"comment_status":"closed","ping_status":"closed","sticky":false,"template":"","format":"standard","meta":{"ngg_post_thumbnail":0,"_jetpack_newsletter_access":"","_jetpack_dont_email_post_to_subs":false,"_jetpack_newsletter_tier_id":0,"_jetpack_memberships_contains_paywalled_content":false,"_jetpack_memberships_contains_paid_content":false,"footnotes":""},"categories":[80,1306,1708,2,25],"tags":[],"class_list":["post-59245","post","type-post","status-publish","format-standard","has-post-thumbnail","hentry","category-cintillo","category-conflictos-por-parques-eolicos-en-oaxaca","category-corredor-del-istmo-de-tehuantepec","category-noticias-nacionales","category-oaxaca","entry"],"jetpack_featured_media_url":"https:\/\/www.grieta.org.mx\/wp-content\/uploads\/2021\/05\/1.jpeg","jetpack_sharing_enabled":true,"jetpack_shortlink":"https:\/\/wp.me\/p7ZJR4-fpz","jetpack_likes_enabled":false,"jetpack-related-posts":[{"id":65745,"url":"https:\/\/www.grieta.org.mx\/index.php\/2022\/11\/16\/despues-de-nueve-anos-de-lucha-y-resistencia-empresa-eolica-devolvera-territorio-a-comunidad-zapoteca-de-union-hidalgo-oaxaca\/","url_meta":{"origin":59245,"position":0},"title":"Despu\u00e9s de nueve a\u00f1os de lucha y resistencia, empresa e\u00f3lica devolver\u00e1 territorio a comunidad zapoteca de Uni\u00f3n Hidalgo (Oaxaca)","author":"grieta","date":"16 noviembre, 2022","format":false,"excerpt":"Imagen: ProDESC *Declara la nulidad de contratos de empresa e\u00f3lica filial de Renovalia Energy. *Es el segundo triunfo de la comunidad zapoteca de Uni\u00f3n Hidalgo contra empresas e\u00f3licas transnacionales. *Ahora la empresa Demex deber\u00e1 desocupar y regresar parte de los terrenos que ocup\u00f3 para su parque e\u00f3lico Piedra Larga. Pedro\u2026","rel":"","context":"En &quot;5. Istmo&quot;","block_context":{"text":"5. Istmo","link":"https:\/\/www.grieta.org.mx\/index.php\/category\/espejos-de-la-resistencia\/5-istmo\/"},"img":{"alt_text":"","src":"https:\/\/i0.wp.com\/www.grieta.org.mx\/wp-content\/uploads\/2022\/11\/union-hidalgo-demex-prodesc-nulidad-contrato-1.webp?resize=350%2C200&ssl=1","width":350,"height":200,"srcset":"https:\/\/i0.wp.com\/www.grieta.org.mx\/wp-content\/uploads\/2022\/11\/union-hidalgo-demex-prodesc-nulidad-contrato-1.webp?resize=350%2C200&ssl=1 1x, https:\/\/i0.wp.com\/www.grieta.org.mx\/wp-content\/uploads\/2022\/11\/union-hidalgo-demex-prodesc-nulidad-contrato-1.webp?resize=525%2C300&ssl=1 1.5x"},"classes":[]},{"id":72256,"url":"https:\/\/www.grieta.org.mx\/index.php\/2025\/08\/13\/suman-32-crimenes-en-oaxaca-por-defender-sus-territorios-informe-alas-y-raices-2025\/","url_meta":{"origin":59245,"position":1},"title":"Suman 32 cr\u00edmenes en Oaxaca por defender sus territorios: informe \u201cAlas y Ra\u00edces, 2025\u201d","author":"grieta","date":"13 agosto, 2025","format":false,"excerpt":"Imagen: P\u00e1gina 3 M\u00e1s de 110 agresiones contra personas defensoras y colectivas en la administraci\u00f3n de Salom\u00f3n Jara. Diana Manzo \/ P\u00e1gina3 Oaxaca, Oax.- La defensa del territorio ha cobrado la vida de 32 personas defensoras en lo que va de la administraci\u00f3n del morenista Salom\u00f3n Jara Cruz, as\u00ed lo\u2026","rel":"","context":"En &quot;CINTILLO&quot;","block_context":{"text":"CINTILLO","link":"https:\/\/www.grieta.org.mx\/index.php\/category\/cintillo\/"},"img":{"alt_text":"","src":"https:\/\/i0.wp.com\/www.grieta.org.mx\/wp-content\/uploads\/2025\/08\/c387116e-17b9-4396-b35e-8a15edd5e3d1.jpeg?resize=350%2C200&ssl=1","width":350,"height":200,"srcset":"https:\/\/i0.wp.com\/www.grieta.org.mx\/wp-content\/uploads\/2025\/08\/c387116e-17b9-4396-b35e-8a15edd5e3d1.jpeg?resize=350%2C200&ssl=1 1x, https:\/\/i0.wp.com\/www.grieta.org.mx\/wp-content\/uploads\/2025\/08\/c387116e-17b9-4396-b35e-8a15edd5e3d1.jpeg?resize=525%2C300&ssl=1 1.5x, https:\/\/i0.wp.com\/www.grieta.org.mx\/wp-content\/uploads\/2025\/08\/c387116e-17b9-4396-b35e-8a15edd5e3d1.jpeg?resize=700%2C400&ssl=1 2x"},"classes":[]},{"id":67251,"url":"https:\/\/www.grieta.org.mx\/index.php\/2023\/07\/28\/agresiones-y-violaciones-a-derechos-humanos-en-megaproyecto-del-corredor-interoceanico-alerta-mision-civil-oaxaca\/","url_meta":{"origin":59245,"position":2},"title":"Agresiones y violaciones a derechos humanos en megaproyecto del Corredor Interoce\u00e1nico: Alerta Misi\u00f3n Civil (Oaxaca)","author":"grieta","date":"28 julio, 2023","format":false,"excerpt":"Imagen: Somos El Medio Miranda Chavarr\u00eda \/ Somos El Medio La Misi\u00f3n Civil de Observaci\u00f3n, integrada por 23 organizaciones de la sociedad civil nacionales e internacionales, concluyeron su investigaci\u00f3n en la regi\u00f3n del Istmo de Tehuantepec, en el Estado de Oaxaca. El objetivo de esta misi\u00f3n fue documentar diversas violaciones\u2026","rel":"","context":"En &quot;CINTILLO&quot;","block_context":{"text":"CINTILLO","link":"https:\/\/www.grieta.org.mx\/index.php\/category\/cintillo\/"},"img":{"alt_text":"","src":"https:\/\/i0.wp.com\/www.grieta.org.mx\/wp-content\/uploads\/2023\/07\/363379770_690020123169868_8124757468151930841_n.jpg?resize=350%2C200&ssl=1","width":350,"height":200,"srcset":"https:\/\/i0.wp.com\/www.grieta.org.mx\/wp-content\/uploads\/2023\/07\/363379770_690020123169868_8124757468151930841_n.jpg?resize=350%2C200&ssl=1 1x, https:\/\/i0.wp.com\/www.grieta.org.mx\/wp-content\/uploads\/2023\/07\/363379770_690020123169868_8124757468151930841_n.jpg?resize=525%2C300&ssl=1 1.5x, https:\/\/i0.wp.com\/www.grieta.org.mx\/wp-content\/uploads\/2023\/07\/363379770_690020123169868_8124757468151930841_n.jpg?resize=700%2C400&ssl=1 2x, https:\/\/i0.wp.com\/www.grieta.org.mx\/wp-content\/uploads\/2023\/07\/363379770_690020123169868_8124757468151930841_n.jpg?resize=1050%2C600&ssl=1 3x, https:\/\/i0.wp.com\/www.grieta.org.mx\/wp-content\/uploads\/2023\/07\/363379770_690020123169868_8124757468151930841_n.jpg?resize=1400%2C800&ssl=1 4x"},"classes":[]},{"id":69270,"url":"https:\/\/www.grieta.org.mx\/index.php\/2024\/07\/04\/aumenta-letalidad-en-ataques-contra-defensoras-por-imposicion-del-interoceanico-oaxaca\/","url_meta":{"origin":59245,"position":3},"title":"Aumenta letalidad en ataques contra defensoras por imposici\u00f3n del Interoce\u00e1nico (Oaxaca)","author":"grieta","date":"4 julio, 2024","format":false,"excerpt":"Imagen: APIIDTT Un informe publicado por la Misi\u00f3n Civil de Observaci\u00f3n, que conforman 23 organizaciones nacionales e internacionales, registr\u00f3 el contexto de violencia sistem\u00e1tica y en aumento que est\u00e1n viviendo las mujeres que realizan la labor de defensa del territorio en el Istmo de Tehuantepec. Los ataques reportados tienen consecuencias\u2026","rel":"","context":"En &quot;5. Istmo&quot;","block_context":{"text":"5. Istmo","link":"https:\/\/www.grieta.org.mx\/index.php\/category\/espejos-de-la-resistencia\/5-istmo\/"},"img":{"alt_text":"","src":"https:\/\/i0.wp.com\/www.grieta.org.mx\/wp-content\/uploads\/2024\/07\/Defensoras-Istmo2_elMuro.jpg?resize=350%2C200&ssl=1","width":350,"height":200,"srcset":"https:\/\/i0.wp.com\/www.grieta.org.mx\/wp-content\/uploads\/2024\/07\/Defensoras-Istmo2_elMuro.jpg?resize=350%2C200&ssl=1 1x, https:\/\/i0.wp.com\/www.grieta.org.mx\/wp-content\/uploads\/2024\/07\/Defensoras-Istmo2_elMuro.jpg?resize=525%2C300&ssl=1 1.5x, https:\/\/i0.wp.com\/www.grieta.org.mx\/wp-content\/uploads\/2024\/07\/Defensoras-Istmo2_elMuro.jpg?resize=700%2C400&ssl=1 2x"},"classes":[]},{"id":7611,"url":"https:\/\/www.grieta.org.mx\/index.php\/2015\/12\/12\/sonora-primer-lugar-en-agresiones-a-defensores-y-defensoras-ambientales\/","url_meta":{"origin":59245,"position":4},"title":"Sonora, primer lugar en agresiones a defensores y defensoras ambientales","author":"grieta","date":"12 diciembre, 2015","format":false,"excerpt":"Un total de 109 casos de agresiones a defensores y defensoras ambientales registradas durante 13 meses en M\u00e9xico, evidencia de un alarmante aumento respecto a a\u00f1os anteriores, megaproyectos figuran en conflictos. En el contexto de represi\u00f3n y criminalizaci\u00f3n de la protesta social en M\u00e9xico, el activismo ambiental es uno de\u2026","rel":"","context":"En &quot;CINTILLO&quot;","block_context":{"text":"CINTILLO","link":"https:\/\/www.grieta.org.mx\/index.php\/category\/cintillo\/"},"img":{"alt_text":"","src":"https:\/\/i0.wp.com\/www.grieta.org.mx\/wp-content\/uploads\/2018\/03\/14524434_1106112876131411_958039263622046936_o.jpg?resize=350%2C200&ssl=1","width":350,"height":200,"srcset":"https:\/\/i0.wp.com\/www.grieta.org.mx\/wp-content\/uploads\/2018\/03\/14524434_1106112876131411_958039263622046936_o.jpg?resize=350%2C200&ssl=1 1x, https:\/\/i0.wp.com\/www.grieta.org.mx\/wp-content\/uploads\/2018\/03\/14524434_1106112876131411_958039263622046936_o.jpg?resize=525%2C300&ssl=1 1.5x, https:\/\/i0.wp.com\/www.grieta.org.mx\/wp-content\/uploads\/2018\/03\/14524434_1106112876131411_958039263622046936_o.jpg?resize=700%2C400&ssl=1 2x"},"classes":[]},{"id":68420,"url":"https:\/\/www.grieta.org.mx\/index.php\/2024\/01\/28\/por-protestar-contra-la-gentrificacion-en-oaxaca-detienen-y-encarcelan-a-defensores-de-ddhh\/","url_meta":{"origin":59245,"position":5},"title":"Por protestar contra la gentrificaci\u00f3n en Oaxaca, detienen y encarcelan a defensores de DDHH","author":"grieta","date":"28 enero, 2024","format":false,"excerpt":"Imagen: P\u00e1gina 3 Diana Manzo \/P\u00e1gina3 Oaxaca, Oax.- Cinco activistas y defensores de Derechos Humanos -Filadelfo Desiderio Aldaz, fundador del proyecto La Comedora Comunitaria ayuuk \u201cNk\u00e4\u2019\u00e4ymyujk\u00ebm\u00eb\u201d; Meztli Hern\u00e1ndez Jim\u00e9nez, de la colectiva La Campamenta, Ricardo Mart\u00ednez y Antonio D\u00edaz, tambi\u00e9n de La Comedora, y Nizayeejh Ch\u00e1vez defensora de la Cojudidi;\u2026","rel":"","context":"En &quot;CINTILLO&quot;","block_context":{"text":"CINTILLO","link":"https:\/\/www.grieta.org.mx\/index.php\/category\/cintillo\/"},"img":{"alt_text":"","src":"https:\/\/i0.wp.com\/www.grieta.org.mx\/wp-content\/uploads\/2024\/02\/IMG_8110-1.webp?resize=350%2C200&ssl=1","width":350,"height":200,"srcset":"https:\/\/i0.wp.com\/www.grieta.org.mx\/wp-content\/uploads\/2024\/02\/IMG_8110-1.webp?resize=350%2C200&ssl=1 1x, https:\/\/i0.wp.com\/www.grieta.org.mx\/wp-content\/uploads\/2024\/02\/IMG_8110-1.webp?resize=525%2C300&ssl=1 1.5x"},"classes":[]}],"_links":{"self":[{"href":"https:\/\/www.grieta.org.mx\/index.php\/wp-json\/wp\/v2\/posts\/59245","targetHints":{"allow":["GET"]}}],"collection":[{"href":"https:\/\/www.grieta.org.mx\/index.php\/wp-json\/wp\/v2\/posts"}],"about":[{"href":"https:\/\/www.grieta.org.mx\/index.php\/wp-json\/wp\/v2\/types\/post"}],"author":[{"embeddable":true,"href":"https:\/\/www.grieta.org.mx\/index.php\/wp-json\/wp\/v2\/users\/2"}],"replies":[{"embeddable":true,"href":"https:\/\/www.grieta.org.mx\/index.php\/wp-json\/wp\/v2\/comments?post=59245"}],"version-history":[{"count":1,"href":"https:\/\/www.grieta.org.mx\/index.php\/wp-json\/wp\/v2\/posts\/59245\/revisions"}],"predecessor-version":[{"id":59248,"href":"https:\/\/www.grieta.org.mx\/index.php\/wp-json\/wp\/v2\/posts\/59245\/revisions\/59248"}],"wp:featuredmedia":[{"embeddable":true,"href":"https:\/\/www.grieta.org.mx\/index.php\/wp-json\/wp\/v2\/media\/59246"}],"wp:attachment":[{"href":"https:\/\/www.grieta.org.mx\/index.php\/wp-json\/wp\/v2\/media?parent=59245"}],"wp:term":[{"taxonomy":"category","embeddable":true,"href":"https:\/\/www.grieta.org.mx\/index.php\/wp-json\/wp\/v2\/categories?post=59245"},{"taxonomy":"post_tag","embeddable":true,"href":"https:\/\/www.grieta.org.mx\/index.php\/wp-json\/wp\/v2\/tags?post=59245"}],"curies":[{"name":"wp","href":"https:\/\/api.w.org\/{rel}","templated":true}]}}