{"id":59210,"date":"2021-04-27T14:57:06","date_gmt":"2021-04-27T19:57:06","guid":{"rendered":"https:\/\/www.grieta.org.mx\/?p=59210"},"modified":"2021-05-03T15:02:20","modified_gmt":"2021-05-03T20:02:20","slug":"en-veracruz-se-incrementaron-ataques-contra-ambientalistas-en-2020-cemda","status":"publish","type":"post","link":"https:\/\/www.grieta.org.mx\/index.php\/2021\/04\/27\/en-veracruz-se-incrementaron-ataques-contra-ambientalistas-en-2020-cemda\/","title":{"rendered":"En Veracruz se incrementaron ataques contra ambientalistas en 2020: CEMDA"},"content":{"rendered":"<p><strong>&#8211; De 4 casos sobresale el homicidio de Ad\u00e1n Vez Lira, el 8 de abril de ese a\u00f1o<br \/>\n&#8211; Luch\u00f3 por proteger manglares, dunas y ecosistemas de la costa central<\/strong><\/p>\n<p>Jair Garc\u00eda \/ Al calor pol\u00edtico<\/p>\n<p>Durante el 2020, en el Estado de Veracruz se registr\u00f3 un incremento en las agresiones contra activistas y defensores del medio ambiente, dio a conocer el Centro Mexicano de Derecho Ambiental (CEMDA).<\/p>\n<p>Se\u00f1al\u00f3 que en la entidad veracruzana registraron cuatro casos, de los cuales resalt\u00f3 el homicidio de Ad\u00e1n Vez Lira, de 54 a\u00f1os, el 8 de abril. <\/p>\n<p>CEMDA refiri\u00f3 que el ambientalista dedicado durante m\u00e1s de dos d\u00e9cadas a la defensa del territorio y al observatorio de aves en La Mancha, municipio de Actopan. Trabaj\u00f3 en la protecci\u00f3n de manglares, dunas y los ecosistemas de la costa central de Veracruz. En sus \u00faltimos a\u00f1os particip\u00f3 en la defensa del territorio contra la miner\u00eda por tajo a cielo abierto. <\/p>\n<p>La organizaci\u00f3n no gubernamental indic\u00f3 que con relaci\u00f3n a los casos documentados por entidad federativa durante el 2020 se observa que, en contraste con el a\u00f1o 2019, se registr\u00f3 un aumento de los ataques en Chiapas, Campeche, Estado de M\u00e9xico, Chihuahua, Ciudad de M\u00e9xico, Guerrero y Veracruz. <\/p>\n<p>Esta situaci\u00f3n la incluy\u00f3 en su informe sobre la situaci\u00f3n de las personas defensoras de los derechos ambientales humanos ambientales 2020.<br \/>\n<a href=\"https:\/\/www.alcalorpolitico.com\/informacion\/en-veracruz-se-incrementaron-ataques-contra-ambientalistas-en-2020-cemda-342707.html#.YJBVkj-ZJPZ\" rel=\"noopener\" target=\"_blank\">https:\/\/www.alcalorpolitico.com\/informacion\/en-veracruz-se-incrementaron-ataques-contra-ambientalistas-en-2020-cemda-342707.html#.YJBVkj-ZJPZ<\/a><\/p>\n","protected":false},"excerpt":{"rendered":"<p>&#8211; De 4 casos sobresale el homicidio de Ad\u00e1n Vez Lira, el 8 de abril de ese a\u00f1o &#8211; Luch\u00f3 por proteger manglares, dunas y ecosistemas de la costa central &hellip; <a href=\"https:\/\/www.grieta.org.mx\/index.php\/2021\/04\/27\/en-veracruz-se-incrementaron-ataques-contra-ambientalistas-en-2020-cemda\/\" class=\"more-link\">Leer m\u00e1s<\/a><\/p>\n","protected":false},"author":1,"featured_media":58639,"comment_status":"closed","ping_status":"closed","sticky":false,"template":"","format":"standard","meta":{"ngg_post_thumbnail":0,"_jetpack_newsletter_access":"","_jetpack_dont_email_post_to_subs":false,"_jetpack_newsletter_tier_id":0,"_jetpack_memberships_contains_paywalled_content":false,"_jetpack_memberships_contains_paid_content":false,"footnotes":""},"categories":[2502,80,2,35],"tags":[459,231],"class_list":["post-59210","post","type-post","status-publish","format-standard","has-post-thumbnail","hentry","category-asesinato-de-activistas-en-veracruz","category-cintillo","category-noticias-nacionales","category-veracruz","tag-ataques-a-defensores-ambientales","tag-defensores-ambientales","entry"],"jetpack_featured_media_url":"https:\/\/www.grieta.org.mx\/wp-content\/uploads\/2021\/04\/cropped-cropped-cropped-cropped-cropped-1500x500-1-e1624515319862.jpg","jetpack_sharing_enabled":true,"jetpack_shortlink":"https:\/\/wp.me\/p7ZJR4-fp0","jetpack_likes_enabled":false,"jetpack-related-posts":[{"id":58465,"url":"https:\/\/www.grieta.org.mx\/index.php\/2021\/04\/09\/impune-asesinato-del-ambientalista-adan-vez-lira-veracruz\/","url_meta":{"origin":59210,"position":0},"title":"Impune, asesinato del ambientalista Ad\u00e1n Vez Lira (Veracruz)","author":"grieta","date":"9 abril, 2021","format":false,"excerpt":"Lenin Pati\u00f1o \/ Contral\u00ednea A un a\u00f1o del asesinato a balazos del ambientalista Ad\u00e1n Vez Lira \u2013ocurrido el 8 de abril de 2020 en el municipio de Actopan, Veracruz\u2013 los responsables contin\u00faan impunes ante la inacci\u00f3n de las autoridades, denunci\u00f3 la Red Mexicana de Afectados por la Miner\u00eda (Rema). En\u2026","rel":"","context":"En &quot;Asesinato de activistas en Veracruz&quot;","block_context":{"text":"Asesinato de activistas en Veracruz","link":"https:\/\/www.grieta.org.mx\/index.php\/category\/noticias-nacionales\/veracruz\/asesinato-de-activistas-en-veracruz\/"},"img":{"alt_text":"","src":"https:\/\/i0.wp.com\/www.grieta.org.mx\/wp-content\/uploads\/2021\/04\/Screenshot_2021-04-12-Impune-asesinato-del-ambientalista-Adan-Vez-Lira-%E2%80%94-Contralinea.png?resize=350%2C200&ssl=1","width":350,"height":200,"srcset":"https:\/\/i0.wp.com\/www.grieta.org.mx\/wp-content\/uploads\/2021\/04\/Screenshot_2021-04-12-Impune-asesinato-del-ambientalista-Adan-Vez-Lira-%E2%80%94-Contralinea.png?resize=350%2C200&ssl=1 1x, https:\/\/i0.wp.com\/www.grieta.org.mx\/wp-content\/uploads\/2021\/04\/Screenshot_2021-04-12-Impune-asesinato-del-ambientalista-Adan-Vez-Lira-%E2%80%94-Contralinea.png?resize=525%2C300&ssl=1 1.5x, https:\/\/i0.wp.com\/www.grieta.org.mx\/wp-content\/uploads\/2021\/04\/Screenshot_2021-04-12-Impune-asesinato-del-ambientalista-Adan-Vez-Lira-%E2%80%94-Contralinea.png?resize=700%2C400&ssl=1 2x"},"classes":[]},{"id":51050,"url":"https:\/\/www.grieta.org.mx\/index.php\/2020\/04\/09\/ambientalistas-claman-justicia-por-asesinato-de-activista-veracruz\/","url_meta":{"origin":59210,"position":1},"title":"Ambientalistas claman justicia por asesinato de activista (Veracruz)","author":"grieta","date":"9 abril, 2020","format":false,"excerpt":"Cinthya Trinidad \/ Vanguardia Xalapa, Ver.- Organizaciones ambientalistas y personas dedicadas al cuidado del medio ambiente exigen a las autoridades el esclarecimiento del asesinato del activista Ad\u00e1n Vez Lira, ocurrido este mi\u00e9rcoles 8 de abril, cerca de La Mancha, en el municipio de Actopan. En una carta firmada por diferentes\u2026","rel":"","context":"En &quot;Asesinato de activistas en Veracruz&quot;","block_context":{"text":"Asesinato de activistas en Veracruz","link":"https:\/\/www.grieta.org.mx\/index.php\/category\/noticias-nacionales\/veracruz\/asesinato-de-activistas-en-veracruz\/"},"img":{"alt_text":"","src":"https:\/\/i0.wp.com\/www.grieta.org.mx\/wp-content\/uploads\/2020\/06\/Screenshot_2020-06-19-adan-vez-lira-B%C3%BAsqueda-de-Google.png?resize=350%2C200&ssl=1","width":350,"height":200,"srcset":"https:\/\/i0.wp.com\/www.grieta.org.mx\/wp-content\/uploads\/2020\/06\/Screenshot_2020-06-19-adan-vez-lira-B%C3%BAsqueda-de-Google.png?resize=350%2C200&ssl=1 1x, https:\/\/i0.wp.com\/www.grieta.org.mx\/wp-content\/uploads\/2020\/06\/Screenshot_2020-06-19-adan-vez-lira-B%C3%BAsqueda-de-Google.png?resize=525%2C300&ssl=1 1.5x, https:\/\/i0.wp.com\/www.grieta.org.mx\/wp-content\/uploads\/2020\/06\/Screenshot_2020-06-19-adan-vez-lira-B%C3%BAsqueda-de-Google.png?resize=700%2C400&ssl=1 2x"},"classes":[]},{"id":2014,"url":"https:\/\/www.grieta.org.mx\/index.php\/2016\/01\/09\/colima-quinto-lugar-nacional-en-ataques-contra-ambientalistas-cemda\/","url_meta":{"origin":59210,"position":2},"title":"Colima, quinto lugar nacional en ataques contra ambientalistas: Cemda","author":"grieta","date":"9 enero, 2016","format":false,"excerpt":"Colima, M\u00e9xico, Avanzada (09\/01\/2016).- Con ocho casos registrados, el estado de Colima ocupa el quinto lugar nacional en agresiones contra activistas defensores del medio ambiente, revela el \u201cInforme sobre la situaci\u00f3n de los defensores ambientales 2015\u201d, elaborado por el Centro Mexicano de Derecho Ambiental (Cemda). En el primer lugar se\u2026","rel":"","context":"En &quot;CINTILLO&quot;","block_context":{"text":"CINTILLO","link":"https:\/\/www.grieta.org.mx\/index.php\/category\/cintillo\/"},"img":{"alt_text":"","src":"https:\/\/i0.wp.com\/www.grieta.org.mx\/wp-content\/uploads\/2018\/03\/14524434_1106112876131411_958039263622046936_o.jpg?resize=350%2C200&ssl=1","width":350,"height":200,"srcset":"https:\/\/i0.wp.com\/www.grieta.org.mx\/wp-content\/uploads\/2018\/03\/14524434_1106112876131411_958039263622046936_o.jpg?resize=350%2C200&ssl=1 1x, https:\/\/i0.wp.com\/www.grieta.org.mx\/wp-content\/uploads\/2018\/03\/14524434_1106112876131411_958039263622046936_o.jpg?resize=525%2C300&ssl=1 1.5x, https:\/\/i0.wp.com\/www.grieta.org.mx\/wp-content\/uploads\/2018\/03\/14524434_1106112876131411_958039263622046936_o.jpg?resize=700%2C400&ssl=1 2x"},"classes":[]},{"id":7714,"url":"https:\/\/www.grieta.org.mx\/index.php\/2016\/01\/06\/puebla-entre-los-estados-con-mas-ataques-a-ambientalistas\/","url_meta":{"origin":59210,"position":3},"title":"Puebla, entre los estados con m\u00e1s ataques a ambientalistas","author":"grieta","date":"6 enero, 2016","format":false,"excerpt":"enero 16, 2016 Samantha P\u00e1ez, Puebla Apenas en un a\u00f1o se registraron ocho agresiones en Puebla contra defensores y defensoras del medio ambiente, seg\u00fan lo dio a conocer el Centro Mexicano de Derecho Ambiental AC (Cemda), organizaci\u00f3n civil reconocida a nivel internacional. De acuerdo con el \u201cInforme sobre la situaci\u00f3n\u2026","rel":"","context":"En &quot;CINTILLO&quot;","block_context":{"text":"CINTILLO","link":"https:\/\/www.grieta.org.mx\/index.php\/category\/cintillo\/"},"img":{"alt_text":"","src":"https:\/\/i0.wp.com\/www.grieta.org.mx\/wp-content\/uploads\/2018\/03\/14524434_1106112876131411_958039263622046936_o.jpg?resize=350%2C200&ssl=1","width":350,"height":200,"srcset":"https:\/\/i0.wp.com\/www.grieta.org.mx\/wp-content\/uploads\/2018\/03\/14524434_1106112876131411_958039263622046936_o.jpg?resize=350%2C200&ssl=1 1x, https:\/\/i0.wp.com\/www.grieta.org.mx\/wp-content\/uploads\/2018\/03\/14524434_1106112876131411_958039263622046936_o.jpg?resize=525%2C300&ssl=1 1.5x, https:\/\/i0.wp.com\/www.grieta.org.mx\/wp-content\/uploads\/2018\/03\/14524434_1106112876131411_958039263622046936_o.jpg?resize=700%2C400&ssl=1 2x"},"classes":[]},{"id":66845,"url":"https:\/\/www.grieta.org.mx\/index.php\/2023\/04\/19\/defender-al-medio-ambiente-un-peligro-en-oaxaca\/","url_meta":{"origin":59210,"position":4},"title":"Defender al medio ambiente, un peligro en Oaxaca","author":"grieta","date":"19 abril, 2023","format":false,"excerpt":"Imagen :Agencia Reforma Agencia Reforma \/ Noticias NVI CIUDAD DE M\u00c9XICO.- Una vez m\u00e1s, en M\u00e9xico se bati\u00f3 el r\u00e9cord de violencia contra ambientalistas: con 24 asesinatos y 582 agresiones, 2022 se coron\u00f3 como el a\u00f1o m\u00e1s violento para los defensores del medio ambiente y el territorio, seg\u00fan registros del\u2026","rel":"","context":"En &quot;CINTILLO&quot;","block_context":{"text":"CINTILLO","link":"https:\/\/www.grieta.org.mx\/index.php\/category\/cintillo\/"},"img":{"alt_text":"","src":"https:\/\/i0.wp.com\/www.grieta.org.mx\/wp-content\/uploads\/2023\/04\/protesta4.webp?resize=350%2C200&ssl=1","width":350,"height":200,"srcset":"https:\/\/i0.wp.com\/www.grieta.org.mx\/wp-content\/uploads\/2023\/04\/protesta4.webp?resize=350%2C200&ssl=1 1x, https:\/\/i0.wp.com\/www.grieta.org.mx\/wp-content\/uploads\/2023\/04\/protesta4.webp?resize=525%2C300&ssl=1 1.5x, https:\/\/i0.wp.com\/www.grieta.org.mx\/wp-content\/uploads\/2023\/04\/protesta4.webp?resize=700%2C400&ssl=1 2x, https:\/\/i0.wp.com\/www.grieta.org.mx\/wp-content\/uploads\/2023\/04\/protesta4.webp?resize=1050%2C600&ssl=1 3x"},"classes":[]},{"id":7607,"url":"https:\/\/www.grieta.org.mx\/index.php\/2016\/01\/04\/crece-el-numero-de-ataques-a-defensores-ambientales-en-el-gobierno-de-pena-nieto-2\/","url_meta":{"origin":59210,"position":5},"title":"Crece el n\u00famero de ataques a defensores ambientales en el gobierno de Pe\u00f1a Nieto","author":"grieta","date":"4 enero, 2016","format":false,"excerpt":"En lo que va de la administraci\u00f3n de Enrique Pe\u00f1a Nieto se han incrementado los casos de agresiones y ataques a personas defensoras ambientales y de derechos humanos en M\u00e9xico. De acuerdo con datos del Centro Mexicano de Derecho Ambiental, en 2010 se registraron 10 ataques, 16 en 2011, 23\u2026","rel":"","context":"En &quot;CINTILLO&quot;","block_context":{"text":"CINTILLO","link":"https:\/\/www.grieta.org.mx\/index.php\/category\/cintillo\/"},"img":{"alt_text":"","src":"https:\/\/i0.wp.com\/www.grieta.org.mx\/wp-content\/uploads\/2018\/03\/14524434_1106112876131411_958039263622046936_o.jpg?resize=350%2C200&ssl=1","width":350,"height":200,"srcset":"https:\/\/i0.wp.com\/www.grieta.org.mx\/wp-content\/uploads\/2018\/03\/14524434_1106112876131411_958039263622046936_o.jpg?resize=350%2C200&ssl=1 1x, https:\/\/i0.wp.com\/www.grieta.org.mx\/wp-content\/uploads\/2018\/03\/14524434_1106112876131411_958039263622046936_o.jpg?resize=525%2C300&ssl=1 1.5x, https:\/\/i0.wp.com\/www.grieta.org.mx\/wp-content\/uploads\/2018\/03\/14524434_1106112876131411_958039263622046936_o.jpg?resize=700%2C400&ssl=1 2x"},"classes":[]}],"_links":{"self":[{"href":"https:\/\/www.grieta.org.mx\/index.php\/wp-json\/wp\/v2\/posts\/59210","targetHints":{"allow":["GET"]}}],"collection":[{"href":"https:\/\/www.grieta.org.mx\/index.php\/wp-json\/wp\/v2\/posts"}],"about":[{"href":"https:\/\/www.grieta.org.mx\/index.php\/wp-json\/wp\/v2\/types\/post"}],"author":[{"embeddable":true,"href":"https:\/\/www.grieta.org.mx\/index.php\/wp-json\/wp\/v2\/users\/1"}],"replies":[{"embeddable":true,"href":"https:\/\/www.grieta.org.mx\/index.php\/wp-json\/wp\/v2\/comments?post=59210"}],"version-history":[{"count":1,"href":"https:\/\/www.grieta.org.mx\/index.php\/wp-json\/wp\/v2\/posts\/59210\/revisions"}],"predecessor-version":[{"id":59211,"href":"https:\/\/www.grieta.org.mx\/index.php\/wp-json\/wp\/v2\/posts\/59210\/revisions\/59211"}],"wp:featuredmedia":[{"embeddable":true,"href":"https:\/\/www.grieta.org.mx\/index.php\/wp-json\/wp\/v2\/media\/58639"}],"wp:attachment":[{"href":"https:\/\/www.grieta.org.mx\/index.php\/wp-json\/wp\/v2\/media?parent=59210"}],"wp:term":[{"taxonomy":"category","embeddable":true,"href":"https:\/\/www.grieta.org.mx\/index.php\/wp-json\/wp\/v2\/categories?post=59210"},{"taxonomy":"post_tag","embeddable":true,"href":"https:\/\/www.grieta.org.mx\/index.php\/wp-json\/wp\/v2\/tags?post=59210"}],"curies":[{"name":"wp","href":"https:\/\/api.w.org\/{rel}","templated":true}]}}