{"id":592,"date":"2016-01-27T19:09:50","date_gmt":"2016-01-27T19:09:50","guid":{"rendered":"http:\/\/50.22.11.12\/~grietaor\/?p=592"},"modified":"2016-03-01T19:28:58","modified_gmt":"2016-03-01T19:28:58","slug":"paro-general-en-la-uaz","status":"publish","type":"post","link":"https:\/\/www.grieta.org.mx\/index.php\/2016\/01\/27\/paro-general-en-la-uaz\/","title":{"rendered":"Paro general en la UAZ"},"content":{"rendered":"<p>Mi\u00e9rcoles, 27 de enero de 2016<br \/>\nABIGAIL SALINAS<\/p>\n<p>Zacatecas.- De las 7 a las 19 horas de este mi\u00e9rcoles, Sindicato de Personal Acad\u00e9mico de la Universidad Aut\u00f3noma de Zacatecas (SPAUAZ) mantendr\u00e1 un paro general en la universidad, debido a que a\u00fan queda pendiente el pago de 70 millones de pesos por parte de la administraci\u00f3n central, desde mediados del a\u00f1o pasado.<\/p>\n<p>Adem\u00e1s, el paro obedece a la exigencia a Rector\u00eda de presentar claramente la situaci\u00f3n financiera de la universidad y las gestiones que se han hecho ante la Secretar\u00eda de Educaci\u00f3n P\u00fablica (SEP) y la Secretar\u00eda de Hacienda y Cr\u00e9dito P\u00fablico (SHCP).<\/p>\n<p>Argumentan que, pese a que se reunieron el pasado lunes con el rector, Armando Silva Ch\u00e1irez, estas dudas no quedaron resueltas.<\/p>\n<p><a href=\"http:\/\/ntrzacatecas.com\/2016\/01\/27\/paro-general-en-la-uaz\/\" target=\"_blank\">ntrzacatecas.com\/2016\/01\/27\/paro-general-en-la-uaz\/<\/a><\/p>\n","protected":false},"excerpt":{"rendered":"<p>Mi\u00e9rcoles, 27 de enero de 2016 ABIGAIL SALINAS Zacatecas.- De las 7 a las 19 horas de este mi\u00e9rcoles, Sindicato de Personal Acad\u00e9mico de la Universidad Aut\u00f3noma de Zacatecas (SPAUAZ) &hellip; <a href=\"https:\/\/www.grieta.org.mx\/index.php\/2016\/01\/27\/paro-general-en-la-uaz\/\" class=\"more-link\">Leer m\u00e1s<\/a><\/p>\n","protected":false},"author":2,"featured_media":21928,"comment_status":"closed","ping_status":"open","sticky":false,"template":"","format":"standard","meta":{"ngg_post_thumbnail":0,"_jetpack_newsletter_access":"","_jetpack_dont_email_post_to_subs":false,"_jetpack_newsletter_tier_id":0,"_jetpack_memberships_contains_paywalled_content":false,"_jetpack_memberships_contains_paid_content":false,"footnotes":""},"categories":[80,139],"tags":[105,107],"class_list":["post-592","post","type-post","status-publish","format-standard","has-post-thumbnail","hentry","category-cintillo","category-zacatecas","tag-derechos-laborales","tag-educacion","entry"],"jetpack_featured_media_url":"https:\/\/www.grieta.org.mx\/wp-content\/uploads\/2018\/03\/14524434_1106112876131411_958039263622046936_o.jpg","jetpack_sharing_enabled":true,"jetpack_shortlink":"https:\/\/wp.me\/p7ZJR4-9y","jetpack_likes_enabled":false,"jetpack-related-posts":[{"id":31610,"url":"https:\/\/www.grieta.org.mx\/index.php\/2019\/03\/28\/continua-el-paro-de-labores-en-la-uaz\/","url_meta":{"origin":592,"position":0},"title":"Contin\u00faa el paro de labores en la UAZ","author":"grieta","date":"28 marzo, 2019","format":false,"excerpt":"Isidro Mu\u00f1oz\/Zacatecas en Imagen ZACATECAS.- Sin soluci\u00f3n a sus demandas, alumnos continuar\u00e1n el paro en las instalaciones del campus Siglo 21 de la Universidad Aut\u00f3noma de Zacatecas. Los estudiantes, en apoyo al profesor Jos\u00e9 Luis Fierros Rojo, continuar\u00e1n con el paro de actividades en la universidad hasta que el profesor\u2026","rel":"","context":"En &quot;CINTILLO&quot;","block_context":{"text":"CINTILLO","link":"https:\/\/www.grieta.org.mx\/index.php\/category\/cintillo\/"},"img":{"alt_text":"","src":"https:\/\/i0.wp.com\/www.grieta.org.mx\/wp-content\/uploads\/2018\/03\/14524434_1106112876131411_958039263622046936_o.jpg?resize=350%2C200&ssl=1","width":350,"height":200,"srcset":"https:\/\/i0.wp.com\/www.grieta.org.mx\/wp-content\/uploads\/2018\/03\/14524434_1106112876131411_958039263622046936_o.jpg?resize=350%2C200&ssl=1 1x, https:\/\/i0.wp.com\/www.grieta.org.mx\/wp-content\/uploads\/2018\/03\/14524434_1106112876131411_958039263622046936_o.jpg?resize=525%2C300&ssl=1 1.5x, https:\/\/i0.wp.com\/www.grieta.org.mx\/wp-content\/uploads\/2018\/03\/14524434_1106112876131411_958039263622046936_o.jpg?resize=700%2C400&ssl=1 2x"},"classes":[]},{"id":615,"url":"https:\/\/www.grieta.org.mx\/index.php\/2015\/11\/04\/realizan-paro-de-12-horas-en-universidad-de-zacatecas\/","url_meta":{"origin":592,"position":1},"title":"Realizan paro de 12 horas en Universidad de Zacatecas","author":"grieta","date":"4 noviembre, 2015","format":false,"excerpt":"Notimex 04\/11\/15 Sindicato de Personal Acad\u00e9mico de la Universidad Aut\u00f3noma de Zacatecas (SPAUAZ)realiza un paro de 12 horas en la casa de estudios, en demanda de que le sean asignadas las cargas laborales del pr\u00f3ximo ciclo escolar. Ell\u00edder del SPAUAZ, Crescenciano S\u00e1nchez, confirm\u00f3 que el paro de actividades se desarrollar\u00e1\u2026","rel":"","context":"En &quot;CINTILLO&quot;","block_context":{"text":"CINTILLO","link":"https:\/\/www.grieta.org.mx\/index.php\/category\/cintillo\/"},"img":{"alt_text":"","src":"https:\/\/i0.wp.com\/www.grieta.org.mx\/wp-content\/uploads\/2018\/03\/14524434_1106112876131411_958039263622046936_o.jpg?resize=350%2C200&ssl=1","width":350,"height":200,"srcset":"https:\/\/i0.wp.com\/www.grieta.org.mx\/wp-content\/uploads\/2018\/03\/14524434_1106112876131411_958039263622046936_o.jpg?resize=350%2C200&ssl=1 1x, https:\/\/i0.wp.com\/www.grieta.org.mx\/wp-content\/uploads\/2018\/03\/14524434_1106112876131411_958039263622046936_o.jpg?resize=525%2C300&ssl=1 1.5x, https:\/\/i0.wp.com\/www.grieta.org.mx\/wp-content\/uploads\/2018\/03\/14524434_1106112876131411_958039263622046936_o.jpg?resize=700%2C400&ssl=1 2x"},"classes":[]},{"id":678,"url":"https:\/\/www.grieta.org.mx\/index.php\/2016\/02\/15\/conflictos-en-la-universidad-autonoma-de-zacatecas\/","url_meta":{"origin":592,"position":2},"title":"Conflictos en la Universidad Aut\u00f3noma de Zacatecas","author":"grieta","date":"15 febrero, 2016","format":false,"excerpt":"15\/02\/16. Otro Paro en la UAZ NTR Zacatecas 12\/02\/16. Planta rector a SPAUAZ; STUAZ rechaza huelga NTR Zacatecas 27\/01\/16. Paro general en la UAZ NTR Zacatecas 26\/01\/16. Condicionan a alumnos de medicina de la UAZ NTR Zacatecas 18\/01\/16. Denuncia SPAUAZ a rector por peculado NTR Zacatecas 17\/12\/15. Prestar\u00e1 SPAUAZ dinero\u2026","rel":"","context":"En &quot;Zacatecas&quot;","block_context":{"text":"Zacatecas","link":"https:\/\/www.grieta.org.mx\/index.php\/category\/noticias-nacionales\/zacatecas\/"},"img":{"alt_text":"","src":"https:\/\/i0.wp.com\/www.grieta.org.mx\/wp-content\/uploads\/2018\/03\/14524434_1106112876131411_958039263622046936_o.jpg?resize=350%2C200&ssl=1","width":350,"height":200,"srcset":"https:\/\/i0.wp.com\/www.grieta.org.mx\/wp-content\/uploads\/2018\/03\/14524434_1106112876131411_958039263622046936_o.jpg?resize=350%2C200&ssl=1 1x, https:\/\/i0.wp.com\/www.grieta.org.mx\/wp-content\/uploads\/2018\/03\/14524434_1106112876131411_958039263622046936_o.jpg?resize=525%2C300&ssl=1 1.5x, https:\/\/i0.wp.com\/www.grieta.org.mx\/wp-content\/uploads\/2018\/03\/14524434_1106112876131411_958039263622046936_o.jpg?resize=700%2C400&ssl=1 2x"},"classes":[]},{"id":587,"url":"https:\/\/www.grieta.org.mx\/index.php\/2016\/02\/15\/otro-paro-en-la-uaz\/","url_meta":{"origin":592,"position":3},"title":"Otro paro en la UAZ","author":"grieta","date":"15 febrero, 2016","format":false,"excerpt":"Zacatecas Lunes, 15 de febrero de 2016 ABIGAIL SALINAS Zacatecas.- Al mediod\u00eda de este lunes, en asamblea general del Sindicato del Personal Acad\u00e9mico de la Universidad Aut\u00f3noma de Zacatecas (SPAUAZ), se decidi\u00f3 realizar un paro general de actividades este martes en todos los planteles de la m\u00e1xima casa de estudios\u2026","rel":"","context":"En &quot;CINTILLO&quot;","block_context":{"text":"CINTILLO","link":"https:\/\/www.grieta.org.mx\/index.php\/category\/cintillo\/"},"img":{"alt_text":"","src":"https:\/\/i0.wp.com\/www.grieta.org.mx\/wp-content\/uploads\/2018\/03\/14524434_1106112876131411_958039263622046936_o.jpg?resize=350%2C200&ssl=1","width":350,"height":200,"srcset":"https:\/\/i0.wp.com\/www.grieta.org.mx\/wp-content\/uploads\/2018\/03\/14524434_1106112876131411_958039263622046936_o.jpg?resize=350%2C200&ssl=1 1x, https:\/\/i0.wp.com\/www.grieta.org.mx\/wp-content\/uploads\/2018\/03\/14524434_1106112876131411_958039263622046936_o.jpg?resize=525%2C300&ssl=1 1.5x, https:\/\/i0.wp.com\/www.grieta.org.mx\/wp-content\/uploads\/2018\/03\/14524434_1106112876131411_958039263622046936_o.jpg?resize=700%2C400&ssl=1 2x"},"classes":[]},{"id":619,"url":"https:\/\/www.grieta.org.mx\/index.php\/2015\/09\/25\/levantan-paro-en-el-campus-uaz-siglo-xxi\/","url_meta":{"origin":592,"position":4},"title":"Levantan paro en el Campus UAZ Siglo XXI","author":"grieta","date":"25 septiembre, 2015","format":false,"excerpt":"NTR Zacatecas 25\/09\/2015 Zacatecas.- A las 15 horas de este viernes, se levant\u00f3 el paro en el Campus UAZ Siglo XXI que manten\u00edan docentes de la Unidad Acad\u00e9mica de Enfermer\u00eda, quienes solicitaban el pago de un semestre completo. Luego de 48 horas de paro, los docentes acordaron con el departamento\u2026","rel":"","context":"En &quot;CINTILLO&quot;","block_context":{"text":"CINTILLO","link":"https:\/\/www.grieta.org.mx\/index.php\/category\/cintillo\/"},"img":{"alt_text":"","src":"https:\/\/i0.wp.com\/www.grieta.org.mx\/wp-content\/uploads\/2018\/03\/14524434_1106112876131411_958039263622046936_o.jpg?resize=350%2C200&ssl=1","width":350,"height":200,"srcset":"https:\/\/i0.wp.com\/www.grieta.org.mx\/wp-content\/uploads\/2018\/03\/14524434_1106112876131411_958039263622046936_o.jpg?resize=350%2C200&ssl=1 1x, https:\/\/i0.wp.com\/www.grieta.org.mx\/wp-content\/uploads\/2018\/03\/14524434_1106112876131411_958039263622046936_o.jpg?resize=525%2C300&ssl=1 1.5x, https:\/\/i0.wp.com\/www.grieta.org.mx\/wp-content\/uploads\/2018\/03\/14524434_1106112876131411_958039263622046936_o.jpg?resize=700%2C400&ssl=1 2x"},"classes":[]},{"id":675,"url":"https:\/\/www.grieta.org.mx\/index.php\/2015\/02\/16\/docentes-de-zacatecas-activan-paro-de-brazos-caidos\/","url_meta":{"origin":592,"position":5},"title":"Docentes de Zacatecas activan paro de brazos ca\u00eddos","author":"grieta","date":"16 febrero, 2015","format":false,"excerpt":"Sin Embargo Por Redacci\u00f3n \/ Sin Embargo febrero 16, 2015 Zacatecas, 16 Feb (Notimex).- Los docentes de la Universidad Aut\u00f3noma de Zacatecas (UAZ) iniciaron este lunes un paro de \u201cbrazos ca\u00eddos\u201d en esa casa de estudios en demanda de la soluci\u00f3n al problema econ\u00f3mico. En entrevista, el secretario general del\u2026","rel":"","context":"En &quot;CINTILLO&quot;","block_context":{"text":"CINTILLO","link":"https:\/\/www.grieta.org.mx\/index.php\/category\/cintillo\/"},"img":{"alt_text":"","src":"https:\/\/i0.wp.com\/www.grieta.org.mx\/wp-content\/uploads\/2018\/03\/14524434_1106112876131411_958039263622046936_o.jpg?resize=350%2C200&ssl=1","width":350,"height":200,"srcset":"https:\/\/i0.wp.com\/www.grieta.org.mx\/wp-content\/uploads\/2018\/03\/14524434_1106112876131411_958039263622046936_o.jpg?resize=350%2C200&ssl=1 1x, https:\/\/i0.wp.com\/www.grieta.org.mx\/wp-content\/uploads\/2018\/03\/14524434_1106112876131411_958039263622046936_o.jpg?resize=525%2C300&ssl=1 1.5x, https:\/\/i0.wp.com\/www.grieta.org.mx\/wp-content\/uploads\/2018\/03\/14524434_1106112876131411_958039263622046936_o.jpg?resize=700%2C400&ssl=1 2x"},"classes":[]}],"_links":{"self":[{"href":"https:\/\/www.grieta.org.mx\/index.php\/wp-json\/wp\/v2\/posts\/592","targetHints":{"allow":["GET"]}}],"collection":[{"href":"https:\/\/www.grieta.org.mx\/index.php\/wp-json\/wp\/v2\/posts"}],"about":[{"href":"https:\/\/www.grieta.org.mx\/index.php\/wp-json\/wp\/v2\/types\/post"}],"author":[{"embeddable":true,"href":"https:\/\/www.grieta.org.mx\/index.php\/wp-json\/wp\/v2\/users\/2"}],"replies":[{"embeddable":true,"href":"https:\/\/www.grieta.org.mx\/index.php\/wp-json\/wp\/v2\/comments?post=592"}],"version-history":[{"count":1,"href":"https:\/\/www.grieta.org.mx\/index.php\/wp-json\/wp\/v2\/posts\/592\/revisions"}],"predecessor-version":[{"id":2375,"href":"https:\/\/www.grieta.org.mx\/index.php\/wp-json\/wp\/v2\/posts\/592\/revisions\/2375"}],"wp:featuredmedia":[{"embeddable":true,"href":"https:\/\/www.grieta.org.mx\/index.php\/wp-json\/wp\/v2\/media\/21928"}],"wp:attachment":[{"href":"https:\/\/www.grieta.org.mx\/index.php\/wp-json\/wp\/v2\/media?parent=592"}],"wp:term":[{"taxonomy":"category","embeddable":true,"href":"https:\/\/www.grieta.org.mx\/index.php\/wp-json\/wp\/v2\/categories?post=592"},{"taxonomy":"post_tag","embeddable":true,"href":"https:\/\/www.grieta.org.mx\/index.php\/wp-json\/wp\/v2\/tags?post=592"}],"curies":[{"name":"wp","href":"https:\/\/api.w.org\/{rel}","templated":true}]}}