{"id":59137,"date":"2021-05-02T18:53:56","date_gmt":"2021-05-02T23:53:56","guid":{"rendered":"https:\/\/www.grieta.org.mx\/?p=59137"},"modified":"2021-05-02T18:53:56","modified_gmt":"2021-05-02T23:53:56","slug":"y-asi-como-nosotros-defendemos-la-tierra-hay-quien-lo-defiende-al-mar","status":"publish","type":"post","link":"https:\/\/www.grieta.org.mx\/index.php\/2021\/05\/02\/y-asi-como-nosotros-defendemos-la-tierra-hay-quien-lo-defiende-al-mar\/","title":{"rendered":"\u201cY as\u00ed como nosotros defendemos la tierra, \u00bfhay quien lo defiende al mar?\u00bb"},"content":{"rendered":"<p>Juana Machetes\/Radio Pozol<br \/>\n2 mayo 2021<\/p>\n<p>2 de Mayo \/ Isla Mujeres.<\/p>\n<p>Una Monta\u00f1a a punto de zarpar\u2026<\/p>\n<p>En las geograf\u00edas y calendarios muy Otroas viven personoas sin igual y suceden situaciones extraordinarias: un escarabajo que filosofa, gatoperros que\u2026. navegan barcos rebeldes en monta\u00f1as aut\u00f3nomas (pero no a la manera de Fitzcarraldo), crecen los sue\u00f1os en la tierra y encuentras esperanzas como frutos colgadas \u00e1rboles, esperanzas que alimentan a toda una flota de miradas donde se reflejan a Loas Otroas Mundoas que llegan a surcar estas aguas con sed de justicia y dignidad.<\/p>\n<p><a href=\"https:\/\/pozol.org\/?attachment_id=18696\" rel=\"attachment wp-att-18696\"><img loading=\"lazy\" decoding=\"async\" class=\"aligncenter size-full wp-image-18696\" src=\"https:\/\/pozol.org\/wp-content\/uploads\/2021\/05\/inbound1865080672-1.jpg\" sizes=\"auto, (max-width: 724px) 100vw, 724px\" srcset=\"https:\/\/pozol.org\/wp-content\/uploads\/2021\/05\/inbound1865080672-1.jpg 724w, https:\/\/pozol.org\/wp-content\/uploads\/2021\/05\/inbound1865080672-1-200x300.jpg 200w, https:\/\/pozol.org\/wp-content\/uploads\/2021\/05\/inbound1865080672-1-683x1024.jpg 683w, https:\/\/pozol.org\/wp-content\/uploads\/2021\/05\/inbound1865080672-1-333x500.jpg 333w\" alt=\"\" width=\"724\" height=\"1086\" \/><\/a><\/p>\n<p>Durante\u2026 la gente ley\u00f3 un relato de lo que siempre estuvo pasando, pero que ahora ya ES y ya EST\u00c1 pasando \u00bfotra vez? s\u00ed (pero que hasta esta fecha del dos de mayo de 2021, muchoas personoas podemos puede ver, escuchar y oler, porque de por s\u00ed ya se sent\u00edan como peces en el nuestros est\u00f3magos y lo ven\u00edamos saboreando con cada palabra que sal\u00eda de las monta\u00f1as del sureste mexicano.<\/p>\n<p><a href=\"https:\/\/pozol.org\/?attachment_id=18700\" rel=\"attachment wp-att-18700\"><img loading=\"lazy\" decoding=\"async\" class=\"aligncenter size-full wp-image-18700\" src=\"https:\/\/pozol.org\/wp-content\/uploads\/2021\/05\/inbound1735591945.jpg\" sizes=\"auto, (max-width: 1086px) 100vw, 1086px\" srcset=\"https:\/\/pozol.org\/wp-content\/uploads\/2021\/05\/inbound1735591945.jpg 1086w, https:\/\/pozol.org\/wp-content\/uploads\/2021\/05\/inbound1735591945-300x200.jpg 300w, https:\/\/pozol.org\/wp-content\/uploads\/2021\/05\/inbound1735591945-1024x683.jpg 1024w, https:\/\/pozol.org\/wp-content\/uploads\/2021\/05\/inbound1735591945-768x512.jpg 768w, https:\/\/pozol.org\/wp-content\/uploads\/2021\/05\/inbound1735591945-500x333.jpg 500w\" alt=\"\" width=\"1086\" height=\"724\" \/><\/a><\/p>\n<p>Las diversas rutas y corrientes mar\u00edtimas de las monta\u00f1as del sureste mexicano, llevaron las miradas al Caracol IV de Morelia, donde se encuentra el astillero en el que se construy\u00f3 la nave del \u201cDespertad\u201d. Mujeres, hombres (muchoas jovenoas) ni\u00f1os, ni\u00f1as y pichites, compas zapatistas, alzaron ese nav\u00edo con esa ilusi\u00f3n que corre en sus venas y que les da Vida.<\/p>\n<p><a href=\"https:\/\/pozol.org\/?attachment_id=18697\" rel=\"attachment wp-att-18697\"><img loading=\"lazy\" decoding=\"async\" class=\"aligncenter size-full wp-image-18697\" src=\"https:\/\/pozol.org\/wp-content\/uploads\/2021\/05\/inbound-880404162-1.jpg\" sizes=\"auto, (max-width: 1086px) 100vw, 1086px\" srcset=\"https:\/\/pozol.org\/wp-content\/uploads\/2021\/05\/inbound-880404162-1.jpg 1086w, https:\/\/pozol.org\/wp-content\/uploads\/2021\/05\/inbound-880404162-1-300x200.jpg 300w, https:\/\/pozol.org\/wp-content\/uploads\/2021\/05\/inbound-880404162-1-1024x683.jpg 1024w, https:\/\/pozol.org\/wp-content\/uploads\/2021\/05\/inbound-880404162-1-768x512.jpg 768w, https:\/\/pozol.org\/wp-content\/uploads\/2021\/05\/inbound-880404162-1-500x333.jpg 500w\" alt=\"\" width=\"1086\" height=\"724\" \/><\/a><\/p>\n<p>Mientras el mar del Caracol IV se pintaba a muchas manos y le daban retoques a las olas felices, el Escuadr\u00f3n 421 se alistaba para seguir viajando dentro de La Monta\u00f1a y navegando entre pueblos originarios a quienes le van recogiendo sentires, miradas y palabras que har\u00e1n de puente en una Traves\u00eda por la Vida que tambi\u00e9n se encuentran tallados y pintados a manos como estelas que abrazan los r\u00fasticos cayucos que atravesar\u00e1n las aguas del Mar Atl\u00e1ntico, mostrados por primera vez un s\u00e1bado 24 de abril.<\/p>\n<p><a href=\"https:\/\/pozol.org\/?attachment_id=18701\" rel=\"attachment wp-att-18701\"><img loading=\"lazy\" decoding=\"async\" class=\"aligncenter size-full wp-image-18701\" src=\"https:\/\/pozol.org\/wp-content\/uploads\/2021\/05\/inbound-1208041782.jpg\" sizes=\"auto, (max-width: 1024px) 100vw, 1024px\" srcset=\"https:\/\/pozol.org\/wp-content\/uploads\/2021\/05\/inbound-1208041782.jpg 1024w, https:\/\/pozol.org\/wp-content\/uploads\/2021\/05\/inbound-1208041782-300x225.jpg 300w, https:\/\/pozol.org\/wp-content\/uploads\/2021\/05\/inbound-1208041782-768x576.jpg 768w, https:\/\/pozol.org\/wp-content\/uploads\/2021\/05\/inbound-1208041782-500x375.jpg 500w\" alt=\"\" width=\"1024\" height=\"768\" \/><\/a><\/p>\n<p>Y despu\u00e9s de una noche musical de baile con un metro y medio exacto de sana distancia gracias a los palos cuidadosamente tallados con los que se echaba el huarachazo; al d\u00eda siguiente se hizo presente el cuete entre la m\u00fasica tradicional. Esa ma\u00f1ana del 25 de abril el Escuadr\u00f3n 421 fue despedido con una ceremonia tradicional Maya donde los principales rodeadaron con sus oraciones y sahumaron a la Delegaci\u00f3n Zapatista donde tambi\u00e9n se dejaron leer menajes de \u00e1nimo en las cartulinas que enmarcan esta iniciativa zapatista y que con entusiasmo muestran las Bases de apoyo zapatistas.<\/p>\n<p><a href=\"https:\/\/pozol.org\/?attachment_id=18694\" rel=\"attachment wp-att-18694\"><img loading=\"lazy\" decoding=\"async\" class=\"aligncenter size-full wp-image-18694\" src=\"https:\/\/pozol.org\/wp-content\/uploads\/2021\/05\/inbound936286034-1.jpg\" sizes=\"auto, (max-width: 766px) 100vw, 766px\" srcset=\"https:\/\/pozol.org\/wp-content\/uploads\/2021\/05\/inbound936286034-1.jpg 766w, https:\/\/pozol.org\/wp-content\/uploads\/2021\/05\/inbound936286034-1-224x300.jpg 224w, https:\/\/pozol.org\/wp-content\/uploads\/2021\/05\/inbound936286034-1-765x1024.jpg 765w, https:\/\/pozol.org\/wp-content\/uploads\/2021\/05\/inbound936286034-1-373x500.jpg 373w\" alt=\"\" width=\"766\" height=\"1026\" \/><\/a><\/p>\n<p>Acompa\u00f1ados de observador@s y defensor@s de derechos humanos que formaron una Caravana, la Delegaci\u00f3n zapatista zarp\u00f3 hacia el Caracol de Roberto Barrios, quienes se volvieron a encontrar con un digno saludo de las bases de apoyo del Caracol X a pie de carretera. Un desfile de cartulinas que ahora hacen de pasamonta\u00f1as porque s\u00f3lo se asoman los ojos de loas comapa\u00f1eroas detr\u00e1s de esos cuadros blancos inundados de caminos y pensamientos que han ido tejiendo una profunda noche de 500 a\u00f1os que ahora portan manos de mujeres, hombres, jovenes y jovenas, ni\u00f1os, ni\u00f1as y pichit@s enrebozados a la espalda de su mam\u00e1 o su pap\u00e1. Fue una parada de minutos donde trasitaron siglos de historias de luchas y amores rebeldes.<\/p>\n<p><a href=\"https:\/\/pozol.org\/?attachment_id=18702\" rel=\"attachment wp-att-18702\"><img loading=\"lazy\" decoding=\"async\" class=\"aligncenter size-full wp-image-18702\" src=\"https:\/\/pozol.org\/wp-content\/uploads\/2021\/05\/inbound-748044369.jpg\" sizes=\"auto, (max-width: 1086px) 100vw, 1086px\" srcset=\"https:\/\/pozol.org\/wp-content\/uploads\/2021\/05\/inbound-748044369.jpg 1086w, https:\/\/pozol.org\/wp-content\/uploads\/2021\/05\/inbound-748044369-300x200.jpg 300w, https:\/\/pozol.org\/wp-content\/uploads\/2021\/05\/inbound-748044369-1024x683.jpg 1024w, https:\/\/pozol.org\/wp-content\/uploads\/2021\/05\/inbound-748044369-768x512.jpg 768w, https:\/\/pozol.org\/wp-content\/uploads\/2021\/05\/inbound-748044369-500x333.jpg 500w\" alt=\"\" width=\"1086\" height=\"724\" \/><\/a><\/p>\n<p>La Selva Norte fue la parada de ese d\u00eda donde el Caracol V les esperaba con otro c\u00e1lido recibimiento. Un recibir para despedir, un encontrarse con la Delegaci\u00f3n y apoyarles con su Misi\u00f3n pero de la mera tierra, desde la organizaci\u00f3n comunitaria que sigue trabajando por la autonom\u00eda en los hechos en la transformaci\u00f3n de esos otros mundoas posibles que con cada amanecer y puesta de sol avanzan.<\/p>\n<p><a href=\"https:\/\/pozol.org\/?attachment_id=18698\" rel=\"attachment wp-att-18698\"><img loading=\"lazy\" decoding=\"async\" class=\"aligncenter size-full wp-image-18698\" src=\"https:\/\/pozol.org\/wp-content\/uploads\/2021\/05\/inbound-1512271293-1.jpg\" sizes=\"auto, (max-width: 1086px) 100vw, 1086px\" srcset=\"https:\/\/pozol.org\/wp-content\/uploads\/2021\/05\/inbound-1512271293-1.jpg 1086w, https:\/\/pozol.org\/wp-content\/uploads\/2021\/05\/inbound-1512271293-1-300x200.jpg 300w, https:\/\/pozol.org\/wp-content\/uploads\/2021\/05\/inbound-1512271293-1-1024x683.jpg 1024w, https:\/\/pozol.org\/wp-content\/uploads\/2021\/05\/inbound-1512271293-1-768x512.jpg 768w, https:\/\/pozol.org\/wp-content\/uploads\/2021\/05\/inbound-1512271293-1-500x333.jpg 500w\" alt=\"\" width=\"1086\" height=\"724\" \/><\/a><\/p>\n<p>Un Golfo verdiazul de la costa de Champot\u00f3n, Campeche y las antiguas calles de Chablekal y Valladolid, Yucat\u00e1n fueron testigo de este recorrido y encuentros con organizaciones de la Pen\u00ednsula\u2026. La Caravana que llegar\u00eda a Canc\u00fan el 30 de Abril para abordar con tiempo preciso el Ferri que les llev\u00f3 hacia Isla Mujeres en medio de un mar azul con destellos y manchas brillosas de todos los tonos azules y verdes.<\/p>\n<p><a href=\"https:\/\/pozol.org\/?attachment_id=18703\" rel=\"attachment wp-att-18703\"><img loading=\"lazy\" decoding=\"async\" class=\"aligncenter size-full wp-image-18703\" src=\"https:\/\/pozol.org\/wp-content\/uploads\/2021\/05\/inbound1497637057.jpg\" sizes=\"auto, (max-width: 1086px) 100vw, 1086px\" srcset=\"https:\/\/pozol.org\/wp-content\/uploads\/2021\/05\/inbound1497637057.jpg 1086w, https:\/\/pozol.org\/wp-content\/uploads\/2021\/05\/inbound1497637057-300x200.jpg 300w, https:\/\/pozol.org\/wp-content\/uploads\/2021\/05\/inbound1497637057-1024x683.jpg 1024w, https:\/\/pozol.org\/wp-content\/uploads\/2021\/05\/inbound1497637057-768x512.jpg 768w, https:\/\/pozol.org\/wp-content\/uploads\/2021\/05\/inbound1497637057-500x333.jpg 500w\" alt=\"\" width=\"1086\" height=\"724\" \/><\/a><\/p>\n<p>El mar recibi\u00f3 en calma a la Delegaci\u00f3n Mar\u00edtima Zapatista y a una delegaci\u00f3n de mujeres Otom\u00ed (Okupas del INPI) para hacerse presentes como apoyo de lucha en este viaje migratorio sin precedentes.<\/p>\n<p>Una vez fuera del Ferri, a un costado puerto (sin puerto) sin papeles, ni protocolos ni formalidades, pero s\u00ed con una impecable organizaci\u00f3n, La Tripulaci\u00f3n Zapatista y los Cayucos (mensajes flotantes) se fue desplegando en lancha por las aguas para encontrarse con otra vez La Monta\u00f1a flotante registrados por una cobertura completa de loas Tercios.<\/p>\n<p><a href=\"https:\/\/pozol.org\/?attachment_id=18699\" rel=\"attachment wp-att-18699\"><img loading=\"lazy\" decoding=\"async\" class=\"aligncenter size-full wp-image-18699\" src=\"https:\/\/pozol.org\/wp-content\/uploads\/2021\/05\/inbound-2128279317.jpg\" sizes=\"auto, (max-width: 1024px) 100vw, 1024px\" srcset=\"https:\/\/pozol.org\/wp-content\/uploads\/2021\/05\/inbound-2128279317.jpg 1024w, https:\/\/pozol.org\/wp-content\/uploads\/2021\/05\/inbound-2128279317-300x225.jpg 300w, https:\/\/pozol.org\/wp-content\/uploads\/2021\/05\/inbound-2128279317-768x576.jpg 768w, https:\/\/pozol.org\/wp-content\/uploads\/2021\/05\/inbound-2128279317-500x375.jpg 500w\" alt=\"\" width=\"1024\" height=\"768\" \/><\/a><\/p>\n<p>La Monta\u00f1a, un velero viejo como nuestras almas y aventurero como nuestras j\u00f3venes venas, esperaba apacible abordaje de loas compa\u00f1eroas\u2026 sin prisas, sin grandes expectativas pero sin con grandes ilusiones fueron subiendo uno por uno las escaleras del nav\u00edo. Unoa a unoa fuero subiendo y documentando todo a su alrededor: un mar con lanchitas desde donde tiraban fotos y corr\u00edan pel\u00edcula de simpatizantes, periodistas y medios libres locales, nacionales e internacionales en esta Traves\u00eda por la Vida.<\/p>\n<p>Hoy 2 de mayo (un posible 3 de mayo) la tripulaci\u00f3n zapatista (Escuadron 421 y compa\u00f1\u00eda) se prepara\u2026<\/p>\n<p>\u00abLa delegaci\u00f3n mar\u00edtima zapatista, el escuadr\u00f3n 421 propiamente dicho, por su parte, pasaba del entusiasmo a la precauci\u00f3n y atiborraba a la tripulaci\u00f3n con preguntas sensatas: \u201cY si cae un rayo y se rompe el barco, \u00bfqu\u00e9 hacemos?\u201d \u201cY si se abre un hoyo y se va toda el agua de una vez, \u00bfvamos a tener qu\u00e9 caminar?\u201d \u201c\u00bfY ustedes c\u00f3mo le hacen para comer si no tienen d\u00f3nde hacer milpa?\u201d \u201c\u00bfY c\u00f3mo lo sabe el viento que vamos para all\u00e1?\u201d \u201c\u00bfY d\u00f3nde duerme el mar si tiene sue\u00f1o?\u201d \u201cY si se pone triste su coraz\u00f3n del mar, \u00bfc\u00f3mo hace para llorar?\u201d \u201c\u00bfDe qu\u00e9 tama\u00f1o es el coraz\u00f3n para quererlo y cari\u00f1arlo al mar que es muy grande?\u201d \u201cY as\u00ed como nosotros defendemos la tierra, \u00bfhay quien lo defiende al mar?\u201d\u2026<\/p>\n<p>Fuente: Juana Machetes<\/p>\n<p><a href=\"https:\/\/pozol.org\/?p=18692\" rel=\"noopener\" target=\"_blank\">https:\/\/pozol.org\/?p=18692<\/a><\/p>\n","protected":false},"excerpt":{"rendered":"<p>Juana Machetes\/Radio Pozol 2 mayo 2021 2 de Mayo \/ Isla Mujeres. Una Monta\u00f1a a punto de zarpar\u2026 En las geograf\u00edas y calendarios muy Otroas viven personoas sin igual y &hellip; <a href=\"https:\/\/www.grieta.org.mx\/index.php\/2021\/05\/02\/y-asi-como-nosotros-defendemos-la-tierra-hay-quien-lo-defiende-al-mar\/\" class=\"more-link\">Leer m\u00e1s<\/a><\/p>\n","protected":false},"author":2,"featured_media":59138,"comment_status":"closed","ping_status":"closed","sticky":false,"template":"","format":"standard","meta":{"ngg_post_thumbnail":0,"_jetpack_newsletter_access":"","_jetpack_dont_email_post_to_subs":false,"_jetpack_newsletter_tier_id":0,"_jetpack_memberships_contains_paywalled_content":false,"_jetpack_memberships_contains_paid_content":false,"footnotes":""},"categories":[80,3916],"tags":[466,3917],"class_list":["post-59137","post","type-post","status-publish","format-standard","has-post-thumbnail","hentry","category-cintillo","category-travesia-por-la-vida","tag-ezln","tag-travesia-por-la-vida","entry"],"jetpack_featured_media_url":"https:\/\/www.grieta.org.mx\/wp-content\/uploads\/2021\/05\/moi.jpg","jetpack_sharing_enabled":true,"jetpack_shortlink":"https:\/\/wp.me\/p7ZJR4-fnP","jetpack_likes_enabled":false,"jetpack-related-posts":[{"id":59916,"url":"https:\/\/www.grieta.org.mx\/index.php\/2021\/06\/23\/travesia-por-la-vida-indigenas-mayas-del-ezln-desembarcan-en-europa-galeria-de-videos-y-fotos\/","url_meta":{"origin":59137,"position":0},"title":"Traves\u00eda por la vida: Ind\u00edgenas mayas del EZLN desembarcan en Europa (galer\u00eda de videos y fotos)","author":"grieta","date":"23 junio, 2021","format":false,"excerpt":"COLECTIVO GRIETA\/ con informaci\u00f3n, fotos y videos de la COORDINACI\u00d3N EUROPEA PARA El \"Viaje por la vida\" y COLECTIVOS DE LA OTRA EUROPA ayer rebautizada SLUMIL K\u00b4AJXEMK\u00b4OP (\u201cTierra Insumisa\u201d, \u201cTierra que no se resigna, que no desmaya\u201d). Al grito de \u00a1Zapata vive! y \u00a1Viva el EZLN!, despu\u00e9s de tres lluviosas\u00a0\u2026","rel":"","context":"En &quot;CINTILLO&quot;","block_context":{"text":"CINTILLO","link":"https:\/\/www.grieta.org.mx\/index.php\/category\/cintillo\/"},"img":{"alt_text":"","src":"https:\/\/i0.wp.com\/www.grieta.org.mx\/wp-content\/uploads\/2021\/06\/photo_2021-05-19_23-45-27.jpg?resize=350%2C200&ssl=1","width":350,"height":200,"srcset":"https:\/\/i0.wp.com\/www.grieta.org.mx\/wp-content\/uploads\/2021\/06\/photo_2021-05-19_23-45-27.jpg?resize=350%2C200&ssl=1 1x, https:\/\/i0.wp.com\/www.grieta.org.mx\/wp-content\/uploads\/2021\/06\/photo_2021-05-19_23-45-27.jpg?resize=525%2C300&ssl=1 1.5x, https:\/\/i0.wp.com\/www.grieta.org.mx\/wp-content\/uploads\/2021\/06\/photo_2021-05-19_23-45-27.jpg?resize=700%2C400&ssl=1 2x, https:\/\/i0.wp.com\/www.grieta.org.mx\/wp-content\/uploads\/2021\/06\/photo_2021-05-19_23-45-27.jpg?resize=1050%2C600&ssl=1 3x"},"classes":[]},{"id":60772,"url":"https:\/\/www.grieta.org.mx\/index.php\/2021\/07\/26\/de-la-comuna-de-paris-a-los-zapatistas-video\/","url_meta":{"origin":59137,"position":1},"title":"De la Comuna de Par\u00eds a los zapatistas (VIDEO)","author":"grieta","date":"26 julio, 2021","format":false,"excerpt":"VIDEO:\u00a0TOKAPU FILMS FOTOS: ESPECIALES REDACCI\u00d3N: COLECTIVO GRIETA El pasado 29 de mayo miles de manifestantes rindieron homenaje a la Comuna de Par\u00eds, sublevaci\u00f3n popular que este a\u00f1o cumple 150 a\u00f1os. En el recorrido de la Plaza de la Rep\u00fablica al Muro de los Federados, ubicado en el parisino cementerio P\u00e8re\u2026","rel":"","context":"En &quot;CINTILLO&quot;","block_context":{"text":"CINTILLO","link":"https:\/\/www.grieta.org.mx\/index.php\/category\/cintillo\/"},"img":{"alt_text":"","src":"https:\/\/i0.wp.com\/www.grieta.org.mx\/wp-content\/uploads\/2021\/07\/Muro-de-los-Federados-3.jpg?resize=350%2C200&ssl=1","width":350,"height":200,"srcset":"https:\/\/i0.wp.com\/www.grieta.org.mx\/wp-content\/uploads\/2021\/07\/Muro-de-los-Federados-3.jpg?resize=350%2C200&ssl=1 1x, https:\/\/i0.wp.com\/www.grieta.org.mx\/wp-content\/uploads\/2021\/07\/Muro-de-los-Federados-3.jpg?resize=525%2C300&ssl=1 1.5x, https:\/\/i0.wp.com\/www.grieta.org.mx\/wp-content\/uploads\/2021\/07\/Muro-de-los-Federados-3.jpg?resize=700%2C400&ssl=1 2x, https:\/\/i0.wp.com\/www.grieta.org.mx\/wp-content\/uploads\/2021\/07\/Muro-de-los-Federados-3.jpg?resize=1050%2C600&ssl=1 3x"},"classes":[]},{"id":59140,"url":"https:\/\/www.grieta.org.mx\/index.php\/2021\/05\/03\/saludan-en-la-ciudad-de-mexico-el-inicio-de-la-travesia-maritima-zapatista-a-europa\/","url_meta":{"origin":59137,"position":2},"title":"Saludan en la Ciudad de M\u00e9xico el inicio de la traves\u00eda mar\u00edtima zapatista a Europa","author":"grieta","date":"3 mayo, 2021","format":false,"excerpt":"COLECTIVO GRIETA, Ciudad de M\u00e9xico, 2 de mayo.- Para hacer p\u00fablica su adhesi\u00f3n a la reciente iniciativa del Ej\u00e9rcito Zapatista de Liberaci\u00f3n Nacional (EZLN), \"Zapatistas. Una traves\u00eda por la vida\", y desearles buen viaje a los siete ind\u00edgenas mayas (tzotziles, tzeltales, choles y tojolabales) \u00a0integrantes del Escuadr\u00f3n 421 \u00a0que hoy\u2026","rel":"","context":"En &quot;CINTILLO&quot;","block_context":{"text":"CINTILLO","link":"https:\/\/www.grieta.org.mx\/index.php\/category\/cintillo\/"},"img":{"alt_text":"","src":"https:\/\/i0.wp.com\/www.grieta.org.mx\/wp-content\/uploads\/2021\/05\/Screenshot_2021-05-03-Saludan-en-la-Ciudad-de-Mexico-el-inicio-de-la-travesia-maritima-zapatista-a-Europa.png?resize=350%2C200&ssl=1","width":350,"height":200,"srcset":"https:\/\/i0.wp.com\/www.grieta.org.mx\/wp-content\/uploads\/2021\/05\/Screenshot_2021-05-03-Saludan-en-la-Ciudad-de-Mexico-el-inicio-de-la-travesia-maritima-zapatista-a-Europa.png?resize=350%2C200&ssl=1 1x, https:\/\/i0.wp.com\/www.grieta.org.mx\/wp-content\/uploads\/2021\/05\/Screenshot_2021-05-03-Saludan-en-la-Ciudad-de-Mexico-el-inicio-de-la-travesia-maritima-zapatista-a-Europa.png?resize=525%2C300&ssl=1 1.5x, https:\/\/i0.wp.com\/www.grieta.org.mx\/wp-content\/uploads\/2021\/05\/Screenshot_2021-05-03-Saludan-en-la-Ciudad-de-Mexico-el-inicio-de-la-travesia-maritima-zapatista-a-Europa.png?resize=700%2C400&ssl=1 2x"},"classes":[]},{"id":60587,"url":"https:\/\/www.grieta.org.mx\/index.php\/2021\/05\/18\/numerosas-ciudades-europeas-muestran-su-apoyo-a-la-gira-por-la-vida-zapatista\/","url_meta":{"origin":59137,"position":3},"title":"Numerosas ciudades europeas muestran su apoyo a la \u2018Gira por la vida\u2019 Zapatista","author":"grieta","date":"18 mayo, 2021","format":false,"excerpt":"Se han celebrado diversas acciones ante la inminente llegada a Europa del \u201cvirus\u201d de la resistencia y rebeld\u00eda zapatistas. Redacci\u00f3n LA TERCERA Este fin de semana, varias decenas de ciudades europeas se han manifestado de manera simult\u00e1nea en apoyo a la \u2018Gira por la vida\u2019, como han bautizado las comunidades\u2026","rel":"","context":"En &quot;CINTILLO&quot;","block_context":{"text":"CINTILLO","link":"https:\/\/www.grieta.org.mx\/index.php\/category\/cintillo\/"},"img":{"alt_text":"","src":"https:\/\/i0.wp.com\/www.grieta.org.mx\/wp-content\/uploads\/2021\/07\/4096-2731-max..-1-950x0-c-default.jpg?resize=350%2C200&ssl=1","width":350,"height":200,"srcset":"https:\/\/i0.wp.com\/www.grieta.org.mx\/wp-content\/uploads\/2021\/07\/4096-2731-max..-1-950x0-c-default.jpg?resize=350%2C200&ssl=1 1x, https:\/\/i0.wp.com\/www.grieta.org.mx\/wp-content\/uploads\/2021\/07\/4096-2731-max..-1-950x0-c-default.jpg?resize=525%2C300&ssl=1 1.5x, https:\/\/i0.wp.com\/www.grieta.org.mx\/wp-content\/uploads\/2021\/07\/4096-2731-max..-1-950x0-c-default.jpg?resize=700%2C400&ssl=1 2x"},"classes":[]},{"id":61465,"url":"https:\/\/www.grieta.org.mx\/index.php\/2021\/08\/22\/apenas-500-anos-despues-escuadron-maritimo-zapatista-en-voz-de-lupita-5-7\/","url_meta":{"origin":59137,"position":4},"title":"Apenas 500 a\u00f1os despu\u00e9s | Escuadr\u00f3n Mar\u00edtimo Zapatista \/ En voz de Lupita (5\/7)","author":"grieta","date":"22 agosto, 2021","format":false,"excerpt":"Por Medios Libres o como se llamen Publicado en Camino al Andar 22 de agosto de 2021. Escuchamos las palabras del movimiento zapatista, el 13 de agosto pasado en Madrid, luego de una marcha hist\u00f3rica en las calles de la capital espa\u00f1ola, dos semanas despu\u00e9s del Encuentro de mujeres, personas\u2026","rel":"","context":"En &quot;NOTICIAS NACIONALES&quot;","block_context":{"text":"NOTICIAS NACIONALES","link":"https:\/\/www.grieta.org.mx\/index.php\/category\/noticias-nacionales\/"},"img":{"alt_text":"","src":"","width":0,"height":0},"classes":[]},{"id":59433,"url":"https:\/\/www.grieta.org.mx\/index.php\/2021\/05\/22\/preparativos-en-la-otra-europa-para-recibir-a-la-travesia-zapatista-por-la-vida-videos-y-fotos\/","url_meta":{"origin":59137,"position":5},"title":"Preparativos en la Otra Europa para recibir a la &#8220;Traves\u00eda zapatista por la vida&#8221; (VIDEOS y FOTOS)","author":"grieta","date":"22 mayo, 2021","format":false,"excerpt":"Los pasados 15 y 16 de mayo, distintos colectivos y organizaciones europeas de abajo y a la izquierda realizaron actividades en preparaci\u00f3n de la llegada de parte de la delegaci\u00f3n del Ej\u00e9rcito Zapatista de Liberaci\u00f3n Nacional (EZLN) que navega hacia el Viejo Continente.\u00a0 Se comparten las im\u00e1genes de algunas de\u2026","rel":"","context":"En &quot;CINTILLO&quot;","block_context":{"text":"CINTILLO","link":"https:\/\/www.grieta.org.mx\/index.php\/category\/cintillo\/"},"img":{"alt_text":"","src":"https:\/\/i0.wp.com\/www.grieta.org.mx\/wp-content\/uploads\/2021\/05\/photo_2021-05-19_23-45-27.jpg?resize=350%2C200&ssl=1","width":350,"height":200,"srcset":"https:\/\/i0.wp.com\/www.grieta.org.mx\/wp-content\/uploads\/2021\/05\/photo_2021-05-19_23-45-27.jpg?resize=350%2C200&ssl=1 1x, https:\/\/i0.wp.com\/www.grieta.org.mx\/wp-content\/uploads\/2021\/05\/photo_2021-05-19_23-45-27.jpg?resize=525%2C300&ssl=1 1.5x, https:\/\/i0.wp.com\/www.grieta.org.mx\/wp-content\/uploads\/2021\/05\/photo_2021-05-19_23-45-27.jpg?resize=700%2C400&ssl=1 2x, https:\/\/i0.wp.com\/www.grieta.org.mx\/wp-content\/uploads\/2021\/05\/photo_2021-05-19_23-45-27.jpg?resize=1050%2C600&ssl=1 3x"},"classes":[]}],"_links":{"self":[{"href":"https:\/\/www.grieta.org.mx\/index.php\/wp-json\/wp\/v2\/posts\/59137","targetHints":{"allow":["GET"]}}],"collection":[{"href":"https:\/\/www.grieta.org.mx\/index.php\/wp-json\/wp\/v2\/posts"}],"about":[{"href":"https:\/\/www.grieta.org.mx\/index.php\/wp-json\/wp\/v2\/types\/post"}],"author":[{"embeddable":true,"href":"https:\/\/www.grieta.org.mx\/index.php\/wp-json\/wp\/v2\/users\/2"}],"replies":[{"embeddable":true,"href":"https:\/\/www.grieta.org.mx\/index.php\/wp-json\/wp\/v2\/comments?post=59137"}],"version-history":[{"count":1,"href":"https:\/\/www.grieta.org.mx\/index.php\/wp-json\/wp\/v2\/posts\/59137\/revisions"}],"predecessor-version":[{"id":59139,"href":"https:\/\/www.grieta.org.mx\/index.php\/wp-json\/wp\/v2\/posts\/59137\/revisions\/59139"}],"wp:featuredmedia":[{"embeddable":true,"href":"https:\/\/www.grieta.org.mx\/index.php\/wp-json\/wp\/v2\/media\/59138"}],"wp:attachment":[{"href":"https:\/\/www.grieta.org.mx\/index.php\/wp-json\/wp\/v2\/media?parent=59137"}],"wp:term":[{"taxonomy":"category","embeddable":true,"href":"https:\/\/www.grieta.org.mx\/index.php\/wp-json\/wp\/v2\/categories?post=59137"},{"taxonomy":"post_tag","embeddable":true,"href":"https:\/\/www.grieta.org.mx\/index.php\/wp-json\/wp\/v2\/tags?post=59137"}],"curies":[{"name":"wp","href":"https:\/\/api.w.org\/{rel}","templated":true}]}}