{"id":59124,"date":"2021-05-01T17:53:26","date_gmt":"2021-05-01T22:53:26","guid":{"rendered":"https:\/\/www.grieta.org.mx\/?p=59124"},"modified":"2021-05-02T18:11:15","modified_gmt":"2021-05-02T23:11:15","slug":"sufren-abuso-sexual-infantil-24-de-cada-100-mil-infantes-en-colima","status":"publish","type":"post","link":"https:\/\/www.grieta.org.mx\/index.php\/2021\/05\/01\/sufren-abuso-sexual-infantil-24-de-cada-100-mil-infantes-en-colima\/","title":{"rendered":"Sufren abuso sexual infantil 24 de cada 100 mil infantes en Colima"},"content":{"rendered":"<p>Imagen: Diario Avanzada<\/p>\n<p>Heidi de Le\u00f3n Guti\u00e9rrez \/ Diario Avanzada<\/p>\n<p>Colima, M\u00e9xico, Avanzada (01\/05\/2021).- Los altos \u00edndices de violencia que se registran en el estado, no s\u00f3lo afectan a los adultos, tambi\u00e9n a los ni\u00f1os y las ni\u00f1as, quienes son v\u00edctimas de diversos delitos, como el abuso sexual o conductas antisociales.<\/p>\n<p>El diagn\u00f3stico sobre la situaci\u00f3n del abuso sexual infantil en un contexto de violencia hacia la infancia en M\u00e9xico, elaborado por la organizaci\u00f3n Early Institute, coloc\u00f3 a Colima como uno de los cinco estado con la tasa m\u00e1s elevada en el pa\u00eds en abuso sexual infantil.<\/p>\n<p>La informaci\u00f3n refiere que la entidad tiene una tasa nacional de abuso sexual infantil de 24.6 por cada 100 mil infantes, mientras que Chihuahua encabeza la lista con el 31.3.<\/p>\n<p>Asimismo, el estudio \u2013que fue presentado en el 2019-\u00a0 detect\u00f3 un crecimiento sostenido en el n\u00famero de denuncias por delitos sexuales, especialmente abuso sexual y violaci\u00f3n, pero la misma organizaci\u00f3n refiere que en dichas estad\u00edsticas no se especifica qui\u00e9nes son menores de edad.<\/p>\n<p>El diagn\u00f3stico tambi\u00e9n gener\u00f3 las tasas de incidencia de los delitos de feminicidio, homicidios, lesiones, rapto, secuestro y tr\u00e1fico de menores, considerando que en aquellos estados donde se cometen estos il\u00edcitos, existe un entorno m\u00e1s propicio de violencia contra menores de edad, especialmente mujeres.<\/p>\n<p>Por su parte, los resultados de la Consulta Infantil y Juvenil (CIJ) 2018 que realiz\u00f3 el Instituto Nacional Electoral (INE) revelaron que de todo el pa\u00eds, los ni\u00f1os de Colima son los que sufren m\u00e1s violencia y discriminaci\u00f3n. La consulta se realiza cada tres a\u00f1os, junto con el proceso electoral.<\/p>\n<p><a href=\"https:\/\/www.diarioavanzada.com.mx\/?p=22391\">https:\/\/www.diarioavanzada.com.mx\/?p=22391<\/a><\/p>\n","protected":false},"excerpt":{"rendered":"<p>Imagen: Diario Avanzada Heidi de Le\u00f3n Guti\u00e9rrez \/ Diario Avanzada Colima, M\u00e9xico, Avanzada (01\/05\/2021).- Los altos \u00edndices de violencia que se registran en el estado, no s\u00f3lo afectan a los &hellip; <a href=\"https:\/\/www.grieta.org.mx\/index.php\/2021\/05\/01\/sufren-abuso-sexual-infantil-24-de-cada-100-mil-infantes-en-colima\/\" class=\"more-link\">Leer m\u00e1s<\/a><\/p>\n","protected":false},"author":2,"featured_media":59128,"comment_status":"closed","ping_status":"closed","sticky":false,"template":"","format":"standard","meta":{"ngg_post_thumbnail":0,"_jetpack_newsletter_access":"","_jetpack_dont_email_post_to_subs":false,"_jetpack_newsletter_tier_id":0,"_jetpack_memberships_contains_paywalled_content":false,"_jetpack_memberships_contains_paid_content":false,"footnotes":""},"categories":[80,13,1827,3112,2,83],"tags":[678,1820,733,3776,776],"class_list":["post-59124","post","type-post","status-publish","format-standard","has-post-thumbnail","hentry","category-cintillo","category-colima","category-la-ninez-en-la-tormenta-capitalista","category-la-ninez-en-la-tormenta-en-colima","category-noticias-nacionales","category-temas-nacionales","tag-abuso-infantil","tag-abuso-sexual-infantil","tag-infantil","tag-la-ninez-en-la-tormenta-capitalista","tag-maltrato-infantil","entry"],"jetpack_featured_media_url":"https:\/\/www.grieta.org.mx\/wp-content\/uploads\/2021\/05\/Nin\u0303o-Proletario-1.jpg","jetpack_sharing_enabled":true,"jetpack_shortlink":"https:\/\/wp.me\/p7ZJR4-fnC","jetpack_likes_enabled":false,"jetpack-related-posts":[{"id":59708,"url":"https:\/\/www.grieta.org.mx\/index.php\/2021\/06\/01\/en-colima-tambien-existen-casos-de-abuso-sexual-infantil-en-las-escuelas\/","url_meta":{"origin":59124,"position":0},"title":"En Colima tambi\u00e9n existen casos de abuso sexual infantil en las escuelas","author":"grieta","date":"1 junio, 2021","format":false,"excerpt":"Imagen: Diario Avanzada Heidi de Le\u00f3n Guti\u00e9rrez \/ Diario Avanzada Colima, M\u00e9xico, Avanzada (01\/06\/2021).- La Oficina de Defensor\u00eda de los Derechos de la Infancia (ODI) revel\u00f3 que en 18 planteles escolares de siete estados del pa\u00eds existen patrones similares para abusar sexualmente de los menores de edad, y aunque en\u2026","rel":"","context":"En &quot;CINTILLO&quot;","block_context":{"text":"CINTILLO","link":"https:\/\/www.grieta.org.mx\/index.php\/category\/cintillo\/"},"img":{"alt_text":"","src":"https:\/\/i0.wp.com\/www.grieta.org.mx\/wp-content\/uploads\/2021\/06\/explotacio%CC%81n-1.png?resize=350%2C200&ssl=1","width":350,"height":200,"srcset":"https:\/\/i0.wp.com\/www.grieta.org.mx\/wp-content\/uploads\/2021\/06\/explotacio%CC%81n-1.png?resize=350%2C200&ssl=1 1x, https:\/\/i0.wp.com\/www.grieta.org.mx\/wp-content\/uploads\/2021\/06\/explotacio%CC%81n-1.png?resize=525%2C300&ssl=1 1.5x"},"classes":[]},{"id":57342,"url":"https:\/\/www.grieta.org.mx\/index.php\/2021\/03\/06\/abuso-sexual-y-trata-de-personas-al-amparo-del-poder-en-mexico-y-en-colima\/","url_meta":{"origin":59124,"position":1},"title":"Abuso sexual y trata de personas al amparo del poder en M\u00e9xico\u2026 y en Colima","author":"grieta","date":"6 marzo, 2021","format":false,"excerpt":"Imagen: Diario Avanzada Redacci\u00f3n \/ Diario Avanzada Colima, M\u00e9xico, Avanzada (06\/03\/2021).- En los \u00faltimos a\u00f1os han brotado graves casos de abuso sexual al amparo de las cumbres del poder, no s\u00f3lo en M\u00e9xico, sino tambi\u00e9n en Colima, muchos de ellos contra menores de edad, que han quedado en la impunidad.\u2026","rel":"","context":"En &quot;CINTILLO&quot;","block_context":{"text":"CINTILLO","link":"https:\/\/www.grieta.org.mx\/index.php\/category\/cintillo\/"},"img":{"alt_text":"","src":"https:\/\/i0.wp.com\/www.grieta.org.mx\/wp-content\/uploads\/2021\/03\/Impunidad.png?resize=350%2C200&ssl=1","width":350,"height":200,"srcset":"https:\/\/i0.wp.com\/www.grieta.org.mx\/wp-content\/uploads\/2021\/03\/Impunidad.png?resize=350%2C200&ssl=1 1x, https:\/\/i0.wp.com\/www.grieta.org.mx\/wp-content\/uploads\/2021\/03\/Impunidad.png?resize=525%2C300&ssl=1 1.5x, https:\/\/i0.wp.com\/www.grieta.org.mx\/wp-content\/uploads\/2021\/03\/Impunidad.png?resize=700%2C400&ssl=1 2x"},"classes":[]},{"id":65945,"url":"https:\/\/www.grieta.org.mx\/index.php\/2022\/12\/04\/colima-entre-los-estados-mas-inseguros-para-ninas-y-adolescentes\/","url_meta":{"origin":59124,"position":2},"title":"Colima, entre los estados m\u00e1s inseguros para ni\u00f1as y adolescentes","author":"grieta","date":"4 diciembre, 2022","format":false,"excerpt":"Imagen: Diario Avanzada Heidi de Le\u00f3n Guti\u00e9rrez \/ Diario Avanzada Colima, M\u00e9xico, Avanzada (04\/12\/2022).- Colima se encuentra entre los 14 estados m\u00e1s inseguros para las ni\u00f1as y adolescentes, de acuerdo al monitoreo que realiz\u00f3 la organizaci\u00f3n: Aqu\u00ed estamos: feminicidio infantil en M\u00e9xico. El reporte fue elaborado por un grupo de\u2026","rel":"","context":"En &quot;CINTILLO&quot;","block_context":{"text":"CINTILLO","link":"https:\/\/www.grieta.org.mx\/index.php\/category\/cintillo\/"},"img":{"alt_text":"","src":"https:\/\/i0.wp.com\/www.grieta.org.mx\/wp-content\/uploads\/2022\/12\/image-25-1.png?resize=350%2C200&ssl=1","width":350,"height":200,"srcset":"https:\/\/i0.wp.com\/www.grieta.org.mx\/wp-content\/uploads\/2022\/12\/image-25-1.png?resize=350%2C200&ssl=1 1x, https:\/\/i0.wp.com\/www.grieta.org.mx\/wp-content\/uploads\/2022\/12\/image-25-1.png?resize=525%2C300&ssl=1 1.5x"},"classes":[]},{"id":65593,"url":"https:\/\/www.grieta.org.mx\/index.php\/2022\/10\/20\/nayarit-primer-lugar-nacional-en-abuso-sexual-infantil\/","url_meta":{"origin":59124,"position":3},"title":"Nayarit primer lugar nacional en abuso sexual infantil","author":"grieta","date":"20 octubre, 2022","format":false,"excerpt":"Imagen: Tribuna de la Bah\u00eda Israel Torres \/ Tribuna de la Bah\u00eda En el marco de la conformaci\u00f3n del Sistema Municipal de Protecci\u00f3n Integral de los Ni\u00f1os, Ni\u00f1as y Adolescentes, la Secretaria Ejecutiva de la SIPINNA en Nayarit, Concepci\u00f3n Rodr\u00edguez Llamas, aplaudi\u00f3 la conformaci\u00f3n de este comit\u00e9, pero tambi\u00e9n dio\u2026","rel":"","context":"En &quot;CINTILLO&quot;","block_context":{"text":"CINTILLO","link":"https:\/\/www.grieta.org.mx\/index.php\/category\/cintillo\/"},"img":{"alt_text":"","src":"https:\/\/i0.wp.com\/www.grieta.org.mx\/wp-content\/uploads\/2022\/10\/ninos-caminando-en-la-calle-con-su-mama-cover.jpg?resize=350%2C200&ssl=1","width":350,"height":200,"srcset":"https:\/\/i0.wp.com\/www.grieta.org.mx\/wp-content\/uploads\/2022\/10\/ninos-caminando-en-la-calle-con-su-mama-cover.jpg?resize=350%2C200&ssl=1 1x, https:\/\/i0.wp.com\/www.grieta.org.mx\/wp-content\/uploads\/2022\/10\/ninos-caminando-en-la-calle-con-su-mama-cover.jpg?resize=525%2C300&ssl=1 1.5x, https:\/\/i0.wp.com\/www.grieta.org.mx\/wp-content\/uploads\/2022\/10\/ninos-caminando-en-la-calle-con-su-mama-cover.jpg?resize=700%2C400&ssl=1 2x"},"classes":[]},{"id":69557,"url":"https:\/\/www.grieta.org.mx\/index.php\/2024\/08\/28\/colima-ocupa-el-sexto-lugar-en-corrupcion-de-menores\/","url_meta":{"origin":59124,"position":4},"title":"Colima ocupa el sexto lugar en corrupci\u00f3n de menores","author":"grieta","date":"28 agosto, 2024","format":false,"excerpt":"Imagen: Diario Avanzada Heidi de Le\u00f3n Guti\u00e9rrez \/ Diario Avanzada Colima, M\u00e9xico, Avanzada (28\/08\/2024).- Colima se encuentra en el sexto lugar a nivel nacional en casos de corrupci\u00f3n de menores, un delito que ha cobrado relevancia en la entidad. Este a\u00f1o, se han registrado 13 casos, lo que coloca a\u2026","rel":"","context":"En &quot;CINTILLO&quot;","block_context":{"text":"CINTILLO","link":"https:\/\/www.grieta.org.mx\/index.php\/category\/cintillo\/"},"img":{"alt_text":"","src":"https:\/\/i0.wp.com\/www.grieta.org.mx\/wp-content\/uploads\/2024\/09\/aaa-21.jpg?resize=350%2C200&ssl=1","width":350,"height":200,"srcset":"https:\/\/i0.wp.com\/www.grieta.org.mx\/wp-content\/uploads\/2024\/09\/aaa-21.jpg?resize=350%2C200&ssl=1 1x, https:\/\/i0.wp.com\/www.grieta.org.mx\/wp-content\/uploads\/2024\/09\/aaa-21.jpg?resize=525%2C300&ssl=1 1.5x, https:\/\/i0.wp.com\/www.grieta.org.mx\/wp-content\/uploads\/2024\/09\/aaa-21.jpg?resize=700%2C400&ssl=1 2x"},"classes":[]},{"id":65948,"url":"https:\/\/www.grieta.org.mx\/index.php\/2022\/12\/07\/municipios-metropolitanos-con-mas-victimas-de-abuso-sexual-infantil-en-jalisco\/","url_meta":{"origin":59124,"position":5},"title":"Municipios metropolitanos con m\u00e1s v\u00edctimas de abuso sexual infantil en Jalisco","author":"grieta","date":"7 diciembre, 2022","format":false,"excerpt":"Imagen; Cuartoscuro Redacci\u00f3n \/ El Diario NTR Jalisco es uno de los estados con m\u00e1s v\u00edctimas de abuso sexual infantil, Guadalajara, Tlaquepaque, Tonal\u00e1, Zapopan y Puerto Vallarta son los municipios con m\u00e1s casos, de acuerdo con el estudio de investigaci\u00f3n sobre la violencia sexual y la muerte de ni\u00f1as y\u2026","rel":"","context":"En &quot;CINTILLO&quot;","block_context":{"text":"CINTILLO","link":"https:\/\/www.grieta.org.mx\/index.php\/category\/cintillo\/"},"img":{"alt_text":"","src":"https:\/\/i0.wp.com\/www.grieta.org.mx\/wp-content\/uploads\/2022\/12\/2022-12-07_06-12-21___7.jpg?resize=350%2C200&ssl=1","width":350,"height":200,"srcset":"https:\/\/i0.wp.com\/www.grieta.org.mx\/wp-content\/uploads\/2022\/12\/2022-12-07_06-12-21___7.jpg?resize=350%2C200&ssl=1 1x, https:\/\/i0.wp.com\/www.grieta.org.mx\/wp-content\/uploads\/2022\/12\/2022-12-07_06-12-21___7.jpg?resize=525%2C300&ssl=1 1.5x, https:\/\/i0.wp.com\/www.grieta.org.mx\/wp-content\/uploads\/2022\/12\/2022-12-07_06-12-21___7.jpg?resize=700%2C400&ssl=1 2x"},"classes":[]}],"_links":{"self":[{"href":"https:\/\/www.grieta.org.mx\/index.php\/wp-json\/wp\/v2\/posts\/59124","targetHints":{"allow":["GET"]}}],"collection":[{"href":"https:\/\/www.grieta.org.mx\/index.php\/wp-json\/wp\/v2\/posts"}],"about":[{"href":"https:\/\/www.grieta.org.mx\/index.php\/wp-json\/wp\/v2\/types\/post"}],"author":[{"embeddable":true,"href":"https:\/\/www.grieta.org.mx\/index.php\/wp-json\/wp\/v2\/users\/2"}],"replies":[{"embeddable":true,"href":"https:\/\/www.grieta.org.mx\/index.php\/wp-json\/wp\/v2\/comments?post=59124"}],"version-history":[{"count":1,"href":"https:\/\/www.grieta.org.mx\/index.php\/wp-json\/wp\/v2\/posts\/59124\/revisions"}],"predecessor-version":[{"id":59131,"href":"https:\/\/www.grieta.org.mx\/index.php\/wp-json\/wp\/v2\/posts\/59124\/revisions\/59131"}],"wp:featuredmedia":[{"embeddable":true,"href":"https:\/\/www.grieta.org.mx\/index.php\/wp-json\/wp\/v2\/media\/59128"}],"wp:attachment":[{"href":"https:\/\/www.grieta.org.mx\/index.php\/wp-json\/wp\/v2\/media?parent=59124"}],"wp:term":[{"taxonomy":"category","embeddable":true,"href":"https:\/\/www.grieta.org.mx\/index.php\/wp-json\/wp\/v2\/categories?post=59124"},{"taxonomy":"post_tag","embeddable":true,"href":"https:\/\/www.grieta.org.mx\/index.php\/wp-json\/wp\/v2\/tags?post=59124"}],"curies":[{"name":"wp","href":"https:\/\/api.w.org\/{rel}","templated":true}]}}