{"id":59108,"date":"2021-04-26T17:20:14","date_gmt":"2021-04-26T22:20:14","guid":{"rendered":"https:\/\/www.grieta.org.mx\/?p=59108"},"modified":"2021-05-02T17:31:17","modified_gmt":"2021-05-02T22:31:17","slug":"colectivo-de-familias-unidas-localizan-fosas-clandestinas-en-ixtlan-del-rio-nayarit","status":"publish","type":"post","link":"https:\/\/www.grieta.org.mx\/index.php\/2021\/04\/26\/colectivo-de-familias-unidas-localizan-fosas-clandestinas-en-ixtlan-del-rio-nayarit\/","title":{"rendered":"Colectivo de Familias Unidas localizan fosas clandestinas en Ixtl\u00e1n del R\u00edo (Nayarit)"},"content":{"rendered":"<p>Foto: Realidades de Nayarit<\/p>\n<p>Fueron halladas en Ixtl\u00e1n del R\u00edo por colectivos de Familias Unidas<\/p>\n<p>Wilfrido Elenes Luna \/ Realidades de Nayarti<\/p>\n<p>Ixtl\u00e1n del R\u00edo; lunes 26 de abril del 2021.- Nuevamente en forma sospechosa los integrantes de la Fiscal\u00eda que deber\u00edan estar investigando el caso fueron sobrepasados o simplemente no quisieron enterarse.<\/p>\n<p>Las narco fosas fueron encontradas en Ixtl\u00e1n del R\u00edo en una b\u00fasqueda registrada durante la tarde del s\u00e1bado siguiendo los indicios investigados por los parientes de las v\u00edctimas.<br \/>\nAl parecer fueron descubiertas en los l\u00edmites con el Estado de Jalisco.<\/p>\n<p>De acuerdo a informaci\u00f3n preliminar, las familias se trasladaron a la citada zona para realizar operativos de b\u00fasqueda de sus desaparecidos, cuando observaron huesos expuestos a flor de tierra.<\/p>\n<p>Los restos fueron trasladados por personal del Servicio M\u00e9dico Forense, hasta la fiscal\u00eda con la esperanza de que sean identificaos mediante el ADN.<\/p>\n<p><a href=\"http:\/\/realidadessperiodico.com\/78241\/\">http:\/\/realidadessperiodico.com\/78241\/<\/a><\/p>\n","protected":false},"excerpt":{"rendered":"<p>Foto: Realidades de Nayarit Fueron halladas en Ixtl\u00e1n del R\u00edo por colectivos de Familias Unidas Wilfrido Elenes Luna \/ Realidades de Nayarti Ixtl\u00e1n del R\u00edo; lunes 26 de abril del &hellip; <a href=\"https:\/\/www.grieta.org.mx\/index.php\/2021\/04\/26\/colectivo-de-familias-unidas-localizan-fosas-clandestinas-en-ixtlan-del-rio-nayarit\/\" class=\"more-link\">Leer m\u00e1s<\/a><\/p>\n","protected":false},"author":2,"featured_media":59112,"comment_status":"closed","ping_status":"closed","sticky":false,"template":"","format":"standard","meta":{"ngg_post_thumbnail":0,"_jetpack_newsletter_access":"","_jetpack_dont_email_post_to_subs":false,"_jetpack_newsletter_tier_id":0,"_jetpack_memberships_contains_paywalled_content":false,"_jetpack_memberships_contains_paid_content":false,"footnotes":""},"categories":[80,87,2267,23,2,83],"tags":[1828,3018,121,1668],"class_list":["post-59108","post","type-post","status-publish","format-standard","has-post-thumbnail","hentry","category-cintillo","category-desaparecidos","category-desaparecidos-en-nayarit","category-nayarit","category-noticias-nacionales","category-temas-nacionales","tag-busqueda-de-desaparecidos","tag-colectivos-de-busqueda-de-desaparecidos","tag-desaparecidos","tag-familiares-de-desaparecidos","entry"],"jetpack_featured_media_url":"https:\/\/www.grieta.org.mx\/wp-content\/uploads\/2021\/05\/fosa.jpg","jetpack_sharing_enabled":true,"jetpack_shortlink":"https:\/\/wp.me\/p7ZJR4-fnm","jetpack_likes_enabled":false,"jetpack-related-posts":[{"id":56398,"url":"https:\/\/www.grieta.org.mx\/index.php\/2021\/01\/16\/encuentran-nueva-fosa-clandestina-nayarit\/","url_meta":{"origin":59108,"position":0},"title":"Encuentran nueva fosa clandestina (Nayarit)","author":"grieta","date":"16 enero, 2021","format":false,"excerpt":"Foto: Realidades de Nayarit Fue localizada en la comunidad de San Luis de Lozada Mildra Ben\u00edtez Robledo Tepic, Nayarit.- S\u00e1bado 16 de enero del 2021.- El colectivo Familias Unidas por Nayarit, este viernes confirma a trav\u00e9s de su cuenta oficial de Facebook el hallazgo de una nueva fosa clandestina en\u2026","rel":"","context":"En &quot;CINTILLO&quot;","block_context":{"text":"CINTILLO","link":"https:\/\/www.grieta.org.mx\/index.php\/category\/cintillo\/"},"img":{"alt_text":"","src":"https:\/\/i0.wp.com\/www.grieta.org.mx\/wp-content\/uploads\/2021\/01\/fosa-1-696x522-1.jpg?resize=350%2C200&ssl=1","width":350,"height":200,"srcset":"https:\/\/i0.wp.com\/www.grieta.org.mx\/wp-content\/uploads\/2021\/01\/fosa-1-696x522-1.jpg?resize=350%2C200&ssl=1 1x, https:\/\/i0.wp.com\/www.grieta.org.mx\/wp-content\/uploads\/2021\/01\/fosa-1-696x522-1.jpg?resize=525%2C300&ssl=1 1.5x"},"classes":[]},{"id":33080,"url":"https:\/\/www.grieta.org.mx\/index.php\/2019\/04\/29\/familiares-de-desaparecidos-hallan-otras-dos-fosas-clandestinas-en-xalisco-nayarit\/","url_meta":{"origin":59108,"position":1},"title":"Familiares de desaparecidos hallan otras dos fosas clandestinas en Xalisco (Nayarit)","author":"grieta","date":"29 abril, 2019","format":false,"excerpt":"De 2017 a la fecha, en Nayarit han encontrado 20 fosas clandestinas con 109 restos humanos Redacci\u00f3n \/ Enfoque Informativo El vocero del\u00a0Colectivo Familias Unidas por Nayarit,\u00a0Santiago P\u00e9rez, inform\u00f3 que este lunes fueron localizadas\u00a0dos nuevas fosas clandestinas\u00a0en un predio ubicado en la localidad de\u00a0Trigomil, municipio de\u00a0Xalisco,\u00a0Nayarit, donde han iniciado los\u2026","rel":"","context":"En &quot;CINTILLO&quot;","block_context":{"text":"CINTILLO","link":"https:\/\/www.grieta.org.mx\/index.php\/category\/cintillo\/"},"img":{"alt_text":"","src":"https:\/\/i0.wp.com\/www.grieta.org.mx\/wp-content\/uploads\/2019\/05\/4.jpg?resize=350%2C200&ssl=1","width":350,"height":200,"srcset":"https:\/\/i0.wp.com\/www.grieta.org.mx\/wp-content\/uploads\/2019\/05\/4.jpg?resize=350%2C200&ssl=1 1x, https:\/\/i0.wp.com\/www.grieta.org.mx\/wp-content\/uploads\/2019\/05\/4.jpg?resize=525%2C300&ssl=1 1.5x"},"classes":[]},{"id":49978,"url":"https:\/\/www.grieta.org.mx\/index.php\/2020\/05\/24\/colectivo-de-familias-unidas-localizo-una-nueva-narcofosa-nayarit\/","url_meta":{"origin":59108,"position":2},"title":"Colectivo de Familias Unidas localiz\u00f3 una nueva narcofosa (Nayarit)","author":"grieta","date":"24 mayo, 2020","format":false,"excerpt":"Foto: Realidades de Nayarit Wilfrido Elenes Luna \/ Realidades de Nayarit Tepic, Nayarit.- Domingo 24 de mayo del 2020.- Mientras la unidad de b\u00fasqueda canina, de la Polic\u00eda Estatal Preventiva duerme el sue\u00f1o de los justos y solo sirve para hacer gastos injustificables y los Agentes Investigadores de la misma\u2026","rel":"","context":"En &quot;CINTILLO&quot;","block_context":{"text":"CINTILLO","link":"https:\/\/www.grieta.org.mx\/index.php\/category\/cintillo\/"},"img":{"alt_text":"","src":"https:\/\/i0.wp.com\/www.grieta.org.mx\/wp-content\/uploads\/2020\/05\/fosas.jpg?resize=350%2C200&ssl=1","width":350,"height":200,"srcset":"https:\/\/i0.wp.com\/www.grieta.org.mx\/wp-content\/uploads\/2020\/05\/fosas.jpg?resize=350%2C200&ssl=1 1x, https:\/\/i0.wp.com\/www.grieta.org.mx\/wp-content\/uploads\/2020\/05\/fosas.jpg?resize=525%2C300&ssl=1 1.5x, https:\/\/i0.wp.com\/www.grieta.org.mx\/wp-content\/uploads\/2020\/05\/fosas.jpg?resize=700%2C400&ssl=1 2x"},"classes":[]},{"id":32282,"url":"https:\/\/www.grieta.org.mx\/index.php\/2019\/04\/15\/en-el-predio-de-la-saucera-en-pantanal-siguen-saliendo-osamentas-nayarit\/","url_meta":{"origin":59108,"position":3},"title":"En el predio de la Saucera en Pantanal siguen saliendo Osamentas (Nayarit)","author":"grieta","date":"15 abril, 2019","format":false,"excerpt":"JD \/ Meridiano.mx Xalisco.-El pasado s\u00e1bado fueron localizados restos \u00f3seos al parecer de dos personas en fosas clandestinas ubicadas en un predio denominado Valle de la Saucera perteneciente al Ejido de Pantanal. Cabe hacer menci\u00f3n qu\u00e9 dicho lugar cuenta con historial, respecto en fosas clandestinas, donde fuentes no oficiales en\u2026","rel":"","context":"En &quot;CINTILLO&quot;","block_context":{"text":"CINTILLO","link":"https:\/\/www.grieta.org.mx\/index.php\/category\/cintillo\/"},"img":{"alt_text":"","src":"https:\/\/i0.wp.com\/www.grieta.org.mx\/wp-content\/uploads\/2019\/04\/63872.jpg?resize=350%2C200&ssl=1","width":350,"height":200,"srcset":"https:\/\/i0.wp.com\/www.grieta.org.mx\/wp-content\/uploads\/2019\/04\/63872.jpg?resize=350%2C200&ssl=1 1x, https:\/\/i0.wp.com\/www.grieta.org.mx\/wp-content\/uploads\/2019\/04\/63872.jpg?resize=525%2C300&ssl=1 1.5x, https:\/\/i0.wp.com\/www.grieta.org.mx\/wp-content\/uploads\/2019\/04\/63872.jpg?resize=700%2C400&ssl=1 2x, https:\/\/i0.wp.com\/www.grieta.org.mx\/wp-content\/uploads\/2019\/04\/63872.jpg?resize=1050%2C600&ssl=1 3x"},"classes":[]},{"id":72277,"url":"https:\/\/www.grieta.org.mx\/index.php\/2025\/08\/21\/desaparecen-a-los-desaparecidos-nayarit-registra-doble-desaparicion-de-cuerpos\/","url_meta":{"origin":59108,"position":4},"title":"Desaparecen a los desaparecidos, Nayarit registra doble desaparici\u00f3n de cuerpos","author":"grieta","date":"21 agosto, 2025","format":false,"excerpt":"Imagen:\u00a0 Tomada de Pagina de Facebook, Colectivo Familias Unidas por Nayarit Alberto Cardona\/ Meganoticias Mx En M\u00e9xico, el Registro Nacional de Personas Desaparecidas y No Localizadas (RNPDNO) precisa m\u00e1s de 125 mil personas desaparecidas hasta la fecha, seg\u00fan datos de la Secretar\u00eda de Gobernaci\u00f3n, la mayor\u00eda de estas desapariciones, al\u2026","rel":"","context":"En &quot;CINTILLO&quot;","block_context":{"text":"CINTILLO","link":"https:\/\/www.grieta.org.mx\/index.php\/category\/cintillo\/"},"img":{"alt_text":"","src":"https:\/\/i0.wp.com\/www.grieta.org.mx\/wp-content\/uploads\/2025\/08\/482253949_1068616391976670_6560847312181179540_n.jpg?resize=350%2C200&ssl=1","width":350,"height":200,"srcset":"https:\/\/i0.wp.com\/www.grieta.org.mx\/wp-content\/uploads\/2025\/08\/482253949_1068616391976670_6560847312181179540_n.jpg?resize=350%2C200&ssl=1 1x, https:\/\/i0.wp.com\/www.grieta.org.mx\/wp-content\/uploads\/2025\/08\/482253949_1068616391976670_6560847312181179540_n.jpg?resize=525%2C300&ssl=1 1.5x, https:\/\/i0.wp.com\/www.grieta.org.mx\/wp-content\/uploads\/2025\/08\/482253949_1068616391976670_6560847312181179540_n.jpg?resize=700%2C400&ssl=1 2x, https:\/\/i0.wp.com\/www.grieta.org.mx\/wp-content\/uploads\/2025\/08\/482253949_1068616391976670_6560847312181179540_n.jpg?resize=1050%2C600&ssl=1 3x, https:\/\/i0.wp.com\/www.grieta.org.mx\/wp-content\/uploads\/2025\/08\/482253949_1068616391976670_6560847312181179540_n.jpg?resize=1400%2C800&ssl=1 4x"},"classes":[]},{"id":51324,"url":"https:\/\/www.grieta.org.mx\/index.php\/2020\/06\/22\/realiza-colectivo-la-iii-marcha-por-la-dignidad-de-todos-los-desaparecidos-nayarit\/","url_meta":{"origin":59108,"position":5},"title":"Realiza colectivo la  &#8220;III Marcha por la Dignidad de Todos los Desaparecidos&#8221; (Nayarit)","author":"grieta","date":"22 junio, 2020","format":false,"excerpt":"Foto: Crys Ben\u00edtez Este colectivo se ha dedicado a la b\u00fasqueda de fosas clandestinas, desde que el Gobierno de Sandoval termin\u00f3 su periodo Crys Ben\u00edtez \/ El Occidental Tepic, Nayarit.-Este lunes por la ma\u00f1ana el colectivo \"Familias Unidas por Nayarit\" llevaron a cabo la \"III Marcha por la Dignidad de\u2026","rel":"","context":"En &quot;CINTILLO&quot;","block_context":{"text":"CINTILLO","link":"https:\/\/www.grieta.org.mx\/index.php\/category\/cintillo\/"},"img":{"alt_text":"","src":"https:\/\/i0.wp.com\/www.grieta.org.mx\/wp-content\/uploads\/2020\/06\/Marcha-Nayarit.jpg?resize=350%2C200&ssl=1","width":350,"height":200,"srcset":"https:\/\/i0.wp.com\/www.grieta.org.mx\/wp-content\/uploads\/2020\/06\/Marcha-Nayarit.jpg?resize=350%2C200&ssl=1 1x, https:\/\/i0.wp.com\/www.grieta.org.mx\/wp-content\/uploads\/2020\/06\/Marcha-Nayarit.jpg?resize=525%2C300&ssl=1 1.5x, https:\/\/i0.wp.com\/www.grieta.org.mx\/wp-content\/uploads\/2020\/06\/Marcha-Nayarit.jpg?resize=700%2C400&ssl=1 2x"},"classes":[]}],"_links":{"self":[{"href":"https:\/\/www.grieta.org.mx\/index.php\/wp-json\/wp\/v2\/posts\/59108","targetHints":{"allow":["GET"]}}],"collection":[{"href":"https:\/\/www.grieta.org.mx\/index.php\/wp-json\/wp\/v2\/posts"}],"about":[{"href":"https:\/\/www.grieta.org.mx\/index.php\/wp-json\/wp\/v2\/types\/post"}],"author":[{"embeddable":true,"href":"https:\/\/www.grieta.org.mx\/index.php\/wp-json\/wp\/v2\/users\/2"}],"replies":[{"embeddable":true,"href":"https:\/\/www.grieta.org.mx\/index.php\/wp-json\/wp\/v2\/comments?post=59108"}],"version-history":[{"count":1,"href":"https:\/\/www.grieta.org.mx\/index.php\/wp-json\/wp\/v2\/posts\/59108\/revisions"}],"predecessor-version":[{"id":59113,"href":"https:\/\/www.grieta.org.mx\/index.php\/wp-json\/wp\/v2\/posts\/59108\/revisions\/59113"}],"wp:featuredmedia":[{"embeddable":true,"href":"https:\/\/www.grieta.org.mx\/index.php\/wp-json\/wp\/v2\/media\/59112"}],"wp:attachment":[{"href":"https:\/\/www.grieta.org.mx\/index.php\/wp-json\/wp\/v2\/media?parent=59108"}],"wp:term":[{"taxonomy":"category","embeddable":true,"href":"https:\/\/www.grieta.org.mx\/index.php\/wp-json\/wp\/v2\/categories?post=59108"},{"taxonomy":"post_tag","embeddable":true,"href":"https:\/\/www.grieta.org.mx\/index.php\/wp-json\/wp\/v2\/tags?post=59108"}],"curies":[{"name":"wp","href":"https:\/\/api.w.org\/{rel}","templated":true}]}}