{"id":59093,"date":"2021-04-26T16:40:31","date_gmt":"2021-04-26T21:40:31","guid":{"rendered":"https:\/\/www.grieta.org.mx\/?p=59093"},"modified":"2021-05-02T17:02:15","modified_gmt":"2021-05-02T22:02:15","slug":"issste-niega-medicamentos-con-costos-que-van-desde-los-mil-hasta-los-21-mil-pesos-manifestantes-nayarit","status":"publish","type":"post","link":"https:\/\/www.grieta.org.mx\/index.php\/2021\/04\/26\/issste-niega-medicamentos-con-costos-que-van-desde-los-mil-hasta-los-21-mil-pesos-manifestantes-nayarit\/","title":{"rendered":"ISSSTE niega medicamentos con costos que van desde los mil hasta los 21 mil pesos: Manifestantes (Nayarit)"},"content":{"rendered":"<p>Foto: Relatosnayarit<\/p>\n<p>Fernando Ulloa P\u00e9rez \/ Meridiano.MX<\/p>\n<p>Tepic Nayarit.- La ma\u00f1ana de este lunes alrededor de 100 personas de diferentes edades y de diversos extractos sociales, bloquearon el paseo de la Loma a la altura de la cl\u00ednica del ISSSTE para exigir que esta instituci\u00f3n medica les entregue de manera inmediata los medicamentos que sus seres queridos requieren para atender enfermedades cr\u00f3nicas degenerativas entre las que mencionaron, c\u00e1ncer, diabetes mellitus, hipertensi\u00f3n y VIH.<\/p>\n<p>Los denunciantes, explicaron varios de ellos desde la madrugada de hoy lunes llegaron a hacer fila para recibir su medicamento y otros ah\u00ed durmieron: &#8220;y cada mes es esta limosner\u00eda, pero no se hab\u00eda visto como hasta ahora, porque ahorita tienen como un mes que no nos han surtido los medicamentos como es, en las farmacias del ISSSTE nos argumentan que no llegan los medicamentos o que el sistema no permite ingresarlo, eso es lo que no est\u00e1n diciendo; que el medicamento ya lleg\u00f3 pero que el sistema no permite ingresarlo, con eso nos est\u00e1n jugando el dedo en la boca y preg\u00fantele a los dem\u00e1s compa\u00f1eros y es la misma inconformidad. Hay una compa\u00f1era que su paciente esta con quimioterapias y los medicamentos son muy costosos, usted sabe que son caros y las pensiones que recibimos son muy poquitas, o comemos o surtimos el medicamento, por eso lo que pedimos es que nos surtan los medicamentos y si no los tienen que nos entreguen vales para adquirirlos en otras farmacias donde si exista ese medicamento y si no que nos den la cara, porque por ejemplo hoy yo llegue aqu\u00ed desde las cinco de la ma\u00f1ana pero hay compa\u00f1eras que llegaron desde las tres de la ma\u00f1ana, e incluso hay quienes se vinieron a dormir aqu\u00ed para que les surtan sus recetas y no nos dan el medicamento&#8221;.<\/p>\n<p>Otra de las manifestantes, de nombre Karina asever\u00f3 que los medicamentos que los pacientes necesitan en las farmacias tienen un costo que va desde mil, mil 500 hasta los 3 mil y 21 mil pesos: &#8220;hay medicamentos que cuestan mil, mil 500 pesos, tres mil y hasta 20 mil y 21 mil pesos y con esta pandemia y con esta contingencia no estamos nada bien, yo vengo por un medicamento que tiene un costo de 18 mil y hasta 21 mil pesos por mes y no podemos estar esperando, no podemos estar as\u00ed por eso exigimos que nos entreguen el medicamento que ocupamos&#8221;.<br \/>\nEs importante mencionar, que varias de las personas que se manifestaron esta ma\u00f1ana de lunes a las afueras del ISSSTE son hombres y mujeres jubilados y que no cuentan con los recursos econ\u00f3micos necesarios para adquirir los medicamentos que les prolongaran sus vidas, ante las mortales enfermedades como son Diabetes Mellitus, c\u00e1ncer, hipertensi\u00f3n y VIH.<\/p>\n<p><a href=\"https:\/\/meridiano.mx\/seccion\/nayarit\/issste-niega-medicamentos-con-costos-que-van-desde-los-mil-hasta-los-21-mil-pesos-manifestantes\/\">https:\/\/meridiano.mx\/seccion\/nayarit\/issste-niega-medicamentos-con-costos-que-van-desde-los-mil-hasta-los-21-mil-pesos-manifestantes\/<\/a><\/p>\n","protected":false},"excerpt":{"rendered":"<p>Foto: Relatosnayarit Fernando Ulloa P\u00e9rez \/ Meridiano.MX Tepic Nayarit.- La ma\u00f1ana de este lunes alrededor de 100 personas de diferentes edades y de diversos extractos sociales, bloquearon el paseo de &hellip; <a href=\"https:\/\/www.grieta.org.mx\/index.php\/2021\/04\/26\/issste-niega-medicamentos-con-costos-que-van-desde-los-mil-hasta-los-21-mil-pesos-manifestantes-nayarit\/\" class=\"more-link\">Leer m\u00e1s<\/a><\/p>\n","protected":false},"author":2,"featured_media":59099,"comment_status":"closed","ping_status":"closed","sticky":false,"template":"","format":"standard","meta":{"ngg_post_thumbnail":0,"_jetpack_newsletter_access":"","_jetpack_dont_email_post_to_subs":false,"_jetpack_newsletter_tier_id":0,"_jetpack_memberships_contains_paywalled_content":false,"_jetpack_memberships_contains_paid_content":false,"footnotes":""},"categories":[80,918,2573,23,2,83],"tags":[3604,2551,492,3735],"class_list":["post-59093","post","type-post","status-publish","format-standard","has-post-thumbnail","hentry","category-cintillo","category-privatizacion-del-sector-salud","category-crisis-del-sector-salud-en-nayarit","category-nayarit","category-noticias-nacionales","category-temas-nacionales","tag-falta-de-medicamentos","tag-falta-de-medicinas","tag-issste","tag-protestas-por-falta-de-tratamientos-medicos","entry"],"jetpack_featured_media_url":"https:\/\/www.grieta.org.mx\/wp-content\/uploads\/2021\/04\/denuncian-negligencia-en-el-issste-nayarit-29012.jpg","jetpack_sharing_enabled":true,"jetpack_shortlink":"https:\/\/wp.me\/p7ZJR4-fn7","jetpack_likes_enabled":false,"jetpack-related-posts":[{"id":60258,"url":"https:\/\/www.grieta.org.mx\/index.php\/2021\/06\/27\/con-marcha-exigen-a-issste-en-nayarit-medicamentos-para-enfermos-de-cancer\/","url_meta":{"origin":59093,"position":0},"title":"Con marcha exigen a ISSSTE en Nayarit medicamentos para enfermos de c\u00e1ncer","author":"grieta","date":"27 junio, 2021","format":false,"excerpt":"Foto: Cris Ben\u00edtez Crys Ben\u00edtez \/ El Occidental TEPIC, Nayarit (OEM-Informex).- Este domingo por la ma\u00f1ana pese a la lluvia, decenas de familiares de enfermos de c\u00e1ncer y trasplantados, realizaron una marcha desde las instalaciones de Cancerolog\u00eda hasta el Catedral, deteni\u00e9ndose en Palacio de Gobierno, para exigir al Instituto de\u2026","rel":"","context":"En &quot;CINTILLO&quot;","block_context":{"text":"CINTILLO","link":"https:\/\/www.grieta.org.mx\/index.php\/category\/cintillo\/"},"img":{"alt_text":"","src":"https:\/\/i0.wp.com\/www.grieta.org.mx\/wp-content\/uploads\/2021\/07\/Marcha-para-exigir-medicamentos-para-enfermos-de-cancer-en-Nayarit.jpg?resize=350%2C200&ssl=1","width":350,"height":200,"srcset":"https:\/\/i0.wp.com\/www.grieta.org.mx\/wp-content\/uploads\/2021\/07\/Marcha-para-exigir-medicamentos-para-enfermos-de-cancer-en-Nayarit.jpg?resize=350%2C200&ssl=1 1x, https:\/\/i0.wp.com\/www.grieta.org.mx\/wp-content\/uploads\/2021\/07\/Marcha-para-exigir-medicamentos-para-enfermos-de-cancer-en-Nayarit.jpg?resize=525%2C300&ssl=1 1.5x, https:\/\/i0.wp.com\/www.grieta.org.mx\/wp-content\/uploads\/2021\/07\/Marcha-para-exigir-medicamentos-para-enfermos-de-cancer-en-Nayarit.jpg?resize=700%2C400&ssl=1 2x"},"classes":[]},{"id":56629,"url":"https:\/\/www.grieta.org.mx\/index.php\/2021\/01\/29\/el-issste-sin-los-medicamentos-para-diabeticos-nayarit\/","url_meta":{"origin":59093,"position":1},"title":"El ISSSTE sin los medicamentos para diab\u00e9ticos (Nayarit)","author":"grieta","date":"29 enero, 2021","format":false,"excerpt":"Imagen: Realidades de Nayarit Misael Santana Huerta \/Realidades de Nayarit Tepic, Nayarit. A 29 de Enero de 2021. Desde la semana pasada un grupo de maestros y ciudadanos de la tercera edad, puso en nuestras manos una lista de medicamentos con que tiene el ISSSTE del FOVISSSTE, para controlar el\u2026","rel":"","context":"En &quot;CINTILLO&quot;","block_context":{"text":"CINTILLO","link":"https:\/\/www.grieta.org.mx\/index.php\/category\/cintillo\/"},"img":{"alt_text":"","src":"https:\/\/i0.wp.com\/www.grieta.org.mx\/wp-content\/uploads\/2021\/02\/5-8-696x379-1.jpg?resize=350%2C200&ssl=1","width":350,"height":200,"srcset":"https:\/\/i0.wp.com\/www.grieta.org.mx\/wp-content\/uploads\/2021\/02\/5-8-696x379-1.jpg?resize=350%2C200&ssl=1 1x, https:\/\/i0.wp.com\/www.grieta.org.mx\/wp-content\/uploads\/2021\/02\/5-8-696x379-1.jpg?resize=525%2C300&ssl=1 1.5x"},"classes":[]},{"id":44953,"url":"https:\/\/www.grieta.org.mx\/index.php\/2020\/02\/14\/faltan-medicamentos-en-el-issste-y-el-imss-quienes-tienen-cancer-son-quienes-mas-sufren-la-escasez-nayarit\/","url_meta":{"origin":59093,"position":2},"title":"Faltan medicamentos en el ISSSTE y el IMSS, quienes tienen c\u00e1ncer son quienes m\u00e1s sufren la escasez (Nayarit)","author":"grieta","date":"14 febrero, 2020","format":false,"excerpt":"Foto: Ilustrativa Javier Rojo Fregoso \/ Realidades de Nayarit La escasez de medicamentos en los diversos centros hospitalarios de Nayarit, es \u201del pan de cada d\u00eda\u201d se\u00f1alan familias afectadas con estas deficiencias que han venido mostrando diversas instituciones como son principalmente el IMSS Y EL ISSSTE, en donde d\u00eda tras\u2026","rel":"","context":"En &quot;CINTILLO&quot;","block_context":{"text":"CINTILLO","link":"https:\/\/www.grieta.org.mx\/index.php\/category\/cintillo\/"},"img":{"alt_text":"","src":"https:\/\/i0.wp.com\/www.grieta.org.mx\/wp-content\/uploads\/2020\/02\/medicina-1.jpg?resize=350%2C200&ssl=1","width":350,"height":200,"srcset":"https:\/\/i0.wp.com\/www.grieta.org.mx\/wp-content\/uploads\/2020\/02\/medicina-1.jpg?resize=350%2C200&ssl=1 1x, https:\/\/i0.wp.com\/www.grieta.org.mx\/wp-content\/uploads\/2020\/02\/medicina-1.jpg?resize=525%2C300&ssl=1 1.5x, https:\/\/i0.wp.com\/www.grieta.org.mx\/wp-content\/uploads\/2020\/02\/medicina-1.jpg?resize=700%2C400&ssl=1 2x"},"classes":[]},{"id":46525,"url":"https:\/\/www.grieta.org.mx\/index.php\/2020\/03\/13\/derechohabientes-del-issste-ven-en-riesgo-su-vida-por-la-falta-de-medicos-e-insumos-nayarit\/","url_meta":{"origin":59093,"position":3},"title":"Derechohabientes del ISSSTE ven en riesgo su vida por la falta de m\u00e9dicos e insumos (Nayarit)","author":"grieta","date":"13 marzo, 2020","format":false,"excerpt":"Foto: Ilustrativa Misael Santana Huerta \/ Realidades de Nayarit Tepic. Nayarit. A 13 de Marzo de 2020. Los pacientes que llegan al ISSSTE, al pisar el interior para ser valorado, ante la falta de medicamentos y atenci\u00f3n m\u00e9dica, no asegura salir con vida. Esta situaci\u00f3n se da m\u00e1s los s\u00e1bados\u2026","rel":"","context":"En &quot;CINTILLO&quot;","block_context":{"text":"CINTILLO","link":"https:\/\/www.grieta.org.mx\/index.php\/category\/cintillo\/"},"img":{"alt_text":"","src":"https:\/\/i0.wp.com\/www.grieta.org.mx\/wp-content\/uploads\/2020\/03\/ISSSTE-Tepic.jpg?resize=350%2C200&ssl=1","width":350,"height":200,"srcset":"https:\/\/i0.wp.com\/www.grieta.org.mx\/wp-content\/uploads\/2020\/03\/ISSSTE-Tepic.jpg?resize=350%2C200&ssl=1 1x, https:\/\/i0.wp.com\/www.grieta.org.mx\/wp-content\/uploads\/2020\/03\/ISSSTE-Tepic.jpg?resize=525%2C300&ssl=1 1.5x, https:\/\/i0.wp.com\/www.grieta.org.mx\/wp-content\/uploads\/2020\/03\/ISSSTE-Tepic.jpg?resize=700%2C400&ssl=1 2x"},"classes":[]},{"id":34726,"url":"https:\/\/www.grieta.org.mx\/index.php\/2019\/06\/07\/burocraticos-procesos-para-enfermos-del-cancer-nayarit\/","url_meta":{"origin":59093,"position":4},"title":"Burocr\u00e1ticos procesos para enfermos del c\u00e1ncer (Nayarit)","author":"grieta","date":"7 junio, 2019","format":false,"excerpt":"Tienen que estar registrados en la central sanitaria de la ciudad de M\u00e9xico para que sean considerados en la aplicaci\u00f3n de los car\u00edsimos medicamentos Javier Rojo Fregoso \/ Realidades Tepic, Nayarit.- Viernes 07 de junio del 2019.- Necesitan ser aceptados, registrados, en el sistema nacional de salud o de atenci\u00f3n\u2026","rel":"","context":"En &quot;CINTILLO&quot;","block_context":{"text":"CINTILLO","link":"https:\/\/www.grieta.org.mx\/index.php\/category\/cintillo\/"},"img":{"alt_text":"","src":"https:\/\/i0.wp.com\/www.grieta.org.mx\/wp-content\/uploads\/2019\/06\/5b033d230954e.jpg?resize=350%2C200&ssl=1","width":350,"height":200,"srcset":"https:\/\/i0.wp.com\/www.grieta.org.mx\/wp-content\/uploads\/2019\/06\/5b033d230954e.jpg?resize=350%2C200&ssl=1 1x, https:\/\/i0.wp.com\/www.grieta.org.mx\/wp-content\/uploads\/2019\/06\/5b033d230954e.jpg?resize=525%2C300&ssl=1 1.5x, https:\/\/i0.wp.com\/www.grieta.org.mx\/wp-content\/uploads\/2019\/06\/5b033d230954e.jpg?resize=700%2C400&ssl=1 2x"},"classes":[]},{"id":53003,"url":"https:\/\/www.grieta.org.mx\/index.php\/2020\/09\/04\/cierran-el-nuevo-hospital-del-issste-nayarit\/","url_meta":{"origin":59093,"position":5},"title":"Cierran el nuevo hospital del ISSSTE (Nayarit)","author":"grieta","date":"4 septiembre, 2020","format":false,"excerpt":"Foto: Realidades de Nayarit Durante 5 d\u00edas no funcionar\u00e1 porque culminaron los contratos del personal m\u00e9dico que laboran all\u00ed Mildra Ben\u00edtez Robledo \/ Realidades de Nayarit Tepic, Nayarit.- Viernes 04 de septiembre del 2020.- El hospital del ISSSTE ubicado en la zona de La Cantera, Tepic, mismo que atiende a\u2026","rel":"","context":"En &quot;CINTILLO&quot;","block_context":{"text":"CINTILLO","link":"https:\/\/www.grieta.org.mx\/index.php\/category\/cintillo\/"},"img":{"alt_text":"","src":"https:\/\/i0.wp.com\/www.grieta.org.mx\/wp-content\/uploads\/2020\/09\/hospital.jpg?resize=350%2C200&ssl=1","width":350,"height":200,"srcset":"https:\/\/i0.wp.com\/www.grieta.org.mx\/wp-content\/uploads\/2020\/09\/hospital.jpg?resize=350%2C200&ssl=1 1x, https:\/\/i0.wp.com\/www.grieta.org.mx\/wp-content\/uploads\/2020\/09\/hospital.jpg?resize=525%2C300&ssl=1 1.5x, https:\/\/i0.wp.com\/www.grieta.org.mx\/wp-content\/uploads\/2020\/09\/hospital.jpg?resize=700%2C400&ssl=1 2x"},"classes":[]}],"_links":{"self":[{"href":"https:\/\/www.grieta.org.mx\/index.php\/wp-json\/wp\/v2\/posts\/59093","targetHints":{"allow":["GET"]}}],"collection":[{"href":"https:\/\/www.grieta.org.mx\/index.php\/wp-json\/wp\/v2\/posts"}],"about":[{"href":"https:\/\/www.grieta.org.mx\/index.php\/wp-json\/wp\/v2\/types\/post"}],"author":[{"embeddable":true,"href":"https:\/\/www.grieta.org.mx\/index.php\/wp-json\/wp\/v2\/users\/2"}],"replies":[{"embeddable":true,"href":"https:\/\/www.grieta.org.mx\/index.php\/wp-json\/wp\/v2\/comments?post=59093"}],"version-history":[{"count":1,"href":"https:\/\/www.grieta.org.mx\/index.php\/wp-json\/wp\/v2\/posts\/59093\/revisions"}],"predecessor-version":[{"id":59100,"href":"https:\/\/www.grieta.org.mx\/index.php\/wp-json\/wp\/v2\/posts\/59093\/revisions\/59100"}],"wp:featuredmedia":[{"embeddable":true,"href":"https:\/\/www.grieta.org.mx\/index.php\/wp-json\/wp\/v2\/media\/59099"}],"wp:attachment":[{"href":"https:\/\/www.grieta.org.mx\/index.php\/wp-json\/wp\/v2\/media?parent=59093"}],"wp:term":[{"taxonomy":"category","embeddable":true,"href":"https:\/\/www.grieta.org.mx\/index.php\/wp-json\/wp\/v2\/categories?post=59093"},{"taxonomy":"post_tag","embeddable":true,"href":"https:\/\/www.grieta.org.mx\/index.php\/wp-json\/wp\/v2\/tags?post=59093"}],"curies":[{"name":"wp","href":"https:\/\/api.w.org\/{rel}","templated":true}]}}