{"id":59015,"date":"2021-04-26T00:53:52","date_gmt":"2021-04-26T05:53:52","guid":{"rendered":"https:\/\/www.grieta.org.mx\/?p=59015"},"modified":"2021-04-27T20:05:41","modified_gmt":"2021-04-28T01:05:41","slug":"ciudadanos-toman-las-calles-en-defensa-de-el-chamizal-ciudad-juarez","status":"publish","type":"post","link":"https:\/\/www.grieta.org.mx\/index.php\/2021\/04\/26\/ciudadanos-toman-las-calles-en-defensa-de-el-chamizal-ciudad-juarez\/","title":{"rendered":"Ciudadanos toman las calles en defensa de El Chamizal (Ciudad Ju\u00e1rez)"},"content":{"rendered":"<p>&nbsp;<\/p>\n<p><strong><em>Al ritmo de consignas como \u201cEl Chamizal no se vende, se cuida y se defiende\u201d, juarenses marcharon para mostrar su oposici\u00f3n a la entrega de un predio del parque p\u00fablico para la construcci\u00f3n de un centro de convenciones<\/em><\/strong><\/p>\n<h4 class=\"has-text-align-center\">TEXTO: KAREN CANO \/ FOTOGRAF\u00cdAS: REY R. JAUREGUI \/\u00a0LA VERDAD<\/h4>\n<p>Ciudad Ju\u00e1rez \u2013 Cargaron con sus hijos, mascotas y hasta con instrumentos de percusi\u00f3n para marchar en defensa de los terrenos p\u00fablico de El Chamizal.<\/p>\n<p>Cerca de 200 personas se manisfestaron en contra de la decisi\u00f3n del Cabildo de Ju\u00e1rez de entregar en comodato m\u00e1s de 71 mil metros cuadrados de El Chamizal, donde se construir\u00e1 el Centro de Exposiciones y Convenciones Paso del Norte<\/p>\n<p>Este contingente, convocado por el llamado Frente en Defesa de El Chamizal, se concentr\u00f3 en las instalaciones de la Plaza de la Mexicanidad y de ah\u00ed parti\u00f3 en caravana hasta la megabandera; algunos a pie, otros en motocicletas y otros a bordo de sus veh\u00edculos particulares, los cuales portaban consignas escritas en los vidrios.<\/p>\n<p>\u201cToda mi vida he crecido en el Chamizal, tengo treinta a\u00f1os entrenando muchachos y mirando como lo han estado destruyendo. Esto es del pueblo, no es del gobierno, est\u00e1n dejando a la gente sin \u00e1reas verdes\u201d, dice Uriel Acu\u00f1a, uno de los ciudadanos manifestantes que decidi\u00f3 sumarse a\u00fan en medio del supercierre decretado por el gobierno de Chihuahua para inhibir la movidad en medio de la pandemia del COVID.<\/p>\n<div class=\"wp-block-image\">\n<figure class=\"aligncenter size-large\"><img loading=\"lazy\" decoding=\"async\" class=\"wp-image-20973\" src=\"https:\/\/laverdadjuarez.com\/wp-content\/uploads\/2021\/04\/3f0b4b75-e774-4c5d-b81c-fa5f31056413-1024x682.jpg\" sizes=\"auto, (max-width: 1024px) 100vw, 1024px\" srcset=\"https:\/\/laverdadjuarez.com\/wp-content\/uploads\/2021\/04\/3f0b4b75-e774-4c5d-b81c-fa5f31056413-1024x682.jpg 1024w, https:\/\/laverdadjuarez.com\/wp-content\/uploads\/2021\/04\/3f0b4b75-e774-4c5d-b81c-fa5f31056413-300x200.jpg 300w, https:\/\/laverdadjuarez.com\/wp-content\/uploads\/2021\/04\/3f0b4b75-e774-4c5d-b81c-fa5f31056413-768x512.jpg 768w, https:\/\/laverdadjuarez.com\/wp-content\/uploads\/2021\/04\/3f0b4b75-e774-4c5d-b81c-fa5f31056413.jpg 1280w\" alt=\"\" width=\"1024\" height=\"682\" \/><\/figure>\n<\/div>\n<div class=\"wp-block-image\">\n<figure class=\"aligncenter size-large\"><img loading=\"lazy\" decoding=\"async\" class=\"wp-image-20971\" src=\"https:\/\/laverdadjuarez.com\/wp-content\/uploads\/2021\/04\/a959d6b5-b837-40f9-a457-e533349054d4-1024x682.jpg\" sizes=\"auto, (max-width: 1024px) 100vw, 1024px\" srcset=\"https:\/\/laverdadjuarez.com\/wp-content\/uploads\/2021\/04\/a959d6b5-b837-40f9-a457-e533349054d4-1024x682.jpg 1024w, https:\/\/laverdadjuarez.com\/wp-content\/uploads\/2021\/04\/a959d6b5-b837-40f9-a457-e533349054d4-300x200.jpg 300w, https:\/\/laverdadjuarez.com\/wp-content\/uploads\/2021\/04\/a959d6b5-b837-40f9-a457-e533349054d4-768x512.jpg 768w, https:\/\/laverdadjuarez.com\/wp-content\/uploads\/2021\/04\/a959d6b5-b837-40f9-a457-e533349054d4.jpg 1280w\" alt=\"\" width=\"1024\" height=\"682\" \/><\/figure>\n<\/div>\n<p>El pasado jueves de 8 abril, en sesi\u00f3n de Cabildo, regidores del ayuntamiento aprobaron por unanimidad entregar en comodato un terreno de 71 mil 848.522 metros cuadrados, que pertenece a este parque federal, en el cual se tiene contemplada la construcci\u00f3n del Centro de Exposiciones y Convenciones Paso del Norte.<\/p>\n<p>Este terreno es conocido como \u201cLos Hoyos\u201d, y actualmente es utilizado para actividades deportivas de practicantes softball, es usado como campo de futbol americano y como espacio para practicantes de motocross.<\/p>\n<p>Se encuentra rodeado por las avenidas Heroico Colegio Militar, David Herrera Jord\u00e1n, 5 de Mayo y Xochimilco, y se entreg\u00f3 en comodato a Exposiciones y Convenciones Asociaci\u00f3n Civil.<\/p>\n<p>En contra de esta decisi\u00f3n, activistas de la localidad que pertenecen a colectivos como \u00c1rboles en Resistencia, Ju\u00e1rez de Mis Recuerdos, Pan y Rosas Ciudad Ju\u00e1rez, y Plantas Ciudad Ju\u00e1rez, conformaron el Frente en Defensa de El Chamizal.<\/p>\n<div class=\"wp-block-image\">\n<figure class=\"aligncenter size-large\"><img loading=\"lazy\" decoding=\"async\" class=\"wp-image-20975\" src=\"https:\/\/laverdadjuarez.com\/wp-content\/uploads\/2021\/04\/2230b0d6-7d33-4bba-bb30-e0c6707d6535-1024x682.jpg\" sizes=\"auto, (max-width: 1024px) 100vw, 1024px\" srcset=\"https:\/\/laverdadjuarez.com\/wp-content\/uploads\/2021\/04\/2230b0d6-7d33-4bba-bb30-e0c6707d6535-1024x682.jpg 1024w, https:\/\/laverdadjuarez.com\/wp-content\/uploads\/2021\/04\/2230b0d6-7d33-4bba-bb30-e0c6707d6535-300x200.jpg 300w, https:\/\/laverdadjuarez.com\/wp-content\/uploads\/2021\/04\/2230b0d6-7d33-4bba-bb30-e0c6707d6535-768x512.jpg 768w, https:\/\/laverdadjuarez.com\/wp-content\/uploads\/2021\/04\/2230b0d6-7d33-4bba-bb30-e0c6707d6535.jpg 1280w\" alt=\"\" width=\"1024\" height=\"682\" \/><\/figure>\n<\/div>\n<div class=\"wp-block-image\">\n<figure class=\"aligncenter size-large\"><img loading=\"lazy\" decoding=\"async\" data-attachment-id=\"20976\" data-permalink=\"https:\/\/www.grieta.org.mx\/index.php\/2016\/08\/30\/anuncian-complejo-residencial-con-playa-en-atlixco-puebla\/playa\/\" data-orig-file=\"https:\/\/www.grieta.org.mx\/wp-content\/uploads\/2016\/08\/playa.jpg\" data-orig-size=\"600,400\" data-comments-opened=\"0\" data-image-meta=\"{&quot;aperture&quot;:&quot;0&quot;,&quot;credit&quot;:&quot;&quot;,&quot;camera&quot;:&quot;&quot;,&quot;caption&quot;:&quot;&quot;,&quot;created_timestamp&quot;:&quot;0&quot;,&quot;copyright&quot;:&quot;&quot;,&quot;focal_length&quot;:&quot;0&quot;,&quot;iso&quot;:&quot;0&quot;,&quot;shutter_speed&quot;:&quot;0&quot;,&quot;title&quot;:&quot;&quot;,&quot;orientation&quot;:&quot;0&quot;}\" data-image-title=\"playa\" data-image-description=\"\" data-image-caption=\"\" data-medium-file=\"https:\/\/www.grieta.org.mx\/wp-content\/uploads\/2016\/08\/playa-300x200.jpg\" data-large-file=\"https:\/\/www.grieta.org.mx\/wp-content\/uploads\/2016\/08\/playa.jpg\" class=\"wp-image-20976\" src=\"https:\/\/laverdadjuarez.com\/wp-content\/uploads\/2021\/04\/3fcddedc-d69d-4951-a4c0-aaaa3f653b98-1024x682.jpg\" sizes=\"auto, (max-width: 1024px) 100vw, 1024px\" srcset=\"https:\/\/laverdadjuarez.com\/wp-content\/uploads\/2021\/04\/3fcddedc-d69d-4951-a4c0-aaaa3f653b98-1024x682.jpg 1024w, https:\/\/laverdadjuarez.com\/wp-content\/uploads\/2021\/04\/3fcddedc-d69d-4951-a4c0-aaaa3f653b98-300x200.jpg 300w, https:\/\/laverdadjuarez.com\/wp-content\/uploads\/2021\/04\/3fcddedc-d69d-4951-a4c0-aaaa3f653b98-768x512.jpg 768w, https:\/\/laverdadjuarez.com\/wp-content\/uploads\/2021\/04\/3fcddedc-d69d-4951-a4c0-aaaa3f653b98.jpg 1280w\" alt=\"\" width=\"1024\" height=\"682\" \/><\/figure>\n<\/div>\n<p>Este se ha estado organizando en asambleas para discutir acciones que puedan frenar dicha decisi\u00f3n, entre las cuales, se encuentran la interposici\u00f3n de un amparo contra los regidores, que pueda dar marcha atr\u00e1s a la adjudicaci\u00f3n del predio, explica el activista Daniel Delgadillo D\u00edaz, de \u00c1rboles en resistencia.<\/p>\n<p>\u201cEste parque no s\u00f3lo pertenece a los juarenses sino a todos los mexicanos, hubo esta semana restricciones por las medidas sanitarias por el reporte del aumento de contagios, y estuvieron sacando a la gente\u201d, expresa Jessica Morales, activista de Pan y Rosas, quien denunci\u00f3 lo anterior considerando que no hab\u00eda raz\u00f3n para no permitir que las personas hicieran uso de un espacio al aire libre.<\/p>\n<p>El acto de protesta se desarroll\u00f3 de manera pac\u00edfica y durante el trayecto, los manifestantes recibieron el apoyo de otros automovilistas que pasaban por la avenida Heroico Colegio Militar, quienes tocaban el claxon en se\u00f1al de respaldo a los gritos de consignas de \u201cEl Chami no se vende, se cuida y defiende\u201d<\/p>\n<p>Al arriban a jard\u00edn de la megabandera los manifestantes realizaron un mitin pol\u00edtico, en donde criticaron el retiro de \u00e1rboles para la creaci\u00f3n de corredores.<\/p>\n<p>\u201cEst\u00e1n destruyendo las pocas \u00e1reas verdes que tenemos, yo vengo ahorita corriendo de Anapra, vengo del parque de las tortugas, otro sitio abandonado, todo el r\u00edo lo mataron\u201d, expresa otro manifestante, por altoparlante.<\/p>\n<p>Como pr\u00f3ximas acciones contemplan el plantar \u00e1rboles como forma de protesta, aunque los detalles del sitio y la hora, ser\u00edan acordadas entre semana, se inform\u00f3.<\/p>\n<blockquote class=\"wp-embedded-content\" data-secret=\"zyQ6BROWS3\"><p><a href=\"https:\/\/laverdadjuarez.com\/index.php\/2021\/04\/26\/ciudadanos-toman-las-calles-en-defensa-de-el-chamizal\/\">Ciudadanos toman las calles en defensa de El Chamizal<\/a><\/p><\/blockquote>\n<p><iframe loading=\"lazy\" class=\"wp-embedded-content\" sandbox=\"allow-scripts\" security=\"restricted\" style=\"position: absolute; clip: rect(1px, 1px, 1px, 1px);\" title=\"&#8220;Ciudadanos toman las calles en defensa de El Chamizal&#8221; &#8212; La Verdad Ju\u00e1rez\" src=\"https:\/\/laverdadjuarez.com\/index.php\/2021\/04\/26\/ciudadanos-toman-las-calles-en-defensa-de-el-chamizal\/embed\/#?secret=zyQ6BROWS3\" data-secret=\"zyQ6BROWS3\" width=\"600\" height=\"338\" frameborder=\"0\" marginwidth=\"0\" marginheight=\"0\" scrolling=\"no\"><\/iframe><\/p>\n","protected":false},"excerpt":{"rendered":"<p>&nbsp; Al ritmo de consignas como \u201cEl Chamizal no se vende, se cuida y se defiende\u201d, juarenses marcharon para mostrar su oposici\u00f3n a la entrega de un predio del parque &hellip; <a href=\"https:\/\/www.grieta.org.mx\/index.php\/2021\/04\/26\/ciudadanos-toman-las-calles-en-defensa-de-el-chamizal-ciudad-juarez\/\" class=\"more-link\">Leer m\u00e1s<\/a><\/p>\n","protected":false},"author":2,"featured_media":59016,"comment_status":"closed","ping_status":"closed","sticky":false,"template":"","format":"standard","meta":{"ngg_post_thumbnail":0,"_jetpack_newsletter_access":"","_jetpack_dont_email_post_to_subs":false,"_jetpack_newsletter_tier_id":0,"_jetpack_memberships_contains_paywalled_content":false,"_jetpack_memberships_contains_paid_content":false,"footnotes":""},"categories":[12,80,2864],"tags":[2449,1210,628,184,3537],"class_list":["post-59015","post","type-post","status-publish","format-standard","has-post-thumbnail","hentry","category-chihuahua","category-cintillo","category-conflictos-por-desarrollos-inmobiliarios-en-chihuahua","tag-conflicto-por-territorio","tag-conflictos-por-desarrollos-inmobiliarios","tag-defensa-del-territorio","tag-despojo","tag-protestas-de-vecinos","entry"],"jetpack_featured_media_url":"https:\/\/www.grieta.org.mx\/wp-content\/uploads\/2021\/04\/e07ba14b-9c06-4f95-a57c-329aab74f24c.jpg","jetpack_sharing_enabled":true,"jetpack_shortlink":"https:\/\/wp.me\/p7ZJR4-flR","jetpack_likes_enabled":false,"jetpack-related-posts":[{"id":64180,"url":"https:\/\/www.grieta.org.mx\/index.php\/2022\/05\/01\/apelan-a-la-historia-para-defender-del-chamizal-ciudad-juarez\/","url_meta":{"origin":59015,"position":0},"title":"Apelan a la historia para defender del Chamizal (Ciudad Ju\u00e1rez)","author":"grieta","date":"1 mayo, 2022","format":false,"excerpt":"abril 26, 2022 FOTOGRAF\u00cdA: MARCO ANTONIO L\u00d3PEZ POR MARCO ANTONIO L\u00d3PEZ \/\u00a0LA VERDAD Crean Red Binacional de Estudios Hist\u00f3ricos de Ciudad Ju\u00e1rez y El Paso, Paso del Norte, para generar contrapeso pol\u00edtico al proyecto empresarial que busca construir Centro de Convenciones\u00a0 Ciudad Ju\u00e1rez \u2013A la disputa que est\u00e1n dando integrantes\u2026","rel":"","context":"En &quot;Chihuahua&quot;","block_context":{"text":"Chihuahua","link":"https:\/\/www.grieta.org.mx\/index.php\/category\/noticias-nacionales\/chihuahua\/"},"img":{"alt_text":"","src":"https:\/\/i0.wp.com\/www.grieta.org.mx\/wp-content\/uploads\/2022\/05\/Red-de-Historiadores_El-chamizal.jpeg?resize=350%2C200&ssl=1","width":350,"height":200,"srcset":"https:\/\/i0.wp.com\/www.grieta.org.mx\/wp-content\/uploads\/2022\/05\/Red-de-Historiadores_El-chamizal.jpeg?resize=350%2C200&ssl=1 1x, https:\/\/i0.wp.com\/www.grieta.org.mx\/wp-content\/uploads\/2022\/05\/Red-de-Historiadores_El-chamizal.jpeg?resize=525%2C300&ssl=1 1.5x, https:\/\/i0.wp.com\/www.grieta.org.mx\/wp-content\/uploads\/2022\/05\/Red-de-Historiadores_El-chamizal.jpeg?resize=700%2C400&ssl=1 2x"},"classes":[]},{"id":65132,"url":"https:\/\/www.grieta.org.mx\/index.php\/2022\/09\/05\/vecinos-de-el-refugio-se-oponen-a-desarrollos-inmobiliarios-en-ciudad-creativa-jalisco\/","url_meta":{"origin":59015,"position":1},"title":"Vecinos de El Refugio se oponen a desarrollos inmobiliarios en Ciudad Creativa (Jalisco)","author":"grieta","date":"5 septiembre, 2022","format":false,"excerpt":"Imagen: Lauro Rodr\u00edguez Lauro Rodr\u00edguez \/ EL Diario NTR Un grupo de vecinos representantes de la colonia El Refugio, de la zona Centro de Guadalajara, se manifestaron durante el inicio de los proyectos de vivienda en Distrito Creativo. Los vecinos precisaron que no quieren el desarrollo inmobiliario porque llegar\u00e1 a\u2026","rel":"","context":"En &quot;CINTILLO&quot;","block_context":{"text":"CINTILLO","link":"https:\/\/www.grieta.org.mx\/index.php\/category\/cintillo\/"},"img":{"alt_text":"","src":"https:\/\/i0.wp.com\/www.grieta.org.mx\/wp-content\/uploads\/2022\/09\/2022-09-05_11-09-08___5232.jpg?resize=350%2C200&ssl=1","width":350,"height":200,"srcset":"https:\/\/i0.wp.com\/www.grieta.org.mx\/wp-content\/uploads\/2022\/09\/2022-09-05_11-09-08___5232.jpg?resize=350%2C200&ssl=1 1x, https:\/\/i0.wp.com\/www.grieta.org.mx\/wp-content\/uploads\/2022\/09\/2022-09-05_11-09-08___5232.jpg?resize=525%2C300&ssl=1 1.5x, https:\/\/i0.wp.com\/www.grieta.org.mx\/wp-content\/uploads\/2022\/09\/2022-09-05_11-09-08___5232.jpg?resize=700%2C400&ssl=1 2x"},"classes":[]},{"id":48008,"url":"https:\/\/www.grieta.org.mx\/index.php\/2020\/04\/17\/operan-en-juarez-28-maquiladoras-con-actividades-no-esenciales-ciudad-juarez\/","url_meta":{"origin":59015,"position":2},"title":"Operan en Ju\u00e1rez 28 maquiladoras con actividades no esenciales (Ciudad Ju\u00e1rez)","author":"grieta","date":"17 abril, 2020","format":false,"excerpt":"Marco Antonio L\u00f3pez\/YoCiudadano FOTOGRAF\u00cdA: TOMADA DE YOCIUDADANO Ciudad Ju\u00e1rez \u2014 Todas las empresas en el estado que realizan actividades consideradas no esenciales deben cerrar debido al exhorto emitido por el Gobierno Federal, dijo hoy la secretaria estatal del Trabajo y Previsi\u00f3n Social, Ana Luisa Herrera Laso. En Ciudad Ju\u00e1rez han\u2026","rel":"","context":"En &quot;Chihuahua&quot;","block_context":{"text":"Chihuahua","link":"https:\/\/www.grieta.org.mx\/index.php\/category\/noticias-nacionales\/chihuahua\/"},"img":{"alt_text":"","src":"https:\/\/i0.wp.com\/www.grieta.org.mx\/wp-content\/uploads\/2020\/04\/Foto-Inspecciones-a-centros-laborales.jpg?resize=350%2C200&ssl=1","width":350,"height":200,"srcset":"https:\/\/i0.wp.com\/www.grieta.org.mx\/wp-content\/uploads\/2020\/04\/Foto-Inspecciones-a-centros-laborales.jpg?resize=350%2C200&ssl=1 1x, https:\/\/i0.wp.com\/www.grieta.org.mx\/wp-content\/uploads\/2020\/04\/Foto-Inspecciones-a-centros-laborales.jpg?resize=525%2C300&ssl=1 1.5x, https:\/\/i0.wp.com\/www.grieta.org.mx\/wp-content\/uploads\/2020\/04\/Foto-Inspecciones-a-centros-laborales.jpg?resize=700%2C400&ssl=1 2x"},"classes":[]},{"id":63889,"url":"https:\/\/www.grieta.org.mx\/index.php\/2022\/04\/02\/construiran-pozo-de-agua-en-pueblo-de-xoco-mientras-vecinos-denuncian-mas-agresiones-ciudad-de-mexico\/","url_meta":{"origin":59015,"position":3},"title":"Construir\u00e1n pozo de agua en Pueblo de Xoco, mientras vecinos denuncian m\u00e1s agresiones (Ciudad de M\u00e9xico)","author":"grieta","date":"2 abril, 2022","format":false,"excerpt":"Alberto Cuenca \/ Capital CDMX En el pueblo de Xoco, donde habitantes de la zona mantienen una f\u00e9rrea oposici\u00f3n al desarrollo inmobiliario de M\u00edtikah, autoridades capitalinas construir\u00e1n un nuevo pozo de agua. A decir de la jefa de gobierno Claudia Sheinbaum, la construcci\u00f3n de ese y otros pozos en la\u2026","rel":"","context":"En &quot;CINTILLO&quot;","block_context":{"text":"CINTILLO","link":"https:\/\/www.grieta.org.mx\/index.php\/category\/cintillo\/"},"img":{"alt_text":"","src":"https:\/\/i0.wp.com\/www.grieta.org.mx\/wp-content\/uploads\/2018\/03\/14524434_1106112876131411_958039263622046936_o.jpg?resize=350%2C200&ssl=1","width":350,"height":200,"srcset":"https:\/\/i0.wp.com\/www.grieta.org.mx\/wp-content\/uploads\/2018\/03\/14524434_1106112876131411_958039263622046936_o.jpg?resize=350%2C200&ssl=1 1x, https:\/\/i0.wp.com\/www.grieta.org.mx\/wp-content\/uploads\/2018\/03\/14524434_1106112876131411_958039263622046936_o.jpg?resize=525%2C300&ssl=1 1.5x, https:\/\/i0.wp.com\/www.grieta.org.mx\/wp-content\/uploads\/2018\/03\/14524434_1106112876131411_958039263622046936_o.jpg?resize=700%2C400&ssl=1 2x"},"classes":[]},{"id":17965,"url":"https:\/\/www.grieta.org.mx\/index.php\/2016\/09\/11\/protestan-profesores-de-telebachilleratos-por-falta-de-pagos-en-chihuahua\/","url_meta":{"origin":59015,"position":4},"title":"Conflictos laborales en la industria maquiladora de Chihuahua","author":"grieta","date":"11 septiembre, 2016","format":false,"excerpt":"10\/09\/16. Convocan a obreros a grito \u201cMaquilero\u201d vs campa\u00f1a medi\u00e1tica de empresas, Ciudad Ju\u00e1rezEl Pueblo 06\/09\/16. Preparan obreros verbena contra compa\u00f1a de Index, Ciudad Ju\u00e1rezEl Mexicano 30\/08\/16. Cruza fronteras lucha maquilera contra explotaci\u00f3n laboral, ChihuahuaEl Pueblo 20\/08\/16. Salario maquilador en d\u00f3lares baja 13%, ChihuahuaEl Diario 05\/08\/16. Revela abogada Prieto los\u2026","rel":"","context":"En &quot;Chihuahua&quot;","block_context":{"text":"Chihuahua","link":"https:\/\/www.grieta.org.mx\/index.php\/category\/noticias-nacionales\/chihuahua\/"},"img":{"alt_text":"","src":"https:\/\/i0.wp.com\/www.grieta.org.mx\/wp-content\/uploads\/2018\/03\/14524434_1106112876131411_958039263622046936_o.jpg?resize=350%2C200&ssl=1","width":350,"height":200,"srcset":"https:\/\/i0.wp.com\/www.grieta.org.mx\/wp-content\/uploads\/2018\/03\/14524434_1106112876131411_958039263622046936_o.jpg?resize=350%2C200&ssl=1 1x, https:\/\/i0.wp.com\/www.grieta.org.mx\/wp-content\/uploads\/2018\/03\/14524434_1106112876131411_958039263622046936_o.jpg?resize=525%2C300&ssl=1 1.5x, https:\/\/i0.wp.com\/www.grieta.org.mx\/wp-content\/uploads\/2018\/03\/14524434_1106112876131411_958039263622046936_o.jpg?resize=700%2C400&ssl=1 2x"},"classes":[]},{"id":55623,"url":"https:\/\/www.grieta.org.mx\/index.php\/2020\/12\/04\/denuncian-muerte-de-fauna-silvestre-a-causa-de-fraccionamientos-jalisco\/","url_meta":{"origin":59015,"position":5},"title":"Denuncian muerte de fauna silvestre a causa de fraccionamientos (Jalisco)","author":"grieta","date":"4 diciembre, 2020","format":false,"excerpt":"Foto: Twitter @bosqueixticuil Lauto Rodr\u00edguez \/ El Diario NTR Activistas del Comit\u00e9 en Defensa del Bosque del Nixticuil denunciaron en redes sociales que la construcci\u00f3n de nuevos fraccionamientos auspiciados por el gobierno municipal de Zapopan, provoca que la fauna silvestre tenga que desplazarse y se ponga en riesgo permanente. Justo\u2026","rel":"","context":"En &quot;CINTILLO&quot;","block_context":{"text":"CINTILLO","link":"https:\/\/www.grieta.org.mx\/index.php\/category\/cintillo\/"},"img":{"alt_text":"","src":"https:\/\/i0.wp.com\/www.grieta.org.mx\/wp-content\/uploads\/2020\/12\/2020-12-04_02-12-44___2968.jpg?resize=350%2C200&ssl=1","width":350,"height":200,"srcset":"https:\/\/i0.wp.com\/www.grieta.org.mx\/wp-content\/uploads\/2020\/12\/2020-12-04_02-12-44___2968.jpg?resize=350%2C200&ssl=1 1x, https:\/\/i0.wp.com\/www.grieta.org.mx\/wp-content\/uploads\/2020\/12\/2020-12-04_02-12-44___2968.jpg?resize=525%2C300&ssl=1 1.5x, https:\/\/i0.wp.com\/www.grieta.org.mx\/wp-content\/uploads\/2020\/12\/2020-12-04_02-12-44___2968.jpg?resize=700%2C400&ssl=1 2x"},"classes":[]}],"_links":{"self":[{"href":"https:\/\/www.grieta.org.mx\/index.php\/wp-json\/wp\/v2\/posts\/59015","targetHints":{"allow":["GET"]}}],"collection":[{"href":"https:\/\/www.grieta.org.mx\/index.php\/wp-json\/wp\/v2\/posts"}],"about":[{"href":"https:\/\/www.grieta.org.mx\/index.php\/wp-json\/wp\/v2\/types\/post"}],"author":[{"embeddable":true,"href":"https:\/\/www.grieta.org.mx\/index.php\/wp-json\/wp\/v2\/users\/2"}],"replies":[{"embeddable":true,"href":"https:\/\/www.grieta.org.mx\/index.php\/wp-json\/wp\/v2\/comments?post=59015"}],"version-history":[{"count":1,"href":"https:\/\/www.grieta.org.mx\/index.php\/wp-json\/wp\/v2\/posts\/59015\/revisions"}],"predecessor-version":[{"id":59019,"href":"https:\/\/www.grieta.org.mx\/index.php\/wp-json\/wp\/v2\/posts\/59015\/revisions\/59019"}],"wp:featuredmedia":[{"embeddable":true,"href":"https:\/\/www.grieta.org.mx\/index.php\/wp-json\/wp\/v2\/media\/59016"}],"wp:attachment":[{"href":"https:\/\/www.grieta.org.mx\/index.php\/wp-json\/wp\/v2\/media?parent=59015"}],"wp:term":[{"taxonomy":"category","embeddable":true,"href":"https:\/\/www.grieta.org.mx\/index.php\/wp-json\/wp\/v2\/categories?post=59015"},{"taxonomy":"post_tag","embeddable":true,"href":"https:\/\/www.grieta.org.mx\/index.php\/wp-json\/wp\/v2\/tags?post=59015"}],"curies":[{"name":"wp","href":"https:\/\/api.w.org\/{rel}","templated":true}]}}