{"id":58981,"date":"2021-04-21T20:24:30","date_gmt":"2021-04-22T01:24:30","guid":{"rendered":"https:\/\/www.grieta.org.mx\/?p=58981"},"modified":"2021-04-25T20:41:26","modified_gmt":"2021-04-26T01:41:26","slug":"padres-protestan-por-falta-de-farmacos-para-sus-hijos","status":"publish","type":"post","link":"https:\/\/www.grieta.org.mx\/index.php\/2021\/04\/21\/padres-protestan-por-falta-de-farmacos-para-sus-hijos\/","title":{"rendered":"Padres protestan por falta de f\u00e1rmacos para sus hijos (Jalisco)"},"content":{"rendered":"<p>Foto: Jorge Alberto Mendoza<\/p>\n<p>Lauro Rodr\u00edguez \/\u00a0 El Diario NTR<\/p>\n<p>Ni\u00f1os con el s\u00edndrome de Morquio tipo A y sus padres se manifestaron ayer a las afueras de la Secretar\u00eda de Salud Jalisco (SSJ) para exigir que compre el medicamento para tratar la enfermedad. Los peque\u00f1os no cuentan con los f\u00e1rmacos que necesitan desde enero.<\/p>\n<p>En total, hay 12 menores afectados por la falta de medicinas. Ellos recib\u00edan el tratamiento en el Hospital Civil de Guadalajara (HCG) Juan I. Menchaca, pero en enero se les inform\u00f3 que ya se hab\u00eda terminado.<\/p>\n<p>El s\u00edndrome de Morquio es una enfermedad rara lisosomal que se caracteriza porque el cuerpo no produce la enzima galactosamina -6- sulfatasa, indispensable para descomponer la az\u00facar.<\/p>\n<p>El no contar con la enzima genera deformaci\u00f3n \u00f3sea, falta de crecimiento, mareos, dolores de cabeza, v\u00f3mitos y, en general, una mala calidad de vida, pues los pacientes pueden quedar postrados en cama.<\/p>\n<p>La enfermedad es gen\u00e9tica y los primeros s\u00edntomas suelen aparecer despu\u00e9s del tercer a\u00f1o de vida. El tratamiento que se brinda a los pacientes no los cura, pero les otorga una mejor\u00eda en su calidad de vida, ya que impide que la enfermedad avance.<\/p>\n<p>\u201cEn el tiempo que recibi\u00f3 el tratamiento, en lo que cabe, se desarroll\u00f3 normal. Jugaba como un ni\u00f1o normal, no se cansaba, adem\u00e1s de que no se quejaba de dolor. En este tiempo que ha dejado de recibirlo s\u00ed hemos notado que su actividad f\u00edsica ha disminuido. Se cansa m\u00e1s de c\u00f3mo era anteriormente\u201d, describi\u00f3 Efra\u00edn Romero, padre de Abril, menor de 5 a\u00f1os y una de las pacientes.<\/p>\n<p>Tras la protesta se entreg\u00f3 una carta al titular de la SSJ, Fernando Petersen Aranguren, para que trabaje en la compra, a la brevedad, de las medicinas y que los ni\u00f1os afectados puedan continuar con su tratamiento.<\/p>\n<p>Horas despu\u00e9s de la manifestaci\u00f3n, la SSJ inform\u00f3 que realizar\u00e1 gestiones ante el Instituto de Salud para el Bienestar (Insabi), pues es \u00e9ste el que debe proveer del medicamento enzim\u00e1tico necesario.<\/p>\n<p>Argument\u00f3 que los estados est\u00e1n imposibilitados a buscar por su cuenta las medicinas, ya que \u00e9stas deben financiarse con el Fondo de Salud para el Bienestar, antes llamado Fondo de Gastos Catastr\u00f3ficos.<\/p>\n<p><a href=\"https:\/\/www.ntrguadalajara.com\/post.php?id_nota=165261\">https:\/\/www.ntrguadalajara.com\/post.php?id_nota=165261<\/a><\/p>\n","protected":false},"excerpt":{"rendered":"<p>Foto: Jorge Alberto Mendoza Lauro Rodr\u00edguez \/\u00a0 El Diario NTR Ni\u00f1os con el s\u00edndrome de Morquio tipo A y sus padres se manifestaron ayer a las afueras de la Secretar\u00eda &hellip; <a href=\"https:\/\/www.grieta.org.mx\/index.php\/2021\/04\/21\/padres-protestan-por-falta-de-farmacos-para-sus-hijos\/\" class=\"more-link\">Leer m\u00e1s<\/a><\/p>\n","protected":false},"author":2,"featured_media":58982,"comment_status":"closed","ping_status":"closed","sticky":false,"template":"","format":"standard","meta":{"ngg_post_thumbnail":0,"_jetpack_newsletter_access":"","_jetpack_dont_email_post_to_subs":false,"_jetpack_newsletter_tier_id":0,"_jetpack_memberships_contains_paywalled_content":false,"_jetpack_memberships_contains_paid_content":false,"footnotes":""},"categories":[80,918,2535,20,1827,2303,2,83],"tags":[3133,2367,2366,3134,3604,2551,3776],"class_list":["post-58981","post","type-post","status-publish","format-standard","has-post-thumbnail","hentry","category-cintillo","category-privatizacion-del-sector-salud","category-crisis-del-sector-salud-en-jalisco","category-jalisco","category-la-ninez-en-la-tormenta-capitalista","category-la-ninez-en-la-tormenta-en-jalisco","category-noticias-nacionales","category-temas-nacionales","tag-crisis-del-sector-salud","tag-crisis-en-el-sector-salud","tag-desabasto-de-medicinas","tag-falta-de-atencion-medica","tag-falta-de-medicamentos","tag-falta-de-medicinas","tag-la-ninez-en-la-tormenta-capitalista","entry"],"jetpack_featured_media_url":"https:\/\/www.grieta.org.mx\/wp-content\/uploads\/2021\/04\/2021-04-20_11-04-13___3518.jpg","jetpack_sharing_enabled":true,"jetpack_shortlink":"https:\/\/wp.me\/p7ZJR4-flj","jetpack_likes_enabled":false,"jetpack-related-posts":[{"id":43807,"url":"https:\/\/www.grieta.org.mx\/index.php\/2020\/01\/24\/hay-desabasto-de-medicamentos-para-la-atencion-de-cancer-infantil-jalisco\/","url_meta":{"origin":58981,"position":0},"title":"Hay desabasto de medicamentos para la atenci\u00f3n de c\u00e1ncer infantil  (Jalisco)","author":"grieta","date":"24 enero, 2020","format":false,"excerpt":"Foto: Francisco Rodr\u00edguez \/ El Occidental Isaura L\u00f3pez \/ El Occidental Se lleg\u00f3 el d\u00eda que organizaciones civiles en Jalisco que velan por la salud de ni\u00f1as, ni\u00f1os y adolescentes con c\u00e1ncer tem\u00edan. En el Hospital General de Occidente (HGO) conocido como Zoquipan y en el Nuevo Hospital Civil de\u2026","rel":"","context":"En &quot;CINTILLO&quot;","block_context":{"text":"CINTILLO","link":"https:\/\/www.grieta.org.mx\/index.php\/category\/cintillo\/"},"img":{"alt_text":"","src":"https:\/\/i0.wp.com\/www.grieta.org.mx\/wp-content\/uploads\/2020\/02\/sin-seguro-popular-2.jpeg?resize=350%2C200&ssl=1","width":350,"height":200,"srcset":"https:\/\/i0.wp.com\/www.grieta.org.mx\/wp-content\/uploads\/2020\/02\/sin-seguro-popular-2.jpeg?resize=350%2C200&ssl=1 1x, https:\/\/i0.wp.com\/www.grieta.org.mx\/wp-content\/uploads\/2020\/02\/sin-seguro-popular-2.jpeg?resize=525%2C300&ssl=1 1.5x, https:\/\/i0.wp.com\/www.grieta.org.mx\/wp-content\/uploads\/2020\/02\/sin-seguro-popular-2.jpeg?resize=700%2C400&ssl=1 2x"},"classes":[]},{"id":45036,"url":"https:\/\/www.grieta.org.mx\/index.php\/2020\/02\/19\/hay-urgencia-nacional-de-medicamentos-contra-el-cancer-nariz-roja-jalisco\/","url_meta":{"origin":58981,"position":1},"title":"Hay urgencia nacional de medicamentos contra el c\u00e1ncer: Nariz Roja (Jalisco)","author":"grieta","date":"19 febrero, 2020","format":false,"excerpt":"Foto: El Occidental- Archivo Isaura L\u00f3pez \/ El Occidental Sin medicamentos no hay lucha contra el c\u00e1ncer. La Asociaci\u00f3n Civil Nariz Roja anuncia que no participar\u00e1 en el evento de la Secretar\u00eda de Salud Jalisco (SSJ) ante el desabasto de medicinas que hay en M\u00e9xico y en el territorio jalisciense\u2026","rel":"","context":"En &quot;CINTILLO&quot;","block_context":{"text":"CINTILLO","link":"https:\/\/www.grieta.org.mx\/index.php\/category\/cintillo\/"},"img":{"alt_text":"","src":"https:\/\/i0.wp.com\/www.grieta.org.mx\/wp-content\/uploads\/2020\/02\/exigen-medicamentos.jpg?resize=350%2C200&ssl=1","width":350,"height":200,"srcset":"https:\/\/i0.wp.com\/www.grieta.org.mx\/wp-content\/uploads\/2020\/02\/exigen-medicamentos.jpg?resize=350%2C200&ssl=1 1x, https:\/\/i0.wp.com\/www.grieta.org.mx\/wp-content\/uploads\/2020\/02\/exigen-medicamentos.jpg?resize=525%2C300&ssl=1 1.5x, https:\/\/i0.wp.com\/www.grieta.org.mx\/wp-content\/uploads\/2020\/02\/exigen-medicamentos.jpg?resize=700%2C400&ssl=1 2x"},"classes":[]},{"id":48243,"url":"https:\/\/www.grieta.org.mx\/index.php\/2020\/04\/20\/temen-padres-retroceso-en-tratamientos-a-ninos-con-cancer-por-desabasto-de-medicinas-colima\/","url_meta":{"origin":58981,"position":2},"title":"Temen padres retroceso en tratamientos a ni\u00f1os con c\u00e1ncer por desabasto de medicinas (Colima)","author":"grieta","date":"20 abril, 2020","format":false,"excerpt":"Foto: El Comentario Carlos A. Arevalo \/ El Comentario Debido al\u00a0desabasto de medicinas\u00a0para la atenci\u00f3n a\u00a0ni\u00f1os con c\u00e1ncer, en el\u00a0Instituto Estatal de Cancerolog\u00eda\u00a0(IEC), padres de los menores temen que sus hijos puedan tener un\u00a0retroceso en su tratamiento, advirtieron\u00a0familiares\u00a0de los\u00a0pacientes. Adem\u00e1s, \u201cel medicamento lo estamos comprando y es caro\u201d, dijo\u00a0Ver\u00f3nica Mendoza\u2026","rel":"","context":"En &quot;CINTILLO&quot;","block_context":{"text":"CINTILLO","link":"https:\/\/www.grieta.org.mx\/index.php\/category\/cintillo\/"},"img":{"alt_text":"","src":"https:\/\/i0.wp.com\/www.grieta.org.mx\/wp-content\/uploads\/2020\/04\/b961a278861b298363b98b44acef8563.jpg?resize=350%2C200&ssl=1","width":350,"height":200,"srcset":"https:\/\/i0.wp.com\/www.grieta.org.mx\/wp-content\/uploads\/2020\/04\/b961a278861b298363b98b44acef8563.jpg?resize=350%2C200&ssl=1 1x, https:\/\/i0.wp.com\/www.grieta.org.mx\/wp-content\/uploads\/2020\/04\/b961a278861b298363b98b44acef8563.jpg?resize=525%2C300&ssl=1 1.5x, https:\/\/i0.wp.com\/www.grieta.org.mx\/wp-content\/uploads\/2020\/04\/b961a278861b298363b98b44acef8563.jpg?resize=700%2C400&ssl=1 2x"},"classes":[]},{"id":53023,"url":"https:\/\/www.grieta.org.mx\/index.php\/2020\/09\/02\/pacientes-renales-protestan-por-falta-de-medicamentos-jalisco\/","url_meta":{"origin":58981,"position":3},"title":"Pacientes renales protestan por falta de medicamentos (Jalisco)","author":"grieta","date":"2 septiembre, 2020","format":false,"excerpt":"Foto: Jorge Alberto Mendoza Edgar Flotes \/ El Diario NTR Unos 20 pacientes renales y sus familias, se manifestaron hoy a las afueras de la Delegaci\u00f3n Estatal del Instituto Mexicano del Seguro Social (IMSS) para exigir medicamentos. A decir de los inconformes, hay un atraso de hasta dos meses en\u2026","rel":"","context":"En &quot;CINTILLO&quot;","block_context":{"text":"CINTILLO","link":"https:\/\/www.grieta.org.mx\/index.php\/category\/cintillo\/"},"img":{"alt_text":"","src":"https:\/\/i0.wp.com\/www.grieta.org.mx\/wp-content\/uploads\/2020\/09\/2020-09-02_11-09-36___2301.jpg?resize=350%2C200&ssl=1","width":350,"height":200,"srcset":"https:\/\/i0.wp.com\/www.grieta.org.mx\/wp-content\/uploads\/2020\/09\/2020-09-02_11-09-36___2301.jpg?resize=350%2C200&ssl=1 1x, https:\/\/i0.wp.com\/www.grieta.org.mx\/wp-content\/uploads\/2020\/09\/2020-09-02_11-09-36___2301.jpg?resize=525%2C300&ssl=1 1.5x, https:\/\/i0.wp.com\/www.grieta.org.mx\/wp-content\/uploads\/2020\/09\/2020-09-02_11-09-36___2301.jpg?resize=700%2C400&ssl=1 2x"},"classes":[]},{"id":43686,"url":"https:\/\/www.grieta.org.mx\/index.php\/2020\/01\/24\/tras-protesta-de-padres-de-ninos-con-cancer-logran-acuerdo-firmado-para-evitar-escasez-de-medicinas-ciudad-de-mexico\/","url_meta":{"origin":58981,"position":4},"title":"Tras protesta de padres de ni\u00f1os con c\u00e1ncer, logran acuerdo firmado para evitar  escasez de medicinas (Ciudad de M\u00e9xico)","author":"grieta","date":"24 enero, 2020","format":false,"excerpt":"Padres de ni\u00f1os con c\u00e1ncer muestran los acuerdos con autoridades del Hospital General la Raza para evitar escasez de medicamentos oncol\u00f3gicos (Foto: Mariluz Rold\u00e1n) Mariluz Rold\u00e1n \/ La Silla Rota Una comisi\u00f3n de padres de menores ingres\u00f3 al Hospital General La Raza para dialogar con autoridades sobre la falta de\u2026","rel":"","context":"En &quot;CINTILLO&quot;","block_context":{"text":"CINTILLO","link":"https:\/\/www.grieta.org.mx\/index.php\/category\/cintillo\/"},"img":{"alt_text":"","src":"https:\/\/i0.wp.com\/www.grieta.org.mx\/wp-content\/uploads\/2020\/01\/Tras-protesta-de-padres-de-ni%C3%B1os-cdmx-ene.jpg?resize=350%2C200","width":350,"height":200},"classes":[]},{"id":51509,"url":"https:\/\/www.grieta.org.mx\/index.php\/2020\/07\/03\/por-el-derecho-a-vivir-se-manifiestan-familiares-de-ninos-con-cancer-jalisco\/","url_meta":{"origin":58981,"position":5},"title":"\u201c\u00a1Por el derecho a vivir!\u201d, se manifiestan familiares de ni\u00f1os con c\u00e1ncer (Jalisco)","author":"grieta","date":"3 julio, 2020","format":false,"excerpt":"Foto: V\u00edctor Ch\u00e1vez Aseguran que los medicamentos llegan a cuentagotas o simplemente no llegan y muchos de ellos tienen que adquirirlos en el extranjero, pero a muy alto costo V\u00edctor Chavez \/ El Occidental Con el sol a plomo, padres, t\u00edos y abuelos de ni\u00f1os con c\u00e1ncer, algunos a pie\u2026","rel":"","context":"En &quot;CINTILLO&quot;","block_context":{"text":"CINTILLO","link":"https:\/\/www.grieta.org.mx\/index.php\/category\/cintillo\/"},"img":{"alt_text":"","src":"https:\/\/i0.wp.com\/www.grieta.org.mx\/wp-content\/uploads\/2020\/07\/Marcha-ni%C3%B1os-con-c%C3%A1ncer.jpg?resize=350%2C200&ssl=1","width":350,"height":200,"srcset":"https:\/\/i0.wp.com\/www.grieta.org.mx\/wp-content\/uploads\/2020\/07\/Marcha-ni%C3%B1os-con-c%C3%A1ncer.jpg?resize=350%2C200&ssl=1 1x, https:\/\/i0.wp.com\/www.grieta.org.mx\/wp-content\/uploads\/2020\/07\/Marcha-ni%C3%B1os-con-c%C3%A1ncer.jpg?resize=525%2C300&ssl=1 1.5x, https:\/\/i0.wp.com\/www.grieta.org.mx\/wp-content\/uploads\/2020\/07\/Marcha-ni%C3%B1os-con-c%C3%A1ncer.jpg?resize=700%2C400&ssl=1 2x"},"classes":[]}],"_links":{"self":[{"href":"https:\/\/www.grieta.org.mx\/index.php\/wp-json\/wp\/v2\/posts\/58981","targetHints":{"allow":["GET"]}}],"collection":[{"href":"https:\/\/www.grieta.org.mx\/index.php\/wp-json\/wp\/v2\/posts"}],"about":[{"href":"https:\/\/www.grieta.org.mx\/index.php\/wp-json\/wp\/v2\/types\/post"}],"author":[{"embeddable":true,"href":"https:\/\/www.grieta.org.mx\/index.php\/wp-json\/wp\/v2\/users\/2"}],"replies":[{"embeddable":true,"href":"https:\/\/www.grieta.org.mx\/index.php\/wp-json\/wp\/v2\/comments?post=58981"}],"version-history":[{"count":1,"href":"https:\/\/www.grieta.org.mx\/index.php\/wp-json\/wp\/v2\/posts\/58981\/revisions"}],"predecessor-version":[{"id":58985,"href":"https:\/\/www.grieta.org.mx\/index.php\/wp-json\/wp\/v2\/posts\/58981\/revisions\/58985"}],"wp:featuredmedia":[{"embeddable":true,"href":"https:\/\/www.grieta.org.mx\/index.php\/wp-json\/wp\/v2\/media\/58982"}],"wp:attachment":[{"href":"https:\/\/www.grieta.org.mx\/index.php\/wp-json\/wp\/v2\/media?parent=58981"}],"wp:term":[{"taxonomy":"category","embeddable":true,"href":"https:\/\/www.grieta.org.mx\/index.php\/wp-json\/wp\/v2\/categories?post=58981"},{"taxonomy":"post_tag","embeddable":true,"href":"https:\/\/www.grieta.org.mx\/index.php\/wp-json\/wp\/v2\/tags?post=58981"}],"curies":[{"name":"wp","href":"https:\/\/api.w.org\/{rel}","templated":true}]}}