{"id":5896,"date":"2015-11-28T01:13:34","date_gmt":"2015-11-28T01:13:34","guid":{"rendered":"http:\/\/50.22.11.12\/~grietaor\/?p=5896"},"modified":"2016-03-28T01:14:21","modified_gmt":"2016-03-28T01:14:21","slug":"suman-79-feminicidios-en-guanajuato","status":"publish","type":"post","link":"https:\/\/www.grieta.org.mx\/index.php\/2015\/11\/28\/suman-79-feminicidios-en-guanajuato\/","title":{"rendered":"Suman 79 Feminicidios en Guanajuato"},"content":{"rendered":"<p>Carlos Garc\u00eda, Silao, Gto.<\/p>\n<p>Los cuerpos de dos mujeres semidesnudas fueron encontradas con disparos en una comunidad del municipio de Silao; con estos asesinatos suman 79 feminicidios perpetrados en el 2015.<\/p>\n<p>Las mujeres de unos 30 a\u00f1os de edad fueron localizadas en el camino Baj\u00edo de Guadalupe-El Rascadero, cerca de la comunidad de Tuna Mansa, inform\u00f3 el subprocurador de Justicia de la regi\u00f3n B, C\u00e9sar Gasca Toledo.<\/p>\n<p>\u201cLos cuerpos estaban semidesnudos, una de ellas vest\u00eda pants color rosa y chamarra color rojo, a quien se le aprecian a simple vista dos lesiones por disparo de arma de fuego en axila izquierda\u201d, coment\u00f3 el funcionario.<\/p>\n<p>Agreg\u00f3 que la segunda v\u00edctima s\u00f3lo ten\u00eda ropa interior y presentaba tres lesiones por arma de fuego en zona escapular izquierda.<\/p>\n<p>\u201cTen\u00eda un tatuaje de la santa muerte y en la pantorrilla un tatuaje de estrellas; hasta el momento est\u00e1n en calidad de no Identificadas\u201d, dijo el subprocurador.<\/p>\n<p>En el lugar del crimen fueron encontrados dos casquillos calibre 9 mil\u00edmetros y una camioneta incinerada.<\/p>\n<p>Extraoficialmente se ventil\u00f3 que las v\u00edctimas presentaban huellas de violencia f\u00edsica y sexual.<\/p>\n<p>Activistas han criticado que el gobierno panista del estado de Guanajuato se niegue a promover la declaratoria de Alerta por Violencia de G\u00e9nero, al asegurar que no se necesita porque la pol\u00edtica que implementan es la adecuada para disminuir la violencia contra las mujeres.<\/p>\n<p><a href=\"http:\/\/kuali.com.mx\/asesinan-a-dos-mujeres-en-silao-suman-79-feminicidios-en-guanajuato\/\" target=\"_blank\">kuali.com.mx\/asesinan-a-dos-mujeres-en-silao-suman-79-feminicidios-en-guanajuato\/<\/a><\/p>\n","protected":false},"excerpt":{"rendered":"<p>Carlos Garc\u00eda, Silao, Gto. Los cuerpos de dos mujeres semidesnudas fueron encontradas con disparos en una comunidad del municipio de Silao; con estos asesinatos suman 79 feminicidios perpetrados en el &hellip; <a href=\"https:\/\/www.grieta.org.mx\/index.php\/2015\/11\/28\/suman-79-feminicidios-en-guanajuato\/\" class=\"more-link\">Leer m\u00e1s<\/a><\/p>\n","protected":false},"author":2,"featured_media":21928,"comment_status":"closed","ping_status":"open","sticky":false,"template":"","format":"standard","meta":{"ngg_post_thumbnail":0,"_jetpack_newsletter_access":"","_jetpack_dont_email_post_to_subs":false,"_jetpack_newsletter_tier_id":0,"_jetpack_memberships_contains_paywalled_content":false,"_jetpack_memberships_contains_paid_content":false,"footnotes":""},"categories":[80],"tags":[],"class_list":["post-5896","post","type-post","status-publish","format-standard","has-post-thumbnail","hentry","category-cintillo","entry"],"jetpack_featured_media_url":"https:\/\/www.grieta.org.mx\/wp-content\/uploads\/2018\/03\/14524434_1106112876131411_958039263622046936_o.jpg","jetpack_sharing_enabled":true,"jetpack_shortlink":"https:\/\/wp.me\/p7ZJR4-1x6","jetpack_likes_enabled":false,"jetpack-related-posts":[{"id":94,"url":"https:\/\/www.grieta.org.mx\/index.php\/2016\/01\/11\/crece-numero-de-feminicidios-con-arma-de-fuego-5-de-cada-10-por-disparo\/","url_meta":{"origin":5896,"position":0},"title":"Crece n\u00famero de feminicidios con arma de fuego; 5 de cada 10 por disparo","author":"grieta","date":"11 enero, 2016","format":false,"excerpt":"P\u00e1gina 3. Jaime Guerrero, Oaxaca.- En Oaxaca el n\u00famero de mujeres asesinadas con la utilizaci\u00f3n de un arma de fuego supera la media nacional, revelan los resultados del Primer Informe del Observatorio Nacional de Violencia Armada y G\u00e9nero (OVAG). De acuerdo a Ana Mar\u00eda Hern\u00e1ndez C\u00e1rdenas, integrante de Consorcio para\u2026","rel":"","context":"En &quot;CINTILLO&quot;","block_context":{"text":"CINTILLO","link":"https:\/\/www.grieta.org.mx\/index.php\/category\/cintillo\/"},"img":{"alt_text":"","src":"https:\/\/i0.wp.com\/www.grieta.org.mx\/wp-content\/uploads\/2018\/03\/14524434_1106112876131411_958039263622046936_o.jpg?resize=350%2C200&ssl=1","width":350,"height":200,"srcset":"https:\/\/i0.wp.com\/www.grieta.org.mx\/wp-content\/uploads\/2018\/03\/14524434_1106112876131411_958039263622046936_o.jpg?resize=350%2C200&ssl=1 1x, https:\/\/i0.wp.com\/www.grieta.org.mx\/wp-content\/uploads\/2018\/03\/14524434_1106112876131411_958039263622046936_o.jpg?resize=525%2C300&ssl=1 1.5x, https:\/\/i0.wp.com\/www.grieta.org.mx\/wp-content\/uploads\/2018\/03\/14524434_1106112876131411_958039263622046936_o.jpg?resize=700%2C400&ssl=1 2x"},"classes":[]},{"id":48440,"url":"https:\/\/www.grieta.org.mx\/index.php\/2020\/04\/23\/torturadas-semidesnudas-y-amarradas-asesinan-a-4-mujeres-en-5-dias-en-colima\/","url_meta":{"origin":5896,"position":1},"title":"Torturadas, semidesnudas y amarradas, asesinan a 4 mujeres en 5 d\u00edas en Colima","author":"grieta","date":"23 abril, 2020","format":false,"excerpt":"Imagen: Diario Avanzada Redacci\u00f3n \/ El Diario Avanzada Colima, M\u00e9xico, Avanzada (23\/04\/2020).- Cuatro mujeres fueron asesinadas en los \u00faltimos cinco d\u00edas en el estado de Colima. Flotando en un canal, en un campo agr\u00edcola, semidesnudas, amarradas o torturadas, los asesinos no tienen piedad. Link para consultar el Mapa de los\u2026","rel":"","context":"En &quot;CINTILLO&quot;","block_context":{"text":"CINTILLO","link":"https:\/\/www.grieta.org.mx\/index.php\/category\/cintillo\/"},"img":{"alt_text":"","src":"https:\/\/i0.wp.com\/www.grieta.org.mx\/wp-content\/uploads\/2020\/05\/Mapa-de-homicidio-23-de-abril.png?resize=350%2C200&ssl=1","width":350,"height":200,"srcset":"https:\/\/i0.wp.com\/www.grieta.org.mx\/wp-content\/uploads\/2020\/05\/Mapa-de-homicidio-23-de-abril.png?resize=350%2C200&ssl=1 1x, https:\/\/i0.wp.com\/www.grieta.org.mx\/wp-content\/uploads\/2020\/05\/Mapa-de-homicidio-23-de-abril.png?resize=525%2C300&ssl=1 1.5x, https:\/\/i0.wp.com\/www.grieta.org.mx\/wp-content\/uploads\/2020\/05\/Mapa-de-homicidio-23-de-abril.png?resize=700%2C400&ssl=1 2x"},"classes":[]},{"id":24684,"url":"https:\/\/www.grieta.org.mx\/index.php\/2018\/05\/19\/en-una-semana-cinco-mujeres-asesinadas-en-oaxaca\/","url_meta":{"origin":5896,"position":2},"title":"En una semana, cinco mujeres asesinadas en Oaxaca","author":"grieta","date":"19 mayo, 2018","format":false,"excerpt":"Noticias. Citlalli Luciana, Oaxaca.-Los asesinatos contra las mujeres en Oaxaca se encuentran imparables. Tan s\u00f3lo en la semana que termina fueron cinco v\u00edctimas. En cuatro casos los cr\u00edmenes se cometieron con arma de fuego, forma cada vez m\u00e1s recurrente por la falta de control de \u00e9stas. En los \u00faltimos dos\u2026","rel":"","context":"En &quot;CINTILLO&quot;","block_context":{"text":"CINTILLO","link":"https:\/\/www.grieta.org.mx\/index.php\/category\/cintillo\/"},"img":{"alt_text":"","src":"https:\/\/i0.wp.com\/www.grieta.org.mx\/wp-content\/uploads\/2018\/07\/portada_-_feminicidios_4.jpg?resize=350%2C200&ssl=1","width":350,"height":200,"srcset":"https:\/\/i0.wp.com\/www.grieta.org.mx\/wp-content\/uploads\/2018\/07\/portada_-_feminicidios_4.jpg?resize=350%2C200&ssl=1 1x, https:\/\/i0.wp.com\/www.grieta.org.mx\/wp-content\/uploads\/2018\/07\/portada_-_feminicidios_4.jpg?resize=525%2C300&ssl=1 1.5x, https:\/\/i0.wp.com\/www.grieta.org.mx\/wp-content\/uploads\/2018\/07\/portada_-_feminicidios_4.jpg?resize=700%2C400&ssl=1 2x, https:\/\/i0.wp.com\/www.grieta.org.mx\/wp-content\/uploads\/2018\/07\/portada_-_feminicidios_4.jpg?resize=1050%2C600&ssl=1 3x"},"classes":[]},{"id":30245,"url":"https:\/\/www.grieta.org.mx\/index.php\/2019\/03\/05\/chihuahua-4to-lugar-en-feminicidios-6-victimas-en-enero\/","url_meta":{"origin":5896,"position":3},"title":"Chihuahua 4to lugar en feminicidios, 6 v\u00edctimas en enero","author":"grieta","date":"5 marzo, 2019","format":false,"excerpt":"Yuriana C\u00e1rdenas\/OMNIA Cifras del Secretariado Ejecutivo del Sistema Nacional de Seguridad P\u00fablica indican que en Chihuahua hubo un aumento en el n\u00famero de feminicidios al pasar de 4 casos en enero del a\u00f1o pasado a 6 en enero 2019. La entidad con mayor n\u00famero de feminicidios durante el primer mes\u2026","rel":"","context":"En &quot;Chihuahua&quot;","block_context":{"text":"Chihuahua","link":"https:\/\/www.grieta.org.mx\/index.php\/category\/noticias-nacionales\/chihuahua\/"},"img":{"alt_text":"","src":"https:\/\/i0.wp.com\/www.grieta.org.mx\/wp-content\/uploads\/2019\/03\/feminicidio.jpg?resize=350%2C200&ssl=1","width":350,"height":200,"srcset":"https:\/\/i0.wp.com\/www.grieta.org.mx\/wp-content\/uploads\/2019\/03\/feminicidio.jpg?resize=350%2C200&ssl=1 1x, https:\/\/i0.wp.com\/www.grieta.org.mx\/wp-content\/uploads\/2019\/03\/feminicidio.jpg?resize=525%2C300&ssl=1 1.5x, https:\/\/i0.wp.com\/www.grieta.org.mx\/wp-content\/uploads\/2019\/03\/feminicidio.jpg?resize=700%2C400&ssl=1 2x, https:\/\/i0.wp.com\/www.grieta.org.mx\/wp-content\/uploads\/2019\/03\/feminicidio.jpg?resize=1050%2C600&ssl=1 3x"},"classes":[]},{"id":21356,"url":"https:\/\/www.grieta.org.mx\/index.php\/2016\/09\/11\/suman-4-posibles-feminicidios-en-region-tula-en-2-meses\/","url_meta":{"origin":5896,"position":4},"title":"Suman 4 posibles feminicidios en regi\u00f3n Tula en 2 meses","author":"grieta","date":"11 septiembre, 2016","format":false,"excerpt":"Miguel \u00c1ngel Mart\u00ednez TEPEJI DEL R\u00cdO, Hgo., 11 de septiembre de 2016.- Contin\u00faan apareciendo mujeres sin vida en la regi\u00f3n Tula \u2013 Tepeji. En los \u00faltimos dos meses y medio han sido localizados al menos cuatro cuerpos de f\u00e9minas en la zona sur este de la entidad; el com\u00fan denominador\u2026","rel":"","context":"En &quot;CINTILLO&quot;","block_context":{"text":"CINTILLO","link":"https:\/\/www.grieta.org.mx\/index.php\/category\/cintillo\/"},"img":{"alt_text":"","src":"https:\/\/i0.wp.com\/www.grieta.org.mx\/wp-content\/uploads\/2018\/03\/14524434_1106112876131411_958039263622046936_o.jpg?resize=350%2C200&ssl=1","width":350,"height":200,"srcset":"https:\/\/i0.wp.com\/www.grieta.org.mx\/wp-content\/uploads\/2018\/03\/14524434_1106112876131411_958039263622046936_o.jpg?resize=350%2C200&ssl=1 1x, https:\/\/i0.wp.com\/www.grieta.org.mx\/wp-content\/uploads\/2018\/03\/14524434_1106112876131411_958039263622046936_o.jpg?resize=525%2C300&ssl=1 1.5x, https:\/\/i0.wp.com\/www.grieta.org.mx\/wp-content\/uploads\/2018\/03\/14524434_1106112876131411_958039263622046936_o.jpg?resize=700%2C400&ssl=1 2x"},"classes":[]},{"id":92,"url":"https:\/\/www.grieta.org.mx\/index.php\/2016\/02\/05\/continuan-al-alza-los-feminicidios-consorcio\/","url_meta":{"origin":5896,"position":5},"title":"Contin\u00faan al alza los feminicidios: Consorcio","author":"grieta","date":"5 febrero, 2016","format":false,"excerpt":"Noticias Net. Lizette Mendoza Alavez, Oaxaca Para la organizaci\u00f3n civil esta cifra representa un incremento grave en la violencia contra las mujeres, pues se traduce en las agresiones m\u00e1s crudas que se presenten en la sociedad. \u201cHablar de un feminicido significa proyectos truncados; no solamente de las mujeres, sino de\u2026","rel":"","context":"En &quot;CINTILLO&quot;","block_context":{"text":"CINTILLO","link":"https:\/\/www.grieta.org.mx\/index.php\/category\/cintillo\/"},"img":{"alt_text":"","src":"https:\/\/i0.wp.com\/www.grieta.org.mx\/wp-content\/uploads\/2018\/03\/14524434_1106112876131411_958039263622046936_o.jpg?resize=350%2C200&ssl=1","width":350,"height":200,"srcset":"https:\/\/i0.wp.com\/www.grieta.org.mx\/wp-content\/uploads\/2018\/03\/14524434_1106112876131411_958039263622046936_o.jpg?resize=350%2C200&ssl=1 1x, https:\/\/i0.wp.com\/www.grieta.org.mx\/wp-content\/uploads\/2018\/03\/14524434_1106112876131411_958039263622046936_o.jpg?resize=525%2C300&ssl=1 1.5x, https:\/\/i0.wp.com\/www.grieta.org.mx\/wp-content\/uploads\/2018\/03\/14524434_1106112876131411_958039263622046936_o.jpg?resize=700%2C400&ssl=1 2x"},"classes":[]}],"_links":{"self":[{"href":"https:\/\/www.grieta.org.mx\/index.php\/wp-json\/wp\/v2\/posts\/5896","targetHints":{"allow":["GET"]}}],"collection":[{"href":"https:\/\/www.grieta.org.mx\/index.php\/wp-json\/wp\/v2\/posts"}],"about":[{"href":"https:\/\/www.grieta.org.mx\/index.php\/wp-json\/wp\/v2\/types\/post"}],"author":[{"embeddable":true,"href":"https:\/\/www.grieta.org.mx\/index.php\/wp-json\/wp\/v2\/users\/2"}],"replies":[{"embeddable":true,"href":"https:\/\/www.grieta.org.mx\/index.php\/wp-json\/wp\/v2\/comments?post=5896"}],"version-history":[{"count":1,"href":"https:\/\/www.grieta.org.mx\/index.php\/wp-json\/wp\/v2\/posts\/5896\/revisions"}],"predecessor-version":[{"id":5898,"href":"https:\/\/www.grieta.org.mx\/index.php\/wp-json\/wp\/v2\/posts\/5896\/revisions\/5898"}],"wp:featuredmedia":[{"embeddable":true,"href":"https:\/\/www.grieta.org.mx\/index.php\/wp-json\/wp\/v2\/media\/21928"}],"wp:attachment":[{"href":"https:\/\/www.grieta.org.mx\/index.php\/wp-json\/wp\/v2\/media?parent=5896"}],"wp:term":[{"taxonomy":"category","embeddable":true,"href":"https:\/\/www.grieta.org.mx\/index.php\/wp-json\/wp\/v2\/categories?post=5896"},{"taxonomy":"post_tag","embeddable":true,"href":"https:\/\/www.grieta.org.mx\/index.php\/wp-json\/wp\/v2\/tags?post=5896"}],"curies":[{"name":"wp","href":"https:\/\/api.w.org\/{rel}","templated":true}]}}