{"id":58959,"date":"2021-04-21T09:38:35","date_gmt":"2021-04-21T14:38:35","guid":{"rendered":"https:\/\/www.grieta.org.mx\/?p=58959"},"modified":"2021-04-25T09:48:37","modified_gmt":"2021-04-25T14:48:37","slug":"guardia-nacional-ofrece-un-millon-de-pesos-a-familia-de-victimas-para-frenar-investigacion-tamaulipas","status":"publish","type":"post","link":"https:\/\/www.grieta.org.mx\/index.php\/2021\/04\/21\/guardia-nacional-ofrece-un-millon-de-pesos-a-familia-de-victimas-para-frenar-investigacion-tamaulipas\/","title":{"rendered":"Guardia Nacional ofrece un mill\u00f3n de pesos a familia de v\u00edctimas para frenar investigaci\u00f3n (Tamaulipas)"},"content":{"rendered":"<p>Alberto Padilla\/Animal Pol\u00edtico<br \/>\n21 abril 2021<\/p>\n<blockquote><p>En algunos casos recientes de civiles muertos a manos del Ej\u00e9rcito, la familia de la v\u00edctima es visitada por un integrante de Sedena o de la Guardia Nacional que le ofrece una cuantiosa indemnizaci\u00f3n.<\/p><\/blockquote>\n<p>Jorge Alberto Rivera Cardoza, de 42 a\u00f1os, muri\u00f3 por disparos de la Guardia Nacional el pasado 8 de abril en Nuevo Laredo, Tamaulipas. Manejaba su veh\u00edculo muy cerca del puente internacional cuando recibi\u00f3 un balazo en la cabeza desde una patrulla que estaba en medio de una persecuci\u00f3n. En el mismo hecho perdi\u00f3 la vida otra mujer, Martha Leticia Salinas Arriaga, que ven\u00eda caminando cuando qued\u00f3 atrapada por el coche de la primera v\u00edctima al chocar con otro. Los familiares de ambos recibieron una oferta por parte del cuerpo militar: si firmaban un convenio por el que renunciaban a que la Fiscal\u00eda General de la Rep\u00fablica (FGR) siguiera adelante con la investigaci\u00f3n recibir\u00edan una compensaci\u00f3n de un mill\u00f3n de pesos. <\/p>\n<p>Este procedimiento se ha repetido en los \u00faltimos casos de civiles muertos a manos del Ej\u00e9rcito, como los dos asesinados en Nuevo Laredo en febrero y marzooel guatemalteco tiroteado en Chiapas a finales del mes pasado. El sistema es el siguiente: la familia de la v\u00edctima recibe la visita de un integrante de la Secretar\u00eda de la Defensa (Sedena) o de la Guardia Nacional que le ofrece una cuantiosa indemnizaci\u00f3n. A cambio, la familia debe firmar un documento en el que renuncia a seguir el procedimiento en contra de los oficiales. <\/p>\n<p>En este caso la oferta fue de un mill\u00f3n de pesos aproximadamente, m\u00e1s los gastos funerarios y una partida extra para apoyo psicol\u00f3gico. <\/p>\n<p>\u201cMe ofrecieron un mill\u00f3n para no poner denuncia\u201d, dice Viridiana Promotor, de 35 a\u00f1os, viuda de Rivera Cardoza, con quien compart\u00eda dos hijos: Jorge Alberto, de 9 a\u00f1os, e Ilze Regina, de 6. <\/p>\n<p>Cuenta la mujer que tardaron tres d\u00edas en entregarle el cuerpo de su esposo. Que el primero de ellos, cuando estaba en el Servicio M\u00e9dico Forense (Semefo), apareci\u00f3 una persona uniformada que se identific\u00f3 como miembro de la Guardia Nacional y otras tres que dijeron ser de la Comisi\u00f3n Ejecutiva de Atenci\u00f3n a V\u00edctimas (CEAV). Dice que mantuvo varias reuniones y que termin\u00f3 por firmar los documentos. <\/p>\n<p>Promotor asegura que no sabe ni qu\u00e9 firm\u00f3 durante aquellos d\u00edas, que estaba confundida. \u201cMe dieron a entender que si les denunciaba yo iba a pisar la c\u00e1rcel por denunciarles\u201d, afirma. \u201cEn otro papel dec\u00eda que no iba a proceder. Pero yo no tra\u00eda cabeza. Y yo hice lo que ellos me dijeron que hiciera, porque pensaba que ten\u00eda que hacerlo para que me entregasen el cuerpo\u201d, dice.<\/p>\n<p>En un principio ambas familias suscribieron el convenio con las autoridades. Sin embargo, Promotor dice que se arrepinti\u00f3 despu\u00e9s de enterrar a su esposo en el Pante\u00f3n de Los \u00c1ngeles, ah\u00ed mismo en Nuevo Laredo. Le hab\u00edan citado para recibir el cheque en las oficinas de la FGR, pero decidi\u00f3 no acudir. \u201cQuiero que se haga justicia, que paguen los que lo hicieron\u201d, afirma.<\/p>\n<p>Animal Pol\u00edtico consult\u00f3 a la Guardia Nacional sobre el protocolo en casos en los que sus agentes provocan v\u00edctimas civiles y por qu\u00e9 se ofreci\u00f3 este dinero a los familiares, pero al cierre de la edici\u00f3n no hab\u00eda recibido respuesta. <\/p>\n<p>Fuentes extraoficiales conocedoras del procedimiento negaron que hubiese presiones para firmar el documento. Seg\u00fan estas fuentes, el proceso es el siguiente: en un primer momento son los funcionarios de la CEAV los que explican a la familia todas las opciones. La disyuntiva est\u00e1 entre aceptar la indemnizaci\u00f3n inmediata o seguir con la investigaci\u00f3n, un proceso largo y desgastante. En caso de que acepten la oferta de los militares, estos aparecen para concretar los detalles. En el acuerdo tambi\u00e9n participa el facilitador de la FGR. Al final, los que firman son los familiares de las v\u00edctimas, la Fiscal\u00eda y el cuerpo militar responsable. En este caso, sin embargo, la FGR solo intervino en el acuerdo con la familia de la mujer, de Salinas Arriaga. Con los allegados de Rivera Cardoza el pacto lo suscribi\u00f3 \u00fanicamente la Guardia Nacional. <\/p>\n<p>No sabemos cu\u00e1ntos casos se han resuelto de este modo, ni cu\u00e1nto dinero ha desembolsado Sedena o la Guardia Nacional o cu\u00e1ntos agentes han eludido una investigaci\u00f3n.  <\/p>\n<p>\u201cLa ley dice que tienen derecho a la verdad, la justicia y la reparaci\u00f3n. Nunca vi un caso as\u00ed. No se deber\u00eda permitir que fuese as\u00ed\u201d, asegura Michael Chamberlin, exdirector de Vinculaci\u00f3n y Reparaciones Colectivas de la Ceav. \u201cEn mi experiencia se tienen discusiones con Marina y Ej\u00e9rcito sobre a qui\u00e9n le toca pagar, pero nunca a cambio de no seguir una investigaci\u00f3n\u201d, asegura.<\/p>\n<p>\u201cNo andaba en nada malo\u201d<br \/>\n\u201cEn vez de ayudar nos est\u00e1n matando a nuestros familiares, que son personas inocentes. Mi esposo no andaba metido en nada malo\u201d, dice Promotor. En el momento en el que su esposo fue asesinado apareci\u00f3 junto a su veh\u00edculo una bolsa con radios, algo de droga y un arma. Testigos del suceso aparecieron en diversos videos denunciando que la Guardia Nacional los hab\u00eda sembrado. Estos mismos pobladores confrontaron a los agentes que se encontraban en el lugar y realizaron protestas contra la impunidad de los uniformados. La FGR nunca dijo qu\u00e9 hac\u00eda el arma y la droga ah\u00ed en el suelo. <\/p>\n<p>En esto tambi\u00e9n el caso se parece a otros anteriores ocurridos en Nuevo Laredo. A Javier, de 26 a\u00f1os y asesinado por militares en febrero, los uniformados tambi\u00e9n le acusaron de estar armado. Jacob, de 20, muri\u00f3 tiroteado cuando acompa\u00f1aba a su esposa a hacerse una ecograf\u00eda. Los soldados hablaron de una agresi\u00f3n previa. A Elvin Mazariegos, el guatemalteco de 30 a\u00f1os que fue tiroteado a unos kil\u00f3metros de la frontera en Chiapas, tambi\u00e9n quisieron acusarlo de sacar un arma. Hasta que el propio secretario de la Defensa, Luis Crescencio Sandoval, reconoci\u00f3 que hab\u00eda sido un error de un soldado. <\/p>\n<p>En este caso, la mujer de Rivera Cardoza se pregunta que por qu\u00e9 iban a querer indemnizarle si su esposo ten\u00eda culpa de algo. As\u00ed que decidi\u00f3 seguir adelante por la v\u00eda judicial a pesar de lo que hab\u00eda firmado. Puso el caso en manos del Comit\u00e9 de Derechos Humanos de Nuevo Laredo y conf\u00eda en que se presenten pruebas que sirvan para saber qu\u00e9 agente dispar\u00f3 y por qu\u00e9.<\/p>\n<p>Aunque ahora su gran preocupaci\u00f3n es saber c\u00f3mo saldr\u00e1 adelante. Rivera Cardoza trabajaba en una oficina de tramitaci\u00f3n aduanera muy cerca del lugar en el que lo mataron y \u00e9l era el que llevaba el dinero a la casa. Por el momento recibe ayuda de la familia de su esposo. \u201cTengo que poner en orden todo, pensar en qu\u00e9 hacer y c\u00f3mo hacerle\u201d, dice. Por ahora sus hijos est\u00e1n con las clases en l\u00ednea, pero ella tendr\u00e1 que empezar a trabajar y no quiere dejarlos solos. \u201cTengo que buscar la manera de c\u00f3mo sobrevivir\u201d, dice.<\/p>\n<p>Luego tocar\u00e1 hacer frente al luto. El suyo y el de sus hijos. \u201cMe tiene afectada en la cuesti\u00f3n de por qu\u00e9. C\u00f3mo, si \u00e9l no andaba en cosa mala. No hay explicaci\u00f3n, no puedo dar una respuesta\u201d, dice. <\/p>\n<p>Nuevo Laredo lleva a\u00f1os marcado por la violencia, tanto del crimen organizado (este es el feudo del Cartel del Noreste, una escisi\u00f3n de Los Zetas) como de las fuerzas estatales. <\/p>\n<p>La semana pasada, 30 marinos fueron vinculados a proceso por la desaparici\u00f3n forzosa de cuatro personas en 2018. La Unidad de Operaciones Especiales de la Semar est\u00e1 en el punto de mira de 34 carpetas de investigaci\u00f3n abiertas por la FGR por 47 casos de desaparici\u00f3n, de los que al menos 12 aparecieron muertos. <\/p>\n<p>Con la marcha de la Marina del municipio fronterizo a mediados de 2019 no ces\u00f3 la violencia. En los \u00faltimos dos a\u00f1os el Comit\u00e9 de Derechos Humanos de Nuevo Laredo tiene documentadas al menos nueve ejecuciones extrajudiciales por parte del ej\u00e9rcito. Estas son las primeras v\u00edctimas que se atribuyen a la Guardia Nacional. <\/p>\n<p><a href=\"https:\/\/www.animalpolitico.com\/2021\/04\/guardia-nacional-ofrece-millon-pesos-familia-victima\/\" rel=\"noopener\" target=\"_blank\">https:\/\/www.animalpolitico.com\/2021\/04\/guardia-nacional-ofrece-millon-pesos-familia-victima\/<\/a><\/p>\n","protected":false},"excerpt":{"rendered":"<p>Alberto Padilla\/Animal Pol\u00edtico 21 abril 2021 En algunos casos recientes de civiles muertos a manos del Ej\u00e9rcito, la familia de la v\u00edctima es visitada por un integrante de Sedena o &hellip; <a href=\"https:\/\/www.grieta.org.mx\/index.php\/2021\/04\/21\/guardia-nacional-ofrece-un-millon-de-pesos-a-familia-de-victimas-para-frenar-investigacion-tamaulipas\/\" class=\"more-link\">Leer m\u00e1s<\/a><\/p>\n","protected":false},"author":2,"featured_media":58961,"comment_status":"closed","ping_status":"closed","sticky":false,"template":"","format":"standard","meta":{"ngg_post_thumbnail":0,"_jetpack_newsletter_access":"","_jetpack_dont_email_post_to_subs":false,"_jetpack_newsletter_tier_id":0,"_jetpack_memberships_contains_paywalled_content":false,"_jetpack_memberships_contains_paid_content":false,"footnotes":""},"categories":[80,912,2009,2,33,83],"tags":[2696,2654,2974,855,3479,3759,2295],"class_list":["post-58959","post","type-post","status-publish","format-standard","has-post-thumbnail","hentry","category-cintillo","category-militarizacion","category-militarizacion-en-tamaulipas","category-noticias-nacionales","category-tamaulipas","category-temas-nacionales","tag-abusos-de-la-guardia-nacional","tag-abusos-de-militares-contra-poblacion-civil","tag-aumento-de-la-militarizacion","tag-ejecuciones-extrajudiciales","tag-ejercito","tag-extorsion","tag-guardia-nacional","entry"],"jetpack_featured_media_url":"https:\/\/www.grieta.org.mx\/wp-content\/uploads\/2021\/04\/victima.jpg","jetpack_sharing_enabled":true,"jetpack_shortlink":"https:\/\/wp.me\/p7ZJR4-fkX","jetpack_likes_enabled":false,"jetpack-related-posts":[{"id":39526,"url":"https:\/\/www.grieta.org.mx\/index.php\/2019\/09\/26\/crece-militarizacion-en-tamaulipas\/","url_meta":{"origin":58959,"position":0},"title":"Crece militarizaci\u00f3n en Tamaulipas","author":"grieta","date":"26 septiembre, 2019","format":false,"excerpt":"Colectivo Grieta Seg\u00fan notas recientes, hay 8000 elementos de las fuerzas federales desplegados en el territorio de Tamaulipas. De estos, 1,500 son miembros de la Guardia Nacional. Sin embargo, tambi\u00e9n hay efectivos del Ej\u00e9rcito Mexicano, la Secretar\u00eda de Marina y la Polic\u00eda Federal. El argumento para este grado de militarizaci\u00f3n\u2026","rel":"","context":"En &quot;CINTILLO&quot;","block_context":{"text":"CINTILLO","link":"https:\/\/www.grieta.org.mx\/index.php\/category\/cintillo\/"},"img":{"alt_text":"","src":"https:\/\/i0.wp.com\/www.grieta.org.mx\/wp-content\/uploads\/2019\/09\/c1.1-6rluxlml1sjkzkbm9xqocbjvo9e00xe1ls1hmti2m5s.jpg?resize=350%2C200&ssl=1","width":350,"height":200,"srcset":"https:\/\/i0.wp.com\/www.grieta.org.mx\/wp-content\/uploads\/2019\/09\/c1.1-6rluxlml1sjkzkbm9xqocbjvo9e00xe1ls1hmti2m5s.jpg?resize=350%2C200&ssl=1 1x, https:\/\/i0.wp.com\/www.grieta.org.mx\/wp-content\/uploads\/2019\/09\/c1.1-6rluxlml1sjkzkbm9xqocbjvo9e00xe1ls1hmti2m5s.jpg?resize=525%2C300&ssl=1 1.5x, https:\/\/i0.wp.com\/www.grieta.org.mx\/wp-content\/uploads\/2019\/09\/c1.1-6rluxlml1sjkzkbm9xqocbjvo9e00xe1ls1hmti2m5s.jpg?resize=700%2C400&ssl=1 2x, https:\/\/i0.wp.com\/www.grieta.org.mx\/wp-content\/uploads\/2019\/09\/c1.1-6rluxlml1sjkzkbm9xqocbjvo9e00xe1ls1hmti2m5s.jpg?resize=1050%2C600&ssl=1 3x"},"classes":[]},{"id":35922,"url":"https:\/\/www.grieta.org.mx\/index.php\/2019\/06\/28\/llega-guardia-nacional-a-reynosa-tamaulipas\/","url_meta":{"origin":58959,"position":1},"title":"Llega Guardia Nacional a Reynosa (Tamaulipas)","author":"grieta","date":"28 junio, 2019","format":false,"excerpt":"Fotograf\u00eda: Publimetro Posta No han presentado informaci\u00f3n oficial sobre el n\u00famero de elementos desplegados en la ciudad fronteriza TAMAULIPAS.- Elementos de la Guardia Nacional (GN) realizan ya patrullajes en las inmediaciones del Puente Internacional Reynosa Hidalgo. Con uniforme militar, los elementos portan en su brazo la insignia que los identifica\u2026","rel":"","context":"En &quot;CINTILLO&quot;","block_context":{"text":"CINTILLO","link":"https:\/\/www.grieta.org.mx\/index.php\/category\/cintillo\/"},"img":{"alt_text":"","src":"https:\/\/i0.wp.com\/www.grieta.org.mx\/wp-content\/uploads\/2019\/07\/Llega-Guardia-Nacional-a-Reynosa-tama-jul.jpg?resize=350%2C200&ssl=1","width":350,"height":200,"srcset":"https:\/\/i0.wp.com\/www.grieta.org.mx\/wp-content\/uploads\/2019\/07\/Llega-Guardia-Nacional-a-Reynosa-tama-jul.jpg?resize=350%2C200&ssl=1 1x, https:\/\/i0.wp.com\/www.grieta.org.mx\/wp-content\/uploads\/2019\/07\/Llega-Guardia-Nacional-a-Reynosa-tama-jul.jpg?resize=525%2C300&ssl=1 1.5x"},"classes":[]},{"id":48964,"url":"https:\/\/www.grieta.org.mx\/index.php\/2020\/04\/17\/guardia-nacional-vigila-hospitales-del-imss-en-la-frontera-de-tamaulipas\/","url_meta":{"origin":58959,"position":2},"title":"Guardia Nacional vigila hospitales del IMSS en la frontera de Tamaulipas","author":"grieta","date":"17 abril, 2020","format":false,"excerpt":"Carlos Ju\u00e1rez\/El Heraldo de M\u00e9xico 17 abril 2020 Son decenas de elementos que est\u00e1n en los diferentes accesos de los nosocomios, teniendo como finalidad cuidar los accesos a los sitios Elementos de la Guardia Nacional fueron desplegados en dos hospitales del Instituto Mexicano del Seguro Social (IMSS), en las ciudades\u2026","rel":"","context":"En &quot;CINTILLO&quot;","block_context":{"text":"CINTILLO","link":"https:\/\/www.grieta.org.mx\/index.php\/category\/cintillo\/"},"img":{"alt_text":"","src":"https:\/\/i0.wp.com\/www.grieta.org.mx\/wp-content\/uploads\/2020\/05\/guardia-nacional-resguardo-clinicas-pandemia-contingencia-sanitaria.jpg?resize=350%2C200&ssl=1","width":350,"height":200,"srcset":"https:\/\/i0.wp.com\/www.grieta.org.mx\/wp-content\/uploads\/2020\/05\/guardia-nacional-resguardo-clinicas-pandemia-contingencia-sanitaria.jpg?resize=350%2C200&ssl=1 1x, https:\/\/i0.wp.com\/www.grieta.org.mx\/wp-content\/uploads\/2020\/05\/guardia-nacional-resguardo-clinicas-pandemia-contingencia-sanitaria.jpg?resize=525%2C300&ssl=1 1.5x, https:\/\/i0.wp.com\/www.grieta.org.mx\/wp-content\/uploads\/2020\/05\/guardia-nacional-resguardo-clinicas-pandemia-contingencia-sanitaria.jpg?resize=700%2C400&ssl=1 2x, https:\/\/i0.wp.com\/www.grieta.org.mx\/wp-content\/uploads\/2020\/05\/guardia-nacional-resguardo-clinicas-pandemia-contingencia-sanitaria.jpg?resize=1050%2C600&ssl=1 3x"},"classes":[]},{"id":32900,"url":"https:\/\/www.grieta.org.mx\/index.php\/2019\/04\/27\/la-guardia-nacional-demorara-4-o-5-meses-en-llegar-a-tamaulipas\/","url_meta":{"origin":58959,"position":3},"title":"La Guardia Nacional demorar\u00e1 4 o 5 meses en llegar a Tamaulipas","author":"grieta","date":"27 abril, 2019","format":false,"excerpt":"Lupita \u00c1lvarez \/ Gaceta Cd. Victoria, Tamaulipas.- La Guardia Nacional, que inici\u00f3 operaciones este viernes en Minatitl\u00e1n, Veracruz, tardar\u00e1 entre cuatro a cinco meses para que empiece a operar en Tamaulipas, inform\u00f3 Eliseo Castillo Tejeda El delegado de la Secretar\u00eda de Gobernaci\u00f3n (Segob) en Tamaulipas se\u00f1al\u00f3 que de acuerdo con\u2026","rel":"","context":"En &quot;CINTILLO&quot;","block_context":{"text":"CINTILLO","link":"https:\/\/www.grieta.org.mx\/index.php\/category\/cintillo\/"},"img":{"alt_text":"","src":"https:\/\/i0.wp.com\/www.grieta.org.mx\/wp-content\/uploads\/2019\/05\/La-Guardia-Nacional-demorar%C3%A1-4-o-5-meses-en-llegar-a-Tamaulipas-may.jpg?resize=350%2C200","width":350,"height":200},"classes":[]},{"id":70187,"url":"https:\/\/www.grieta.org.mx\/index.php\/2024\/10\/20\/ejercito-y-guardia-nacional-matan-a-una-nina-una-enfermera-y-un-joven-en-nuevo-laredo-denuncian-osc-y-familias\/","url_meta":{"origin":58959,"position":4},"title":"Ej\u00e9rcito y Guardia Nacional matan a una ni\u00f1a, una enfermera y un joven en Nuevo Laredo, denuncian OSC y familias","author":"grieta","date":"20 octubre, 2024","format":false,"excerpt":"Redacci\u00f3n\/Animal Pol\u00edtico 14 octubre 2024 Ej\u00e9rcito y Guardia Nacional matan a una ni\u00f1a, una enfermera y un joven en Nuevo Laredo, denuncian OSC y familias Este fin de semana tres personas fueron asesinadas por militares y elementos de la Guardia Nacional en Nuevo Laredo, Tamaulipas, mientras persegu\u00edan a presuntos delincuentes.\u2026","rel":"","context":"En &quot;CINTILLO&quot;","block_context":{"text":"CINTILLO","link":"https:\/\/www.grieta.org.mx\/index.php\/category\/cintillo\/"},"img":{"alt_text":"","src":"https:\/\/i0.wp.com\/www.grieta.org.mx\/wp-content\/uploads\/2024\/10\/militares-nuevo-laredo-1.jpg?resize=350%2C200&ssl=1","width":350,"height":200,"srcset":"https:\/\/i0.wp.com\/www.grieta.org.mx\/wp-content\/uploads\/2024\/10\/militares-nuevo-laredo-1.jpg?resize=350%2C200&ssl=1 1x, https:\/\/i0.wp.com\/www.grieta.org.mx\/wp-content\/uploads\/2024\/10\/militares-nuevo-laredo-1.jpg?resize=525%2C300&ssl=1 1.5x, https:\/\/i0.wp.com\/www.grieta.org.mx\/wp-content\/uploads\/2024\/10\/militares-nuevo-laredo-1.jpg?resize=700%2C400&ssl=1 2x, https:\/\/i0.wp.com\/www.grieta.org.mx\/wp-content\/uploads\/2024\/10\/militares-nuevo-laredo-1.jpg?resize=1050%2C600&ssl=1 3x"},"classes":[]},{"id":35880,"url":"https:\/\/www.grieta.org.mx\/index.php\/2019\/06\/26\/revisan-sus-documentos-a-migrantes-tamaulipas\/","url_meta":{"origin":58959,"position":5},"title":"Revisan sus documentos a migrantes (Tamaulipas)","author":"grieta","date":"26 junio, 2019","format":false,"excerpt":"APOYO. Personal del INM fue acompa\u00f1ado por elementos de la Guardia Nacional. Fotograf\u00eda: El Ma\u00f1ana Miguel Jim\u00e9nez \/ El Ma\u00f1ana Matamoros, Tam.- Personal del Instituto Nacional de Migraci\u00f3n, acompa\u00f1ados de elementos de la Guardia Nacional, encabezaron la revisi\u00f3n de los documentos a migrantes con la finalidad de corroborar su estancia\u2026","rel":"","context":"En &quot;CINTILLO&quot;","block_context":{"text":"CINTILLO","link":"https:\/\/www.grieta.org.mx\/index.php\/category\/cintillo\/"},"img":{"alt_text":"","src":"https:\/\/i0.wp.com\/www.grieta.org.mx\/wp-content\/uploads\/2019\/07\/Revisan-sus-documentos-a-migrantes-tama-jul.jpg?resize=350%2C200&ssl=1","width":350,"height":200,"srcset":"https:\/\/i0.wp.com\/www.grieta.org.mx\/wp-content\/uploads\/2019\/07\/Revisan-sus-documentos-a-migrantes-tama-jul.jpg?resize=350%2C200&ssl=1 1x, https:\/\/i0.wp.com\/www.grieta.org.mx\/wp-content\/uploads\/2019\/07\/Revisan-sus-documentos-a-migrantes-tama-jul.jpg?resize=525%2C300&ssl=1 1.5x"},"classes":[]}],"_links":{"self":[{"href":"https:\/\/www.grieta.org.mx\/index.php\/wp-json\/wp\/v2\/posts\/58959","targetHints":{"allow":["GET"]}}],"collection":[{"href":"https:\/\/www.grieta.org.mx\/index.php\/wp-json\/wp\/v2\/posts"}],"about":[{"href":"https:\/\/www.grieta.org.mx\/index.php\/wp-json\/wp\/v2\/types\/post"}],"author":[{"embeddable":true,"href":"https:\/\/www.grieta.org.mx\/index.php\/wp-json\/wp\/v2\/users\/2"}],"replies":[{"embeddable":true,"href":"https:\/\/www.grieta.org.mx\/index.php\/wp-json\/wp\/v2\/comments?post=58959"}],"version-history":[{"count":1,"href":"https:\/\/www.grieta.org.mx\/index.php\/wp-json\/wp\/v2\/posts\/58959\/revisions"}],"predecessor-version":[{"id":58962,"href":"https:\/\/www.grieta.org.mx\/index.php\/wp-json\/wp\/v2\/posts\/58959\/revisions\/58962"}],"wp:featuredmedia":[{"embeddable":true,"href":"https:\/\/www.grieta.org.mx\/index.php\/wp-json\/wp\/v2\/media\/58961"}],"wp:attachment":[{"href":"https:\/\/www.grieta.org.mx\/index.php\/wp-json\/wp\/v2\/media?parent=58959"}],"wp:term":[{"taxonomy":"category","embeddable":true,"href":"https:\/\/www.grieta.org.mx\/index.php\/wp-json\/wp\/v2\/categories?post=58959"},{"taxonomy":"post_tag","embeddable":true,"href":"https:\/\/www.grieta.org.mx\/index.php\/wp-json\/wp\/v2\/tags?post=58959"}],"curies":[{"name":"wp","href":"https:\/\/api.w.org\/{rel}","templated":true}]}}