{"id":58903,"date":"2021-04-19T00:53:44","date_gmt":"2021-04-19T05:53:44","guid":{"rendered":"https:\/\/www.grieta.org.mx\/?p=58903"},"modified":"2021-04-22T00:58:51","modified_gmt":"2021-04-22T05:58:51","slug":"vecinos-de-azcapotzalco-protestan-contra-construccion-de-mega-obras-ciudad-de-mexico","status":"publish","type":"post","link":"https:\/\/www.grieta.org.mx\/index.php\/2021\/04\/19\/vecinos-de-azcapotzalco-protestan-contra-construccion-de-mega-obras-ciudad-de-mexico\/","title":{"rendered":"Vecinos de Azcapotzalco protestan contra construcci\u00f3n de mega obras (Ciudad de M\u00e9xico)"},"content":{"rendered":"<p>Ram\u00f3n Ram\u00edrez \/ Milenio<\/p>\n<p>Foto tomada de: Milenio<\/p>\n<p><strong>Acusan que la alcald\u00eda ha realizado cambios de uso de suelo con el objetivo de permitir la construcci\u00f3n de obras que salen del n\u00famero de pisos.\u00a0<\/strong><\/p>\n<p>Vecinos de varias colonias en la alcald\u00eda Azcapotzalco bloquean la vialidad del Eje 3 norte Cuitl\u00e1huac exigiendo que se detengan los cambios de uso de suelo y las construcciones de m\u00e1s altura de la permitida en la zona.<\/p>\n<p>Acusan que la alcald\u00eda ha realizado cambios de uso de suelo con el objetivo de permitir la construcci\u00f3n de obras que salen de la categor\u00eda de unifamiliar para convertirlas en multifamiliar.<\/p>\n<p>Los vecinos refieren contar con documentos firmados por el alcalde Vidal Llerenas, quien aseguran, se comprometi\u00f3 en no permitir la construcci\u00f3n de mega obras en la demarcaci\u00f3n.<\/p>\n<p>En lo que va del a\u00f1o, la alcald\u00eda ha registrado la aparici\u00f3n de decenas de socavones por lo que los vecinos refieren que es urgente detener la construcci\u00f3n de obras como la que ocurre en Cuitl\u00e1huac 3405, donde se pretende construir un edificio habitacional de 11 niveles.<\/p>\n<p>Polic\u00edas de tr\u00e1nsito realizan los cortes viales a la altura de la Glorieta de Camarones hacia el oriente y a la altura de Nueces hacia el oriente para impedir que alg\u00fan automovilista ingrese hasta el punto del cierre vial.<\/p>\n<p><a href=\"https:\/\/www.milenio.com\/politica\/comunidad\/cdmx-habitantes-azcapotzalco-protestan-mega-obras\" target=\"_blank\" rel=\"noopener\">https:\/\/www.milenio.com\/politica\/comunidad\/cdmx-habitantes-azcapotzalco-protestan-mega-obras<\/a><\/p>\n","protected":false},"excerpt":{"rendered":"<p>Ram\u00f3n Ram\u00edrez \/ Milenio Foto tomada de: Milenio Acusan que la alcald\u00eda ha realizado cambios de uso de suelo con el objetivo de permitir la construcci\u00f3n de obras que salen &hellip; <a href=\"https:\/\/www.grieta.org.mx\/index.php\/2021\/04\/19\/vecinos-de-azcapotzalco-protestan-contra-construccion-de-mega-obras-ciudad-de-mexico\/\" class=\"more-link\">Leer m\u00e1s<\/a><\/p>\n","protected":false},"author":2,"featured_media":58904,"comment_status":"closed","ping_status":"closed","sticky":false,"template":"","format":"standard","meta":{"ngg_post_thumbnail":0,"_jetpack_newsletter_access":"","_jetpack_dont_email_post_to_subs":false,"_jetpack_newsletter_tier_id":0,"_jetpack_memberships_contains_paywalled_content":false,"_jetpack_memberships_contains_paid_content":false,"footnotes":""},"categories":[80,14,1044,2065,2],"tags":[1210],"class_list":["post-58903","post","type-post","status-publish","format-standard","has-post-thumbnail","hentry","category-cintillo","category-ciudad-de-mexico","category-desarrollos-inmobiliarios-en-la-ciudad-de-mexico","category-movilizaciones-y-protestas-de-habitantes-de-la-ciudad-de-mexico","category-noticias-nacionales","tag-conflictos-por-desarrollos-inmobiliarios","entry"],"jetpack_featured_media_url":"https:\/\/www.grieta.org.mx\/wp-content\/uploads\/2021\/04\/Vecinos-de-Azcapotzalco-protestan-contra-construccion-de-mega-obras-cdmx-abr.jpg","jetpack_sharing_enabled":true,"jetpack_shortlink":"https:\/\/wp.me\/p7ZJR4-fk3","jetpack_likes_enabled":false,"jetpack-related-posts":[{"id":55767,"url":"https:\/\/www.grieta.org.mx\/index.php\/2020\/12\/08\/depredadores-inmobiliarios-aprovechan-la-pandemia-ciudad-de-mexico\/","url_meta":{"origin":58903,"position":0},"title":"DEPREDADORES INMOBILIARIOS APROVECHAN LA PANDEMIA (Ciudad de M\u00e9xico)","author":"grieta","date":"8 diciembre, 2020","format":false,"excerpt":"Imagen: Reporte \u00cdndigo David Mart\u00ednez \/ Reporte \u00cdndigo Desarrolladores inmobiliarios aprovechan la pandemia por COVID-19 para construir sin permisos en la Ciudad de M\u00e9xico ante la omisi\u00f3n de las autoridades, lo que pone en riesgo el patrimonio de los capitalinos La pandemia es aprovechada por desarrolladores inmobiliarios en la Ciudad\u2026","rel":"","context":"En &quot;CINTILLO&quot;","block_context":{"text":"CINTILLO","link":"https:\/\/www.grieta.org.mx\/index.php\/category\/cintillo\/"},"img":{"alt_text":"","src":"https:\/\/i0.wp.com\/www.grieta.org.mx\/wp-content\/uploads\/2020\/12\/DEPREDADORES-INMOBILIARIOS-APROVECHAN-LA-PANDEMIA-cdmx-dic.jpg?resize=350%2C200","width":350,"height":200},"classes":[]},{"id":33960,"url":"https:\/\/www.grieta.org.mx\/index.php\/2019\/05\/17\/exigen-vecinos-parar-construccion-de-torres-de-condominios-sinaloa\/","url_meta":{"origin":58903,"position":1},"title":"Exigen vecinos parar construcci\u00f3n de torres de condominios (Sinaloa)","author":"grieta","date":"17 mayo, 2019","format":false,"excerpt":"Vecinos de ocho fraccionamientos acusan que se est\u00e1n violentando los reglamentos de uso de suelo Marimar Toledo \/ El Sol de Sinaloa Mazatl\u00e1n,\u00a0Sinaloa.- Habitantes de ocho\u00a0fraccionamientos de Mazatl\u00e1n\u00a0firmaron un convenio de unidad para evitar social y legalmente la construcci\u00f3n de edificios de departamentos. Los vecinos del fraccionamiento S\u00e1balo Country, Gaviotas,\u2026","rel":"","context":"En &quot;CINTILLO&quot;","block_context":{"text":"CINTILLO","link":"https:\/\/www.grieta.org.mx\/index.php\/category\/cintillo\/"},"img":{"alt_text":"","src":"https:\/\/i0.wp.com\/www.grieta.org.mx\/wp-content\/uploads\/2019\/05\/gavi1-262982.jpg?resize=350%2C200&ssl=1","width":350,"height":200,"srcset":"https:\/\/i0.wp.com\/www.grieta.org.mx\/wp-content\/uploads\/2019\/05\/gavi1-262982.jpg?resize=350%2C200&ssl=1 1x, https:\/\/i0.wp.com\/www.grieta.org.mx\/wp-content\/uploads\/2019\/05\/gavi1-262982.jpg?resize=525%2C300&ssl=1 1.5x, https:\/\/i0.wp.com\/www.grieta.org.mx\/wp-content\/uploads\/2019\/05\/gavi1-262982.jpg?resize=700%2C400&ssl=1 2x, https:\/\/i0.wp.com\/www.grieta.org.mx\/wp-content\/uploads\/2019\/05\/gavi1-262982.jpg?resize=1050%2C600&ssl=1 3x, https:\/\/i0.wp.com\/www.grieta.org.mx\/wp-content\/uploads\/2019\/05\/gavi1-262982.jpg?resize=1400%2C800&ssl=1 4x"},"classes":[]},{"id":35862,"url":"https:\/\/www.grieta.org.mx\/index.php\/2019\/07\/02\/alcaldia-de-xochimilco-solapa-plaza-ilegal-denuncian-vecinos-cdmx\/","url_meta":{"origin":58903,"position":2},"title":"Alcald\u00eda de Xochimilco solapa plaza ilegal, denuncian vecinos (CDMX)","author":"grieta","date":"2 julio, 2019","format":false,"excerpt":"Sin los permisos necesarios y con anuencia de las autoridades locales, la plaza Terrazas Arena opera en Santa Mar\u00eda Tepepan, Xochimilco. La alcald\u00eda busca revocar un amparo que los pobladores consiguieron para que la construcci\u00f3n presente los documentos correspondientes Texto y fotograf\u00edas: Arturo Contreras Camero\/ PIE DE P\u00c1GINA La tarde\u2026","rel":"","context":"En &quot;CINTILLO&quot;","block_context":{"text":"CINTILLO","link":"https:\/\/www.grieta.org.mx\/index.php\/category\/cintillo\/"},"img":{"alt_text":"","src":"https:\/\/i0.wp.com\/www.grieta.org.mx\/wp-content\/uploads\/2019\/07\/PlazaXochimilco_010719_ACC-1140x570.jpg?resize=350%2C200&ssl=1","width":350,"height":200,"srcset":"https:\/\/i0.wp.com\/www.grieta.org.mx\/wp-content\/uploads\/2019\/07\/PlazaXochimilco_010719_ACC-1140x570.jpg?resize=350%2C200&ssl=1 1x, https:\/\/i0.wp.com\/www.grieta.org.mx\/wp-content\/uploads\/2019\/07\/PlazaXochimilco_010719_ACC-1140x570.jpg?resize=525%2C300&ssl=1 1.5x, https:\/\/i0.wp.com\/www.grieta.org.mx\/wp-content\/uploads\/2019\/07\/PlazaXochimilco_010719_ACC-1140x570.jpg?resize=700%2C400&ssl=1 2x, https:\/\/i0.wp.com\/www.grieta.org.mx\/wp-content\/uploads\/2019\/07\/PlazaXochimilco_010719_ACC-1140x570.jpg?resize=1050%2C600&ssl=1 3x"},"classes":[]},{"id":63889,"url":"https:\/\/www.grieta.org.mx\/index.php\/2022\/04\/02\/construiran-pozo-de-agua-en-pueblo-de-xoco-mientras-vecinos-denuncian-mas-agresiones-ciudad-de-mexico\/","url_meta":{"origin":58903,"position":3},"title":"Construir\u00e1n pozo de agua en Pueblo de Xoco, mientras vecinos denuncian m\u00e1s agresiones (Ciudad de M\u00e9xico)","author":"grieta","date":"2 abril, 2022","format":false,"excerpt":"Alberto Cuenca \/ Capital CDMX En el pueblo de Xoco, donde habitantes de la zona mantienen una f\u00e9rrea oposici\u00f3n al desarrollo inmobiliario de M\u00edtikah, autoridades capitalinas construir\u00e1n un nuevo pozo de agua. A decir de la jefa de gobierno Claudia Sheinbaum, la construcci\u00f3n de ese y otros pozos en la\u2026","rel":"","context":"En &quot;CINTILLO&quot;","block_context":{"text":"CINTILLO","link":"https:\/\/www.grieta.org.mx\/index.php\/category\/cintillo\/"},"img":{"alt_text":"","src":"https:\/\/i0.wp.com\/www.grieta.org.mx\/wp-content\/uploads\/2018\/03\/14524434_1106112876131411_958039263622046936_o.jpg?resize=350%2C200&ssl=1","width":350,"height":200,"srcset":"https:\/\/i0.wp.com\/www.grieta.org.mx\/wp-content\/uploads\/2018\/03\/14524434_1106112876131411_958039263622046936_o.jpg?resize=350%2C200&ssl=1 1x, https:\/\/i0.wp.com\/www.grieta.org.mx\/wp-content\/uploads\/2018\/03\/14524434_1106112876131411_958039263622046936_o.jpg?resize=525%2C300&ssl=1 1.5x, https:\/\/i0.wp.com\/www.grieta.org.mx\/wp-content\/uploads\/2018\/03\/14524434_1106112876131411_958039263622046936_o.jpg?resize=700%2C400&ssl=1 2x"},"classes":[]},{"id":27024,"url":"https:\/\/www.grieta.org.mx\/index.php\/2018\/10\/08\/en-las-obras-de-mantik-pedregal-muere-trabajador-se-abre-averiguacion-por-encubrimiento-de-lesiones-ciudad-de-mexico\/","url_meta":{"origin":58903,"position":4},"title":"En las obras de Mantik Pedregal muere trabajador; se abre averiguaci\u00f3n por encubrimiento de lesiones (Ciudad de M\u00e9xico)","author":"grieta","date":"8 octubre, 2018","format":false,"excerpt":"COLECTIVO GRIETA Sellos que la Procuradur\u00eda General de Justicia de la Ciudad de M\u00e9xico y la Secretar\u00eda de Protecci\u00f3n Civil capitalina colocaron a la entrada del predio localizado en Perif\u00e9rico Sur 5178. La tarde del martes 2 de octubre hacia las 16 hrs., en la obra de Mantik Pedregal muri\u00f3\u2026","rel":"","context":"En &quot;CINTILLO&quot;","block_context":{"text":"CINTILLO","link":"https:\/\/www.grieta.org.mx\/index.php\/category\/cintillo\/"},"img":{"alt_text":"","src":"https:\/\/i0.wp.com\/www.grieta.org.mx\/wp-content\/uploads\/2018\/03\/14524434_1106112876131411_958039263622046936_o.jpg?resize=350%2C200&ssl=1","width":350,"height":200,"srcset":"https:\/\/i0.wp.com\/www.grieta.org.mx\/wp-content\/uploads\/2018\/03\/14524434_1106112876131411_958039263622046936_o.jpg?resize=350%2C200&ssl=1 1x, https:\/\/i0.wp.com\/www.grieta.org.mx\/wp-content\/uploads\/2018\/03\/14524434_1106112876131411_958039263622046936_o.jpg?resize=525%2C300&ssl=1 1.5x, https:\/\/i0.wp.com\/www.grieta.org.mx\/wp-content\/uploads\/2018\/03\/14524434_1106112876131411_958039263622046936_o.jpg?resize=700%2C400&ssl=1 2x"},"classes":[]},{"id":32410,"url":"https:\/\/www.grieta.org.mx\/index.php\/2019\/04\/16\/denuncian-construccion-de-departamentos-pese-a-suspension-oficial-ciudad-de-mexico\/","url_meta":{"origin":58903,"position":5},"title":"Denuncian construcci\u00f3n de departamentos pese a suspensi\u00f3n oficial (Ciudad de M\u00e9xico)","author":"grieta","date":"16 abril, 2019","format":false,"excerpt":"Daniela Pastrana\/PiedeP\u00e1gina Desde 2015 la inmobiliaria Quiero Casa construye 133 departamentos sobre un manantial. A pesar de que en diciembre pasado a obra fue suspendida por parte de las autoridades, su construcci\u00f3n contin\u00faa, de acuerdo con los vecinos, quienes han presionado para detener las obras pues la zona sufre escasez\u2026","rel":"","context":"En &quot;CINTILLO&quot;","block_context":{"text":"CINTILLO","link":"https:\/\/www.grieta.org.mx\/index.php\/category\/cintillo\/"},"img":{"alt_text":"","src":"https:\/\/i0.wp.com\/www.grieta.org.mx\/wp-content\/uploads\/2019\/04\/1086373621.jpg?resize=350%2C200&ssl=1","width":350,"height":200,"srcset":"https:\/\/i0.wp.com\/www.grieta.org.mx\/wp-content\/uploads\/2019\/04\/1086373621.jpg?resize=350%2C200&ssl=1 1x, https:\/\/i0.wp.com\/www.grieta.org.mx\/wp-content\/uploads\/2019\/04\/1086373621.jpg?resize=525%2C300&ssl=1 1.5x, https:\/\/i0.wp.com\/www.grieta.org.mx\/wp-content\/uploads\/2019\/04\/1086373621.jpg?resize=700%2C400&ssl=1 2x"},"classes":[]}],"_links":{"self":[{"href":"https:\/\/www.grieta.org.mx\/index.php\/wp-json\/wp\/v2\/posts\/58903","targetHints":{"allow":["GET"]}}],"collection":[{"href":"https:\/\/www.grieta.org.mx\/index.php\/wp-json\/wp\/v2\/posts"}],"about":[{"href":"https:\/\/www.grieta.org.mx\/index.php\/wp-json\/wp\/v2\/types\/post"}],"author":[{"embeddable":true,"href":"https:\/\/www.grieta.org.mx\/index.php\/wp-json\/wp\/v2\/users\/2"}],"replies":[{"embeddable":true,"href":"https:\/\/www.grieta.org.mx\/index.php\/wp-json\/wp\/v2\/comments?post=58903"}],"version-history":[{"count":1,"href":"https:\/\/www.grieta.org.mx\/index.php\/wp-json\/wp\/v2\/posts\/58903\/revisions"}],"predecessor-version":[{"id":58905,"href":"https:\/\/www.grieta.org.mx\/index.php\/wp-json\/wp\/v2\/posts\/58903\/revisions\/58905"}],"wp:featuredmedia":[{"embeddable":true,"href":"https:\/\/www.grieta.org.mx\/index.php\/wp-json\/wp\/v2\/media\/58904"}],"wp:attachment":[{"href":"https:\/\/www.grieta.org.mx\/index.php\/wp-json\/wp\/v2\/media?parent=58903"}],"wp:term":[{"taxonomy":"category","embeddable":true,"href":"https:\/\/www.grieta.org.mx\/index.php\/wp-json\/wp\/v2\/categories?post=58903"},{"taxonomy":"post_tag","embeddable":true,"href":"https:\/\/www.grieta.org.mx\/index.php\/wp-json\/wp\/v2\/tags?post=58903"}],"curies":[{"name":"wp","href":"https:\/\/api.w.org\/{rel}","templated":true}]}}