{"id":58900,"date":"2021-04-19T00:43:44","date_gmt":"2021-04-19T05:43:44","guid":{"rendered":"https:\/\/www.grieta.org.mx\/?p=58900"},"modified":"2021-04-22T00:51:02","modified_gmt":"2021-04-22T05:51:02","slug":"estudiantes-de-danza-piden-a-segob-ayuda-para-atender-y-sancionar-casos-de-agresion-sexual-en-el-inbal-ciudad-de-mexico","status":"publish","type":"post","link":"https:\/\/www.grieta.org.mx\/index.php\/2021\/04\/19\/estudiantes-de-danza-piden-a-segob-ayuda-para-atender-y-sancionar-casos-de-agresion-sexual-en-el-inbal-ciudad-de-mexico\/","title":{"rendered":"Estudiantes de danza piden a Segob ayuda para atender y sancionar casos de agresi\u00f3n sexual en el INBAL (Ciudad de M\u00e9xico)"},"content":{"rendered":"<p>Animal Pol\u00edtico<\/p>\n<p>Foto: Cuartoscuro<\/p>\n<p><strong><span style=\"line-height: 1.7;\">Se solicit\u00f3 apoyo a la secretaria de Gobernaci\u00f3n, Olga S\u00e1nchez Cordero, a la secretaria de Cultura, Alejandra Frausto Guerrero, y a la secretaria de Funci\u00f3n P\u00fablica, Irma Er\u00e9ndira Sandoval Ballesteros.<\/span><\/strong><\/p>\n<p>Estudiantes de la Academia de Danza Mexicana (ADM), adscrita al Instituto Nacional de Bellas Artes y Literatura (INBAL), escribieron una carta solicitando la intervenci\u00f3n de funcionarias p\u00fablicas para atender sus demandas contra casos de agresi\u00f3n sexual. Esto,\u00a0 ante lo que calificaron como una\u00a0 \u201cfalta de iniciativa de las autoridades\u201d de la Academia.<\/p>\n<p>El documento fue dedicado a la secretaria de Gobernaci\u00f3n, Olga S\u00e1nchez Cordero, la secretaria de Cultura, Alejandra Frausto Guerrero, y a la secretaria de Funci\u00f3n P\u00fablica, Irma Er\u00e9ndira Sandoval Ballesteros.<\/p>\n<p>Se les realizaron cuatro peticiones a las funcionarias, siendo la primera que los casos documentados de agresiones sexuales sean respondidos con iniciativas que sancionen a los responsables y los revoquen de manera definitiva de las instituciones. Esta solicitud se sustenta de pruebas que adjuntaron los remitentes.<\/p>\n<p>Otra petici\u00f3n fue que se establecieran, dentro de las instituciones educativas, instancias y procedimientos que permitan la denuncia y fincamiento de sanciones inmediatas contra quienes cometan actos de hostigamiento sexual u otras violencias en contra de estudiantes y del personal de las instituciones.<\/p>\n<p>Tambi\u00e9n, que se faculte a las autoridades de las instituciones, as\u00ed como a las instancias superiores, para apoyar directamente las denuncias hechas sobre estas agresiones ante las entidades penales correspondientes. Lo anterior como parte de sus funciones, no como decisi\u00f3n \u201cdiscrecional y ajena\u201d.<\/p>\n<p>Finalmente, que se promueva una cultura de respeto a la convivencia y protecci\u00f3n de estudiantes y del personal de las instituciones educativas, como parte de la responsabilidad cotidiana de las autoridades de cada instituci\u00f3n.<\/p>\n<p>\u201cSolicitamos su valiosa intervenci\u00f3n para que no haya necesidad de estas medidas (paro) y que podamos retornar a nuestras actividades formativas, sin temores y con plena confianza de que estaremos en un ambiente educativo libre de amenazas\u201d, escribieron.<\/p>\n<h2><b>Inicio y motivos del paro<\/b><\/h2>\n<p>Desde el 26 de febrero las y los estudiantes se encuentran en paro indefinido, debido a las\u00a0 \u201ccontinuas pr\u00e1cticas de hostigamiento sexual que realizan docentes dentro de la instituci\u00f3n, sin que las autoridades inmediatas asuman su responsabilidad\u201d, redactaron.<\/p>\n<p>A\u00f1adieron que tampoco se establecen procedimientos e instancias que impidan y sancionen de manera directa las agresiones y conductas inaceptables que se realizan contra las alumnas y los alumnos.<\/p>\n<p>El d\u00eda en el que anunciaron el paro, exigieron a trav\u00e9s de un pliego petitorio que se destituyera a varios directivos y docentes, entre ellos Raymundo Torres Torres, director de la ADM, por omisi\u00f3n y negligencia en la resoluci\u00f3n de las denuncias existentes a personal docente referentes a hostigamiento sexual. De igual forma, por ejercer violencia psicol\u00f3gica, abuso de poder, nepotismo, conductas machistas, complicidad y minimizaci\u00f3n de diversas violencias.<\/p>\n<p>Este movimiento sucedi\u00f3 despu\u00e9s de que el peri\u00f3dico<i>Reforma <\/i>publicara las denuncias de dos alumnas que acusaron a los profesores V\u00edctor Hern\u00e1ndez y Alex Trejo de acosarlas. Ante ello, el INBAL anunci\u00f3 el cese de los dos docentes, aunque no revel\u00f3 sus nombres.<\/p>\n<p>As\u00ed pues, el pasado fin de semana, a casi dos meses del inicio del paro, la instituci\u00f3n anunci\u00f3 las medidas que tomar\u00eda para abordar la situaci\u00f3n; sin embargo, las y los estudiantes aseguraron que se les respondi\u00f3 con amenazas.<\/p>\n<p>A trav\u00e9s de de la cuenta de Twitter <em>@alumnxs_adm\u00a0<\/em>denunciaron amenazas por parte de la Subdirecci\u00f3n General de Educaci\u00f3n e Investigaci\u00f3n Art\u00edsticas (SGEIA).<\/p>\n<p>Acusaron que en lugar de escuchar sus demandas, se les realizaron amenazas, por lo cual se rehusaron a regresar a clases a una ADM igual, con \u201cviolentadores en su administraci\u00f3n, direcci\u00f3n y planta docente\u201d. Lo anterior despu\u00e9s de difundir el correo que les enviaron con el \u201cplan de recuperaci\u00f3n de aprendizajes\u201d para continuar con el ciclo escolar.<\/p>\n<h2><b>Acciones del INBAL<\/b><\/h2>\n<p>Adem\u00e1s de enviar el \u201cplan de recuperaci\u00f3n de aprendizajes\u201d, con el cual se busca que aquellos estudiantes que decidieron no atender a las asignaturas de su plan de estudios no tengan que recursar todo el ciclo escolar; el INBAL anunci\u00f3 la destituci\u00f3n de varios docentes.<\/p>\n<p>Mediante un comunicado la instituci\u00f3n inform\u00f3 sobre la separaci\u00f3n de 14 profesores de actividades frente a grupo, adem\u00e1s de la baja de cinco docentes, y dos casos que se encuentran en espera de resoluci\u00f3n en el Tribunal Federal de Conciliaci\u00f3n y Arbitraje.<\/p>\n<p>Otra de las medidas fue la actualizaci\u00f3n del <i>Protocolo para la atenci\u00f3n de casos de violencia sexual en las escuelas del INBAL<\/i> para propiciar resultados tangibles en la erradicaci\u00f3n de estas agresiones.<\/p>\n<p>Adem\u00e1s, insisti\u00f3 en su compromiso de \u2018cero represalias\u2019 a quienes se hayan ausentado en clases debido al paro, en protesta por los casos de acoso y violencia contra las mujeres.<\/p>\n<p>Seg\u00fan el mismo INBAL, sostuvo una reuni\u00f3n con la Comisi\u00f3n de Derechos Humanos de la Ciudad de M\u00e9xico para trazar una ruta de apoyo para las estudiantes que lo requieran, as\u00ed como implementar una mediaci\u00f3n con los diversos grupos de la ADM.<\/p>\n<p>\u201cLas instituciones de formaci\u00f3n art\u00edstica en M\u00e9xico y particularmente las que est\u00e1n bajo responsabilidad del INBAL deben ser espacios libres de hostigamiento, acoso y abuso sexual, as\u00ed como violencia de distintas \u00edndoles, abuso de poder, negligencia y nepotismo\u201d, escribi\u00f3 el alumnado en su carta.<\/p>\n<p><a href=\"https:\/\/www.animalpolitico.com\/2021\/04\/estudiantes-inbal-segob-casos-agresion-sexual\/\" target=\"_blank\" rel=\"noopener\">https:\/\/www.animalpolitico.com\/2021\/04\/estudiantes-inbal-segob-casos-agresion-sexual\/<\/a><\/p>\n<p>&nbsp;<\/p>\n<p>&nbsp;<\/p>\n","protected":false},"excerpt":{"rendered":"<p>Animal Pol\u00edtico Foto: Cuartoscuro Se solicit\u00f3 apoyo a la secretaria de Gobernaci\u00f3n, Olga S\u00e1nchez Cordero, a la secretaria de Cultura, Alejandra Frausto Guerrero, y a la secretaria de Funci\u00f3n P\u00fablica, &hellip; <a href=\"https:\/\/www.grieta.org.mx\/index.php\/2021\/04\/19\/estudiantes-de-danza-piden-a-segob-ayuda-para-atender-y-sancionar-casos-de-agresion-sexual-en-el-inbal-ciudad-de-mexico\/\" class=\"more-link\">Leer m\u00e1s<\/a><\/p>\n","protected":false},"author":2,"featured_media":58901,"comment_status":"closed","ping_status":"closed","sticky":false,"template":"","format":"standard","meta":{"ngg_post_thumbnail":0,"_jetpack_newsletter_access":"","_jetpack_dont_email_post_to_subs":false,"_jetpack_newsletter_tier_id":0,"_jetpack_memberships_contains_paywalled_content":false,"_jetpack_memberships_contains_paid_content":false,"footnotes":""},"categories":[80,14,916,2958,3161,1670,2,1699,83,1823,2388],"tags":[3454,1565,1630],"class_list":["post-58900","post","type-post","status-publish","format-standard","has-post-thumbnail","hentry","category-cintillo","category-ciudad-de-mexico","category-privatizacion-del-la-educacion-publica","category-crisis-de-la-educacion-publica-en-la-ciudad-de-mexico","category-luchas-de-las-mujeres-en-la-ciudad-de-mexico","category-movilizaciones-y-protestas-de-estudiantes-de-la-ciudad-de-mexico","category-noticias-nacionales","category-represion-a-estudiantes-en-la-ciudad-de-mexico","category-temas-nacionales","category-violencia-contra-estudiantes","category-violencia-contra-las-mujeres-en-la-ciudad-de-mexico","tag-crisis-de-la-educacion-publica","tag-violencia-contra-estudiantes","tag-violencia-contra-las-mujeres","entry"],"jetpack_featured_media_url":"https:\/\/www.grieta.org.mx\/wp-content\/uploads\/2021\/04\/Estudiantes-de-danza-piden-a-Segob-ayuda-para-atender-y-sancionar-casos-de-agresion-sexual-en-el-INBAL-cdmx-abr.jpeg","jetpack_sharing_enabled":true,"jetpack_shortlink":"https:\/\/wp.me\/p7ZJR4-fk0","jetpack_likes_enabled":false,"jetpack-related-posts":[{"id":43683,"url":"https:\/\/www.grieta.org.mx\/index.php\/2020\/01\/28\/profesores-de-ffyl-rechazan-evaluar-como-medida-de-presion-contra-paristas-ciudad-de-mexico\/","url_meta":{"origin":58900,"position":0},"title":"Profesores de FFyL rechazan evaluar como medida de presi\u00f3n contra paristas (Ciudad de M\u00e9xico)","author":"grieta","date":"28 enero, 2020","format":false,"excerpt":"Revista Consideraciones Distintas profesoras y profesores de la Facultad de Filosof\u00eda y Letras de la UNAM, se reunieron en asamblea para discutir el acuerdo aprobado por el Consejo T\u00e9cnico de la FFyL, en el sentido de llevar acabo la evaluaci\u00f3n del semestre 2020-1 entre el 27 de enero y el\u2026","rel":"","context":"En &quot;CINTILLO&quot;","block_context":{"text":"CINTILLO","link":"https:\/\/www.grieta.org.mx\/index.php\/category\/cintillo\/"},"img":{"alt_text":"","src":"https:\/\/i0.wp.com\/www.grieta.org.mx\/wp-content\/uploads\/2020\/01\/Profesores-de-FFyL-rechazan-evaluar-como-medida-de-presi%C3%B3n-contra-paristas-cdmx-ene.jpeg?resize=350%2C200&ssl=1","width":350,"height":200,"srcset":"https:\/\/i0.wp.com\/www.grieta.org.mx\/wp-content\/uploads\/2020\/01\/Profesores-de-FFyL-rechazan-evaluar-como-medida-de-presi%C3%B3n-contra-paristas-cdmx-ene.jpeg?resize=350%2C200&ssl=1 1x, https:\/\/i0.wp.com\/www.grieta.org.mx\/wp-content\/uploads\/2020\/01\/Profesores-de-FFyL-rechazan-evaluar-como-medida-de-presi%C3%B3n-contra-paristas-cdmx-ene.jpeg?resize=525%2C300&ssl=1 1.5x, https:\/\/i0.wp.com\/www.grieta.org.mx\/wp-content\/uploads\/2020\/01\/Profesores-de-FFyL-rechazan-evaluar-como-medida-de-presi%C3%B3n-contra-paristas-cdmx-ene.jpeg?resize=700%2C400&ssl=1 2x, https:\/\/i0.wp.com\/www.grieta.org.mx\/wp-content\/uploads\/2020\/01\/Profesores-de-FFyL-rechazan-evaluar-como-medida-de-presi%C3%B3n-contra-paristas-cdmx-ene.jpeg?resize=1050%2C600&ssl=1 3x, https:\/\/i0.wp.com\/www.grieta.org.mx\/wp-content\/uploads\/2020\/01\/Profesores-de-FFyL-rechazan-evaluar-como-medida-de-presi%C3%B3n-contra-paristas-cdmx-ene.jpeg?resize=1400%2C800&ssl=1 4x"},"classes":[]},{"id":43996,"url":"https:\/\/www.grieta.org.mx\/index.php\/2020\/02\/06\/entregan-cch-vallejo-tras-dos-dias-de-paro-ciudad-de-mexico\/","url_meta":{"origin":58900,"position":1},"title":"Entregan CCH Vallejo tras dos d\u00edas de paro (Ciudad de M\u00e9xico)","author":"grieta","date":"6 febrero, 2020","format":false,"excerpt":"El martes pasado, un grupo de alumnos decidi\u00f3 realizar un paro de labores. Foto: Cuartoscuro\/Archivo Notimex Las actividades acad\u00e9micas y administrativas se reanudar\u00e1n ma\u00f1ana viernes 7 en los horarios acostumbrados CIUDAD DE M\u00c9XICO. La Universidad Nacional Aut\u00f3noma de M\u00e9xico inform\u00f3 que esta tarde fueron entregadas a las autoridades las instalaciones\u2026","rel":"","context":"En &quot;CINTILLO&quot;","block_context":{"text":"CINTILLO","link":"https:\/\/www.grieta.org.mx\/index.php\/category\/cintillo\/"},"img":{"alt_text":"","src":"https:\/\/i0.wp.com\/www.grieta.org.mx\/wp-content\/uploads\/2020\/02\/Entregan-CCH-Vallejo-tras-dos-d%C3%ADas-de-paro-cdmx-feb.jpg?resize=350%2C200&ssl=1","width":350,"height":200,"srcset":"https:\/\/i0.wp.com\/www.grieta.org.mx\/wp-content\/uploads\/2020\/02\/Entregan-CCH-Vallejo-tras-dos-d%C3%ADas-de-paro-cdmx-feb.jpg?resize=350%2C200&ssl=1 1x, https:\/\/i0.wp.com\/www.grieta.org.mx\/wp-content\/uploads\/2020\/02\/Entregan-CCH-Vallejo-tras-dos-d%C3%ADas-de-paro-cdmx-feb.jpg?resize=525%2C300&ssl=1 1.5x"},"classes":[]},{"id":43881,"url":"https:\/\/www.grieta.org.mx\/index.php\/2020\/01\/30\/unam-estudiantes-toman-la-fcpys-en-solidaridad-con-otros-planteles-ciudad-de-mexico\/","url_meta":{"origin":58900,"position":2},"title":"UNAM: ESTUDIANTES TOMAN LA FCPYS EN SOLIDARIDAD CON OTROS PLANTELES (Ciudad de M\u00e9xico)","author":"grieta","date":"30 enero, 2020","format":false,"excerpt":"Reporte \u00cdndigo \u201cMujeres Organizadas\u201d inform\u00f3 que la Facultad \u201cpermanecer\u00e1 cerrada hasta que se resuelvan satisfactoriamente todas las demandas de todos lo planteles\u201d. Un grupo de estudiantes tom\u00f3 las instalaciones de la Facultad de Ciencias Pol\u00edticas y Sociales (FCPyS) de la Universidad Nacional Aut\u00f3noma de M\u00e9xico (UNAM). \u201cMujeres Organizadas\u201d inform\u00f3 que\u2026","rel":"","context":"En &quot;CINTILLO&quot;","block_context":{"text":"CINTILLO","link":"https:\/\/www.grieta.org.mx\/index.php\/category\/cintillo\/"},"img":{"alt_text":"","src":"https:\/\/i0.wp.com\/www.grieta.org.mx\/wp-content\/uploads\/2020\/02\/UNAM-ESTUDIANTES-TOMAN-LA-FCPYS-EN-SOLIDARIDAD-CON-OTROS-PLANTELES-cdmx-feb.jpg?resize=350%2C200&ssl=1","width":350,"height":200,"srcset":"https:\/\/i0.wp.com\/www.grieta.org.mx\/wp-content\/uploads\/2020\/02\/UNAM-ESTUDIANTES-TOMAN-LA-FCPYS-EN-SOLIDARIDAD-CON-OTROS-PLANTELES-cdmx-feb.jpg?resize=350%2C200&ssl=1 1x, https:\/\/i0.wp.com\/www.grieta.org.mx\/wp-content\/uploads\/2020\/02\/UNAM-ESTUDIANTES-TOMAN-LA-FCPYS-EN-SOLIDARIDAD-CON-OTROS-PLANTELES-cdmx-feb.jpg?resize=525%2C300&ssl=1 1.5x, https:\/\/i0.wp.com\/www.grieta.org.mx\/wp-content\/uploads\/2020\/02\/UNAM-ESTUDIANTES-TOMAN-LA-FCPYS-EN-SOLIDARIDAD-CON-OTROS-PLANTELES-cdmx-feb.jpg?resize=700%2C400&ssl=1 2x"},"classes":[]},{"id":41139,"url":"https:\/\/www.grieta.org.mx\/index.php\/2019\/11\/15\/encapuchados-toman-instalaciones-de-prepa-3-denuncia-acoso-sexual-ciudad-de-mexico\/","url_meta":{"origin":58900,"position":3},"title":"Encapuchados toman instalaciones de Prepa 3; denuncia acoso sexual (Ciudad de M\u00e9xico)","author":"grieta","date":"15 noviembre, 2019","format":false,"excerpt":"Vanessa Solis \/ El Sol de M\u00e9xico Alumnos del plantel exigen la renuncia de docentes que presuntamente acosan a las alumnas Mujeres encapuchadas tomaron las instalaciones de les Escuela Nacional Preparatoria n\u00famero 3 de la UNAM, esto para exigir la renuncia de profesores que acosan a las alumnas. A trav\u00e9s\u2026","rel":"","context":"En &quot;CINTILLO&quot;","block_context":{"text":"CINTILLO","link":"https:\/\/www.grieta.org.mx\/index.php\/category\/cintillo\/"},"img":{"alt_text":"","src":"https:\/\/i0.wp.com\/www.grieta.org.mx\/wp-content\/uploads\/2019\/11\/Encapuchados-toman-instalaciones-de-Prepa-3-denuncia-acoso-sexual-cdmx-nov.png?resize=350%2C200&ssl=1","width":350,"height":200,"srcset":"https:\/\/i0.wp.com\/www.grieta.org.mx\/wp-content\/uploads\/2019\/11\/Encapuchados-toman-instalaciones-de-Prepa-3-denuncia-acoso-sexual-cdmx-nov.png?resize=350%2C200&ssl=1 1x, https:\/\/i0.wp.com\/www.grieta.org.mx\/wp-content\/uploads\/2019\/11\/Encapuchados-toman-instalaciones-de-Prepa-3-denuncia-acoso-sexual-cdmx-nov.png?resize=525%2C300&ssl=1 1.5x, https:\/\/i0.wp.com\/www.grieta.org.mx\/wp-content\/uploads\/2019\/11\/Encapuchados-toman-instalaciones-de-Prepa-3-denuncia-acoso-sexual-cdmx-nov.png?resize=700%2C400&ssl=1 2x"},"classes":[]},{"id":40137,"url":"https:\/\/www.grieta.org.mx\/index.php\/2019\/10\/11\/alumnos-de-la-unam-marchan-contra-violencia-de-genero-y-porros-ciudad-de-mexico\/","url_meta":{"origin":58900,"position":4},"title":"Alumnos de la UNAM marchan contra violencia de g\u00e9nero y porros (Ciudad de M\u00e9xico)","author":"grieta","date":"11 octubre, 2019","format":false,"excerpt":"El Heraldo de M\u00e9xico La movilizaci\u00f3n de estudiantes recorri\u00f3 algunas de las facultades de la Universidad Nacional, para posteriormente desplazarse sobre avenida Insurgentes Sur Estudiantes de la Facultad de Ciencias Pol\u00edticas y Sociales de la Universidad Nacional Aut\u00f3noma de M\u00e9xico (UNAM) realizaron este viernes una marcha en contra de la\u2026","rel":"","context":"En &quot;CINTILLO&quot;","block_context":{"text":"CINTILLO","link":"https:\/\/www.grieta.org.mx\/index.php\/category\/cintillo\/"},"img":{"alt_text":"","src":"https:\/\/i0.wp.com\/www.grieta.org.mx\/wp-content\/uploads\/2019\/10\/Alumnos-de-la-UNAM-marchan-contra-violencia-de-g%C3%A9nero-y-porros-oct-cdmx.jpg?resize=350%2C200&ssl=1","width":350,"height":200,"srcset":"https:\/\/i0.wp.com\/www.grieta.org.mx\/wp-content\/uploads\/2019\/10\/Alumnos-de-la-UNAM-marchan-contra-violencia-de-g%C3%A9nero-y-porros-oct-cdmx.jpg?resize=350%2C200&ssl=1 1x, https:\/\/i0.wp.com\/www.grieta.org.mx\/wp-content\/uploads\/2019\/10\/Alumnos-de-la-UNAM-marchan-contra-violencia-de-g%C3%A9nero-y-porros-oct-cdmx.jpg?resize=525%2C300&ssl=1 1.5x"},"classes":[]},{"id":43859,"url":"https:\/\/www.grieta.org.mx\/index.php\/2020\/01\/31\/por-violencia-sexual-y-criminalizacion-paro-de-actividades-en-siete-escuelas-de-la-unam-ciudad-de-mexico\/","url_meta":{"origin":58900,"position":5},"title":"Por violencia sexual y criminalizaci\u00f3n, paro de actividades en siete escuelas de la UNAM (Ciudad de M\u00e9xico)","author":"grieta","date":"31 enero, 2020","format":false,"excerpt":"Contral\u00ednea Cuatro escuelas de la Universidad Nacional Aut\u00f3noma de M\u00e9xico se sumaron a los paros de actividades en demanda de soluci\u00f3n a la violencia sexual de g\u00e9nero que se padece en los recintos universitarios y del cese a la criminalizaci\u00f3n contra el movimiento feminista que reivindica el derecho de las\u2026","rel":"","context":"En &quot;CINTILLO&quot;","block_context":{"text":"CINTILLO","link":"https:\/\/www.grieta.org.mx\/index.php\/category\/cintillo\/"},"img":{"alt_text":"","src":"https:\/\/i0.wp.com\/www.grieta.org.mx\/wp-content\/uploads\/2020\/02\/Por-violencia-sexual-y-criminalizaci%C3%B3n-paro-de-actividades-en-siete-escuelas-de-la-UNAM-cdmx-ene.jpeg?resize=350%2C200&ssl=1","width":350,"height":200,"srcset":"https:\/\/i0.wp.com\/www.grieta.org.mx\/wp-content\/uploads\/2020\/02\/Por-violencia-sexual-y-criminalizaci%C3%B3n-paro-de-actividades-en-siete-escuelas-de-la-UNAM-cdmx-ene.jpeg?resize=350%2C200&ssl=1 1x, https:\/\/i0.wp.com\/www.grieta.org.mx\/wp-content\/uploads\/2020\/02\/Por-violencia-sexual-y-criminalizaci%C3%B3n-paro-de-actividades-en-siete-escuelas-de-la-UNAM-cdmx-ene.jpeg?resize=525%2C300&ssl=1 1.5x"},"classes":[]}],"_links":{"self":[{"href":"https:\/\/www.grieta.org.mx\/index.php\/wp-json\/wp\/v2\/posts\/58900","targetHints":{"allow":["GET"]}}],"collection":[{"href":"https:\/\/www.grieta.org.mx\/index.php\/wp-json\/wp\/v2\/posts"}],"about":[{"href":"https:\/\/www.grieta.org.mx\/index.php\/wp-json\/wp\/v2\/types\/post"}],"author":[{"embeddable":true,"href":"https:\/\/www.grieta.org.mx\/index.php\/wp-json\/wp\/v2\/users\/2"}],"replies":[{"embeddable":true,"href":"https:\/\/www.grieta.org.mx\/index.php\/wp-json\/wp\/v2\/comments?post=58900"}],"version-history":[{"count":1,"href":"https:\/\/www.grieta.org.mx\/index.php\/wp-json\/wp\/v2\/posts\/58900\/revisions"}],"predecessor-version":[{"id":58902,"href":"https:\/\/www.grieta.org.mx\/index.php\/wp-json\/wp\/v2\/posts\/58900\/revisions\/58902"}],"wp:featuredmedia":[{"embeddable":true,"href":"https:\/\/www.grieta.org.mx\/index.php\/wp-json\/wp\/v2\/media\/58901"}],"wp:attachment":[{"href":"https:\/\/www.grieta.org.mx\/index.php\/wp-json\/wp\/v2\/media?parent=58900"}],"wp:term":[{"taxonomy":"category","embeddable":true,"href":"https:\/\/www.grieta.org.mx\/index.php\/wp-json\/wp\/v2\/categories?post=58900"},{"taxonomy":"post_tag","embeddable":true,"href":"https:\/\/www.grieta.org.mx\/index.php\/wp-json\/wp\/v2\/tags?post=58900"}],"curies":[{"name":"wp","href":"https:\/\/api.w.org\/{rel}","templated":true}]}}