{"id":58897,"date":"2021-04-20T00:24:04","date_gmt":"2021-04-20T05:24:04","guid":{"rendered":"https:\/\/www.grieta.org.mx\/?p=58897"},"modified":"2021-04-22T00:29:32","modified_gmt":"2021-04-22T05:29:32","slug":"comerciantes-de-santiago-tianguistenco-se-manifiestan-piden-los-dejen-trabajar-estado-de-mexico","status":"publish","type":"post","link":"https:\/\/www.grieta.org.mx\/index.php\/2021\/04\/20\/comerciantes-de-santiago-tianguistenco-se-manifiestan-piden-los-dejen-trabajar-estado-de-mexico\/","title":{"rendered":"Comerciantes de Santiago Tianguistenco se manifiestan; piden los dejen trabajar (Estado de M\u00e9xico)"},"content":{"rendered":"<p>Rodrigo Miranda \/ El Sol de Toluca<\/p>\n<p>Foto: Cortes\u00eda \/ Comerciantes Tianguistenco<\/p>\n<h3 class=\"subtitle\">Mencionaron que en el pasado presentaron un proyecto de reapertura a las autoridades locales en el cual se contemplaban varias medidas sanitarias; sin embargo, no fueron escuchados.<\/h3>\n<div class=\"content-body clearfix \">\n<div id=\"content-body-225-6620456\">\n<p>Este martes un grupo de comerciantes se plant\u00f3 a las afueras del palacio municipal para pedir a las autoridades municipales el regreso del tradicional tianguis del d\u00eda martes en la zona centro.<\/p>\n<\/div>\n<\/div>\n<article class=\"content-continued-body clearfix \">\n<div id=\"content-body-5851641-6620456\">\n<p>Entre sus demandas, los afectados se\u00f1alaron que dicho lugar fue suspendido desde hace un a\u00f1o derivado de la actual pandemia lo cual ha afectado a su econom\u00eda.<\/p>\n<p><span class=\"quote\">&#8220;Ya pas\u00f3 un a\u00f1o y exigimos a las autoridades que nos dejen trabajar. Este tianguis impulsa la actividad econ\u00f3mica de la regi\u00f3n.&#8221;<\/span><\/p>\n<p>Aunado a esto, mencionaron que en el pasado presentaron un proyecto de reapertura a las autoridades locales en el cual se contemplaban varias medidas sanitarias; sin embargo, no fueron escuchados.<\/p>\n<p><i>\u201cHasta el momento no ha habido respuesta de las autoridades municipales y por lo mismo exigimos que nos den una respuesta, pues muchas familias que dependen de esta actividad se encuentran desesperadas\u201d,<\/i> indic\u00f3 un representante de los comerciantes.<\/p>\n<p>A\u00f1adieron que la autoridad municipal han proyectado reubicar dicho tianguis en varios terrenos aleda\u00f1os pero estos no cuentan con las condiciones necesarias para realizar sus actividades.<\/p>\n<p><i>\u201cHemos solicitado que regrese la actividad comercial en 30 y 50%, pero no lo han permitido, lo que ha afectado a miles de este municipio y de otros aleda\u00f1os como Capulhuac, Xalatlaco, Ocoyoacac, San Mateo Atenco\u201d<\/i>, detall\u00f3 otro de los manifestantes.<\/p>\n<p>Finalmente mencionaron que est\u00e1n abiertos al di\u00e1logo y a las propuesta que haga la autoridad municipal e inclusive la misma ciudadan\u00eda a fin de reactivar la econom\u00eda de la zona.<\/p>\n<p><a href=\"https:\/\/www.elsoldetoluca.com.mx\/local\/comerciantes-de-santiago-tianguistenco-se-manifiestan-piden-los-dejen-trabajar-6620456.html\" target=\"_blank\" rel=\"noopener\">https:\/\/www.elsoldetoluca.com.mx\/local\/comerciantes-de-santiago-tianguistenco-se-manifiestan-piden-los-dejen-trabajar-6620456.html<\/a><\/p>\n<p>&nbsp;<\/p>\n<\/div>\n<\/article>\n","protected":false},"excerpt":{"rendered":"<p>Rodrigo Miranda \/ El Sol de Toluca Foto: Cortes\u00eda \/ Comerciantes Tianguistenco Mencionaron que en el pasado presentaron un proyecto de reapertura a las autoridades locales en el cual se &hellip; <a href=\"https:\/\/www.grieta.org.mx\/index.php\/2021\/04\/20\/comerciantes-de-santiago-tianguistenco-se-manifiestan-piden-los-dejen-trabajar-estado-de-mexico\/\" class=\"more-link\">Leer m\u00e1s<\/a><\/p>\n","protected":false},"author":2,"featured_media":58898,"comment_status":"closed","ping_status":"closed","sticky":false,"template":"","format":"standard","meta":{"ngg_post_thumbnail":0,"_jetpack_newsletter_access":"","_jetpack_dont_email_post_to_subs":false,"_jetpack_newsletter_tier_id":0,"_jetpack_memberships_contains_paywalled_content":false,"_jetpack_memberships_contains_paid_content":false,"footnotes":""},"categories":[80,3270,16,910,2768,3035,2,83],"tags":[3241,2841],"class_list":["post-58897","post","type-post","status-publish","format-standard","has-post-thumbnail","hentry","category-cintillo","category-covid-19-en-estado-de-mexico","category-estado-de-mexico","category-explotacion-y-precariedad-laboral","category-explotacion-y-precariedad-laboral-en-el-estado-de-mexico","category-movilizaciones-y-protestas-de-habitantes-en-el-estado-de-mexico","category-noticias-nacionales","category-temas-nacionales","tag-covid-19","tag-explotacion-y-precariedad-laboral","entry"],"jetpack_featured_media_url":"https:\/\/www.grieta.org.mx\/wp-content\/uploads\/2021\/04\/Comerciantes-de-Santiago-Tianguistenco-se-manifiestan-piden-los-dejen-trabajar-edomex-abr.jpeg","jetpack_sharing_enabled":true,"jetpack_shortlink":"https:\/\/wp.me\/p7ZJR4-fjX","jetpack_likes_enabled":false,"jetpack-related-posts":[{"id":48072,"url":"https:\/\/www.grieta.org.mx\/index.php\/2020\/04\/22\/bloquean-comerciantes-avenida-central-en-nezahualcoyotl-estado-de-mexico\/","url_meta":{"origin":58897,"position":0},"title":"Bloquean comerciantes avenida Central en Nezahualc\u00f3yotl  (Estado de M\u00e9xico)","author":"grieta","date":"22 abril, 2020","format":false,"excerpt":"Imagen tomada de: edomex.quadratin.com.mx Iv\u00e1n Ju\u00e1rez \/ Quadratin NEZAHUALC\u00d3YOTL, Edomex.-22 abril 2020.-Para protestar por el retiro de los puestos que est\u00e1n considerados como no esenciales, comerciantes de la colonia La Impulsora mantienen bloqueada la avenida Central, piden apoyos y que los dejen trabajar. Los manifestantes llegaron al cruce de la\u2026","rel":"","context":"En &quot;CINTILLO&quot;","block_context":{"text":"CINTILLO","link":"https:\/\/www.grieta.org.mx\/index.php\/category\/cintillo\/"},"img":{"alt_text":"","src":"https:\/\/i0.wp.com\/www.grieta.org.mx\/wp-content\/uploads\/2020\/04\/Bloquean-comerciantes-avenida-Central-en-Nezahualc%C3%B3yotl-edomex-abr.jpeg?resize=350%2C200&ssl=1","width":350,"height":200,"srcset":"https:\/\/i0.wp.com\/www.grieta.org.mx\/wp-content\/uploads\/2020\/04\/Bloquean-comerciantes-avenida-Central-en-Nezahualc%C3%B3yotl-edomex-abr.jpeg?resize=350%2C200&ssl=1 1x, https:\/\/i0.wp.com\/www.grieta.org.mx\/wp-content\/uploads\/2020\/04\/Bloquean-comerciantes-avenida-Central-en-Nezahualc%C3%B3yotl-edomex-abr.jpeg?resize=525%2C300&ssl=1 1.5x, https:\/\/i0.wp.com\/www.grieta.org.mx\/wp-content\/uploads\/2020\/04\/Bloquean-comerciantes-avenida-Central-en-Nezahualc%C3%B3yotl-edomex-abr.jpeg?resize=700%2C400&ssl=1 2x, https:\/\/i0.wp.com\/www.grieta.org.mx\/wp-content\/uploads\/2020\/04\/Bloquean-comerciantes-avenida-Central-en-Nezahualc%C3%B3yotl-edomex-abr.jpeg?resize=1050%2C600&ssl=1 3x"},"classes":[]},{"id":48749,"url":"https:\/\/www.grieta.org.mx\/index.php\/2020\/05\/04\/fuerza-publica-usada-contra-la-poblacion-de-tlalnepantla-estado-de-mexico\/","url_meta":{"origin":58897,"position":1},"title":"Fuerza p\u00fablica usada contra la Poblaci\u00f3n de Tlalnepantla. (Estado de M\u00e9xico)","author":"grieta","date":"4 mayo, 2020","format":false,"excerpt":"Vecinos de Atizap\u00e1n Elementos de la polic\u00eda municipal y estatal as\u00ed como de la Guardia Nacional retiran con violencia a los vendedores a quienes incluso, les decomisan sus productos o se los dejan inservibles El gobierno municipal de Tlalnepantla, Estado de M\u00e9xico, encabezado por Raciel P\u00e9rez, orden\u00f3 retirar, mediante el\u2026","rel":"","context":"En &quot;Abuso policiaco y tortura en el Estado de M\u00e9xico&quot;","block_context":{"text":"Abuso policiaco y tortura en el Estado de M\u00e9xico","link":"https:\/\/www.grieta.org.mx\/index.php\/category\/noticias-nacionales\/estado-de-mexico\/abuso-policiaco-y-tortura-en-el-estado-de-mexico\/"},"img":{"alt_text":"","src":"https:\/\/i0.wp.com\/www.grieta.org.mx\/wp-content\/uploads\/2020\/05\/gn-tlalne.png?resize=350%2C200&ssl=1","width":350,"height":200,"srcset":"https:\/\/i0.wp.com\/www.grieta.org.mx\/wp-content\/uploads\/2020\/05\/gn-tlalne.png?resize=350%2C200&ssl=1 1x, https:\/\/i0.wp.com\/www.grieta.org.mx\/wp-content\/uploads\/2020\/05\/gn-tlalne.png?resize=525%2C300&ssl=1 1.5x, https:\/\/i0.wp.com\/www.grieta.org.mx\/wp-content\/uploads\/2020\/05\/gn-tlalne.png?resize=700%2C400&ssl=1 2x, https:\/\/i0.wp.com\/www.grieta.org.mx\/wp-content\/uploads\/2020\/05\/gn-tlalne.png?resize=1050%2C600&ssl=1 3x"},"classes":[]},{"id":48067,"url":"https:\/\/www.grieta.org.mx\/index.php\/2020\/04\/21\/profesores-del-cen-de-naucalpan-denuncian-despidos-injustificados-estado-de-mexico\/","url_meta":{"origin":58897,"position":2},"title":"PROFESORES DEL CEN DE NAUCALPAN DENUNCIAN DESPIDOS INJUSTIFICADOS (Estado de M\u00e9xico)","author":"grieta","date":"21 abril, 2020","format":false,"excerpt":"Imagen tomada de: la-prensa.mx La Prensa Profesores del Centro de Estudios de Naucalpan (CEN), Estado de M\u00e9xico, denunciaron que fueron suspendidos de sus labores sin goce de sueldo ante la presencia el Covid-19 en el pa\u00eds. El pasado 16 de abril del 2020, el personal docente recibi\u00f3 una carta en\u2026","rel":"","context":"En &quot;CINTILLO&quot;","block_context":{"text":"CINTILLO","link":"https:\/\/www.grieta.org.mx\/index.php\/category\/cintillo\/"},"img":{"alt_text":"","src":"https:\/\/i0.wp.com\/www.grieta.org.mx\/wp-content\/uploads\/2020\/04\/PROFESORES-DEL-CEN-DE-NAUCALPAN-DENUNCIAN-DESPIDOS-INJUSTIFICADOS-edomex-abr.jpg?resize=350%2C200&ssl=1","width":350,"height":200,"srcset":"https:\/\/i0.wp.com\/www.grieta.org.mx\/wp-content\/uploads\/2020\/04\/PROFESORES-DEL-CEN-DE-NAUCALPAN-DENUNCIAN-DESPIDOS-INJUSTIFICADOS-edomex-abr.jpg?resize=350%2C200&ssl=1 1x, https:\/\/i0.wp.com\/www.grieta.org.mx\/wp-content\/uploads\/2020\/04\/PROFESORES-DEL-CEN-DE-NAUCALPAN-DENUNCIAN-DESPIDOS-INJUSTIFICADOS-edomex-abr.jpg?resize=525%2C300&ssl=1 1.5x"},"classes":[]},{"id":56308,"url":"https:\/\/www.grieta.org.mx\/index.php\/2021\/01\/13\/protestan-anestesiologos-del-hospital-nicolas-san-juan-por-no-recibir-vacuna-estado-de-mexico\/","url_meta":{"origin":58897,"position":3},"title":"Protestan anestesi\u00f3logos del hospital Nicol\u00e1s San Juan por no recibir vacuna (Estado de M\u00e9xico)","author":"grieta","date":"13 enero, 2021","format":false,"excerpt":"Fotos: Cortes\u00eda \/ Fernando Sapichu Filiberto Ramos \/ El Sol de Toluca Tras no ser considerados se manifestaron a las afueras del nosocomio a la espera de ser escuchados por las autoridades de salud Especialistas del hospital Doctor Nicol\u00e1s San Juan, ubicado en la capital mexiquense, protestaron este mi\u00e9rcoles luego\u2026","rel":"","context":"En &quot;CINTILLO&quot;","block_context":{"text":"CINTILLO","link":"https:\/\/www.grieta.org.mx\/index.php\/category\/cintillo\/"},"img":{"alt_text":"","src":"https:\/\/i0.wp.com\/www.grieta.org.mx\/wp-content\/uploads\/2021\/01\/Protestan-anestesiologos-del-hospital-Nicolas-San-Juan-por-no-recibir-vacuna-edomex-ene.jpg?resize=350%2C200&ssl=1","width":350,"height":200,"srcset":"https:\/\/i0.wp.com\/www.grieta.org.mx\/wp-content\/uploads\/2021\/01\/Protestan-anestesiologos-del-hospital-Nicolas-San-Juan-por-no-recibir-vacuna-edomex-ene.jpg?resize=350%2C200&ssl=1 1x, https:\/\/i0.wp.com\/www.grieta.org.mx\/wp-content\/uploads\/2021\/01\/Protestan-anestesiologos-del-hospital-Nicolas-San-Juan-por-no-recibir-vacuna-edomex-ene.jpg?resize=525%2C300&ssl=1 1.5x, https:\/\/i0.wp.com\/www.grieta.org.mx\/wp-content\/uploads\/2021\/01\/Protestan-anestesiologos-del-hospital-Nicolas-San-Juan-por-no-recibir-vacuna-edomex-ene.jpg?resize=700%2C400&ssl=1 2x"},"classes":[]},{"id":48866,"url":"https:\/\/www.grieta.org.mx\/index.php\/2020\/05\/04\/demandan-comerciantes-tecomenses-que-tambien-cierren-elektra-y-coppel-colima\/","url_meta":{"origin":58897,"position":4},"title":"Demandan comerciantes tecomenses que tambi\u00e9n cierren Elektra y Coppel (Colima)","author":"grieta","date":"4 mayo, 2020","format":false,"excerpt":"Foto: El Comentario Yensuni L\u00f3pez Adape \/ El Comentario \u201cLos\u00a0comerciantes\u00a0establecidos de la\u00a0zona centro de Tecom\u00e1n\u00a0tienen una gran preocupaci\u00f3n por el anuncio hecho por las autoridades municipales, en torno a que el d\u00eda de ma\u00f1ana martes (5)\u00a0se realizar\u00e1 un operativo para cerrar los negocios catalogados como no esenciales\u201d, asegur\u00f3 en una\u2026","rel":"","context":"En &quot;CINTILLO&quot;","block_context":{"text":"CINTILLO","link":"https:\/\/www.grieta.org.mx\/index.php\/category\/cintillo\/"},"img":{"alt_text":"","src":"https:\/\/i0.wp.com\/www.grieta.org.mx\/wp-content\/uploads\/2020\/05\/297616501a5a436447e17d66e45ee2a2.jpeg?resize=350%2C200&ssl=1","width":350,"height":200,"srcset":"https:\/\/i0.wp.com\/www.grieta.org.mx\/wp-content\/uploads\/2020\/05\/297616501a5a436447e17d66e45ee2a2.jpeg?resize=350%2C200&ssl=1 1x, https:\/\/i0.wp.com\/www.grieta.org.mx\/wp-content\/uploads\/2020\/05\/297616501a5a436447e17d66e45ee2a2.jpeg?resize=525%2C300&ssl=1 1.5x, https:\/\/i0.wp.com\/www.grieta.org.mx\/wp-content\/uploads\/2020\/05\/297616501a5a436447e17d66e45ee2a2.jpeg?resize=700%2C400&ssl=1 2x, https:\/\/i0.wp.com\/www.grieta.org.mx\/wp-content\/uploads\/2020\/05\/297616501a5a436447e17d66e45ee2a2.jpeg?resize=1050%2C600&ssl=1 3x"},"classes":[]},{"id":47525,"url":"https:\/\/www.grieta.org.mx\/index.php\/2020\/04\/07\/comerciantes-exigen-que-los-dejen-vender-jalisco\/","url_meta":{"origin":58897,"position":5},"title":"Comerciantes exigen que los dejen vender (Jalisco)","author":"grieta","date":"7 abril, 2020","format":false,"excerpt":"Foto: Especial Edgar Flores Alrededor de 70 comerciantes de diferentes tianguis de la Zona Metropolitana de Guadalajara (ZMG), pero mayormente de El Baratillo, se manifestaron ayer a las afueras de palacio de gobierno para exigir a las autoridades que los dejen trabajar, ya que sus negocios son considerados no esenciales\u2026","rel":"","context":"En &quot;CINTILLO&quot;","block_context":{"text":"CINTILLO","link":"https:\/\/www.grieta.org.mx\/index.php\/category\/cintillo\/"},"img":{"alt_text":"","src":"https:\/\/i0.wp.com\/www.grieta.org.mx\/wp-content\/uploads\/2020\/04\/2020-04-07_12-04-19___6858.jpg?resize=350%2C200&ssl=1","width":350,"height":200,"srcset":"https:\/\/i0.wp.com\/www.grieta.org.mx\/wp-content\/uploads\/2020\/04\/2020-04-07_12-04-19___6858.jpg?resize=350%2C200&ssl=1 1x, https:\/\/i0.wp.com\/www.grieta.org.mx\/wp-content\/uploads\/2020\/04\/2020-04-07_12-04-19___6858.jpg?resize=525%2C300&ssl=1 1.5x, https:\/\/i0.wp.com\/www.grieta.org.mx\/wp-content\/uploads\/2020\/04\/2020-04-07_12-04-19___6858.jpg?resize=700%2C400&ssl=1 2x"},"classes":[]}],"_links":{"self":[{"href":"https:\/\/www.grieta.org.mx\/index.php\/wp-json\/wp\/v2\/posts\/58897","targetHints":{"allow":["GET"]}}],"collection":[{"href":"https:\/\/www.grieta.org.mx\/index.php\/wp-json\/wp\/v2\/posts"}],"about":[{"href":"https:\/\/www.grieta.org.mx\/index.php\/wp-json\/wp\/v2\/types\/post"}],"author":[{"embeddable":true,"href":"https:\/\/www.grieta.org.mx\/index.php\/wp-json\/wp\/v2\/users\/2"}],"replies":[{"embeddable":true,"href":"https:\/\/www.grieta.org.mx\/index.php\/wp-json\/wp\/v2\/comments?post=58897"}],"version-history":[{"count":1,"href":"https:\/\/www.grieta.org.mx\/index.php\/wp-json\/wp\/v2\/posts\/58897\/revisions"}],"predecessor-version":[{"id":58899,"href":"https:\/\/www.grieta.org.mx\/index.php\/wp-json\/wp\/v2\/posts\/58897\/revisions\/58899"}],"wp:featuredmedia":[{"embeddable":true,"href":"https:\/\/www.grieta.org.mx\/index.php\/wp-json\/wp\/v2\/media\/58898"}],"wp:attachment":[{"href":"https:\/\/www.grieta.org.mx\/index.php\/wp-json\/wp\/v2\/media?parent=58897"}],"wp:term":[{"taxonomy":"category","embeddable":true,"href":"https:\/\/www.grieta.org.mx\/index.php\/wp-json\/wp\/v2\/categories?post=58897"},{"taxonomy":"post_tag","embeddable":true,"href":"https:\/\/www.grieta.org.mx\/index.php\/wp-json\/wp\/v2\/tags?post=58897"}],"curies":[{"name":"wp","href":"https:\/\/api.w.org\/{rel}","templated":true}]}}