{"id":58887,"date":"2021-04-15T18:10:00","date_gmt":"2021-04-15T23:10:00","guid":{"rendered":"https:\/\/www.grieta.org.mx\/?p=58887"},"modified":"2021-04-20T18:19:17","modified_gmt":"2021-04-20T23:19:17","slug":"45-activistas-han-sido-asesinados-durante-el-gobierno-de-amlo-hay-una-crisis-de-derechos-humanos-red-tdt","status":"publish","type":"post","link":"https:\/\/www.grieta.org.mx\/index.php\/2021\/04\/15\/45-activistas-han-sido-asesinados-durante-el-gobierno-de-amlo-hay-una-crisis-de-derechos-humanos-red-tdt\/","title":{"rendered":"45 activistas han sido asesinados durante el gobierno de AMLO; \u201chay una crisis de derechos humanos\u201d: Red TDT"},"content":{"rendered":"<p>Manu Ureste \/ Animal Pol\u00edtico<\/p>\n<p>En los dos primeros a\u00f1os del gobierno de L\u00f3pez Obrador un total de 45 personas defensoras de derechos humanos han sido asesinadas en M\u00e9xico, arrojando un promedio de casi dos activistas muertos cada mes. <\/p>\n<p>As\u00ed lo documenta la Red Todos los Derechos para Todas y Todos (Red TDT) \u2013 conformada por 85 organizaciones de la sociedad civil en 23 estados \u2013 en un informe anual que present\u00f3 este jueves sobre la situaci\u00f3n de las personas defensoras de derechos humanos en M\u00e9xico. <\/p>\n<p>En el estudio, la Red TDT destaca que, a pesar de que el mensaje lanzado desde el Gobierno Federal es que en el pa\u00eds ya no se cometen violaciones a derechos humanos, sobre el terreno documentaron que las agresiones y asesinatos en contra de activistas, si bien es una problem\u00e1tica que viene de a\u00f1os y sexenios atr\u00e1s, es una pr\u00e1ctica que contin\u00faa vigente en el actual gobierno.<\/p>\n<p>\u201cMucho de lo que se ha dicho en este nuevo gobierno es que ya no est\u00e1 pasando nada. Pero sobre el terreno pasa otra cosa. Hay que reconocer que hay una crisis de derechos humanos en el pa\u00eds, y que las agresiones en contra de los activistas no han cesado. La defensa de derechos humanos sigue siendo una actividad de muy alto riesgo en M\u00e9xico\u201d, subray\u00f3 en entrevista con Animal Pol\u00edtico Marianna Mendoza, coordinadora del \u00e1rea de protecci\u00f3n de la Red TDT. <\/p>\n<p>Ante este contexto de ataques y homicidios, el informe denuncia que la respuesta gubernamental ha estado marcada por la \u201cinacci\u00f3n del Estado\u201d mexicano, y por una constante \u201ccriminalizaci\u00f3n y estigmatizaci\u00f3n\u201d por parte de los tres niveles de gobierno y del sistema de procuraci\u00f3n de justicia en contra de la labor de las personas activistas que defienden el territorio de sus comunidades ante mega proyectos de infraestructura y de miner\u00eda, el agua y el medioambiente, as\u00ed como los derechos de la mujer y de la diversidad sexual, entre otros. <\/p>\n<p>De las 45 personas defensoras asesinadas en este gobierno, 10 eran activistas del medio ambiente, entre los que est\u00e1n Homero G\u00f3mez Gonz\u00e1lez, defensor de la mariposa monarca en Michoac\u00e1n; seis eran defensores de la tierra y la comunidad, entre los que se halla el l\u00edder comunal de Texcoco Benito Peralta; y otras seis personas defensoras de los derechos de la diversidad sexual, entre las que est\u00e1 Mar\u00eda Elizabeth Monta\u00f1o, la doctora que se dedicaba a buscar una buena atenci\u00f3n m\u00e9dica para la poblaci\u00f3n transexual.<\/p>\n<p>Por entidades donde se cometieron las agresiones llama la atenci\u00f3n el caso de Oaxaca, donde en estos dos a\u00f1os del nuevo gobierno se registraron hasta 11 asesinatos de activistas, seguido de Chiapas, con cinco, y Chihuahua con otros cinco. <\/p>\n<p>\u201cOaxaca siempre ha estado dentro del top 5 de agresiones a activistas. Pero en estos dos \u00faltimos a\u00f1os se ha detectado que los ataques se incrementaron much\u00edsimo\u201d, recalc\u00f3 Marianna Mendoza. <\/p>\n<p>Guerrero (4 asesinatos), Morelos (4), Veracruz (3), Baja California (3) y Michoac\u00e1n (2), son otros de los estados m\u00e1s peligrosas para ejercer la defensa de los derechos humanos.<br \/>\nEnfrentan amenazas, acoso, y criminalizaci\u00f3n<\/p>\n<p>Al margen de los homicidios, el informe de la Red TDT destaca que hay un patr\u00f3n de agresiones en contra de activistas y defensoras que se oponen a los megaproyectos de infraestructura del nuevo gobierno y de gobiernos estatales. <\/p>\n<p>Un ejemplo, plantea el documento, es el caso del Proyecto Integral Morelos y la termoel\u00e9ctrica Huexca, el cual fue aprobado el 25 de febrero de 2019 por medio de una consulta popular que, sin embargo, no cont\u00f3 con la participaci\u00f3n de los m\u00e1s afectados, tal y como document\u00f3 Animal Pol\u00edtico en esta nota. <\/p>\n<p>El informe tambi\u00e9n recuerda que el activista Samir Flores, uno de los f\u00e9rreos opositores a este proyecto por su impacto en el medio ambiente, fue asesinado a balazos el 20 de febrero de 2019, mientras que las agresiones contra el Frente de Pueblos en Defensa de la Tierra y el Agua de Morelos, Puebla, Tlaxcala (FPDTA) \u201cse multiplican d\u00eda con d\u00eda\u201d. <\/p>\n<p>\u201cLas personas defensoras de derechos humanos se enfrentan a la intimidaci\u00f3n, estigmatizaci\u00f3n, amenazas, acoso, desacreditaci\u00f3n y criminalizaci\u00f3n por su labor, especialmente cuando su trabajo apela o incomoda a actores estatales\u201d, recalca el informe, que insiste en que el presidente de M\u00e9xico, L\u00f3pez Obrador, \u201cdemuestra un amplio desconocimiento y descr\u00e9dito de la defensa de los derechos humanos\u201d. <\/p>\n<p>Adem\u00e1s, el estudio plantea que la criminalizaci\u00f3n de los activistas se lleva a cabo con el apoyo de las instancias de procuradur\u00eda de justicia del pa\u00eds. Y pone como ejemplo de un \u201ccaso grave\u201d el de Kenia Hern\u00e1ndez, defensora ind\u00edgena actualmente presa, a quien \u201cse le ha iniciado procesos con pruebas falsas en al menos tres fiscal\u00edas estatales\u201d.<\/p>\n<p>\u201cEl sistema de justicia penal funciona perfectamente cuando se trata de criminalizar la protesta y a las personas defensoras de derechos humanos, pero es lento y disfuncional cuando se trata de perseguir los delitos en su contra\u201d, hizo hincapi\u00e9 Marianna Mendoza, de la Red TDT. <\/p>\n<p>Aqu\u00ed puedes leer el informe completo:<\/p>\n<p><a href=\"https:\/\/www.animalpolitico.com\/wp-content\/uploads\/2021\/04\/INFORME-DEFENSORES-2019.2020-RED-TDT-WEB-LIGHT.pdf\" rel=\"noopener\" target=\"_blank\">https:\/\/www.animalpolitico.com\/wp-content\/uploads\/2021\/04\/INFORME-DEFENSORES-2019.2020-RED-TDT-WEB-LIGHT.pdf<\/a><\/p>\n<p><a href=\"https:\/\/www.animalpolitico.com\/2021\/04\/amlo-gobierno-activistas-asesinados-crisis-derechos-humanos\/\" rel=\"noopener\" target=\"_blank\">https:\/\/www.animalpolitico.com\/2021\/04\/amlo-gobierno-activistas-asesinados-crisis-derechos-humanos\/<\/a><\/p>\n","protected":false},"excerpt":{"rendered":"<p>Manu Ureste \/ Animal Pol\u00edtico En los dos primeros a\u00f1os del gobierno de L\u00f3pez Obrador un total de 45 personas defensoras de derechos humanos han sido asesinadas en M\u00e9xico, arrojando &hellip; <a href=\"https:\/\/www.grieta.org.mx\/index.php\/2021\/04\/15\/45-activistas-han-sido-asesinados-durante-el-gobierno-de-amlo-hay-una-crisis-de-derechos-humanos-red-tdt\/\" class=\"more-link\">Leer m\u00e1s<\/a><\/p>\n","protected":false},"author":1,"featured_media":58891,"comment_status":"closed","ping_status":"closed","sticky":false,"template":"","format":"standard","meta":{"ngg_post_thumbnail":0,"_jetpack_newsletter_access":"","_jetpack_dont_email_post_to_subs":false,"_jetpack_newsletter_tier_id":0,"_jetpack_memberships_contains_paywalled_content":false,"_jetpack_memberships_contains_paid_content":false,"footnotes":""},"categories":[3333,80,22,2],"tags":[2860,2140,2471],"class_list":["post-58887","post","type-post","status-publish","format-standard","has-post-thumbnail","hentry","category-asesinato-de-activistas-en-morelos","category-cintillo","category-morelos","category-noticias-nacionales","tag-amenazas-contra-activistas","tag-asesinato-de-activistas","tag-samir","entry"],"jetpack_featured_media_url":"https:\/\/www.grieta.org.mx\/wp-content\/uploads\/2021\/04\/cuartoscuro_801094_digital.jpg","jetpack_sharing_enabled":true,"jetpack_shortlink":"https:\/\/wp.me\/p7ZJR4-fjN","jetpack_likes_enabled":false,"jetpack-related-posts":[{"id":43606,"url":"https:\/\/www.grieta.org.mx\/index.php\/2020\/01\/08\/denuncian-represion-a-comunidades-desplazadas-de-chichihualco-guerrero\/","url_meta":{"origin":58887,"position":0},"title":"Denuncian represi\u00f3n a comunidades desplazadas de Chichihualco  (Guerrero)","author":"Admin","date":"8 enero, 2020","format":false,"excerpt":"Roc\u00edo M\u00e9ndez \/ MVS Noticias Red TDT denuncia represi\u00f3n a comunidades desplazadas de Chichihualco y activistas del Centro Morelos. A casi 14 meses del desplazamiento forzado que sufren diversas comunidades del municipio de Chichihualco, autoridades de todos los \u00f3rdenes han sido incapaces de garantizar las condiciones de seguridad m\u00ednimas para\u2026","rel":"","context":"En &quot;CINTILLO&quot;","block_context":{"text":"CINTILLO","link":"https:\/\/www.grieta.org.mx\/index.php\/category\/cintillo\/"},"img":{"alt_text":"","src":"https:\/\/i0.wp.com\/www.grieta.org.mx\/wp-content\/uploads\/2020\/01\/cfe75d9a-img_1179-1024x576.jpg?resize=350%2C200&ssl=1","width":350,"height":200,"srcset":"https:\/\/i0.wp.com\/www.grieta.org.mx\/wp-content\/uploads\/2020\/01\/cfe75d9a-img_1179-1024x576.jpg?resize=350%2C200&ssl=1 1x, https:\/\/i0.wp.com\/www.grieta.org.mx\/wp-content\/uploads\/2020\/01\/cfe75d9a-img_1179-1024x576.jpg?resize=525%2C300&ssl=1 1.5x, https:\/\/i0.wp.com\/www.grieta.org.mx\/wp-content\/uploads\/2020\/01\/cfe75d9a-img_1179-1024x576.jpg?resize=700%2C400&ssl=1 2x"},"classes":[]},{"id":61350,"url":"https:\/\/www.grieta.org.mx\/index.php\/2021\/07\/13\/68-activistas-y-43-periodistas-han-sido-asesinados-en-el-gobierno-de-amlo\/","url_meta":{"origin":58887,"position":1},"title":"68 activistas y 43 periodistas han sido asesinados en el gobierno de AMLO","author":"grieta","date":"13 julio, 2021","format":false,"excerpt":"En M\u00e9xico, al menos 68 defensores de derechos humanos y 43 periodistas han sido asesinados durante el gobierno del presidente Andr\u00e9s Manuel L\u00f3pez Obrador, quien asumi\u00f3 el poder el 1 de diciembre de 2018, inform\u00f3 la Secretar\u00eda de Gobernaci\u00f3n. Adem\u00e1s, inform\u00f3 que el Mecanismo de Protecci\u00f3n para Personas Defensoras de\u2026","rel":"","context":"En &quot;CINTILLO&quot;","block_context":{"text":"CINTILLO","link":"https:\/\/www.grieta.org.mx\/index.php\/category\/cintillo\/"},"img":{"alt_text":"","src":"https:\/\/i0.wp.com\/www.grieta.org.mx\/wp-content\/uploads\/2021\/08\/5bb1921e4baa851902c3c9b667ccc26e0f27a49e-e1630263470708.jpg?resize=350%2C200&ssl=1","width":350,"height":200,"srcset":"https:\/\/i0.wp.com\/www.grieta.org.mx\/wp-content\/uploads\/2021\/08\/5bb1921e4baa851902c3c9b667ccc26e0f27a49e-e1630263470708.jpg?resize=350%2C200&ssl=1 1x, https:\/\/i0.wp.com\/www.grieta.org.mx\/wp-content\/uploads\/2021\/08\/5bb1921e4baa851902c3c9b667ccc26e0f27a49e-e1630263470708.jpg?resize=525%2C300&ssl=1 1.5x, https:\/\/i0.wp.com\/www.grieta.org.mx\/wp-content\/uploads\/2021\/08\/5bb1921e4baa851902c3c9b667ccc26e0f27a49e-e1630263470708.jpg?resize=700%2C400&ssl=1 2x"},"classes":[]},{"id":28062,"url":"https:\/\/www.grieta.org.mx\/index.php\/2018\/12\/14\/chihuahua-entre-los-estados-mas-peligrosos-para-defensores-de-derechos-humanos\/","url_meta":{"origin":58887,"position":2},"title":"Chihuahua, entre los estados m\u00e1s peligrosos para defensores de Derechos Humanos","author":"grieta","date":"14 diciembre, 2018","format":false,"excerpt":"PI\u00c9 DE P\u00c1GINA\/LA VERDAD Con 18 personas asesinadas por defender sus tierras o los derechos de sus comunidades, Chihuahua aparece en el Top Ten de las entidades m\u00e1s peligrosas para defensores; s\u00f3lo es superado por Guerrero y Oaxaca, reporta la Red TDT. Nueve de esos homicidios se registraron en los\u2026","rel":"","context":"En &quot;Chihuahua&quot;","block_context":{"text":"Chihuahua","link":"https:\/\/www.grieta.org.mx\/index.php\/category\/noticias-nacionales\/chihuahua\/"},"img":{"alt_text":"","src":"https:\/\/i0.wp.com\/www.grieta.org.mx\/wp-content\/uploads\/2019\/01\/grafico-defensores.jpg?resize=350%2C200&ssl=1","width":350,"height":200,"srcset":"https:\/\/i0.wp.com\/www.grieta.org.mx\/wp-content\/uploads\/2019\/01\/grafico-defensores.jpg?resize=350%2C200&ssl=1 1x, https:\/\/i0.wp.com\/www.grieta.org.mx\/wp-content\/uploads\/2019\/01\/grafico-defensores.jpg?resize=525%2C300&ssl=1 1.5x, https:\/\/i0.wp.com\/www.grieta.org.mx\/wp-content\/uploads\/2019\/01\/grafico-defensores.jpg?resize=700%2C400&ssl=1 2x, https:\/\/i0.wp.com\/www.grieta.org.mx\/wp-content\/uploads\/2019\/01\/grafico-defensores.jpg?resize=1050%2C600&ssl=1 3x"},"classes":[]},{"id":47321,"url":"https:\/\/www.grieta.org.mx\/index.php\/2020\/03\/30\/piden-justicia-para-abiram-hernandez-defensor-de-derechos-humanos-veracruz\/","url_meta":{"origin":58887,"position":3},"title":"Piden justicia para Abiram Hern\u00e1ndez, defensor de derechos humanos (Veracruz)","author":"Admin","date":"30 marzo, 2020","format":false,"excerpt":"Cinthya Trinidad \/ Vanguardia Xalapa, Ver.- Este 30 de marzo se cumpli\u00f3 un a\u00f1o del homicidio de Abiram Hern\u00e1ndez Fern\u00e1ndez, defensor de derechos humanos y acompa\u00f1ante de familias con personas desaparecidas. A la fecha, el crimen prevalece en la impunidad pues no hay avances en las investigaciones ni detenidos tras\u2026","rel":"","context":"En &quot;Asesinato de activistas en Veracruz&quot;","block_context":{"text":"Asesinato de activistas en Veracruz","link":"https:\/\/www.grieta.org.mx\/index.php\/category\/noticias-nacionales\/veracruz\/asesinato-de-activistas-en-veracruz\/"},"img":{"alt_text":"","src":"https:\/\/i0.wp.com\/www.grieta.org.mx\/wp-content\/uploads\/2020\/04\/PIDEN-1-4-1024x536.jpg?resize=350%2C200&ssl=1","width":350,"height":200,"srcset":"https:\/\/i0.wp.com\/www.grieta.org.mx\/wp-content\/uploads\/2020\/04\/PIDEN-1-4-1024x536.jpg?resize=350%2C200&ssl=1 1x, https:\/\/i0.wp.com\/www.grieta.org.mx\/wp-content\/uploads\/2020\/04\/PIDEN-1-4-1024x536.jpg?resize=525%2C300&ssl=1 1.5x, https:\/\/i0.wp.com\/www.grieta.org.mx\/wp-content\/uploads\/2020\/04\/PIDEN-1-4-1024x536.jpg?resize=700%2C400&ssl=1 2x"},"classes":[]},{"id":35336,"url":"https:\/\/www.grieta.org.mx\/index.php\/2019\/06\/20\/tabasco-es-corresponsable-de-la-criminalizacion-hacia-migrantes-red-tdt\/","url_meta":{"origin":58887,"position":4},"title":"Tabasco es corresponsable de la \u201ccriminalizaci\u00f3n\u201d hacia migrantes: Red TDT","author":"grieta","date":"20 junio, 2019","format":false,"excerpt":"Pedro Zamora Brise\u00f1o \/ Proceso VILLAHERMOSA, Tab. (apro).- La Red Nacional de Organismos Civiles de Derechos Humanos \u201cTodos los Derechos para Todas y Todos\u201d (Red TDT) acus\u00f3 al estado de Tabasco de ser corresponsable en la \u201ccriminalizaci\u00f3n\u201d de los migrantes y colectivos defensores de sus derechos. En un comunicado difundido\u2026","rel":"","context":"En &quot;CINTILLO&quot;","block_context":{"text":"CINTILLO","link":"https:\/\/www.grieta.org.mx\/index.php\/category\/cintillo\/"},"img":{"alt_text":"","src":"https:\/\/i0.wp.com\/www.grieta.org.mx\/wp-content\/uploads\/2019\/06\/Otra-misi%C3%B3n-Foto-Eduardo-Miranda.jpg?resize=350%2C200&ssl=1","width":350,"height":200,"srcset":"https:\/\/i0.wp.com\/www.grieta.org.mx\/wp-content\/uploads\/2019\/06\/Otra-misi%C3%B3n-Foto-Eduardo-Miranda.jpg?resize=350%2C200&ssl=1 1x, https:\/\/i0.wp.com\/www.grieta.org.mx\/wp-content\/uploads\/2019\/06\/Otra-misi%C3%B3n-Foto-Eduardo-Miranda.jpg?resize=525%2C300&ssl=1 1.5x, https:\/\/i0.wp.com\/www.grieta.org.mx\/wp-content\/uploads\/2019\/06\/Otra-misi%C3%B3n-Foto-Eduardo-Miranda.jpg?resize=700%2C400&ssl=1 2x"},"classes":[]},{"id":67094,"url":"https:\/\/www.grieta.org.mx\/index.php\/2023\/05\/10\/nayarit-activistas-temen-por-su-vida-tras-la-busqueda-de-desaparecidos\/","url_meta":{"origin":58887,"position":5},"title":"Nayarit: Activistas temen por su vida tras la b\u00fasqueda de desaparecidos","author":"grieta","date":"10 mayo, 2023","format":false,"excerpt":"Imagen: Familias Unidas Por Nayarit 21 activistas buscadores han sido asesinados del 2010 a la fecha Crys Ben\u00edtez \/ El Occodental TEPIC, Nayarit (OEM-Informex).- Del 2010 a la fecha al menos\u00a021 activistas buscadores han sido asesinados, tan solo en el 2022 a cinco madres les han quitado la vida. A\u2026","rel":"","context":"En &quot;CINTILLO&quot;","block_context":{"text":"CINTILLO","link":"https:\/\/www.grieta.org.mx\/index.php\/category\/cintillo\/"},"img":{"alt_text":"","src":"https:\/\/i0.wp.com\/www.grieta.org.mx\/wp-content\/uploads\/2023\/06\/WhatsApp-Image-2023-05-10-at-3.00.29-PM.jpeg?resize=350%2C200&ssl=1","width":350,"height":200,"srcset":"https:\/\/i0.wp.com\/www.grieta.org.mx\/wp-content\/uploads\/2023\/06\/WhatsApp-Image-2023-05-10-at-3.00.29-PM.jpeg?resize=350%2C200&ssl=1 1x, https:\/\/i0.wp.com\/www.grieta.org.mx\/wp-content\/uploads\/2023\/06\/WhatsApp-Image-2023-05-10-at-3.00.29-PM.jpeg?resize=525%2C300&ssl=1 1.5x, https:\/\/i0.wp.com\/www.grieta.org.mx\/wp-content\/uploads\/2023\/06\/WhatsApp-Image-2023-05-10-at-3.00.29-PM.jpeg?resize=700%2C400&ssl=1 2x"},"classes":[]}],"_links":{"self":[{"href":"https:\/\/www.grieta.org.mx\/index.php\/wp-json\/wp\/v2\/posts\/58887","targetHints":{"allow":["GET"]}}],"collection":[{"href":"https:\/\/www.grieta.org.mx\/index.php\/wp-json\/wp\/v2\/posts"}],"about":[{"href":"https:\/\/www.grieta.org.mx\/index.php\/wp-json\/wp\/v2\/types\/post"}],"author":[{"embeddable":true,"href":"https:\/\/www.grieta.org.mx\/index.php\/wp-json\/wp\/v2\/users\/1"}],"replies":[{"embeddable":true,"href":"https:\/\/www.grieta.org.mx\/index.php\/wp-json\/wp\/v2\/comments?post=58887"}],"version-history":[{"count":1,"href":"https:\/\/www.grieta.org.mx\/index.php\/wp-json\/wp\/v2\/posts\/58887\/revisions"}],"predecessor-version":[{"id":58890,"href":"https:\/\/www.grieta.org.mx\/index.php\/wp-json\/wp\/v2\/posts\/58887\/revisions\/58890"}],"wp:featuredmedia":[{"embeddable":true,"href":"https:\/\/www.grieta.org.mx\/index.php\/wp-json\/wp\/v2\/media\/58891"}],"wp:attachment":[{"href":"https:\/\/www.grieta.org.mx\/index.php\/wp-json\/wp\/v2\/media?parent=58887"}],"wp:term":[{"taxonomy":"category","embeddable":true,"href":"https:\/\/www.grieta.org.mx\/index.php\/wp-json\/wp\/v2\/categories?post=58887"},{"taxonomy":"post_tag","embeddable":true,"href":"https:\/\/www.grieta.org.mx\/index.php\/wp-json\/wp\/v2\/tags?post=58887"}],"curies":[{"name":"wp","href":"https:\/\/api.w.org\/{rel}","templated":true}]}}