{"id":58852,"date":"2021-04-12T20:57:43","date_gmt":"2021-04-13T01:57:43","guid":{"rendered":"https:\/\/www.grieta.org.mx\/?p=58852"},"modified":"2021-04-19T21:06:29","modified_gmt":"2021-04-20T02:06:29","slug":"tras-probable-ejecucion-extrajudicial-de-opositor-a-mina-pena-colorada-exigen-que-federacion-investigue-jalisco","status":"publish","type":"post","link":"https:\/\/www.grieta.org.mx\/index.php\/2021\/04\/12\/tras-probable-ejecucion-extrajudicial-de-opositor-a-mina-pena-colorada-exigen-que-federacion-investigue-jalisco\/","title":{"rendered":"Tras probable ejecuci\u00f3n extrajudicial de opositor a mina Pe\u00f1a Colorada, exigen que federaci\u00f3n investigue (Jalisco)"},"content":{"rendered":"<p>Foto: Especial<\/p>\n<p><strong>Los denunciantes exigen que FGR atraiga el secuestro y homicidio del abogado Santos Isaac Ch\u00e1vez, ya que se presume colusi\u00f3n de autoridades, y exigen medidas cautelares con el fin de realizar elecciones<\/strong><\/p>\n<p>Texto: Lydiette Carri\u00f3n<\/p>\n<p>Fotos: Pe\u00f1a Colorada y Especial<\/p>\n<p>CIUDAD DE M\u00c9XICO.- En esta historia no se puede publicar nombres; quien se ha opuesto p\u00fablicamente ha sido desaparecido, asesinado o, en el mejor de los casos, secuestrado por algunos meses hasta que regresa destruido y torturado.<\/p>\n<p>As\u00ed es la situaci\u00f3n en la sierra de Manantl\u00e1n, en los l\u00edmites entre Jalisco y Colima y donde se encuentra Ayotitl\u00e1n,\u00a0 comunidad nahua\u2013otom\u00ed del municipio de Cuautitl\u00e1n de Garc\u00eda Barrag\u00e1n.<\/p>\n<p>El problema afecta no s\u00f3lo a aquel municipio,\u00a0 sino a toda la sierra. Inici\u00f3 desde los a\u00f1os 70 del siglo pasado, cuando una compa\u00f1\u00eda minera\u00a0 se apropi\u00f3 de varios terrenos para extraer hierro. \u201cSe quedaron con los terrenos de forma ama\u00f1ada\u201d, denuncian. \u201cY as\u00ed es desde hace 50 a\u00f1os\u201d. Se trata de una empresa con capital indio e italiano, principalmente, aunque la familia de Jos\u00e9 Antonio Meade, el excandidato presidencial, tambi\u00e9n tiene activos.<\/p>\n<p>El \u00faltimo en oponerse p\u00fablicamente fue Jos\u00e9 Santos Isaac Ch\u00e1vez, abogado, y\u00a0 quien era uno de los candidatos a presidente del comisariado del ejido de Ayotitl\u00e1n, y era el m\u00e1s firme opositor a la mina Pe\u00f1a Colorada.<\/p>\n<p>De los tres candidatos, uno es muy cercano pol\u00edticamente a la mina; el segundo trata de ser aparentemente neutral; y el tercero, Isaac Ch\u00e1vez, se opon\u00eda.<\/p>\n<p>Hay algunos indicios de que pudo tratarse de una desaparici\u00f3n forzada y ejecuci\u00f3n extrajudicial.<\/p>\n<p><strong>Probable desaparici\u00f3n forzada\u00a0<\/strong><\/p>\n<p>A su casa lleg\u00f3 un convoy de hombres embozados que dijeron ser de la procuradur\u00eda, pero no habr\u00eda forma de saber realmente si lo eran o no.\u00a0 Pero como ya lo hab\u00edan amenazado, \u00e9l opt\u00f3 por dejar de dormir en\u00a0 su casa y hacerlo en la de unos vecinos, ah\u00ed en su localidad, Telecruz en la Sierra, y desde ah\u00ed vio lo que ocurr\u00eda. Cuando los hombres amenazaron con lastimar a su esposa, Isaac sali\u00f3.<\/p>\n<p>Unos d\u00edas despu\u00e9s hallaron su cuerpo, estaba al interior de la camioneta de su propiedad,\u00a0desbarrancada. \u201cTen\u00eda huellas de tortura, y de las que comete la fiscal\u00eda\u201d, apunta su compa\u00f1ero.<\/p>\n<p>El expediente est\u00e1 incompleto y las autoridades no han hecho nada, denuncian, por eso exigen que lo atraiga la Fiscal\u00eda General de la Rep\u00fablica.<\/p>\n<p><strong>Cada tres a\u00f1os lo mismo:\u00a0secuestran o desaparecen a alguien<\/strong><\/p>\n<p>La denuncia la hace un hombre de quien protegeremos su identidad. \u00c9l narra las cosas: la mina Pe\u00f1a Colorada extrae hierro y otros minerales desde los a\u00f1os setenta del siglo pasado. Con enga\u00f1os e irregularidades las tierras de ejidatarios fueron acaparadas. Casi siempre en la regi\u00f3n los campesinos se han opuesto a la mina. Lo hacen por lo de siempre: contaminaci\u00f3n, acaparamiento del agua disponible.La mina da un dinero mensual, para subsanar los da\u00f1os. En teor\u00eda deber\u00eda llegar\u00a0a los ejidatarios, pero este nunca ha llegado a todos. \u201cSe queda en la c\u00fapula\u201d, acusan.<\/p>\n<p>Desde los a\u00f1os noventa se sum\u00f3 otro asunto: el que se opone o levanta la voz es desaparecido o asesinado, explica el entrevistado.<\/p>\n<p><em>\u2013\u00bfCada proceso es lo mismo?<\/em><\/p>\n<p>\u2013\u00a1S\u00ed! Cada tres a\u00f1os secuestran, cuando bien les va. Cuando hay m\u00e1s suerte hay los corren de la regi\u00f3n y ya despu\u00e9s sabemos que andan por Mexicali.<\/p>\n<p>Y los datos recabados por la prensa y\u00a0<a href=\"https:\/\/noalamina.org\/general\/item\/1882-zona-minera-zona-de-muerte-se-trata-de-la-comuna-de-cuautitlan-en-el-limites-de-colima-y-jalisco-mexico\">los defensores de derechos humanos<\/a>\u00a0no lo desmienten.<\/p>\n<p>Tan solo en Ayotitl\u00e1n:\u00a0 dos miembros del Consejo de Mayores de Ayotitl\u00e1n: Aristeo Flores Rol\u00f3n (2007), y Nazario Aldama Villa\u00a0 (2004), ambos conocidos activistas que se opon\u00edan a otorgar m\u00e1s territorio a la minera. Guadalupe El\u00edas, el 4 de abril de 1983;\u00a0 Abel y Jos\u00e9 Roblada, febrero de 1989; Ejecutan a Miguel Delgado, director de la polic\u00eda municipal de Cuautitl\u00e1n.<\/p>\n<p>Estos son solo algunos de Ayotitl\u00e1n, una comunidad de menos de mil personas. La historia se repite en las dem\u00e1s comunidades.<\/p>\n<p>Y todos se encuentran impunes.<\/p>\n<p>En octubre de 2012, Celedonio Monroy Prudencio, l\u00edder nahua, fue sacado de su casa por un comando similar al que se llev\u00f3 a Isaac, y jam\u00e1s lo volvieron a ver. \u201cSe lo llevaron igual que a Isaac\u201d.<\/p>\n<p>En 2013, no hubo asesinato. Pero s\u00ed hubo privaci\u00f3n ilegal de la libertad por parte de efectivos de la fiscal\u00eda estatal. Se trat\u00f3 de Gaudencio Mancilla, l\u00edder nahua, tambi\u00e9n defensor del territorio, narr\u00f3\u00a0<a href=\"https:\/\/www.ladobe.com.mx\/2013\/08\/cronica-de-tortura-en-jalisco\/\">Lado B<\/a>\u00a0en su momento. Lo acusaban de querer \u201corganizar una polic\u00eda comunitaria\u201d y portar un arma. La verdad es que la llevaba porque viv\u00eda amenazado. Hasta\u00a0<a href=\"http:\/\/www.vientodelibertad.org\/spip.php?article2513\">sentencia<\/a>\u00a0condenatoria tuvo.<\/p>\n<p>Como explica\u00a0<a href=\"https:\/\/www.ocmal.org\/no-hemos-podido-parar-a-pena-colorada-porque-detectan-a-quien-se-moviliza-y-lo-desaparecen\/\">Carlos Ruiz L\u00f3pez<\/a>\u00a0en este reportaje, Pe\u00f1a Colorada\u00a0 ha explotado las entra\u00f1as de la sierra por m\u00e1s de 45 a\u00f1os en los l\u00edmites entre Colima y Jalisco, \u201ca pesar del sinn\u00famero de denuncias por contaminaci\u00f3n, invasi\u00f3n de terrenos, v\u00ednculos con el crimen organizado y acusaciones de represi\u00f3n hacia miembros de las comunidades opositoras, defensores de derechos humanos y ecologistas\u201d.<\/p>\n<p><strong>La mina<\/strong><\/p>\n<p>Seg\u00fan las descripciones halladas en directorios empresariales, El consorcio mexicano Pe\u00f1a Colorada pertenece a las empresas ArcelorMittal\u00a0 (India) y a Ternium (italo\u2013argentina), con una participaci\u00f3n del 50% cada una. El consorcio explora y explota yacimientos ferrosos para producir pellets de mineral de hierro y concentrado de magnetita.<\/p>\n<p>El 8 de diciembre de 1967 en la Ciudad de M\u00e9xico se constituy\u00f3 el Consorcio Minero Pe\u00f1a Colorada S.A., con la participaci\u00f3n de inversiones provenientes de la iniciativa privada y del sector p\u00fablico. La empresa de econom\u00eda mixta se conform\u00f3\u00a0 de la siguiente manera:<\/p>\n<p>Gobierno federal 4.8%<\/p>\n<p>Hojalata y L\u00e1mina S. A.27.1% Capital Privado<\/p>\n<p>Tubos y Aceros de M\u00e9xico 15.7% Capital Privado<\/p>\n<p>Fundidora Monterrey 4.8% Paraestatal<\/p>\n<p>Altos Hornos de M\u00e9xico 47.6% Paraestatal<\/p>\n<p>Para los a\u00f1os noventa la empresa fue completamente privatizada. Coincide con la \u00e9poca en la que las desapariciones forzadas contra opositores, el crimen organizado, y la violencia asol\u00f3 la regi\u00f3n.<\/p>\n<p><strong>L\u00edmites territoriales entre Jalisco y Colima<\/strong><\/p>\n<p>La p\u00e1gina de la empresa asegura que la mina a cielo abierto se encuentra en Colima. Pero los campesinos acusan:\u00a0 \u201cA\u00f1o con a\u00f1o, el estado de Colima acapara tierras y parajes que originalmente correspond\u00edan a Jalisco\u201d.<\/p>\n<p>Y agrega:<\/p>\n<p>\u201cSabemos que, cartogr\u00e1ficamente, esa regi\u00f3n pertenece a Jalisco pero ante las invasiones del estado de Colima, el Senado no resuelve la situaci\u00f3n\u201d.<\/p>\n<p><em>\u2013\u00bfA qu\u00e9 atribuye esto?\u2013, se le pregunta al denunciante.<\/em><\/p>\n<p>\u2013A que la empresa minera est\u00e1 muy ligada a pol\u00edticos de Colima; de todos los colores. Patrocinan a candidatos\u2026 y en Jalisco, pues no. Sumado a ello, anteriormente, Colima ten\u00eda mucho v\u00ednculo con la organizaci\u00f3n criminal que operaba en esta zona.<\/p>\n<p>Y efectivamente, si uno teclea Pe\u00f1a Colorada y Colima, aparecen notas de sociales: acuerdos y donaciones de la mina al gobierno estatal; becas a estudiantes de Colima. Muy buenas relaciones.<\/p>\n<p>Actualmente el asunto de los l\u00edmites entre Jalisco y Colima est\u00e1 en el Senado. Pero se encuentra congelado. El caso est\u00e1 en manos del senador Ricardo Monreal.<\/p>\n<p>Pero Jalisco tampoco les ha apoyado. \u201cSe le ha pedido a Jalisco que mande elementos, que mande seguridad (y esto desde 1993), hay todav\u00eda reportajes desde 1970 que piden seguridad en esta parte. Esto es de m\u00e1s de 50, 60 a\u00f1os.\u201d<\/p>\n<p><strong>La mina pretend\u00eda su propia elecci\u00f3n agraria<\/strong><\/p>\n<p>Despu\u00e9s de la probable ejecuci\u00f3n extrajudicial de Isaac, todav\u00eda las autoridades locales pretend\u00edan realizar las elecciones. El grupo opositor a la mina ni siquiera ten\u00eda candidato, se los hab\u00edan matado. As\u00ed que un grupo busc\u00f3 al procurador estatal de la reforma agraria.<\/p>\n<p>\u201c\u00c9l nos respald\u00f3\u201d, explica el entrevistado. \u201cLa ley agraria se dice que se debe de suspender. el procurador agrario nos brind\u00f3 el apoyo y dijo que es ilegal\u201d. Ahora la gente necesita designar nuevos candidatos y asegurarse de que no los maten antes de la contienda electoral\u2026 ni despu\u00e9s.<\/p>\n<p>\u2013Por eso solicitamos medidas cautelares a la Comisi\u00f3n Nacional de Derechos Humanos. La nacional, la estatal no, hemos pedido su ayuda y no hace nada.<\/p>\n<p><em>\u2013\u00bfQu\u00e9 m\u00e1s exigen?<\/em><\/p>\n<p>\u2013Que el homicidio de Santos, hasta ahora no lo han investigado. Lo tratan como\u00a0 como cualquier\u00a0 homicidio,\u00a0 cuando \u00e9l estaba peleando las hect\u00e1reas.\u00a0 Y aparte de las hect\u00e1reas. se estaba peleando una indemnizaci\u00f3n multimillonaria.<\/p>\n<p><em>\u2013\u00bfSobre la elecci\u00f3n?<\/em><\/p>\n<p>\u2013Que nos otorguen medidas cautelares a los candidatos de la nueva mesa directiva. Evidentemente quienes vayan a ser no van a poder venir a vivir. Lo segundo que buscamos es acudir a la CNDH, porque la estatal, desde los \u00faltimos a\u00f1os, desde que lleg\u00f3 Barr\u00f3n, no hace nada. Solamente sirven para hacer minutas.<\/p>\n<p>\u201c\u00bfPuede creer que la comisi\u00f3n estatal pretend\u00eda hacer un acuerdo conciliatorio? \u00bfC\u00f3mo vamos a negociar con el CJNG o con el due\u00f1o que tiene sus oficinas en Palermo\u2013Italia?<\/p>\n<p>\u201cFinalmente, que se aperture la causa penal del homicidio de Santos y que lo atraiga la FGR en aras de que se pueda establecer la ley en esta regi\u00f3n. Pensamos que s\u00ed participaron elementos de la fiscal\u00eda del estado o la polic\u00eda municipal. Lo debe atraer la FGR. Queremos entablar un juicio contra esta empresa minera y presionar al senado.\u201d<\/p>\n<p>El entrevistado se desespera, y remata:<\/p>\n<p>\u201cDe a tiro la situaci\u00f3n es insostenible, las familias viven con miedo. Y esas son las proyecciones: o justicia o nos tendremos que armar\u201d.<\/p>\n<p><a href=\"https:\/\/piedepagina.mx\/tras-probable-ejecucion-extrajudicial-de-opositor-a-mina-pena-colorada-exigen-que-federacion-investigue\/\">https:\/\/piedepagina.mx\/tras-probable-ejecucion-extrajudicial-de-opositor-a-mina-pena-colorada-exigen-que-federacion-investigue\/<\/a><\/p>\n","protected":false},"excerpt":{"rendered":"<p>Foto: Especial Los denunciantes exigen que FGR atraiga el secuestro y homicidio del abogado Santos Isaac Ch\u00e1vez, ya que se presume colusi\u00f3n de autoridades, y exigen medidas cautelares con el &hellip; <a href=\"https:\/\/www.grieta.org.mx\/index.php\/2021\/04\/12\/tras-probable-ejecucion-extrajudicial-de-opositor-a-mina-pena-colorada-exigen-que-federacion-investigue-jalisco\/\" class=\"more-link\">Leer m\u00e1s<\/a><\/p>\n","protected":false},"author":2,"featured_media":58853,"comment_status":"closed","ping_status":"closed","sticky":false,"template":"","format":"standard","meta":{"ngg_post_thumbnail":0,"_jetpack_newsletter_access":"","_jetpack_dont_email_post_to_subs":false,"_jetpack_newsletter_tier_id":0,"_jetpack_memberships_contains_paywalled_content":false,"_jetpack_memberships_contains_paid_content":false,"footnotes":""},"categories":[80,2993,20,2],"tags":[2216,3149,3589],"class_list":["post-58852","post","type-post","status-publish","format-standard","has-post-thumbnail","hentry","category-cintillo","category-conflictos-mineros-en-jalisco","category-jalisco","category-noticias-nacionales","tag-conflictos-por-mineria","tag-lucha-contra-mineras","tag-minera-pena-colorada","entry"],"jetpack_featured_media_url":"https:\/\/www.grieta.org.mx\/wp-content\/uploads\/2021\/04\/penacolorada.jpg","jetpack_sharing_enabled":true,"jetpack_shortlink":"https:\/\/wp.me\/p7ZJR4-fje","jetpack_likes_enabled":false,"jetpack-related-posts":[{"id":65853,"url":"https:\/\/www.grieta.org.mx\/index.php\/2022\/12\/03\/interponen-denuncia-por-tala-en-ayotitlan-colima-jalisco\/","url_meta":{"origin":58852,"position":0},"title":"Interponen denuncia por tala en Ayotitl\u00e1n (Colima, Jalisco)","author":"grieta","date":"3 diciembre, 2022","format":false,"excerpt":"Imagen:\u00a0Especial Lauro Rodr\u00edguez \/ Letra Fr\u00eda Cuautitl\u00e1n de Garc\u00eda Barrag\u00e1n, Jalisco. 03 de diciembre de 2022.- (Letra Fr\u00eda)\u00a0El Observatorio Ciudadano por el Derecho Humano a la Verdad interpuso esta semana una denuncia ante la delegaci\u00f3n Jalisco de la Procuradur\u00eda Federal de Protecci\u00f3n al Ambiente (Profepa) para que investigue la tala\u2026","rel":"","context":"En &quot;CINTILLO&quot;","block_context":{"text":"CINTILLO","link":"https:\/\/www.grieta.org.mx\/index.php\/category\/cintillo\/"},"img":{"alt_text":"","src":"https:\/\/i0.wp.com\/www.grieta.org.mx\/wp-content\/uploads\/2022\/12\/minerias_ayotitlan_.webp?resize=350%2C200&ssl=1","width":350,"height":200,"srcset":"https:\/\/i0.wp.com\/www.grieta.org.mx\/wp-content\/uploads\/2022\/12\/minerias_ayotitlan_.webp?resize=350%2C200&ssl=1 1x, https:\/\/i0.wp.com\/www.grieta.org.mx\/wp-content\/uploads\/2022\/12\/minerias_ayotitlan_.webp?resize=525%2C300&ssl=1 1.5x, https:\/\/i0.wp.com\/www.grieta.org.mx\/wp-content\/uploads\/2022\/12\/minerias_ayotitlan_.webp?resize=700%2C400&ssl=1 2x"},"classes":[]},{"id":16581,"url":"https:\/\/www.grieta.org.mx\/index.php\/2016\/07\/21\/conflictos-ambientales-por-desarrollos-urbanos-en-queretaro\/","url_meta":{"origin":58852,"position":1},"title":"Conflictos ambientales por desarrollos urbanos en Quer\u00e9taro","author":"grieta","date":"21 julio, 2016","format":false,"excerpt":"21\/07\/16. Analizan ambientalistas con Calzada Mercado, tema de Pe\u00f1a Colorada AM Quer\u00e9taro 12\/07\/16. Demanda Am\u00e9rica suspender desarrollo en Pe\u00f1a Colorada Plaza de Armas 09\/07\/16. Exhortan ambientalistas a imponer sanciones por caso Pe\u00f1a Colorada AM Quer\u00e9taro 14\/08\/15. Tendr\u00edan inter\u00e9s en Pe\u00f1a Colorada AM Quer\u00e9taro 12\/08\/15. No fuimos consultados para decreto: ejidatarios\u2026","rel":"","context":"En &quot;\u00c1reas naturales protegidas&quot;","block_context":{"text":"\u00c1reas naturales protegidas","link":"https:\/\/www.grieta.org.mx\/index.php\/category\/megaproyectos\/areas-naturales-protegidas\/"},"img":{"alt_text":"","src":"https:\/\/i0.wp.com\/www.grieta.org.mx\/wp-content\/uploads\/2018\/03\/14524434_1106112876131411_958039263622046936_o.jpg?resize=350%2C200&ssl=1","width":350,"height":200,"srcset":"https:\/\/i0.wp.com\/www.grieta.org.mx\/wp-content\/uploads\/2018\/03\/14524434_1106112876131411_958039263622046936_o.jpg?resize=350%2C200&ssl=1 1x, https:\/\/i0.wp.com\/www.grieta.org.mx\/wp-content\/uploads\/2018\/03\/14524434_1106112876131411_958039263622046936_o.jpg?resize=525%2C300&ssl=1 1.5x, https:\/\/i0.wp.com\/www.grieta.org.mx\/wp-content\/uploads\/2018\/03\/14524434_1106112876131411_958039263622046936_o.jpg?resize=700%2C400&ssl=1 2x"},"classes":[]},{"id":33077,"url":"https:\/\/www.grieta.org.mx\/index.php\/2019\/05\/07\/ecologista-acusa-a-desarolladores-por-incendio-en-pena-colorada-queretaro\/","url_meta":{"origin":58852,"position":2},"title":"Ecologista acusa a desarolladores por incendio en Pe\u00f1a Colorada (Quer\u00e9taro)","author":"grieta","date":"7 mayo, 2019","format":false,"excerpt":"El fuego arras\u00f3 con 15 hect\u00e1reas y ahora podr\u00edan querer construir, dice Am\u00e9rica Vizca\u00edno Alejandro Pay\u00e1n V\u00e1zquez \/ El Diario de Quer\u00e9taro El incendio registrado la tarde del domingo en las inmediaciones de la zona protegida conocida como Pe\u00f1a Colorada podr\u00eda haber sido provocado por desarrolladores, indic\u00f3 Am\u00e9rica Vizca\u00edno Sahag\u00fan,\u2026","rel":"","context":"En &quot;CINTILLO&quot;","block_context":{"text":"CINTILLO","link":"https:\/\/www.grieta.org.mx\/index.php\/category\/cintillo\/"},"img":{"alt_text":"","src":"https:\/\/i0.wp.com\/www.grieta.org.mx\/wp-content\/uploads\/2019\/05\/q11-incendio_0.jpg?resize=350%2C200&ssl=1","width":350,"height":200,"srcset":"https:\/\/i0.wp.com\/www.grieta.org.mx\/wp-content\/uploads\/2019\/05\/q11-incendio_0.jpg?resize=350%2C200&ssl=1 1x, https:\/\/i0.wp.com\/www.grieta.org.mx\/wp-content\/uploads\/2019\/05\/q11-incendio_0.jpg?resize=525%2C300&ssl=1 1.5x"},"classes":[]},{"id":43546,"url":"https:\/\/www.grieta.org.mx\/index.php\/2020\/01\/21\/exigen-comunidades-indigenas-a-pena-colorada-frenar-tala-de-arboles-colima\/","url_meta":{"origin":58852,"position":3},"title":"Exigen comunidades ind\u00edgenas a Pe\u00f1a Colorada frenar tala de \u00e1rboles (Colima)","author":"grieta","date":"21 enero, 2020","format":false,"excerpt":"Foto: Ilustrativa Pedro Zamora Brise\u00f1o \/ Diario Avanzada Colima, M\u00e9xico, Avanzada (21\/01\/2020).- Habitantes de comunidades ind\u00edgenas de la Sierra de Manantl\u00e1n, de la franja lim\u00edtrofe de Jalisco y Colima, se movilizaron para exigir la suspensi\u00f3n de la tala de \u00e1rboles que realiza en sus bosques la minera trasnacional Pe\u00f1a Colorada,\u2026","rel":"","context":"En &quot;CINTILLO&quot;","block_context":{"text":"CINTILLO","link":"https:\/\/www.grieta.org.mx\/index.php\/category\/cintillo\/"},"img":{"alt_text":"","src":"https:\/\/i0.wp.com\/www.grieta.org.mx\/wp-content\/uploads\/2020\/01\/img_5e2cab7e13c4b.png?resize=350%2C200&ssl=1","width":350,"height":200,"srcset":"https:\/\/i0.wp.com\/www.grieta.org.mx\/wp-content\/uploads\/2020\/01\/img_5e2cab7e13c4b.png?resize=350%2C200&ssl=1 1x, https:\/\/i0.wp.com\/www.grieta.org.mx\/wp-content\/uploads\/2020\/01\/img_5e2cab7e13c4b.png?resize=525%2C300&ssl=1 1.5x"},"classes":[]},{"id":7875,"url":"https:\/\/www.grieta.org.mx\/index.php\/2015\/07\/16\/indigenas-nahuas-de-la-sierra-de-manantlan-contra-la-mineria\/","url_meta":{"origin":58852,"position":4},"title":"Ind\u00edgenas nahuas, de la Sierra de Manantl\u00e1n, contra la miner\u00eda","author":"grieta","date":"16 julio, 2015","format":false,"excerpt":"16\/07\/15. Ind\u00edgenas protestan contra cercado de terrenos para dep\u00f3sito de residuos mineralesProceso 13\/05\/15. Pe\u00f1a Colorada, acusada de desplazar asentamientos ind\u00edgenas para depositar desechos mineros #EspecialColima 3.0 03\/04\/15. Ind\u00edgenas denuncian que minera pretende despojarlos de sus tierrasProceso","rel":"","context":"En &quot;Colima&quot;","block_context":{"text":"Colima","link":"https:\/\/www.grieta.org.mx\/index.php\/category\/noticias-nacionales\/colima\/"},"img":{"alt_text":"","src":"https:\/\/i0.wp.com\/www.grieta.org.mx\/wp-content\/uploads\/2018\/03\/14524434_1106112876131411_958039263622046936_o.jpg?resize=350%2C200&ssl=1","width":350,"height":200,"srcset":"https:\/\/i0.wp.com\/www.grieta.org.mx\/wp-content\/uploads\/2018\/03\/14524434_1106112876131411_958039263622046936_o.jpg?resize=350%2C200&ssl=1 1x, https:\/\/i0.wp.com\/www.grieta.org.mx\/wp-content\/uploads\/2018\/03\/14524434_1106112876131411_958039263622046936_o.jpg?resize=525%2C300&ssl=1 1.5x, https:\/\/i0.wp.com\/www.grieta.org.mx\/wp-content\/uploads\/2018\/03\/14524434_1106112876131411_958039263622046936_o.jpg?resize=700%2C400&ssl=1 2x"},"classes":[]},{"id":62667,"url":"https:\/\/www.grieta.org.mx\/index.php\/2021\/11\/05\/indigenas-de-ayotitlan-denuncian-amenazas-jalisco\/","url_meta":{"origin":58852,"position":5},"title":"Ind\u00edgenas de Ayotitl\u00e1n denuncian amenazas (Jalisco)","author":"grieta","date":"5 noviembre, 2021","format":false,"excerpt":"Foto: Lauro Rodr\u00edguez Lauro Rodr\u00edguez \/ El Diario NTR Ind\u00edgenas de\u00a0Ayotitl\u00e1n, comunidad de Cuautitl\u00e1n de Garc\u00eda Barrag\u00e1n, denunciaron\u00a0ayer que\u00a0las amenazas de muerte y\u00a0el\u00a0despojo de tierras\u00a0en su contra\u00a0persisten. En compa\u00f1\u00eda de miembros de\u00a0la Red Jalisciense de Derechos Humanos (RJDH), se\u00f1alaron\u00a0en rueda de prensa que\u00a0la explotaci\u00f3n minera de parte de empresas transnacionales\u2026","rel":"","context":"En &quot;13. Ayotitl\u00e1n&quot;","block_context":{"text":"13. Ayotitl\u00e1n","link":"https:\/\/www.grieta.org.mx\/index.php\/category\/espejos-de-la-resistencia\/13-ayotitlan\/"},"img":{"alt_text":"","src":"https:\/\/i0.wp.com\/www.grieta.org.mx\/wp-content\/uploads\/2021\/11\/2021-11-04_10-11-23___8025.jpg?resize=350%2C200&ssl=1","width":350,"height":200,"srcset":"https:\/\/i0.wp.com\/www.grieta.org.mx\/wp-content\/uploads\/2021\/11\/2021-11-04_10-11-23___8025.jpg?resize=350%2C200&ssl=1 1x, https:\/\/i0.wp.com\/www.grieta.org.mx\/wp-content\/uploads\/2021\/11\/2021-11-04_10-11-23___8025.jpg?resize=525%2C300&ssl=1 1.5x, https:\/\/i0.wp.com\/www.grieta.org.mx\/wp-content\/uploads\/2021\/11\/2021-11-04_10-11-23___8025.jpg?resize=700%2C400&ssl=1 2x"},"classes":[]}],"_links":{"self":[{"href":"https:\/\/www.grieta.org.mx\/index.php\/wp-json\/wp\/v2\/posts\/58852","targetHints":{"allow":["GET"]}}],"collection":[{"href":"https:\/\/www.grieta.org.mx\/index.php\/wp-json\/wp\/v2\/posts"}],"about":[{"href":"https:\/\/www.grieta.org.mx\/index.php\/wp-json\/wp\/v2\/types\/post"}],"author":[{"embeddable":true,"href":"https:\/\/www.grieta.org.mx\/index.php\/wp-json\/wp\/v2\/users\/2"}],"replies":[{"embeddable":true,"href":"https:\/\/www.grieta.org.mx\/index.php\/wp-json\/wp\/v2\/comments?post=58852"}],"version-history":[{"count":1,"href":"https:\/\/www.grieta.org.mx\/index.php\/wp-json\/wp\/v2\/posts\/58852\/revisions"}],"predecessor-version":[{"id":58854,"href":"https:\/\/www.grieta.org.mx\/index.php\/wp-json\/wp\/v2\/posts\/58852\/revisions\/58854"}],"wp:featuredmedia":[{"embeddable":true,"href":"https:\/\/www.grieta.org.mx\/index.php\/wp-json\/wp\/v2\/media\/58853"}],"wp:attachment":[{"href":"https:\/\/www.grieta.org.mx\/index.php\/wp-json\/wp\/v2\/media?parent=58852"}],"wp:term":[{"taxonomy":"category","embeddable":true,"href":"https:\/\/www.grieta.org.mx\/index.php\/wp-json\/wp\/v2\/categories?post=58852"},{"taxonomy":"post_tag","embeddable":true,"href":"https:\/\/www.grieta.org.mx\/index.php\/wp-json\/wp\/v2\/tags?post=58852"}],"curies":[{"name":"wp","href":"https:\/\/api.w.org\/{rel}","templated":true}]}}