{"id":58849,"date":"2021-04-15T20:46:39","date_gmt":"2021-04-16T01:46:39","guid":{"rendered":"https:\/\/www.grieta.org.mx\/?p=58849"},"modified":"2021-04-19T20:53:18","modified_gmt":"2021-04-20T01:53:18","slug":"exigen-familias-la-localizacion-de-sus-desaparecidos-frente-a-casa-jalisco","status":"publish","type":"post","link":"https:\/\/www.grieta.org.mx\/index.php\/2021\/04\/15\/exigen-familias-la-localizacion-de-sus-desaparecidos-frente-a-casa-jalisco\/","title":{"rendered":"Exigen familias la localizaci\u00f3n de sus desaparecidos frente a Casa Jalisco"},"content":{"rendered":"<p>Foto: F\u00e1tima Aguilar<\/p>\n<p>Equipo Editorial \/ UDGTV<\/p>\n<p><strong>Un grupo de m\u00e1s de 100 familias acudieron la tarde de este jueves a Casa Jalisco<\/strong>\u00a0para evidenciar las omisiones desde la Fiscal\u00eda Estatal en la\u00a0<strong>b\u00fasqueda de sus desaparecidos<\/strong>\u00a0y exigir su localizaci\u00f3n.<\/p>\n<p>Convocados desde el colectivo Huellas de Amor, acudieron con fotograf\u00edas de sus familiares para pedirle al gobernador, Enrique Alfaro Ram\u00edrez, que se busquen con el mismo empe\u00f1o que llev\u00f3 a la localizaci\u00f3n de 12 personas durante las \u00faltimas semanas.<\/p>\n<p>Mirla Cabrera busca a su primo\u00a0<strong>Alan Javier, un joven de 26 a\u00f1os desaparecido desde el 29 de septiembre de 2020<\/strong>\u00a0y a quien han buscado por su cuenta porque la Fiscal\u00eda Estatal no les brinda avances.<\/p>\n<p><em>\u201cPorque no es justo que tengamos tantos desaparecidos, incluyendo a mi primo, Jalisco es el n\u00famero uno en desaparecidos, en fosas clandestinas y necesitamos respuestas del gobierno \u00bfqu\u00e9 est\u00e1 haciendo para que nos ayuden a encontrar a nuestros familiares? No es justo que de un d\u00eda para otro t\u00fa est\u00e1s muy tranquilo en un lugar y ya desapareciste. No, necesitamos una respuesta, necesitamos saber d\u00f3nde est\u00e1 esta gente\u201d.<\/em><\/p>\n<p>Por la manifestaci\u00f3n,\u00a0<strong>Casa Jalisco fue protegida con vallas met\u00e1licas, mismas que las familias usaron para tapizarlas con las fotograf\u00edas<\/strong>\u00a0<strong>de sus desaparecidos.<\/strong>\u00a0Despu\u00e9s se pasaron hasta la puerta de la residencia del gobernador y ah\u00ed al grito del \u201csal Alfaro\u201d tambi\u00e9n pegaron fichas de b\u00fasqueda, hasta que un grupo de mujeres de la Polic\u00eda Estatal las desaloj\u00f3 de la entrada.<\/p>\n<p>Mar\u00eda de la Luz Medina vino a manifestarse desde Los Reyes, Michoac\u00e1n, pues el 3 de enero pasado su hijo desapareci\u00f3 con una amigo cuando ven\u00edan a Arandas a comprar un carro. El \u00faltimo mensaje que tuvo de \u00e9l fue que al ingresar a La Barca, polic\u00edas los hab\u00edan detenido. En m\u00e1s de tres meses, asegura que la Fiscal\u00eda no ha salido a buscarlos a campo, a pesar de que ellos les brindaron la ubicaci\u00f3n.<\/p>\n<p><em>\u201cTuvimos estados de \u00e9l que dec\u00edan Bienvenido a La Barca Jalisco. Nos vinimos aqu\u00ed,\u00a0<strong>no nos quisieron atender el 4 de enero para que nos dijeran qu\u00e9 polic\u00edas los hab\u00edan detenido<\/strong>\u00a0y qu\u00e9 les hab\u00edan dicho, por qu\u00e9 motivo los hab\u00edan detenido y tuvimos comunicaci\u00f3n con ellos a las 11:30 que ya estaban viendo el carro, el se\u00f1or dice que nunca llegaron ah\u00ed y la \u00faltima vez fue que los hab\u00eda detenido la polic\u00eda\u201d.<\/em><\/p>\n<p>Personal de la Fiscal\u00eda Estatal se present\u00f3 en el lugar para invitarlos a que pasaran a dialogar, pero las familias lo rechazaron porque su petici\u00f3n es clara, no quieren m\u00e1s promesas, sino que la dependencia salga a buscarlos.<\/p>\n<p><a href=\"https:\/\/udgtv.com\/noticias\/exigen-familias-localizacion-de-sus-desaparecidos-casa-jalisco\/\">https:\/\/udgtv.com\/noticias\/exigen-familias-localizacion-de-sus-desaparecidos-casa-jalisco\/<\/a><\/p>\n","protected":false},"excerpt":{"rendered":"<p>Foto: F\u00e1tima Aguilar Equipo Editorial \/ UDGTV Un grupo de m\u00e1s de 100 familias acudieron la tarde de este jueves a Casa Jalisco\u00a0para evidenciar las omisiones desde la Fiscal\u00eda Estatal &hellip; <a href=\"https:\/\/www.grieta.org.mx\/index.php\/2021\/04\/15\/exigen-familias-la-localizacion-de-sus-desaparecidos-frente-a-casa-jalisco\/\" class=\"more-link\">Leer m\u00e1s<\/a><\/p>\n","protected":false},"author":2,"featured_media":58850,"comment_status":"closed","ping_status":"closed","sticky":false,"template":"","format":"standard","meta":{"ngg_post_thumbnail":0,"_jetpack_newsletter_access":"","_jetpack_dont_email_post_to_subs":false,"_jetpack_newsletter_tier_id":0,"_jetpack_memberships_contains_paywalled_content":false,"_jetpack_memberships_contains_paid_content":false,"footnotes":""},"categories":[80,87,1032,20,2,83],"tags":[1828,3018,121,1668],"class_list":["post-58849","post","type-post","status-publish","format-standard","has-post-thumbnail","hentry","category-cintillo","category-desaparecidos","category-desaparecidos-en-jalisco","category-jalisco","category-noticias-nacionales","category-temas-nacionales","tag-busqueda-de-desaparecidos","tag-colectivos-de-busqueda-de-desaparecidos","tag-desaparecidos","tag-familiares-de-desaparecidos","entry"],"jetpack_featured_media_url":"https:\/\/www.grieta.org.mx\/wp-content\/uploads\/2021\/04\/Manifestacion-Fatima-Aguilar-696x521-1.jpeg","jetpack_sharing_enabled":true,"jetpack_shortlink":"https:\/\/wp.me\/p7ZJR4-fjb","jetpack_likes_enabled":false,"jetpack-related-posts":[{"id":49366,"url":"https:\/\/www.grieta.org.mx\/index.php\/2020\/05\/09\/madres-de-desaparecidos-se-manifestaron-para-exigir-su-localizacion-jalisco\/","url_meta":{"origin":58849,"position":0},"title":"Madres de desaparecidos se manifestaron para exigir su localizaci\u00f3n (Jalisco)","author":"grieta","date":"9 mayo, 2020","format":false,"excerpt":"Foto: Cortes\u00eda Fundej Elizabeth Ibal \/ El Occidental Para decenas de mujeres no hay nada qu\u00e9 festejar en este D\u00eda de las Madres, ya que sus hijos les fueron arrebatados y hasta ahora nada se sabe de su paradero. Para que su causa no sea olvidada, madres de familia de\u2026","rel":"","context":"En &quot;CINTILLO&quot;","block_context":{"text":"CINTILLO","link":"https:\/\/www.grieta.org.mx\/index.php\/category\/cintillo\/"},"img":{"alt_text":"","src":"https:\/\/i0.wp.com\/www.grieta.org.mx\/wp-content\/uploads\/2020\/05\/Madres-de-manifestaci%C3%B3n.jpg?resize=350%2C200&ssl=1","width":350,"height":200,"srcset":"https:\/\/i0.wp.com\/www.grieta.org.mx\/wp-content\/uploads\/2020\/05\/Madres-de-manifestaci%C3%B3n.jpg?resize=350%2C200&ssl=1 1x, https:\/\/i0.wp.com\/www.grieta.org.mx\/wp-content\/uploads\/2020\/05\/Madres-de-manifestaci%C3%B3n.jpg?resize=525%2C300&ssl=1 1.5x, https:\/\/i0.wp.com\/www.grieta.org.mx\/wp-content\/uploads\/2020\/05\/Madres-de-manifestaci%C3%B3n.jpg?resize=700%2C400&ssl=1 2x"},"classes":[]},{"id":67195,"url":"https:\/\/www.grieta.org.mx\/index.php\/2023\/07\/18\/jalisco-en-una-fosa-miles-de-personas-marchan-en-jalisco-exigiendo-el-fin-de-las-desapariciones-y-la-continuidad-de-las-busquedas-jalisco\/","url_meta":{"origin":58849,"position":1},"title":"&#8220;Jalisco es una fosa&#8221;, miles de personas marchan en Jalisco exigiendo el fin de las desapariciones y la continuidad de las b\u00fasquedas (Jalisco)","author":"grieta","date":"18 julio, 2023","format":false,"excerpt":"Imangen: Shiebi AL Colectivos de b\u00fasqueda de personas desaparecidas de Jalisco realizaron una mega marcha para demandar que la b\u00fasqueda de personas desaparecidas, esto tras el anuncio que el gobernador, Enrique Alfaro, hiciera tras el ataque que cobrara la vida de seis personas que acudieron a un\u00a0b\u00fasqueda en campo; adem\u00e1s\u2026","rel":"","context":"En &quot;CINTILLO&quot;","block_context":{"text":"CINTILLO","link":"https:\/\/www.grieta.org.mx\/index.php\/category\/cintillo\/"},"img":{"alt_text":"","src":"https:\/\/i0.wp.com\/www.grieta.org.mx\/wp-content\/uploads\/2023\/07\/IMG_9135-1536x901-1.jpg?resize=350%2C200&ssl=1","width":350,"height":200,"srcset":"https:\/\/i0.wp.com\/www.grieta.org.mx\/wp-content\/uploads\/2023\/07\/IMG_9135-1536x901-1.jpg?resize=350%2C200&ssl=1 1x, https:\/\/i0.wp.com\/www.grieta.org.mx\/wp-content\/uploads\/2023\/07\/IMG_9135-1536x901-1.jpg?resize=525%2C300&ssl=1 1.5x, https:\/\/i0.wp.com\/www.grieta.org.mx\/wp-content\/uploads\/2023\/07\/IMG_9135-1536x901-1.jpg?resize=700%2C400&ssl=1 2x, https:\/\/i0.wp.com\/www.grieta.org.mx\/wp-content\/uploads\/2023\/07\/IMG_9135-1536x901-1.jpg?resize=1050%2C600&ssl=1 3x, https:\/\/i0.wp.com\/www.grieta.org.mx\/wp-content\/uploads\/2023\/07\/IMG_9135-1536x901-1.jpg?resize=1400%2C800&ssl=1 4x"},"classes":[]},{"id":71951,"url":"https:\/\/www.grieta.org.mx\/index.php\/2025\/07\/03\/sospecha-red-de-desaparecidos-de-colima-que-en-jalisco-se-encuentran-sus-familiares\/","url_meta":{"origin":58849,"position":2},"title":"Sospecha Red de Desaparecidos de Colima que en Jalisco se encuentran sus familiares","author":"grieta","date":"3 julio, 2025","format":false,"excerpt":"Imagen: Tomada de Redes Sociales C\u00e9sar Barrera \/ El Comentario, Colima a\u00a0Red de Desaparecidos del Estado de Colima\u00a0expres\u00f3 su preocupaci\u00f3n por la posibilidad de que\u00a0personas desaparecidas\u00a0en territorio colimense est\u00e9n siendo trasladadas a Jalisco, estado al que apuntan diversos indicios recabados por integrantes del colectivo. Blanca Estela Ram\u00edrez, vocera de la\u2026","rel":"","context":"En &quot;CINTILLO&quot;","block_context":{"text":"CINTILLO","link":"https:\/\/www.grieta.org.mx\/index.php\/category\/cintillo\/"},"img":{"alt_text":"","src":"https:\/\/i0.wp.com\/www.grieta.org.mx\/wp-content\/uploads\/2025\/07\/desaparecidos.webp?resize=350%2C200&ssl=1","width":350,"height":200,"srcset":"https:\/\/i0.wp.com\/www.grieta.org.mx\/wp-content\/uploads\/2025\/07\/desaparecidos.webp?resize=350%2C200&ssl=1 1x, https:\/\/i0.wp.com\/www.grieta.org.mx\/wp-content\/uploads\/2025\/07\/desaparecidos.webp?resize=525%2C300&ssl=1 1.5x, https:\/\/i0.wp.com\/www.grieta.org.mx\/wp-content\/uploads\/2025\/07\/desaparecidos.webp?resize=700%2C400&ssl=1 2x"},"classes":[]},{"id":60398,"url":"https:\/\/www.grieta.org.mx\/index.php\/2021\/07\/06\/familias-de-colima-recorren-jalisco-buscando-a-sus-desaparecidos\/","url_meta":{"origin":58849,"position":3},"title":"Familias de Colima recorren Jalisco buscando a sus desaparecidos","author":"grieta","date":"6 julio, 2021","format":false,"excerpt":"Foto:\u00a0 Diario Avanzada Heidi de Le\u00f3n Guti\u00e9rrez \/ Diario Avanzada Colima, M\u00e9xico, Avanzada (06\/07\/2021).- Integrantes de la Red de Personas Desaparecidas en Colima se encuentran en Jalisco para buscar a sus familiares \u00a0en hospitales, albergues,\u00a0 centros penitenciarios \u00a0y en distintos puntos de esa entidad como parte de la Jornada Nacional\u2026","rel":"","context":"En &quot;CINTILLO&quot;","block_context":{"text":"CINTILLO","link":"https:\/\/www.grieta.org.mx\/index.php\/category\/cintillo\/"},"img":{"alt_text":"","src":"https:\/\/i0.wp.com\/www.grieta.org.mx\/wp-content\/uploads\/2021\/07\/Des.png?resize=350%2C200&ssl=1","width":350,"height":200},"classes":[]},{"id":51093,"url":"https:\/\/www.grieta.org.mx\/index.php\/2020\/06\/18\/familiares-y-amigos-continuan-busqueda-de-desaparecidos-en-chapala-jalisco\/","url_meta":{"origin":58849,"position":4},"title":"Familiares y amigos contin\u00faan b\u00fasqueda de desaparecidos en Chapala (Jalisco)","author":"grieta","date":"18 junio, 2020","format":false,"excerpt":"Foto: Pablo Toledo Pablo Toledo \/ UDGTV Familiares y amigos de personas desaparecidas en el municipio de Chapala contin\u00faan en la b\u00fasqueda incansable de sus seres queridos.\u00a0En esta ocasi\u00f3n realizaron una rueda de prensa en el municipio ribere\u00f1o para dar a conocer que pese a ya haber encontrado a algunos\u2026","rel":"","context":"En &quot;CINTILLO&quot;","block_context":{"text":"CINTILLO","link":"https:\/\/www.grieta.org.mx\/index.php\/category\/cintillo\/"},"img":{"alt_text":"","src":"https:\/\/i0.wp.com\/www.grieta.org.mx\/wp-content\/uploads\/2020\/06\/Desaparecidos-Pablo-Toledo-1-696x394.jpeg?resize=350%2C200&ssl=1","width":350,"height":200,"srcset":"https:\/\/i0.wp.com\/www.grieta.org.mx\/wp-content\/uploads\/2020\/06\/Desaparecidos-Pablo-Toledo-1-696x394.jpeg?resize=350%2C200&ssl=1 1x, https:\/\/i0.wp.com\/www.grieta.org.mx\/wp-content\/uploads\/2020\/06\/Desaparecidos-Pablo-Toledo-1-696x394.jpeg?resize=525%2C300&ssl=1 1.5x"},"classes":[]},{"id":71015,"url":"https:\/\/www.grieta.org.mx\/index.php\/2025\/02\/13\/familias-colocan-carteles-de-busqueda-en-zapopan-para-visibilizar-a-sus-desaparecidos-jalisco\/","url_meta":{"origin":58849,"position":5},"title":"Familias colocan carteles de b\u00fasqueda en Zapopan para visibilizar a sus desaparecidos (Jalisco)","author":"grieta","date":"13 febrero, 2025","format":false,"excerpt":"Imagen: Somos El Medio Redacci\u00f3n \/ Somos El Medio Zapopan, Jalisco, 13 de febrero 2025.-\u00a0 Con el objetivo de mantener viva la memoria de sus seres queridos y exigir justicia, integrantes del Colectivo Luz de Esperanza realizaron la intervenci\u00f3n\u00a0\u201cVentanas de Esperanza\u201d\u00a0este jueves en el Parque Villa Fantas\u00eda de Zapopan. En\u2026","rel":"","context":"En &quot;CINTILLO&quot;","block_context":{"text":"CINTILLO","link":"https:\/\/www.grieta.org.mx\/index.php\/category\/cintillo\/"},"img":{"alt_text":"","src":"https:\/\/i0.wp.com\/www.grieta.org.mx\/wp-content\/uploads\/2025\/02\/479517367_945272564446087_1865366007512027755_n.jpg?resize=350%2C200&ssl=1","width":350,"height":200,"srcset":"https:\/\/i0.wp.com\/www.grieta.org.mx\/wp-content\/uploads\/2025\/02\/479517367_945272564446087_1865366007512027755_n.jpg?resize=350%2C200&ssl=1 1x, https:\/\/i0.wp.com\/www.grieta.org.mx\/wp-content\/uploads\/2025\/02\/479517367_945272564446087_1865366007512027755_n.jpg?resize=525%2C300&ssl=1 1.5x, https:\/\/i0.wp.com\/www.grieta.org.mx\/wp-content\/uploads\/2025\/02\/479517367_945272564446087_1865366007512027755_n.jpg?resize=700%2C400&ssl=1 2x, https:\/\/i0.wp.com\/www.grieta.org.mx\/wp-content\/uploads\/2025\/02\/479517367_945272564446087_1865366007512027755_n.jpg?resize=1050%2C600&ssl=1 3x"},"classes":[]}],"_links":{"self":[{"href":"https:\/\/www.grieta.org.mx\/index.php\/wp-json\/wp\/v2\/posts\/58849","targetHints":{"allow":["GET"]}}],"collection":[{"href":"https:\/\/www.grieta.org.mx\/index.php\/wp-json\/wp\/v2\/posts"}],"about":[{"href":"https:\/\/www.grieta.org.mx\/index.php\/wp-json\/wp\/v2\/types\/post"}],"author":[{"embeddable":true,"href":"https:\/\/www.grieta.org.mx\/index.php\/wp-json\/wp\/v2\/users\/2"}],"replies":[{"embeddable":true,"href":"https:\/\/www.grieta.org.mx\/index.php\/wp-json\/wp\/v2\/comments?post=58849"}],"version-history":[{"count":1,"href":"https:\/\/www.grieta.org.mx\/index.php\/wp-json\/wp\/v2\/posts\/58849\/revisions"}],"predecessor-version":[{"id":58851,"href":"https:\/\/www.grieta.org.mx\/index.php\/wp-json\/wp\/v2\/posts\/58849\/revisions\/58851"}],"wp:featuredmedia":[{"embeddable":true,"href":"https:\/\/www.grieta.org.mx\/index.php\/wp-json\/wp\/v2\/media\/58850"}],"wp:attachment":[{"href":"https:\/\/www.grieta.org.mx\/index.php\/wp-json\/wp\/v2\/media?parent=58849"}],"wp:term":[{"taxonomy":"category","embeddable":true,"href":"https:\/\/www.grieta.org.mx\/index.php\/wp-json\/wp\/v2\/categories?post=58849"},{"taxonomy":"post_tag","embeddable":true,"href":"https:\/\/www.grieta.org.mx\/index.php\/wp-json\/wp\/v2\/tags?post=58849"}],"curies":[{"name":"wp","href":"https:\/\/api.w.org\/{rel}","templated":true}]}}