{"id":58825,"date":"2021-04-12T18:35:42","date_gmt":"2021-04-12T23:35:42","guid":{"rendered":"https:\/\/www.grieta.org.mx\/?p=58825"},"modified":"2021-04-19T18:43:39","modified_gmt":"2021-04-19T23:43:39","slug":"mas-de-40-dias-sin-agua-en-jardines-vallarta-denuncian-vecinos-jalisco","status":"publish","type":"post","link":"https:\/\/www.grieta.org.mx\/index.php\/2021\/04\/12\/mas-de-40-dias-sin-agua-en-jardines-vallarta-denuncian-vecinos-jalisco\/","title":{"rendered":"M\u00e1s de 40 d\u00edas sin agua en Jardines Vallarta, denuncian vecinos (Jalisco)"},"content":{"rendered":"<p>Foto: Jorge Alberto Mendoza<\/p>\n<p>Jorge Alberto Mendoza \/ El Diario NTR<\/p>\n<p>Vecinos de la colonia Jardines Vallarta, en Zapopan, tienen m\u00e1s de 40 d\u00edas continuos sin recibir una sola gota de agua en sus hogares, debido al estiaje.<\/p>\n<p>Cansados de no contar con agua potable desde hace 40 d\u00edas, advierten que bloquear\u00e1n calles importantes como calzada L\u00e1zaro C\u00e1rdenas y avenida Patria, si las autoridades no les brindan una pronta soluci\u00f3n.<\/p>\n<p>Los vecinos de Jardines Vallarta culparon del desabasto de agua potable a la mala planeaci\u00f3n y torpe previsi\u00f3n del gobierno para realizar el acuaf\u00e9rico.<\/p>\n<p>Aseguran que debido a la escasez durante estos largos periodos, y en los que destacan no han gozado en ninguna ocasi\u00f3n del tandeo, algunos vecinos de manera individual han gastado de sus bolsillos entre 6 mil hasta 10 mil pesos en pipas de agua potable, ya que solicitar las pipas gratis que proporciona el Sistema Intermunicipal de los Servicios de Agua Potable y Alcantarillado (Siapa) es una labor tediosa e ineficaz.<\/p>\n<p>Detallaron que una vez que las pipas son solicitadas v\u00eda telef\u00f3nica, lo \u00fanico que hacen es proporcionar in\u00fatiles folios, y a los hogares nunca llegan las pipas.<\/p>\n<p>Salvador Due\u00f1as, presidente de colonos del fraccionamiento Jardines Vallarta, se\u00f1al\u00f3 en entrevista para NTR, que por la pandemia de Covid-19, los m\u00e1s afectados son las personas de la tercera edad que habitan ah\u00ed, que son la mayor\u00eda, pues son colonias de muchos a\u00f1os.<\/p>\n<p>Recordar que el pasado 9 de abril, el director del Siapa, Carlos Torres Lugo, asegur\u00f3 que la Zona Metropolitana de Guadalajara hab\u00eda recuperado su equilibrio en un 75 por ciento en su red hidr\u00e1ulica y que 90 por ciento de las colonias ya ten\u00edan el servicio de manera constante, todo esto cuando las obras del acuaf\u00e9rico presentan un avance de 99 por ciento.<\/p>\n<p><a href=\"https:\/\/www.ntrguadalajara.com\/post.php?id_nota=164858\">https:\/\/www.ntrguadalajara.com\/post.php?id_nota=164858<\/a><\/p>\n","protected":false},"excerpt":{"rendered":"<p>Foto: Jorge Alberto Mendoza Jorge Alberto Mendoza \/ El Diario NTR Vecinos de la colonia Jardines Vallarta, en Zapopan, tienen m\u00e1s de 40 d\u00edas continuos sin recibir una sola gota &hellip; <a href=\"https:\/\/www.grieta.org.mx\/index.php\/2021\/04\/12\/mas-de-40-dias-sin-agua-en-jardines-vallarta-denuncian-vecinos-jalisco\/\" class=\"more-link\">Leer m\u00e1s<\/a><\/p>\n","protected":false},"author":2,"featured_media":58827,"comment_status":"closed","ping_status":"closed","sticky":false,"template":"","format":"standard","meta":{"ngg_post_thumbnail":0,"_jetpack_newsletter_access":"","_jetpack_dont_email_post_to_subs":false,"_jetpack_newsletter_tier_id":0,"_jetpack_memberships_contains_paywalled_content":false,"_jetpack_memberships_contains_paid_content":false,"footnotes":""},"categories":[914,20,2,2342,83],"tags":[2403,1558,1120],"class_list":["post-58825","post","type-post","status-publish","format-standard","has-post-thumbnail","hentry","category-privatizacion-del-agua","category-jalisco","category-noticias-nacionales","category-privatizacion-del-agua-en-jalisco","category-temas-nacionales","tag-crisis-del-agua","tag-desabasto-de-agua","tag-falta-de-agua","entry"],"jetpack_featured_media_url":"https:\/\/www.grieta.org.mx\/wp-content\/uploads\/2021\/04\/2021-04-12_02-04-36___3030.jpg","jetpack_sharing_enabled":true,"jetpack_shortlink":"https:\/\/wp.me\/p7ZJR4-fiN","jetpack_likes_enabled":false,"jetpack-related-posts":[{"id":62414,"url":"https:\/\/www.grieta.org.mx\/index.php\/2021\/10\/11\/padecen-falta-de-agua-en-la-colonia-las-aguilas-jalisco\/","url_meta":{"origin":58825,"position":0},"title":"Padecen falta de agua en la colonia Las \u00c1guilas (Jalisco)","author":"grieta","date":"11 octubre, 2021","format":false,"excerpt":"Foto: Jorge Alberto Mendoza Edgar Flores \/ El Diario NTR Vecinos de la colonia Las \u00c1guilas, en Zapopan, denunciaron que desde hace\u00a015 d\u00edas no cuentan con\u00a0el servicio de\u00a0agua potable. Aunque la escasez\u00a0no es generalizada, s\u00ed afecta a decenas de colonos, quienes acusaron que\u00a0el servicio se les suspendi\u00f3\u00a0sin previo aviso. \u201cNo\u2026","rel":"","context":"En &quot;CINTILLO&quot;","block_context":{"text":"CINTILLO","link":"https:\/\/www.grieta.org.mx\/index.php\/category\/cintillo\/"},"img":{"alt_text":"","src":"https:\/\/i0.wp.com\/www.grieta.org.mx\/wp-content\/uploads\/2021\/10\/2021-10-10_09-10-28___5376.jpg?resize=350%2C200&ssl=1","width":350,"height":200,"srcset":"https:\/\/i0.wp.com\/www.grieta.org.mx\/wp-content\/uploads\/2021\/10\/2021-10-10_09-10-28___5376.jpg?resize=350%2C200&ssl=1 1x, https:\/\/i0.wp.com\/www.grieta.org.mx\/wp-content\/uploads\/2021\/10\/2021-10-10_09-10-28___5376.jpg?resize=525%2C300&ssl=1 1.5x, https:\/\/i0.wp.com\/www.grieta.org.mx\/wp-content\/uploads\/2021\/10\/2021-10-10_09-10-28___5376.jpg?resize=700%2C400&ssl=1 2x"},"classes":[]},{"id":58145,"url":"https:\/\/www.grieta.org.mx\/index.php\/2021\/04\/03\/vecinos-de-lomas-de-tabachines-y-agua-fria-ya-presentan-problemas-de-salud-como-diarrea-y-temperatura-por-falta-de-agua-en-zapopan-varias-colonias-mas-afectadas-jalisco\/","url_meta":{"origin":58825,"position":1},"title":"Vecinos de Lomas de Tabachines y Agua Fr\u00eda ya presentan problemas de salud como diarrea y temperatura por falta de agua en Zapopan, varias colonias m\u00e1s afectadas (Jalisco)","author":"grieta","date":"3 abril, 2021","format":false,"excerpt":"Foto: Jorge Alberto Mendoza Jorge Alberto Mendoza \/ El Diario NTR Desde hace m\u00e1s de un mes, habitantes de Lomas de Tabachines, Agua Fr\u00eda y otras colonias del norte de Zapopan padecen un calvario por los cortes de agua potable. Vecinos narraron a NTR Guadalajara que la falta de agua\u2026","rel":"","context":"En &quot;CINTILLO&quot;","block_context":{"text":"CINTILLO","link":"https:\/\/www.grieta.org.mx\/index.php\/category\/cintillo\/"},"img":{"alt_text":"","src":"https:\/\/i0.wp.com\/www.grieta.org.mx\/wp-content\/uploads\/2021\/04\/2021-04-02_09-04-26___3889.jpg?resize=350%2C200&ssl=1","width":350,"height":200,"srcset":"https:\/\/i0.wp.com\/www.grieta.org.mx\/wp-content\/uploads\/2021\/04\/2021-04-02_09-04-26___3889.jpg?resize=350%2C200&ssl=1 1x, https:\/\/i0.wp.com\/www.grieta.org.mx\/wp-content\/uploads\/2021\/04\/2021-04-02_09-04-26___3889.jpg?resize=525%2C300&ssl=1 1.5x, https:\/\/i0.wp.com\/www.grieta.org.mx\/wp-content\/uploads\/2021\/04\/2021-04-02_09-04-26___3889.jpg?resize=700%2C400&ssl=1 2x"},"classes":[]},{"id":59407,"url":"https:\/\/www.grieta.org.mx\/index.php\/2021\/05\/14\/vecinos-de-tabachines-suman-30-horas-con-toma-de-pozo-denuncian-altos-cobros-y-desabasto-de-agua-jalisco\/","url_meta":{"origin":58825,"position":2},"title":"Vecinos de Tabachines suman 30 horas con toma de pozo, denuncian altos cobros y desabasto de agua (Jalisco)","author":"grieta","date":"14 mayo, 2021","format":false,"excerpt":"Foto: Edgar Flores Edgar Flores \/ El Diario NTR Mantienen vecinos de Tabachines, plant\u00f3n en pozo de agua. Ya son casi 30 horas de protesta, y acusan falta de soluciones por parte del director del Sistema Intermunicipal de los Servicios de Agua Potable y Alcantarillado (Siapa), Carlos Enrique Torres Lugo.\u2026","rel":"","context":"En &quot;CINTILLO&quot;","block_context":{"text":"CINTILLO","link":"https:\/\/www.grieta.org.mx\/index.php\/category\/cintillo\/"},"img":{"alt_text":"","src":"https:\/\/i0.wp.com\/www.grieta.org.mx\/wp-content\/uploads\/2021\/05\/2021-05-14_06-05-07___1052-e1621283364314.jpg?resize=350%2C200&ssl=1","width":350,"height":200,"srcset":"https:\/\/i0.wp.com\/www.grieta.org.mx\/wp-content\/uploads\/2021\/05\/2021-05-14_06-05-07___1052-e1621283364314.jpg?resize=350%2C200&ssl=1 1x, https:\/\/i0.wp.com\/www.grieta.org.mx\/wp-content\/uploads\/2021\/05\/2021-05-14_06-05-07___1052-e1621283364314.jpg?resize=525%2C300&ssl=1 1.5x, https:\/\/i0.wp.com\/www.grieta.org.mx\/wp-content\/uploads\/2021\/05\/2021-05-14_06-05-07___1052-e1621283364314.jpg?resize=700%2C400&ssl=1 2x"},"classes":[]},{"id":58488,"url":"https:\/\/www.grieta.org.mx\/index.php\/2021\/04\/10\/siapa-defiende-modelo-de-tandeos-ciudadanos-reclaman-que-los-dichos-son-completamente-falsos\/","url_meta":{"origin":58825,"position":3},"title":"Siapa defiende modelo de tandeos; ciudadanos reclaman que los dichos son completamente falsos (Jalisco)","author":"grieta","date":"10 abril, 2021","format":false,"excerpt":"Foto: Jorge Alberto Mendoza Lauro Rodr\u00edguez \/ El Diario NTR El Sistema Intermunicipal de los Servicios de Agua Potable y Alcantarillado (Siapa) defendi\u00f3 la estrategia de tandeos en rueda de prensa. Asegur\u00f3 que se ha cumplido en las 214 colonias que tienen los bautizados como \u201cservicios rotativos\u201d a trav\u00e9s de\u2026","rel":"","context":"En &quot;CINTILLO&quot;","block_context":{"text":"CINTILLO","link":"https:\/\/www.grieta.org.mx\/index.php\/category\/cintillo\/"},"img":{"alt_text":"","src":"https:\/\/i0.wp.com\/www.grieta.org.mx\/wp-content\/uploads\/2021\/04\/2021-04-10_02-04-07___9962.jpg?resize=350%2C200&ssl=1","width":350,"height":200,"srcset":"https:\/\/i0.wp.com\/www.grieta.org.mx\/wp-content\/uploads\/2021\/04\/2021-04-10_02-04-07___9962.jpg?resize=350%2C200&ssl=1 1x, https:\/\/i0.wp.com\/www.grieta.org.mx\/wp-content\/uploads\/2021\/04\/2021-04-10_02-04-07___9962.jpg?resize=525%2C300&ssl=1 1.5x, https:\/\/i0.wp.com\/www.grieta.org.mx\/wp-content\/uploads\/2021\/04\/2021-04-10_02-04-07___9962.jpg?resize=700%2C400&ssl=1 2x"},"classes":[]},{"id":53623,"url":"https:\/\/www.grieta.org.mx\/index.php\/2020\/09\/16\/vecinos-de-rancho-blanco-llevan-seis-dias-sin-agua-jalisco\/","url_meta":{"origin":58825,"position":4},"title":"Vecinos de Rancho Blanco llevan seis d\u00edas sin agua (Jalisco)","author":"grieta","date":"16 septiembre, 2020","format":false,"excerpt":"Foto: Especial Lauro Rodr\u00edguez \/ El Diario NTR A la fecha\u00a0a\u00fan no se sabe\u00a0el porqu\u00e9 del desabasto,\u00a0ya que las cuadrillas del Sistema Intermunicipal de los Servicios de Agua Potable y Alcantarillado (Siapa) no han encontrado el problema pese a que solo es una cuadra de afectaci\u00f3n. Los habitantes del lugar\u2026","rel":"","context":"En &quot;CINTILLO&quot;","block_context":{"text":"CINTILLO","link":"https:\/\/www.grieta.org.mx\/index.php\/category\/cintillo\/"},"img":{"alt_text":"","src":"https:\/\/i0.wp.com\/www.grieta.org.mx\/wp-content\/uploads\/2020\/09\/2020-09-15_10-09-52___5677.jpg?resize=350%2C200&ssl=1","width":350,"height":200,"srcset":"https:\/\/i0.wp.com\/www.grieta.org.mx\/wp-content\/uploads\/2020\/09\/2020-09-15_10-09-52___5677.jpg?resize=350%2C200&ssl=1 1x, https:\/\/i0.wp.com\/www.grieta.org.mx\/wp-content\/uploads\/2020\/09\/2020-09-15_10-09-52___5677.jpg?resize=525%2C300&ssl=1 1.5x, https:\/\/i0.wp.com\/www.grieta.org.mx\/wp-content\/uploads\/2020\/09\/2020-09-15_10-09-52___5677.jpg?resize=700%2C400&ssl=1 2x"},"classes":[]},{"id":57991,"url":"https:\/\/www.grieta.org.mx\/index.php\/2021\/03\/22\/se-manifiestan-por-falta-de-agua-desde-hace-mes-y-medio-jalisco\/","url_meta":{"origin":58825,"position":5},"title":"Se manifiestan por falta de agua desde hace mes y medio (Jalisco)","author":"grieta","date":"22 marzo, 2021","format":false,"excerpt":"Foto: Francisco Rodr\u00edguez \/ El Occidental Viridiana Saavedra \/ El Occidental Personas que desde hace casi mes y medio no tienen agua, se manifestaron afuera de las oficinas del Sistema Intermunicipal de los Servicios de Agua Potable y Alcantarillado (Siapa), para exigir que les otorguen el servicio a trav\u00e9s de\u2026","rel":"","context":"En &quot;CINTILLO&quot;","block_context":{"text":"CINTILLO","link":"https:\/\/www.grieta.org.mx\/index.php\/category\/cintillo\/"},"img":{"alt_text":"","src":"https:\/\/i0.wp.com\/www.grieta.org.mx\/wp-content\/uploads\/2021\/03\/Agua-2.jpeg?resize=350%2C200&ssl=1","width":350,"height":200,"srcset":"https:\/\/i0.wp.com\/www.grieta.org.mx\/wp-content\/uploads\/2021\/03\/Agua-2.jpeg?resize=350%2C200&ssl=1 1x, https:\/\/i0.wp.com\/www.grieta.org.mx\/wp-content\/uploads\/2021\/03\/Agua-2.jpeg?resize=525%2C300&ssl=1 1.5x, https:\/\/i0.wp.com\/www.grieta.org.mx\/wp-content\/uploads\/2021\/03\/Agua-2.jpeg?resize=700%2C400&ssl=1 2x"},"classes":[]}],"_links":{"self":[{"href":"https:\/\/www.grieta.org.mx\/index.php\/wp-json\/wp\/v2\/posts\/58825","targetHints":{"allow":["GET"]}}],"collection":[{"href":"https:\/\/www.grieta.org.mx\/index.php\/wp-json\/wp\/v2\/posts"}],"about":[{"href":"https:\/\/www.grieta.org.mx\/index.php\/wp-json\/wp\/v2\/types\/post"}],"author":[{"embeddable":true,"href":"https:\/\/www.grieta.org.mx\/index.php\/wp-json\/wp\/v2\/users\/2"}],"replies":[{"embeddable":true,"href":"https:\/\/www.grieta.org.mx\/index.php\/wp-json\/wp\/v2\/comments?post=58825"}],"version-history":[{"count":1,"href":"https:\/\/www.grieta.org.mx\/index.php\/wp-json\/wp\/v2\/posts\/58825\/revisions"}],"predecessor-version":[{"id":58828,"href":"https:\/\/www.grieta.org.mx\/index.php\/wp-json\/wp\/v2\/posts\/58825\/revisions\/58828"}],"wp:featuredmedia":[{"embeddable":true,"href":"https:\/\/www.grieta.org.mx\/index.php\/wp-json\/wp\/v2\/media\/58827"}],"wp:attachment":[{"href":"https:\/\/www.grieta.org.mx\/index.php\/wp-json\/wp\/v2\/media?parent=58825"}],"wp:term":[{"taxonomy":"category","embeddable":true,"href":"https:\/\/www.grieta.org.mx\/index.php\/wp-json\/wp\/v2\/categories?post=58825"},{"taxonomy":"post_tag","embeddable":true,"href":"https:\/\/www.grieta.org.mx\/index.php\/wp-json\/wp\/v2\/tags?post=58825"}],"curies":[{"name":"wp","href":"https:\/\/api.w.org\/{rel}","templated":true}]}}