{"id":58797,"date":"2021-04-15T20:48:56","date_gmt":"2021-04-16T01:48:56","guid":{"rendered":"https:\/\/www.grieta.org.mx\/?p=58797"},"modified":"2021-04-16T20:54:59","modified_gmt":"2021-04-17T01:54:59","slug":"aumenta-el-numero-de-migrantes-en-aguascalientes-y-desapariciones-en-la-frontera","status":"publish","type":"post","link":"https:\/\/www.grieta.org.mx\/index.php\/2021\/04\/15\/aumenta-el-numero-de-migrantes-en-aguascalientes-y-desapariciones-en-la-frontera\/","title":{"rendered":"AUMENTA EL N\u00daMERO DE MIGRANTES EN AGUASCALIENTES Y DESAPARICIONES EN LA FRONTERA"},"content":{"rendered":"<p>Gabriel Soriano\/La Jornada Aguascalientes<br \/>\n15 abril 2021<\/p>\n<blockquote><p>Hay 70% m\u00e1s de flujo de migrantes en Aguascalientes<br \/>\nEstos \u00faltimos meses se han presentado m\u00e1s casos de desaparecidos acompa\u00f1ados por Asociaci\u00f3n de Brazos Unidos con Fronteras Hermanas<\/p><\/blockquote>\n<p>Ha aumentado en un setenta por ciento el flujo de migrantes aguascalentenses que buscan ingresar a Estados Unidos de forma ilegal. Tambi\u00e9n ha aumentado el n\u00famero de secuestros y desapariciones en migrantes.<\/p>\n<p>El flujo migratorio hacia Estados Unidos ha sido una constante desde hace d\u00e9cadas, tan solo en el 2019 eran 60 millones de latinos los que habitaban dicho pa\u00eds. Seg\u00fan el \u00faltimo Censo de Poblaci\u00f3n y Vivienda del Instituto de Estad\u00edstica y Geograf\u00eda (Inegi) en el pa\u00eds 21 millones 611 mil 963 personas emigraron a otro pa\u00eds, 4 millones m\u00e1s de los censados en el 2000.<\/p>\n<p>La presidente de la Asociaci\u00f3n Brazos Unidos con Fronteras Hermanas, Leticia Castillo Renter\u00eda, inform\u00f3 que durante los primeros tres meses del a\u00f1o ha aumentado en un setenta por ciento el n\u00famero de personas aguascalentense que buscan cruzar la frontera de forma ilegal y recibiendo abusos por parte de los polleros.<\/p>\n<p>Lament\u00f3 que tambi\u00e9n haya aumentado \u00faltimamente los casos de desaparici\u00f3n y secuestros en las fronteras. Detall\u00f3 el caso de unas migrantes que actualmente est\u00e1n desaparecidas quienes pagaron grandes cantidades a quienes les prometieron ayudarlos a cruzar la frontera, pero ahora se est\u00e1n desaparecidos: \u201cAhorita tengo unas personas desaparecidas, creo que est\u00e1n secuestradas porque ya la patrulla fronteriza hizo varios rondines y no ha encontrado alg\u00fan indicio. Ahora ha aumentado la desaparici\u00f3n de las personas, aunque esta situaci\u00f3n ha sido una constante durante varios a\u00f1os\u201d.<\/p>\n<p>Resalt\u00f3 que la presencia de los c\u00e1rteles ha agravado la inseguridad en los estados fronterizos e incluso especul\u00f3 que muchos de los desaparecidos podr\u00edan terminar trabajando entre sus filas.<\/p>\n<p><a href=\"https:\/\/www.lja.mx\/2021\/04\/aumenta-el-numero-de-migrantes-en-aguascalientes-y-desapariciones-en-la-frontera\/\" rel=\"noopener\" target=\"_blank\">https:\/\/www.lja.mx\/2021\/04\/aumenta-el-numero-de-migrantes-en-aguascalientes-y-desapariciones-en-la-frontera\/<\/a><\/p>\n","protected":false},"excerpt":{"rendered":"<p>Gabriel Soriano\/La Jornada Aguascalientes 15 abril 2021 Hay 70% m\u00e1s de flujo de migrantes en Aguascalientes Estos \u00faltimos meses se han presentado m\u00e1s casos de desaparecidos acompa\u00f1ados por Asociaci\u00f3n de &hellip; <a href=\"https:\/\/www.grieta.org.mx\/index.php\/2021\/04\/15\/aumenta-el-numero-de-migrantes-en-aguascalientes-y-desapariciones-en-la-frontera\/\" class=\"more-link\">Leer m\u00e1s<\/a><\/p>\n","protected":false},"author":2,"featured_media":58799,"comment_status":"closed","ping_status":"closed","sticky":false,"template":"","format":"standard","meta":{"ngg_post_thumbnail":0,"_jetpack_newsletter_access":"","_jetpack_dont_email_post_to_subs":false,"_jetpack_newsletter_tier_id":0,"_jetpack_memberships_contains_paywalled_content":false,"_jetpack_memberships_contains_paid_content":false,"footnotes":""},"categories":[4,80,86,1188,2,83],"tags":[1410,158,2417,1397],"class_list":["post-58797","post","type-post","status-publish","format-standard","has-post-thumbnail","hentry","category-aguascalientes","category-cintillo","category-migrantes","category-migrantes-en-aguascalientes","category-noticias-nacionales","category-temas-nacionales","tag-abusos-contra-migrantes","tag-migrantes","tag-migrantes-desaparecidos","tag-violacion-de-derechos-de-migrantes","entry"],"jetpack_featured_media_url":"https:\/\/www.grieta.org.mx\/wp-content\/uploads\/2021\/04\/migrantes-madre.jpg","jetpack_sharing_enabled":true,"jetpack_shortlink":"https:\/\/wp.me\/p7ZJR4-fil","jetpack_likes_enabled":false,"jetpack-related-posts":[{"id":44379,"url":"https:\/\/www.grieta.org.mx\/index.php\/2020\/02\/02\/baja-flujo-migrante-por-aguascalientes-hasta-en-un-50-por-ciento-cardona\/","url_meta":{"origin":58797,"position":0},"title":"Baja flujo migrante por Aguascalientes hasta en un 50 por ciento: Cardona","author":"grieta","date":"2 febrero, 2020","format":false,"excerpt":"Gilberto Valdez\/El Clarinete 2 febrero 2020 Aguascalientes, Ags.- El reforzamiento en las pol\u00edticas migratorias ha ocasionado una disminuci\u00f3n en cuanto al flujo de personas coment\u00f3 Xicotencatl Cardona Campos, director de la Casa del Migrante de Aguascalientes. \u201cYa no hay la misma recepci\u00f3n. Nosotros en Casa Migrante seguimos atendiendo a los\u2026","rel":"","context":"En &quot;Aguascalientes&quot;","block_context":{"text":"Aguascalientes","link":"https:\/\/www.grieta.org.mx\/index.php\/category\/noticias-nacionales\/aguascalientes\/"},"img":{"alt_text":"","src":"https:\/\/i0.wp.com\/www.grieta.org.mx\/wp-content\/uploads\/2020\/02\/migrantes-35.jpg?resize=350%2C200&ssl=1","width":350,"height":200,"srcset":"https:\/\/i0.wp.com\/www.grieta.org.mx\/wp-content\/uploads\/2020\/02\/migrantes-35.jpg?resize=350%2C200&ssl=1 1x, https:\/\/i0.wp.com\/www.grieta.org.mx\/wp-content\/uploads\/2020\/02\/migrantes-35.jpg?resize=525%2C300&ssl=1 1.5x"},"classes":[]},{"id":65606,"url":"https:\/\/www.grieta.org.mx\/index.php\/2022\/10\/18\/incrementa-hasta-500-por-ciento-llegada-de-migrantes-a-aguascalientes\/","url_meta":{"origin":58797,"position":1},"title":"Incrementa hasta 500 por ciento llegada de migrantes a Aguascalientes","author":"grieta","date":"18 octubre, 2022","format":false,"excerpt":"Juan Pablo Garc\u00eda\/El Heraldo de M\u00e9xico 18 octubre 2022 El a\u00f1o pasado se tuvo una importante llegada de personas indocumentadas a nuestro estado y se espera que en estos meses incremente la cifra, por lo que es necesario que se cuente con un albergue m\u00e1s grande para migrantes de paso,\u2026","rel":"","context":"En &quot;Aguascalientes&quot;","block_context":{"text":"Aguascalientes","link":"https:\/\/www.grieta.org.mx\/index.php\/category\/noticias-nacionales\/aguascalientes\/"},"img":{"alt_text":"","src":"https:\/\/i0.wp.com\/www.grieta.org.mx\/wp-content\/uploads\/2022\/10\/f960x540-598099_672174_0.jpg?resize=350%2C200&ssl=1","width":350,"height":200,"srcset":"https:\/\/i0.wp.com\/www.grieta.org.mx\/wp-content\/uploads\/2022\/10\/f960x540-598099_672174_0.jpg?resize=350%2C200&ssl=1 1x, https:\/\/i0.wp.com\/www.grieta.org.mx\/wp-content\/uploads\/2022\/10\/f960x540-598099_672174_0.jpg?resize=525%2C300&ssl=1 1.5x, https:\/\/i0.wp.com\/www.grieta.org.mx\/wp-content\/uploads\/2022\/10\/f960x540-598099_672174_0.jpg?resize=700%2C400&ssl=1 2x"},"classes":[]},{"id":35025,"url":"https:\/\/www.grieta.org.mx\/index.php\/2019\/06\/18\/escala-detencion-de-los-migrantes\/","url_meta":{"origin":58797,"position":2},"title":"Escala detenci\u00f3n de los migrantes","author":"grieta","date":"18 junio, 2019","format":false,"excerpt":"Tom\u00e1s D\u00e1valos Olvera\/El Sol del Centro Aumenta la detenci\u00f3n de migrantes en Aguascalientes, seg\u00fan estad\u00edsticas publicadas por la Unidad de Pol\u00edtica Migratoria adscrita a la Secretar\u00eda de Gobernaci\u00f3n Aumenta la detenci\u00f3n de migrantes en Aguascalientes, seg\u00fan estad\u00edsticas publicadas por la Unidad de Pol\u00edtica Migratoria adscrita a la Secretar\u00eda de Gobernaci\u00f3n,\u2026","rel":"","context":"En &quot;Aguascalientes&quot;","block_context":{"text":"Aguascalientes","link":"https:\/\/www.grieta.org.mx\/index.php\/category\/noticias-nacionales\/aguascalientes\/"},"img":{"alt_text":"","src":"https:\/\/i0.wp.com\/www.grieta.org.mx\/wp-content\/uploads\/2019\/06\/Migrantes.jpg?resize=350%2C200&ssl=1","width":350,"height":200,"srcset":"https:\/\/i0.wp.com\/www.grieta.org.mx\/wp-content\/uploads\/2019\/06\/Migrantes.jpg?resize=350%2C200&ssl=1 1x, https:\/\/i0.wp.com\/www.grieta.org.mx\/wp-content\/uploads\/2019\/06\/Migrantes.jpg?resize=525%2C300&ssl=1 1.5x, https:\/\/i0.wp.com\/www.grieta.org.mx\/wp-content\/uploads\/2019\/06\/Migrantes.jpg?resize=700%2C400&ssl=1 2x"},"classes":[]},{"id":24735,"url":"https:\/\/www.grieta.org.mx\/index.php\/2018\/07\/16\/muertes-y-desapariciones-de-migrantes-hacia-estados-unidos-2014-2018\/","url_meta":{"origin":58797,"position":3},"title":"Muertes y desapariciones de migrantes hacia Estados Unidos, 2014-2018","author":"grieta","date":"16 julio, 2018","format":false,"excerpt":"Para esta edici\u00f3n de la Revista, miembros del colectivo GeoComunes elaboraron un mapa que contrasta con el mapa del Mediterr\u00e1neo Aquellos que no cruzaron, y refleja la tragedia de los migrantes que fallecen al cruzar el territorio mexicano rumbo a Estados Unidos. Muertes y desapariciones de migrantes en tr\u00e1nsito hacia\u2026","rel":"","context":"En &quot;CINTILLO&quot;","block_context":{"text":"CINTILLO","link":"https:\/\/www.grieta.org.mx\/index.php\/category\/cintillo\/"},"img":{"alt_text":"","src":"https:\/\/i0.wp.com\/www.grieta.org.mx\/wp-content\/uploads\/2018\/07\/b0d1d98d-3b1c-48c5-9569-bff45b17801a.jpg?resize=350%2C200&ssl=1","width":350,"height":200,"srcset":"https:\/\/i0.wp.com\/www.grieta.org.mx\/wp-content\/uploads\/2018\/07\/b0d1d98d-3b1c-48c5-9569-bff45b17801a.jpg?resize=350%2C200&ssl=1 1x, https:\/\/i0.wp.com\/www.grieta.org.mx\/wp-content\/uploads\/2018\/07\/b0d1d98d-3b1c-48c5-9569-bff45b17801a.jpg?resize=525%2C300&ssl=1 1.5x, https:\/\/i0.wp.com\/www.grieta.org.mx\/wp-content\/uploads\/2018\/07\/b0d1d98d-3b1c-48c5-9569-bff45b17801a.jpg?resize=700%2C400&ssl=1 2x, https:\/\/i0.wp.com\/www.grieta.org.mx\/wp-content\/uploads\/2018\/07\/b0d1d98d-3b1c-48c5-9569-bff45b17801a.jpg?resize=1050%2C600&ssl=1 3x, https:\/\/i0.wp.com\/www.grieta.org.mx\/wp-content\/uploads\/2018\/07\/b0d1d98d-3b1c-48c5-9569-bff45b17801a.jpg?resize=1400%2C800&ssl=1 4x"},"classes":[]},{"id":36478,"url":"https:\/\/www.grieta.org.mx\/index.php\/2019\/07\/12\/flujo-migratorio-no-cesa-en-el-sur-de-veracruz-pese-a-los-operativos\/","url_meta":{"origin":58797,"position":4},"title":"Flujo migratorio no cesa en el sur de Veracruz, pese a los operativos","author":"grieta","date":"12 julio, 2019","format":false,"excerpt":"Noem\u00ed Garc\u00eda \/ Imagen del Golfo A pesar de los operativos que se han implementado en la frontera sur de M\u00e9xico, para contener el flujo migratorio hacia Estados Unidos, durante esta semana aument\u00f3 la presencia de adolescentes e incluso familias completas procedentes de otros pa\u00edses de Centroam\u00e9rica por este municipio.\u2026","rel":"","context":"En &quot;Caravana de poblaciones migrantes en Veracruz&quot;","block_context":{"text":"Caravana de poblaciones migrantes en Veracruz","link":"https:\/\/www.grieta.org.mx\/index.php\/category\/noticias-nacionales\/veracruz\/caravana-de-poblaciones-migrantes-en-veracruz\/"},"img":{"alt_text":"","src":"https:\/\/i0.wp.com\/www.grieta.org.mx\/wp-content\/uploads\/2019\/07\/568752_d.jpg?resize=350%2C200&ssl=1","width":350,"height":200,"srcset":"https:\/\/i0.wp.com\/www.grieta.org.mx\/wp-content\/uploads\/2019\/07\/568752_d.jpg?resize=350%2C200&ssl=1 1x, https:\/\/i0.wp.com\/www.grieta.org.mx\/wp-content\/uploads\/2019\/07\/568752_d.jpg?resize=525%2C300&ssl=1 1.5x"},"classes":[]},{"id":33071,"url":"https:\/\/www.grieta.org.mx\/index.php\/2019\/01\/24\/flujo-constante-de-migrantes-en-tequisquiapan-queretaro\/","url_meta":{"origin":58797,"position":5},"title":"Flujo constante de migrantes en Tequisquiapan (Quer\u00e9taro)","author":"grieta","date":"24 enero, 2019","format":false,"excerpt":"Rosal\u00eda Nieves Rosas \/ El Sol de San Juan del R\u00edo TEQUISQUIAPAN, QRO.- El presidente de la Estancia del Migrante Gonz\u00e1lez y Mart\u00ednez A.C., Mart\u00edn Mart\u00ednez R\u00edos, dio a conocer que el flujo migratorio de Centroam\u00e9rica por Tequisquiapan se mantiene en continuo aumento, por lo que se prev\u00e9 cerrar enero\u2026","rel":"","context":"En &quot;CINTILLO&quot;","block_context":{"text":"CINTILLO","link":"https:\/\/www.grieta.org.mx\/index.php\/category\/cintillo\/"},"img":{"alt_text":"","src":"https:\/\/i0.wp.com\/www.grieta.org.mx\/wp-content\/uploads\/2019\/05\/Migrantes-Caravana-Migrante-CDMX-_RAL1383-1160x700.jpg?resize=350%2C200&ssl=1","width":350,"height":200,"srcset":"https:\/\/i0.wp.com\/www.grieta.org.mx\/wp-content\/uploads\/2019\/05\/Migrantes-Caravana-Migrante-CDMX-_RAL1383-1160x700.jpg?resize=350%2C200&ssl=1 1x, https:\/\/i0.wp.com\/www.grieta.org.mx\/wp-content\/uploads\/2019\/05\/Migrantes-Caravana-Migrante-CDMX-_RAL1383-1160x700.jpg?resize=525%2C300&ssl=1 1.5x, https:\/\/i0.wp.com\/www.grieta.org.mx\/wp-content\/uploads\/2019\/05\/Migrantes-Caravana-Migrante-CDMX-_RAL1383-1160x700.jpg?resize=700%2C400&ssl=1 2x, https:\/\/i0.wp.com\/www.grieta.org.mx\/wp-content\/uploads\/2019\/05\/Migrantes-Caravana-Migrante-CDMX-_RAL1383-1160x700.jpg?resize=1050%2C600&ssl=1 3x"},"classes":[]}],"_links":{"self":[{"href":"https:\/\/www.grieta.org.mx\/index.php\/wp-json\/wp\/v2\/posts\/58797","targetHints":{"allow":["GET"]}}],"collection":[{"href":"https:\/\/www.grieta.org.mx\/index.php\/wp-json\/wp\/v2\/posts"}],"about":[{"href":"https:\/\/www.grieta.org.mx\/index.php\/wp-json\/wp\/v2\/types\/post"}],"author":[{"embeddable":true,"href":"https:\/\/www.grieta.org.mx\/index.php\/wp-json\/wp\/v2\/users\/2"}],"replies":[{"embeddable":true,"href":"https:\/\/www.grieta.org.mx\/index.php\/wp-json\/wp\/v2\/comments?post=58797"}],"version-history":[{"count":1,"href":"https:\/\/www.grieta.org.mx\/index.php\/wp-json\/wp\/v2\/posts\/58797\/revisions"}],"predecessor-version":[{"id":58800,"href":"https:\/\/www.grieta.org.mx\/index.php\/wp-json\/wp\/v2\/posts\/58797\/revisions\/58800"}],"wp:featuredmedia":[{"embeddable":true,"href":"https:\/\/www.grieta.org.mx\/index.php\/wp-json\/wp\/v2\/media\/58799"}],"wp:attachment":[{"href":"https:\/\/www.grieta.org.mx\/index.php\/wp-json\/wp\/v2\/media?parent=58797"}],"wp:term":[{"taxonomy":"category","embeddable":true,"href":"https:\/\/www.grieta.org.mx\/index.php\/wp-json\/wp\/v2\/categories?post=58797"},{"taxonomy":"post_tag","embeddable":true,"href":"https:\/\/www.grieta.org.mx\/index.php\/wp-json\/wp\/v2\/tags?post=58797"}],"curies":[{"name":"wp","href":"https:\/\/api.w.org\/{rel}","templated":true}]}}