{"id":58730,"date":"2020-06-10T18:09:04","date_gmt":"2020-06-10T23:09:04","guid":{"rendered":"https:\/\/www.grieta.org.mx\/?p=58730"},"modified":"2021-04-14T18:23:51","modified_gmt":"2021-04-14T23:23:51","slug":"sayula-el-tren-transistmico-y-las-fracturas-territoriales","status":"publish","type":"post","link":"https:\/\/www.grieta.org.mx\/index.php\/2020\/06\/10\/sayula-el-tren-transistmico-y-las-fracturas-territoriales\/","title":{"rendered":"Sayula, el tren trans\u00edstmico y las fracturas territoriales"},"content":{"rendered":"<p>A la memoria de T\u00edoBad, rapero, <\/p>\n<p>defensor del territorio a trav\u00e9s del Nixtamal<\/p>\n<p>la colectividad y la lengua sayulteca. <\/p>\n<p>Escena A: Siete hombres blancos con camisas blancas ondean siete banderas de tono rojo quemado frente a la estaci\u00f3n de tren Medias Aguas. Una estaci\u00f3n reluciente, parece nueva, aunque en la pared dice 1910. <\/p>\n<p>Escena B: Dos obreros de chalecos amarillos atornillan los rieles a las v\u00edas ferroviarias. A los costados, hacen un remache de tornillos gigantes en el suelo con un instrumento met\u00e1lico que mide el largo de sus piernas.<\/p>\n<p>Estas escenas son un mundo distinto al que viv\u00ed cuando fui a la estaci\u00f3n de Medias Aguas a conocer por donde pasa el tren. En esa regi\u00f3n realic\u00e9 una investigaci\u00f3n junto con el rapero T\u00edoBad, originario de Sayula de Alem\u00e1n. En 2017, fuimos a corroborar que en las zonas donde llegaron los proyectos de desarrollo, la lengua sayulteca que hablan los habitantes de este municipio en la zona del Istmo Veracruzano, a la entrada de la Sierra de Santa Marta, ha sido desplazada.<\/p>\n<p>En aquel entonces, la estaci\u00f3n estaba derruida. Con sus techos de l\u00e1mina de asbesto resquebrajados. Era un caj\u00f3n oscuro. Un lugar olvidado. Apestoso. A sus alrededores las v\u00edas estaban escondidas entre matorrales. Los durmientes de las v\u00edas se ve\u00eda picados, viejos, los rieles oxidados.  <\/p>\n<p>Las escenas A y B son una yuxtaposici\u00f3n de im\u00e1genes de lo que el gobierno de la 4T mostr\u00f3 como el arranque de la Rehabilitaci\u00f3n de la v\u00eda del Ferrocarril del Istmo de Tehuantepec, parte del proyecto Corredor Interoce\u00e1nico. Este proyecto que desde antes de Porfirio D\u00edaz, muchos han so\u00f1ado. Medias Aguas se volvi\u00f3 un punto estrat\u00e9gico, pues es el lugar que conecta el norte con el este y el oeste, desde el sur.<\/p>\n<p>Al estar ah\u00ed caminamos por las v\u00edas. Platicamos con las personas que pasaban cerca. El 97% del territorio de Sayula de Alem\u00e1n es rural. La mayor urbanizaci\u00f3n est\u00e1 en la cabecera, y en esta zona que sol\u00eda ser la estaci\u00f3n del Ferrocarril Nacional de Tehuantepec. Aunque parec\u00eda sola, los comercios ya no abr\u00eda pues el tren no siempre se deten\u00eda ah\u00ed.<\/p>\n<p>La mayor\u00eda de las personas que viven en Medias Aguas son familias de trabajadores ferroviarios que desde hace un siglo llegaron ah\u00ed por empleo, desde los constructores de las v\u00edas hasta los conductores de trenes, pasando por quienes daban mantenimiento a los trenes o a la estaci\u00f3n.<\/p>\n<p>Esta fue la primera zona de comercio de Sayula. Pero su asentamiento provoc\u00f3 que el territorio dividiera la organizaci\u00f3n originaria del pueblo Mixe Popoluca, la cual ten\u00eda 4 barrios principales en su organizaci\u00f3n social. La entrada del tren comenz\u00f3 a desplazar las actividades tradicionales, el uso de la ropa original de manta, los oficios, la organizaci\u00f3n de los 4 barrios originarios (visto como un cuerpo con Cabeza y extremidades). <\/p>\n<p>En la investigaci\u00f3n concluimos que el tren provoc\u00f3 la primera fractura en el territorio de Sayula el desgarramiento de su tejido social. No solo por la entrada de personas externas a la comunidad sino porque el comercio que lo acompa\u00f1\u00f3 dividi\u00f3 las relaciones entre las personas. A la estaci\u00f3n de tren solo pod\u00eda asistir quien tuviese dinero, hablara espa\u00f1ol y no fuera indio. <\/p>\n<p>La antrop\u00f3loga Calixta Guiteras da cuenta del paso del ferrocarril en el municipio en los a\u00f1os 50 y documenta la urbanizaci\u00f3n que se expande en torno suyo, su estaci\u00f3n y sus v\u00edas. Los efectos que provoc\u00f3 el tren en Sayula pueden observarse en las divisiones que gener\u00f3 al interior del pueblo.<\/p>\n<p>La geograf\u00eda nacida del trazo ferroviario es impuesta, no tiene nada que ver con la organizaci\u00f3n propia de la cultura ancestral mixe popoluca. El tren atraves\u00f3 el territorio y modific\u00f3 las rutinas, el modo de organizaci\u00f3n, la l\u00f3gica en la que se comunicaba y transportaba la gente. Esto precipit\u00f3 el desplazamiento de la lengua. Esto se exacerb\u00f3 con la construcci\u00f3n de la carretera trans\u00edstmica (con el pretexto del desarrollo, el progreso y el nacionalismo) en el sexenio de Miguel Alem\u00e1n,  originario de este municipio que porta su nombre. <\/p>\n<p>La carretera reemplaz\u00f3 al tren, que luego qued\u00f3 solo para carga. La carretera es ahora el epicentro del tr\u00e1nsito de cualquier cosa que cruza la regi\u00f3n del Istmo. Pasan tr\u00e1ilers interminablemente d\u00eda y noche. T\u00edoBad y yo contamos los trailers durante horas y perdimos la cuenta. Pasa de todo, camiones cargados de cerdos, pilase doble remolque y sospechosos contenedores negros. <\/p>\n<p>El deseo de transportar todo tipo de mercanc\u00edas a trav\u00e9s de esa ruta viene de hace m\u00e1s de un siglo. Fue parte del proyecto de Porfirio D\u00edaz, a quien AMLO cit\u00f3 en la remodelada estaci\u00f3n de Medias Aguas, durante el banderazo que dio en plena pandemia. Lo hizo, con todas las contradicciones que conlleva el que el Presidente, quien tanto alarde hace de Madero y la Revoluci\u00f3n Mexicana, reivindique lo que busc\u00f3 un dictador.<\/p>\n<p>Se trata de un proyecto que todos los gobiernos neoliberales intentaron imponer. Ir\u00f3nicamente, AMLO est\u00e1 logrando lo que ellos no pudieron hacer, con todas las contradicciones que conlleva el que el presidente se desmarque del periodo neoliberal pero reproduzca todos sus atropellos. <\/p>\n<p>El transporte de mercanc\u00edas entre el Golfo de M\u00e9xico y el Oc\u00e9ano Pac\u00edfico es un sue\u00f1o de larga data. Estaba presente cuando Benito Ju\u00e1rez firm\u00f3 con Estados Unidos el acuerdo McLane-Ocampo. Tambi\u00e9n cuando Gustavo D\u00edaz Ordaz intent\u00f3 impulsar el transporte de carga entre oc\u00e9anos; en su sexenio construyeron la planta petroqu\u00edmica Pajaritos en Coatzacoalcos.<\/p>\n<p>En esa lista de so\u00f1adores est\u00e1 Luis Echeverr\u00eda. Tambi\u00e9n Jos\u00e9 L\u00f3pez Portillo, quien ech\u00f3 a andar el plan Alfa-Omega. En su sexenio inaugur\u00f3 la planta petroqu\u00edmica Cangrejera y la Refiner\u00eda de Salina Cruz. Tambi\u00e9n Miguel de la Madrid, quien le entr\u00f3 desde la parte energ\u00e9tica. <\/p>\n<p>Ya m\u00e1s recientemente, en la lista de so\u00f1adores se apunt\u00f3 Ernesto Zedillo, con el Programa Integral de Desarrollo Econ\u00f3mico para el Istmo de Tehuantepec. Ya desde 1997 el EZLN protest\u00f3 en contra de este proyecto (por si no le quedaba claro al presidente que hay personas que defienden el territorio desde mucho antes) y public\u00f3 \u201cSiete piezas sueltas del rompecabezas mundial\u201d, un comunicado donde analiza la propuesta zedillista: \u201cEl resultado previsible de estos proyectos ser\u00e1, entre otros, la fragmentaci\u00f3n de M\u00e9xico (separando al sureste del resto del pa\u00eds). Adem\u00e1s, y ya que de guerras hablamos, los proyectos tienen implicaciones contrainsurgentes\u201d, escribi\u00f3 el subcomandante Marcos.<\/p>\n<p>En la lista de so\u00f1adores no pod\u00eda faltar Vicente Fox ,que lo impuls\u00f3 desde el Plan Puebla Panam\u00e1. Y Felipe Calder\u00f3n, que anunci\u00f3 en 2007 el Sistema Log\u00edstico del Istmo, que le abri\u00f3 cancha a Enrique Pe\u00f1a Nieto con el Plan Istmo Puerta de Am\u00e9rica y el seguimiento de este plan a trav\u00e9s de las Zonas Econ\u00f3micas Exclusivas anunciadas en 2006. (Esta historia se puede consultar con detalles aqu\u00ed)<\/p>\n<p>Sayula de Alem\u00e1n est\u00e1 amenazada por fracking, \u00bfacaso dijo algo el presidente sobre esto ahora en su visita? Nada, ni una sola palabra. Tampoco de lo fracturado que est\u00e1 este pueblo ind\u00edgena azotado por la violencia del narcotr\u00e1fico, donde asesinan a quien se atreve a alzar la voz contra el crimen, contra el despojo y contra la desindigenizaci\u00f3n, la opresi\u00f3n, la desaparici\u00f3n de una cultura, como la mixe popoluca o sayulteca. Ah\u00ed fue asesinado T\u00edoBad sin ver su sue\u00f1o de escuchar a su pueblo hablar la lengua sayulteca.<\/p>\n<p><a href=\"https:\/\/piedepagina.mx\/sayula-el-tren-transistmico-y-las-fracturas-territoriales\/\" rel=\"noopener\" target=\"_blank\">https:\/\/piedepagina.mx\/sayula-el-tren-transistmico-y-las-fracturas-territoriales\/<\/a><\/p>\n","protected":false},"excerpt":{"rendered":"<p>A la memoria de T\u00edoBad, rapero, defensor del territorio a trav\u00e9s del Nixtamal la colectividad y la lengua sayulteca. Escena A: Siete hombres blancos con camisas blancas ondean siete banderas &hellip; <a href=\"https:\/\/www.grieta.org.mx\/index.php\/2020\/06\/10\/sayula-el-tren-transistmico-y-las-fracturas-territoriales\/\" class=\"more-link\">Leer m\u00e1s<\/a><\/p>\n","protected":false},"author":1,"featured_media":58731,"comment_status":"closed","ping_status":"closed","sticky":false,"template":"","format":"standard","meta":{"ngg_post_thumbnail":0,"_jetpack_newsletter_access":"","_jetpack_dont_email_post_to_subs":false,"_jetpack_newsletter_tier_id":0,"_jetpack_memberships_contains_paywalled_content":false,"_jetpack_memberships_contains_paid_content":false,"footnotes":""},"categories":[3054,3,2,35],"tags":[3614,3055,3056],"class_list":["post-58730","post","type-post","status-publish","format-standard","has-post-thumbnail","hentry","category-corredeor-transistmico-en-veracruz","category-megaproyectos","category-noticias-nacionales","category-veracruz","tag-corredor-interoceanico","tag-tio-bad","tag-transistmico","entry"],"jetpack_featured_media_url":"https:\/\/www.grieta.org.mx\/wp-content\/uploads\/2021\/04\/Screenshot_2021-04-14-Sayula-el-tren-transistmico-y-las-fracturas-territoriales-Pie-de-Pagina.png","jetpack_sharing_enabled":true,"jetpack_shortlink":"https:\/\/wp.me\/p7ZJR4-fhg","jetpack_likes_enabled":false,"jetpack-related-posts":[{"id":66161,"url":"https:\/\/www.grieta.org.mx\/index.php\/2023\/01\/26\/tren-transistmico-dos-anos-sin-que-nadie-mitigue-los-danos-al-ambiente-que-deja-este-megaproyecto-en-oaxaca\/","url_meta":{"origin":58730,"position":0},"title":"Tren Trans\u00edstmico: Dos a\u00f1os sin que nadie mitigue los da\u00f1os al ambiente que deja este megaproyecto en Oaxaca","author":"grieta","date":"26 enero, 2023","format":false,"excerpt":"Imagen: Especial Alberto L\u00f3pez Morales \/ EL Universal Juchit\u00e1n.\u2013 En los trabajos de modernizaci\u00f3n de las\u00a0v\u00edas del Tren Trans\u00edstmico\u00a0que iniciaron en junio de 2020, la\u00a0flora y fauna end\u00e9mica\u00a0ha sido afectada por los cortes de curvas, construcci\u00f3n de puentes y apertura de brechas para el acceso de maquinaria y camiones que\u2026","rel":"","context":"En &quot;CINTILLO&quot;","block_context":{"text":"CINTILLO","link":"https:\/\/www.grieta.org.mx\/index.php\/category\/cintillo\/"},"img":{"alt_text":"","src":"https:\/\/i0.wp.com\/www.grieta.org.mx\/wp-content\/uploads\/2023\/01\/tren-transistmico-mitigar-impacto-ambiental-oaxaca.jpeg?resize=350%2C200&ssl=1","width":350,"height":200,"srcset":"https:\/\/i0.wp.com\/www.grieta.org.mx\/wp-content\/uploads\/2023\/01\/tren-transistmico-mitigar-impacto-ambiental-oaxaca.jpeg?resize=350%2C200&ssl=1 1x, https:\/\/i0.wp.com\/www.grieta.org.mx\/wp-content\/uploads\/2023\/01\/tren-transistmico-mitigar-impacto-ambiental-oaxaca.jpeg?resize=525%2C300&ssl=1 1.5x, https:\/\/i0.wp.com\/www.grieta.org.mx\/wp-content\/uploads\/2023\/01\/tren-transistmico-mitigar-impacto-ambiental-oaxaca.jpeg?resize=700%2C400&ssl=1 2x, https:\/\/i0.wp.com\/www.grieta.org.mx\/wp-content\/uploads\/2023\/01\/tren-transistmico-mitigar-impacto-ambiental-oaxaca.jpeg?resize=1050%2C600&ssl=1 3x"},"classes":[]},{"id":66158,"url":"https:\/\/www.grieta.org.mx\/index.php\/2023\/01\/28\/campesinos-de-oaxaca-denuncian-intimidacion-de-marinos-para-permitir-obras-del-transistmico-en-sus-tierras\/","url_meta":{"origin":58730,"position":1},"title":"Campesinos de Oaxaca denuncian intimidaci\u00f3n de marinos para permitir obras del Trans\u00edstmico en sus tierras","author":"grieta","date":"28 enero, 2023","format":false,"excerpt":"Imagen: Especial Alberto L\u00f3pez \/ El Unievrsal Juchit\u00e1n.\u2013 Pobladores de Estaci\u00f3n Sarabia, que pertenece al municipio de San Juan Guichicovi, protestan este s\u00e1bado contra las constantes \u201cincursiones intimidatorias\u201d que realizan\u00a0marinos de la Armada de M\u00e9xico, en sus tierras ejidales para apoyar a los trabajadores de la\u00a0empresa La Peninsular. Con un\u2026","rel":"","context":"En &quot;CINTILLO&quot;","block_context":{"text":"CINTILLO","link":"https:\/\/www.grieta.org.mx\/index.php\/category\/cintillo\/"},"img":{"alt_text":"","src":"https:\/\/i0.wp.com\/www.grieta.org.mx\/wp-content\/uploads\/2023\/01\/campesinos-oaxaca-denuncian-intimidacion-marinos-transistmico_optimized.jpeg?resize=350%2C200&ssl=1","width":350,"height":200,"srcset":"https:\/\/i0.wp.com\/www.grieta.org.mx\/wp-content\/uploads\/2023\/01\/campesinos-oaxaca-denuncian-intimidacion-marinos-transistmico_optimized.jpeg?resize=350%2C200&ssl=1 1x, https:\/\/i0.wp.com\/www.grieta.org.mx\/wp-content\/uploads\/2023\/01\/campesinos-oaxaca-denuncian-intimidacion-marinos-transistmico_optimized.jpeg?resize=525%2C300&ssl=1 1.5x, https:\/\/i0.wp.com\/www.grieta.org.mx\/wp-content\/uploads\/2023\/01\/campesinos-oaxaca-denuncian-intimidacion-marinos-transistmico_optimized.jpeg?resize=700%2C400&ssl=1 2x, https:\/\/i0.wp.com\/www.grieta.org.mx\/wp-content\/uploads\/2023\/01\/campesinos-oaxaca-denuncian-intimidacion-marinos-transistmico_optimized.jpeg?resize=1050%2C600&ssl=1 3x"},"classes":[]},{"id":44028,"url":"https:\/\/www.grieta.org.mx\/index.php\/2020\/01\/19\/revela-semarnat-tramo-4-del-corredor-interoceanico-del-istmo-de-tehuantepec-veracruz\/","url_meta":{"origin":58730,"position":2},"title":"Revela SEMARNAT \u201ctramo 4\u201d del corredor interoce\u00e1nico del Istmo de Tehuantepec (Veracruz)","author":"grieta","date":"19 enero, 2020","format":false,"excerpt":"Redacci\u00f3n \/ Regeneraci\u00f3n Radio La Secretar\u00eda del Medio Ambiente y Recursos Naturales (SEMARNAT) hizo p\u00fablico -el que podr\u00eda ser- el tramo n\u00famero 4, de la v\u00eda del tren que forma parte del Proyecto Interoce\u00e1nico. La empresa Ferrocarril del Istmo de Tehuantepec, S.A. DE C.V, present\u00f3 un documento que eval\u00faa el\u2026","rel":"","context":"En &quot;CINTILLO&quot;","block_context":{"text":"CINTILLO","link":"https:\/\/www.grieta.org.mx\/index.php\/category\/cintillo\/"},"img":{"alt_text":"","src":"https:\/\/i0.wp.com\/www.grieta.org.mx\/wp-content\/uploads\/2020\/02\/Corredor-Interoceanico.jpg?resize=350%2C200&ssl=1","width":350,"height":200,"srcset":"https:\/\/i0.wp.com\/www.grieta.org.mx\/wp-content\/uploads\/2020\/02\/Corredor-Interoceanico.jpg?resize=350%2C200&ssl=1 1x, https:\/\/i0.wp.com\/www.grieta.org.mx\/wp-content\/uploads\/2020\/02\/Corredor-Interoceanico.jpg?resize=525%2C300&ssl=1 1.5x, https:\/\/i0.wp.com\/www.grieta.org.mx\/wp-content\/uploads\/2020\/02\/Corredor-Interoceanico.jpg?resize=700%2C400&ssl=1 2x, https:\/\/i0.wp.com\/www.grieta.org.mx\/wp-content\/uploads\/2020\/02\/Corredor-Interoceanico.jpg?resize=1050%2C600&ssl=1 3x"},"classes":[]},{"id":54038,"url":"https:\/\/www.grieta.org.mx\/index.php\/2020\/06\/05\/proyecto-transistmico-valla-economica-para-contener-migracion-amlo\/","url_meta":{"origin":58730,"position":3},"title":"Proyecto trans\u00edstmico, valla econ\u00f3mica para contener migraci\u00f3n: AMLO","author":"grieta","date":"5 junio, 2020","format":false,"excerpt":"Redaccci\u00f3n \/ El dem\u00f3crata El presidente Andr\u00e9s Manuel L\u00f3pez Obrador indic\u00f3 que el proyecto del Istmo crear\u00e1 una valla de contenci\u00f3n para que los habitantes del sur del pa\u00eds no migren hacia Estados Unidos en busca de oportunidades de empleo. El proyecto del tren trans\u00edstmico consistir\u00e1 en la ampliaci\u00f3n de\u2026","rel":"","context":"En &quot;CINTILLO&quot;","block_context":{"text":"CINTILLO","link":"https:\/\/www.grieta.org.mx\/index.php\/category\/cintillo\/"},"img":{"alt_text":"","src":"https:\/\/i0.wp.com\/www.grieta.org.mx\/wp-content\/uploads\/2020\/10\/Corredor-Transistmico.jpg?resize=350%2C200&ssl=1","width":350,"height":200},"classes":[]},{"id":31559,"url":"https:\/\/www.grieta.org.mx\/index.php\/2019\/04\/01\/consulta-en-el-istmo-es-una-simulacion-acusa-ucizoni-oaxaca\/","url_meta":{"origin":58730,"position":4},"title":"Consulta en el Istmo es una &#8220;simulaci\u00f3n&#8221;, acusa Ucizoni (Oaxaca)","author":"grieta","date":"1 abril, 2019","format":false,"excerpt":"Noticias. Gerardo Valdivieso Parada, La consulta sobre el corredor trans\u00edstmico en San Pedro Huamelula. Juchit\u00e1n, Oaxaca.- L\u00edderes que se han opuesto a los megaproyectos en la regi\u00f3n del Istmo de Tehuantepec, en sus diversas denominaciones retomados por los diferentes gobiernos federales, cuestionan las Asambleas Regionales Consultivas sobre el Programa de\u2026","rel":"","context":"En &quot;CINTILLO&quot;","block_context":{"text":"CINTILLO","link":"https:\/\/www.grieta.org.mx\/index.php\/category\/cintillo\/"},"img":{"alt_text":"","src":"https:\/\/i0.wp.com\/www.grieta.org.mx\/wp-content\/uploads\/2019\/04\/image_22_360.jpg?resize=350%2C200&ssl=1","width":350,"height":200,"srcset":"https:\/\/i0.wp.com\/www.grieta.org.mx\/wp-content\/uploads\/2019\/04\/image_22_360.jpg?resize=350%2C200&ssl=1 1x, https:\/\/i0.wp.com\/www.grieta.org.mx\/wp-content\/uploads\/2019\/04\/image_22_360.jpg?resize=525%2C300&ssl=1 1.5x, https:\/\/i0.wp.com\/www.grieta.org.mx\/wp-content\/uploads\/2019\/04\/image_22_360.jpg?resize=700%2C400&ssl=1 2x, https:\/\/i0.wp.com\/www.grieta.org.mx\/wp-content\/uploads\/2019\/04\/image_22_360.jpg?resize=1050%2C600&ssl=1 3x"},"classes":[]},{"id":53706,"url":"https:\/\/www.grieta.org.mx\/index.php\/2020\/09\/20\/protestan-indigenas-por-ataques-contra-zapatistas-y-pueblos-originarios-veracruz\/","url_meta":{"origin":58730,"position":5},"title":"Protestan ind\u00edgenas por ataques contra zapatistas y pueblos originarios (Veracruz)","author":"Admin","date":"20 septiembre, 2020","format":false,"excerpt":"Noreli Morlaes \/ Al Calor Pol\u00edtico - Tambi\u00e9n reclamaron por el despojo de tierras por empresas transnacionales - Megaproyectos del Estado afectan al territorio y a la vida humana: CNI - Gobiernos simulan mesas de paz, pero j\u00f3venes siguen siendo asesinados: Oscar Espino Integrantes del Congreso Nacional Ind\u00edgena se plantaron\u2026","rel":"","context":"En &quot;CINTILLO&quot;","block_context":{"text":"CINTILLO","link":"https:\/\/www.grieta.org.mx\/index.php\/category\/cintillo\/"},"img":{"alt_text":"","src":"https:\/\/i0.wp.com\/www.grieta.org.mx\/wp-content\/uploads\/2020\/09\/120159manifestacion_1_4.jpg?resize=350%2C200&ssl=1","width":350,"height":200,"srcset":"https:\/\/i0.wp.com\/www.grieta.org.mx\/wp-content\/uploads\/2020\/09\/120159manifestacion_1_4.jpg?resize=350%2C200&ssl=1 1x, https:\/\/i0.wp.com\/www.grieta.org.mx\/wp-content\/uploads\/2020\/09\/120159manifestacion_1_4.jpg?resize=525%2C300&ssl=1 1.5x"},"classes":[]}],"_links":{"self":[{"href":"https:\/\/www.grieta.org.mx\/index.php\/wp-json\/wp\/v2\/posts\/58730","targetHints":{"allow":["GET"]}}],"collection":[{"href":"https:\/\/www.grieta.org.mx\/index.php\/wp-json\/wp\/v2\/posts"}],"about":[{"href":"https:\/\/www.grieta.org.mx\/index.php\/wp-json\/wp\/v2\/types\/post"}],"author":[{"embeddable":true,"href":"https:\/\/www.grieta.org.mx\/index.php\/wp-json\/wp\/v2\/users\/1"}],"replies":[{"embeddable":true,"href":"https:\/\/www.grieta.org.mx\/index.php\/wp-json\/wp\/v2\/comments?post=58730"}],"version-history":[{"count":1,"href":"https:\/\/www.grieta.org.mx\/index.php\/wp-json\/wp\/v2\/posts\/58730\/revisions"}],"predecessor-version":[{"id":58732,"href":"https:\/\/www.grieta.org.mx\/index.php\/wp-json\/wp\/v2\/posts\/58730\/revisions\/58732"}],"wp:featuredmedia":[{"embeddable":true,"href":"https:\/\/www.grieta.org.mx\/index.php\/wp-json\/wp\/v2\/media\/58731"}],"wp:attachment":[{"href":"https:\/\/www.grieta.org.mx\/index.php\/wp-json\/wp\/v2\/media?parent=58730"}],"wp:term":[{"taxonomy":"category","embeddable":true,"href":"https:\/\/www.grieta.org.mx\/index.php\/wp-json\/wp\/v2\/categories?post=58730"},{"taxonomy":"post_tag","embeddable":true,"href":"https:\/\/www.grieta.org.mx\/index.php\/wp-json\/wp\/v2\/tags?post=58730"}],"curies":[{"name":"wp","href":"https:\/\/api.w.org\/{rel}","templated":true}]}}